{"id":1177,"date":"2016-07-19T17:38:04","date_gmt":"2016-07-19T16:38:04","guid":{"rendered":"http:\/\/mula.es\/policialocal\/?p=1177"},"modified":"2016-07-19T17:39:37","modified_gmt":"2016-07-19T16:39:37","slug":"obras-de-asfaltado-en-avda-la-paz","status":"publish","type":"post","link":"https:\/\/mula.es\/policialocal\/2016\/07\/obras-de-asfaltado-en-avda-la-paz\/","title":{"rendered":"OBRAS DE ASFALTADO EN AVDA. LA PAZ"},"content":{"rendered":"<figure id=\"attachment_1178\" aria-describedby=\"caption-attachment-1178\" style=\"width: 1014px\" class=\"wp-caption aligncenter\"><img loading=\"lazy\" decoding=\"async\" class=\"wp-image-1178 size-large\" src=\"https:\/\/mula.es\/policialocal\/wp-content\/uploads\/2016\/07\/PLANO-MULA_Obras-Julio-2016-1024x610.jpg\" alt=\"?????????????\" width=\"1024\" height=\"610\" srcset=\"https:\/\/mula.es\/policialocal\/wp-content\/uploads\/2016\/07\/PLANO-MULA_Obras-Julio-2016-1024x610.jpg 1024w, https:\/\/mula.es\/policialocal\/wp-content\/uploads\/2016\/07\/PLANO-MULA_Obras-Julio-2016-300x179.jpg 300w, https:\/\/mula.es\/policialocal\/wp-content\/uploads\/2016\/07\/PLANO-MULA_Obras-Julio-2016-768x457.jpg 768w, https:\/\/mula.es\/policialocal\/wp-content\/uploads\/2016\/07\/PLANO-MULA_Obras-Julio-2016-24x14.jpg 24w, https:\/\/mula.es\/policialocal\/wp-content\/uploads\/2016\/07\/PLANO-MULA_Obras-Julio-2016-36x21.jpg 36w, https:\/\/mula.es\/policialocal\/wp-content\/uploads\/2016\/07\/PLANO-MULA_Obras-Julio-2016-48x29.jpg 48w, https:\/\/mula.es\/policialocal\/wp-content\/uploads\/2016\/07\/PLANO-MULA_Obras-Julio-2016.jpg 1654w\" sizes=\"auto, (max-width: 1024px) 100vw, 1024px\" \/><figcaption id=\"caption-attachment-1178\" class=\"wp-caption-text\"><span style=\"color: #993300;\">Obras en Avda. La Paz<\/span><\/figcaption><\/figure>\n<p style=\"text-align: justify;\">\u00a0\u00a0 Con motivo de las obras de asfaltado que se van a llevar a cabo en la Avda. de la Paz en el tramo comprendido entre los cruces de las calles Gran V\u00eda y Ctra. Pliego, con incidencia en C\/ Senda de la Morera, y Camino San Sebasti\u00e1n, los autobuses de l\u00ednea efectuar\u00e1n la parada (subida-bajada) en Avda. La Paz (Frente a los Juzgados), debido a que los veh\u00edculos solo podr\u00e1n circular dicha Avenida accediendo por Carretera de Pliego, direcci\u00f3n Gran V\u00eda.<\/p>\n<p>DIAS:\u00a0 <strong>20 DE JULIO DE 2016: DE 08.00 A 21.00 HORAS<\/strong><\/p>\n<p><strong>\u00a0\u00a0\u00a0\u00a0\u00a0\u00a0\u00a0\u00a0 \u00a0\u00a0 21 DE JULIO DE 2016:\u00a0 DE 08.00 A 16.00 HORAS<\/strong><\/p>\n","protected":false},"excerpt":{"rendered":"<p>\u00a0\u00a0 Con motivo de las obras de asfaltado que se van a llevar a cabo en la Avda. de la Paz en el tramo comprendido entre los cruces de las calles Gran V\u00eda y Ctra. Pliego, con incidencia en C\/ Senda de la Morera, y Camino San Sebasti\u00e1n, los autobuses de l\u00ednea efectuar\u00e1n la parada &#8230; <a title=\"OBRAS DE ASFALTADO EN AVDA. LA PAZ\" class=\"read-more\" href=\"https:\/\/mula.es\/policialocal\/2016\/07\/obras-de-asfaltado-en-avda-la-paz\/\" aria-label=\"Leer m\u00e1s sobre OBRAS DE ASFALTADO EN AVDA. LA PAZ\">Leer m\u00e1s<\/a><\/p>\n","protected":false},"author":2,"featured_media":0,"comment_status":"closed","ping_status":"closed","sticky":false,"template":"","format":"standard","meta":{"ngg_post_thumbnail":0,"footnotes":""},"categories":[1,4],"tags":[],"class_list":["post-1177","post","type-post","status-publish","format-standard","hentry","category-avisos","category-noticias"],"_links":{"self":[{"href":"https:\/\/mula.es\/policialocal\/wp-json\/wp\/v2\/posts\/1177","targetHints":{"allow":["GET"]}}],"collection":[{"href":"https:\/\/mula.es\/policialocal\/wp-json\/wp\/v2\/posts"}],"about":[{"href":"https:\/\/mula.es\/policialocal\/wp-json\/wp\/v2\/types\/post"}],"author":[{"embeddable":true,"href":"https:\/\/mula.es\/policialocal\/wp-json\/wp\/v2\/users\/2"}],"replies":[{"embeddable":true,"href":"https:\/\/mula.es\/policialocal\/wp-json\/wp\/v2\/comments?post=1177"}],"version-history":[{"count":2,"href":"https:\/\/mula.es\/policialocal\/wp-json\/wp\/v2\/posts\/1177\/revisions"}],"predecessor-version":[{"id":1180,"href":"https:\/\/mula.es\/policialocal\/wp-json\/wp\/v2\/posts\/1177\/revisions\/1180"}],"wp:attachment":[{"href":"https:\/\/mula.es\/policialocal\/wp-json\/wp\/v2\/media?parent=1177"}],"wp:term":[{"taxonomy":"category","embeddable":true,"href":"https:\/\/mula.es\/policialocal\/wp-json\/wp\/v2\/categories?post=1177"},{"taxonomy":"post_tag","embeddable":true,"href":"https:\/\/mula.es\/policialocal\/wp-json\/wp\/v2\/tags?post=1177"}],"curies":[{"name":"wp","href":"https:\/\/api.w.org\/{rel}","templated":true}]}}