{"id":1226,"date":"2016-10-31T14:43:14","date_gmt":"2016-10-31T13:43:14","guid":{"rendered":"http:\/\/mula.es\/policialocal\/?p=1226"},"modified":"2016-10-31T14:43:32","modified_gmt":"2016-10-31T13:43:32","slug":"corte-de-calles-ii-mula-zombie","status":"publish","type":"post","link":"https:\/\/mula.es\/policialocal\/2016\/10\/corte-de-calles-ii-mula-zombie\/","title":{"rendered":"CORTE DE CALLES (II MULA ZOMBIE)"},"content":{"rendered":"<p>Con motivo de la celebraci\u00f3n del II MULA ZOMBIE, se comunica que a partir de las 21.30 horas del d\u00eda 31 de Octubre, estar\u00e1n cortadas al tr\u00e1fico las siguientes calles:<\/p>\n<p><img loading=\"lazy\" decoding=\"async\" class=\"aligncenter wp-image-1227 size-large\" src=\"https:\/\/mula.es\/policialocal\/wp-content\/uploads\/2016\/10\/Mula-Zombie-724x1024.jpg\" alt=\"Mula Zombie\" width=\"724\" height=\"1024\" srcset=\"https:\/\/mula.es\/policialocal\/wp-content\/uploads\/2016\/10\/Mula-Zombie-724x1024.jpg 724w, https:\/\/mula.es\/policialocal\/wp-content\/uploads\/2016\/10\/Mula-Zombie-212x300.jpg 212w, https:\/\/mula.es\/policialocal\/wp-content\/uploads\/2016\/10\/Mula-Zombie-768x1087.jpg 768w, https:\/\/mula.es\/policialocal\/wp-content\/uploads\/2016\/10\/Mula-Zombie-17x24.jpg 17w, https:\/\/mula.es\/policialocal\/wp-content\/uploads\/2016\/10\/Mula-Zombie-25x36.jpg 25w, https:\/\/mula.es\/policialocal\/wp-content\/uploads\/2016\/10\/Mula-Zombie-34x48.jpg 34w, https:\/\/mula.es\/policialocal\/wp-content\/uploads\/2016\/10\/Mula-Zombie.jpg 793w\" sizes=\"auto, (max-width: 724px) 100vw, 724px\" \/><\/p>\n<p>Se adjunta croquis del lugar donde se celebra la actividad:<\/p>\n<figure id=\"attachment_1229\" aria-describedby=\"caption-attachment-1229\" style=\"width: 1014px\" class=\"wp-caption aligncenter\"><img loading=\"lazy\" decoding=\"async\" class=\"wp-image-1229 size-large\" src=\"https:\/\/mula.es\/policialocal\/wp-content\/uploads\/2016\/10\/PLANO-MULA_ZOMBIE-1024x702.jpg\" alt=\"?????????????\" width=\"1024\" height=\"702\" srcset=\"https:\/\/mula.es\/policialocal\/wp-content\/uploads\/2016\/10\/PLANO-MULA_ZOMBIE-1024x702.jpg 1024w, https:\/\/mula.es\/policialocal\/wp-content\/uploads\/2016\/10\/PLANO-MULA_ZOMBIE-300x206.jpg 300w, https:\/\/mula.es\/policialocal\/wp-content\/uploads\/2016\/10\/PLANO-MULA_ZOMBIE-768x527.jpg 768w, https:\/\/mula.es\/policialocal\/wp-content\/uploads\/2016\/10\/PLANO-MULA_ZOMBIE-24x16.jpg 24w, https:\/\/mula.es\/policialocal\/wp-content\/uploads\/2016\/10\/PLANO-MULA_ZOMBIE-36x25.jpg 36w, https:\/\/mula.es\/policialocal\/wp-content\/uploads\/2016\/10\/PLANO-MULA_ZOMBIE-48x33.jpg 48w, https:\/\/mula.es\/policialocal\/wp-content\/uploads\/2016\/10\/PLANO-MULA_ZOMBIE.jpg 1388w\" sizes=\"auto, (max-width: 1024px) 100vw, 1024px\" \/><figcaption id=\"caption-attachment-1229\" class=\"wp-caption-text\">DESARROLLO ACTIVIDAD MULA ZOMBIE<\/figcaption><\/figure>\n<p>&nbsp;<\/p>\n<p>&nbsp;<\/p>\n","protected":false},"excerpt":{"rendered":"<p>Con motivo de la celebraci\u00f3n del II MULA ZOMBIE, se comunica que a partir de las 21.30 horas del d\u00eda 31 de Octubre, estar\u00e1n cortadas al tr\u00e1fico las siguientes calles: Se adjunta croquis del lugar donde se celebra la actividad: &nbsp; &nbsp;<\/p>\n","protected":false},"author":2,"featured_media":0,"comment_status":"closed","ping_status":"closed","sticky":false,"template":"","format":"standard","meta":{"ngg_post_thumbnail":0,"footnotes":""},"categories":[1,4],"tags":[],"class_list":["post-1226","post","type-post","status-publish","format-standard","hentry","category-avisos","category-noticias"],"_links":{"self":[{"href":"https:\/\/mula.es\/policialocal\/wp-json\/wp\/v2\/posts\/1226","targetHints":{"allow":["GET"]}}],"collection":[{"href":"https:\/\/mula.es\/policialocal\/wp-json\/wp\/v2\/posts"}],"about":[{"href":"https:\/\/mula.es\/policialocal\/wp-json\/wp\/v2\/types\/post"}],"author":[{"embeddable":true,"href":"https:\/\/mula.es\/policialocal\/wp-json\/wp\/v2\/users\/2"}],"replies":[{"embeddable":true,"href":"https:\/\/mula.es\/policialocal\/wp-json\/wp\/v2\/comments?post=1226"}],"version-history":[{"count":1,"href":"https:\/\/mula.es\/policialocal\/wp-json\/wp\/v2\/posts\/1226\/revisions"}],"predecessor-version":[{"id":1230,"href":"https:\/\/mula.es\/policialocal\/wp-json\/wp\/v2\/posts\/1226\/revisions\/1230"}],"wp:attachment":[{"href":"https:\/\/mula.es\/policialocal\/wp-json\/wp\/v2\/media?parent=1226"}],"wp:term":[{"taxonomy":"category","embeddable":true,"href":"https:\/\/mula.es\/policialocal\/wp-json\/wp\/v2\/categories?post=1226"},{"taxonomy":"post_tag","embeddable":true,"href":"https:\/\/mula.es\/policialocal\/wp-json\/wp\/v2\/tags?post=1226"}],"curies":[{"name":"wp","href":"https:\/\/api.w.org\/{rel}","templated":true}]}}