{"id":1281,"date":"2017-01-19T12:19:12","date_gmt":"2017-01-19T11:19:12","guid":{"rendered":"http:\/\/mula.es\/policialocal\/?p=1281"},"modified":"2017-01-19T13:48:00","modified_gmt":"2017-01-19T12:48:00","slug":"comunicacion-de-fenomenos-meteorologicos-adversos","status":"publish","type":"post","link":"https:\/\/mula.es\/policialocal\/2017\/01\/comunicacion-de-fenomenos-meteorologicos-adversos\/","title":{"rendered":"COMUNICACI\u00d3N DE FENOMENOS METEOROLOGICOS ADVERSOS"},"content":{"rendered":"<figure id=\"attachment_1283\" aria-describedby=\"caption-attachment-1283\" style=\"width: 1782px\" class=\"wp-caption aligncenter\"><img loading=\"lazy\" decoding=\"async\" class=\"wp-image-1283 size-full\" src=\"https:\/\/mula.es\/policialocal\/wp-content\/uploads\/2017\/01\/Corte-en-El-Ni\u00f1o.jpg\" alt=\"Corte en El Ni\u00f1o\" width=\"1792\" height=\"1344\" srcset=\"https:\/\/mula.es\/policialocal\/wp-content\/uploads\/2017\/01\/Corte-en-El-Ni\u00f1o.jpg 1792w, https:\/\/mula.es\/policialocal\/wp-content\/uploads\/2017\/01\/Corte-en-El-Ni\u00f1o-300x225.jpg 300w, https:\/\/mula.es\/policialocal\/wp-content\/uploads\/2017\/01\/Corte-en-El-Ni\u00f1o-768x576.jpg 768w, https:\/\/mula.es\/policialocal\/wp-content\/uploads\/2017\/01\/Corte-en-El-Ni\u00f1o-1024x768.jpg 1024w, https:\/\/mula.es\/policialocal\/wp-content\/uploads\/2017\/01\/Corte-en-El-Ni\u00f1o-24x18.jpg 24w, https:\/\/mula.es\/policialocal\/wp-content\/uploads\/2017\/01\/Corte-en-El-Ni\u00f1o-36x27.jpg 36w, https:\/\/mula.es\/policialocal\/wp-content\/uploads\/2017\/01\/Corte-en-El-Ni\u00f1o-48x36.jpg 48w\" sizes=\"auto, (max-width: 1792px) 100vw, 1792px\" \/><figcaption id=\"caption-attachment-1283\" class=\"wp-caption-text\">Cortados los accesos a la Autov\u00eda RM-15 por acumulaci\u00f3n de nieve (19.01.2017 11.50 h)<\/figcaption><\/figure>\n<figure id=\"attachment_1287\" aria-describedby=\"caption-attachment-1287\" style=\"width: 5302px\" class=\"wp-caption aligncenter\"><img loading=\"lazy\" decoding=\"async\" class=\"wp-image-1287 size-full\" src=\"https:\/\/mula.es\/policialocal\/wp-content\/uploads\/2017\/01\/Casas-Nuevas.jpg\" alt=\"Casas Nuevas\" width=\"5312\" height=\"2988\" srcset=\"https:\/\/mula.es\/policialocal\/wp-content\/uploads\/2017\/01\/Casas-Nuevas.jpg 5312w, https:\/\/mula.es\/policialocal\/wp-content\/uploads\/2017\/01\/Casas-Nuevas-300x169.jpg 300w, https:\/\/mula.es\/policialocal\/wp-content\/uploads\/2017\/01\/Casas-Nuevas-768x432.jpg 768w, https:\/\/mula.es\/policialocal\/wp-content\/uploads\/2017\/01\/Casas-Nuevas-1024x576.jpg 1024w, https:\/\/mula.es\/policialocal\/wp-content\/uploads\/2017\/01\/Casas-Nuevas-24x14.jpg 24w, https:\/\/mula.es\/policialocal\/wp-content\/uploads\/2017\/01\/Casas-Nuevas-36x20.jpg 36w, https:\/\/mula.es\/policialocal\/wp-content\/uploads\/2017\/01\/Casas-Nuevas-48x27.jpg 48w\" sizes=\"auto, (max-width: 5312px) 100vw, 5312px\" \/><figcaption id=\"caption-attachment-1287\" class=\"wp-caption-text\">Auxilio en Casas Nuevas<\/figcaption><\/figure>\n<p><span style=\"color: #ff0000;\">La Agencia Estatal de Meteorolog\u00eda (AEMET) ha emitido el bolet\u00edn:<\/span><\/p>\n<p><span style=\"color: #ff0000;\">BOLET\u00cdN DE FEN\u00d3MENOS ADVERSOS DE NIVEL ROJO Y\/O NARANJA<\/span><\/p>\n<ol>\n<li>AUT\u00d3NOMA: REGI\u00d3N DE MURCIA<\/li>\n<\/ol>\n<p>BOLET\u00cdN N\u00daMERO 6\/73MUM_C_C_RN_TT<\/p>\n<p><span style=\"color: #993300;\">EMITIDO A LAS 09:31 HORA OFICIAL DEL 19\/01\/2017<\/span><\/p>\n<p><span style=\"color: #993300;\">V\u00c1LIDO HASTA LAS 00:00 HORA OFICIAL DEL 21\/01\/2017<\/span><\/p>\n<p>FEN\u00d3MENOS PREVISTOS<\/p>\n<p><strong><span style=\"color: #993300;\">Fen\u00f3meno(1) &#8211; Nevadas.<\/span><\/strong><\/p>\n<p><strong><span style=\"color: #993300;\">Acumulaci\u00f3n de nieve: 30 cm.<\/span><\/strong><\/p>\n<p><strong><span style=\"color: #993300;\">Nivel: rojo.<\/span><\/strong><\/p>\n<p><strong><span style=\"color: #993300;\">\u00c1mbito geogr\u00e1fico: Murcia (Noroeste).<\/span><\/strong><\/p>\n<p><strong><span style=\"color: #993300;\">Hora de comienzo: 09:00 hora oficial del 19\/01\/2017.<\/span><\/strong><\/p>\n<p><strong><span style=\"color: #993300;\">Hora de finalizaci\u00f3n: 00:00 hora oficial del 20\/01\/2017.<\/span><\/strong><\/p>\n<p><strong><span style=\"color: #993300;\">Probabilidad: 40%-70%.<\/span><\/strong><\/p>\n<p><strong><span style=\"color: #993300;\">Comentario: Cota de nieve en torno a 400 metros en el Noroeste y a<\/span><\/strong><\/p>\n<p><strong><span style=\"color: #993300;\">600 metros en el resto, subiendo la cota hasta los 800 metros en<\/span><\/strong><\/p>\n<p><strong><span style=\"color: #993300;\">todas las zonas.<\/span><\/strong><\/p>\n<p>Fen\u00f3meno(2) &#8211; Nevadas.<\/p>\n<p>Acumulaci\u00f3n de nieve: 15 cm.<\/p>\n<p>Nivel: naranja.<\/p>\n<p>\u00c1mbito geogr\u00e1fico: Murcia (Altiplano, Valle del Guadalent\u00edn, Lorca y<\/p>\n<p>\u00c1guilas).<\/p>\n<p>Hora de comienzo: 09:00 hora oficial del 19\/01\/2017.<\/p>\n<p>Hora de finalizaci\u00f3n: 00:00 hora oficial del 20\/01\/2017.<\/p>\n<p>Probabilidad: 40%-70%.<\/p>\n<p>Comentario: Cota de nieve en torno a 400 metros en el Noroeste y a<\/p>\n<p>600 metros en el resto, subiendo la cota hasta los 800 metros en<\/p>\n<p>todas las zonas.<\/p>\n<p>Fen\u00f3meno(3) &#8211; Nevadas.<\/p>\n<p>Acumulaci\u00f3n de nieve: 6 cm.<\/p>\n<p>Nivel: naranja.<\/p>\n<p>\u00c1mbito geogr\u00e1fico: Murcia (Noroeste).<\/p>\n<p>Hora de comienzo: 00:00 hora oficial del 20\/01\/2017.<\/p>\n<p>Hora de finalizaci\u00f3n: 18:00 hora oficial del 20\/01\/2017.<\/p>\n<p>Probabilidad: 40%-70%.<\/p>\n<p>Regi\u00f3n de Murcia<\/p>\n<p>Consejer\u00eda de Presidencia<\/p>\n<p>Direcci\u00f3n General de Seguridad<\/p>\n<p>Ciudadana y Emergencias<\/p>\n<p>\uf028 968 36 69 00<\/p>\n<p>Fax 968 36 84 75<\/p>\n<p>2<\/p>\n<p>Lo que se pone en su conocimiento para que adopten las medidas que estimen<\/p>\n<p>oportunas.<\/p>\n<p>(Este aviso se actualizar\u00e1 conforme se reciban modificaciones\/actualizaciones de AEMET)<\/p>\n<p>Observaciones:<\/p>\n<p>&#8211; El Plan de Protecci\u00f3n Civil ante Nevadas y Olas de fr\u00edo de la Regi\u00f3n de<\/p>\n<p>Murcia se encuentra en Fase Emergencia Situaci\u00f3n 2.<\/p>\n<p>&nbsp;<\/p>\n","protected":false},"excerpt":{"rendered":"<p>La Agencia Estatal de Meteorolog\u00eda (AEMET) ha emitido el bolet\u00edn: BOLET\u00cdN DE FEN\u00d3MENOS ADVERSOS DE NIVEL ROJO Y\/O NARANJA AUT\u00d3NOMA: REGI\u00d3N DE MURCIA BOLET\u00cdN N\u00daMERO 6\/73MUM_C_C_RN_TT EMITIDO A LAS 09:31 HORA OFICIAL DEL 19\/01\/2017 V\u00c1LIDO HASTA LAS 00:00 HORA OFICIAL DEL 21\/01\/2017 FEN\u00d3MENOS PREVISTOS Fen\u00f3meno(1) &#8211; Nevadas. Acumulaci\u00f3n de nieve: 30 cm. Nivel: rojo. \u00c1mbito &#8230; <a title=\"COMUNICACI\u00d3N DE FENOMENOS METEOROLOGICOS ADVERSOS\" class=\"read-more\" href=\"https:\/\/mula.es\/policialocal\/2017\/01\/comunicacion-de-fenomenos-meteorologicos-adversos\/\" aria-label=\"Leer m\u00e1s sobre COMUNICACI\u00d3N DE FENOMENOS METEOROLOGICOS ADVERSOS\">Leer m\u00e1s<\/a><\/p>\n","protected":false},"author":2,"featured_media":0,"comment_status":"closed","ping_status":"closed","sticky":false,"template":"","format":"standard","meta":{"ngg_post_thumbnail":0,"footnotes":""},"categories":[1],"tags":[],"class_list":["post-1281","post","type-post","status-publish","format-standard","hentry","category-avisos"],"_links":{"self":[{"href":"https:\/\/mula.es\/policialocal\/wp-json\/wp\/v2\/posts\/1281","targetHints":{"allow":["GET"]}}],"collection":[{"href":"https:\/\/mula.es\/policialocal\/wp-json\/wp\/v2\/posts"}],"about":[{"href":"https:\/\/mula.es\/policialocal\/wp-json\/wp\/v2\/types\/post"}],"author":[{"embeddable":true,"href":"https:\/\/mula.es\/policialocal\/wp-json\/wp\/v2\/users\/2"}],"replies":[{"embeddable":true,"href":"https:\/\/mula.es\/policialocal\/wp-json\/wp\/v2\/comments?post=1281"}],"version-history":[{"count":5,"href":"https:\/\/mula.es\/policialocal\/wp-json\/wp\/v2\/posts\/1281\/revisions"}],"predecessor-version":[{"id":1284,"href":"https:\/\/mula.es\/policialocal\/wp-json\/wp\/v2\/posts\/1281\/revisions\/1284"}],"wp:attachment":[{"href":"https:\/\/mula.es\/policialocal\/wp-json\/wp\/v2\/media?parent=1281"}],"wp:term":[{"taxonomy":"category","embeddable":true,"href":"https:\/\/mula.es\/policialocal\/wp-json\/wp\/v2\/categories?post=1281"},{"taxonomy":"post_tag","embeddable":true,"href":"https:\/\/mula.es\/policialocal\/wp-json\/wp\/v2\/tags?post=1281"}],"curies":[{"name":"wp","href":"https:\/\/api.w.org\/{rel}","templated":true}]}}