{"id":1297,"date":"2017-01-21T10:58:24","date_gmt":"2017-01-21T09:58:24","guid":{"rendered":"http:\/\/mula.es\/policialocal\/?p=1297"},"modified":"2017-01-21T11:08:25","modified_gmt":"2017-01-21T10:08:25","slug":"ultima-comunicacion-agencia-estatal-de-metereologia","status":"publish","type":"post","link":"https:\/\/mula.es\/policialocal\/2017\/01\/ultima-comunicacion-agencia-estatal-de-metereologia\/","title":{"rendered":"Ultima comunicaci\u00f3n Agencia Estatal de Metereolog\u00eda"},"content":{"rendered":"<figure id=\"attachment_1299\" aria-describedby=\"caption-attachment-1299\" style=\"width: 1014px\" class=\"wp-caption aligncenter\"><img loading=\"lazy\" decoding=\"async\" class=\"wp-image-1299 size-large\" src=\"https:\/\/mula.es\/policialocal\/wp-content\/uploads\/2017\/01\/Fuente-Librilla-20170120-1024x575.jpg\" alt=\"Fuente Librilla 20170120\" width=\"1024\" height=\"575\" srcset=\"https:\/\/mula.es\/policialocal\/wp-content\/uploads\/2017\/01\/Fuente-Librilla-20170120-1024x575.jpg 1024w, https:\/\/mula.es\/policialocal\/wp-content\/uploads\/2017\/01\/Fuente-Librilla-20170120-300x168.jpg 300w, https:\/\/mula.es\/policialocal\/wp-content\/uploads\/2017\/01\/Fuente-Librilla-20170120-768x431.jpg 768w, https:\/\/mula.es\/policialocal\/wp-content\/uploads\/2017\/01\/Fuente-Librilla-20170120-24x13.jpg 24w, https:\/\/mula.es\/policialocal\/wp-content\/uploads\/2017\/01\/Fuente-Librilla-20170120-36x20.jpg 36w, https:\/\/mula.es\/policialocal\/wp-content\/uploads\/2017\/01\/Fuente-Librilla-20170120-48x27.jpg 48w, https:\/\/mula.es\/policialocal\/wp-content\/uploads\/2017\/01\/Fuente-Librilla-20170120.jpg 1600w\" sizes=\"auto, (max-width: 1024px) 100vw, 1024px\" \/><figcaption id=\"caption-attachment-1299\" class=\"wp-caption-text\">Fuente Librilla<\/figcaption><\/figure>\n<figure id=\"attachment_1298\" aria-describedby=\"caption-attachment-1298\" style=\"width: 883px\" class=\"wp-caption aligncenter\"><img loading=\"lazy\" decoding=\"async\" class=\"wp-image-1298 size-full\" src=\"https:\/\/mula.es\/policialocal\/wp-content\/uploads\/2017\/01\/Casas-Nuevas_20170120.png\" alt=\"Casas Nuevas_20170120\" width=\"893\" height=\"670\" srcset=\"https:\/\/mula.es\/policialocal\/wp-content\/uploads\/2017\/01\/Casas-Nuevas_20170120.png 893w, https:\/\/mula.es\/policialocal\/wp-content\/uploads\/2017\/01\/Casas-Nuevas_20170120-300x225.png 300w, https:\/\/mula.es\/policialocal\/wp-content\/uploads\/2017\/01\/Casas-Nuevas_20170120-768x576.png 768w, https:\/\/mula.es\/policialocal\/wp-content\/uploads\/2017\/01\/Casas-Nuevas_20170120-24x18.png 24w, https:\/\/mula.es\/policialocal\/wp-content\/uploads\/2017\/01\/Casas-Nuevas_20170120-36x27.png 36w, https:\/\/mula.es\/policialocal\/wp-content\/uploads\/2017\/01\/Casas-Nuevas_20170120-48x36.png 48w\" sizes=\"auto, (max-width: 893px) 100vw, 893px\" \/><figcaption id=\"caption-attachment-1298\" class=\"wp-caption-text\">Casas Nuevas<\/figcaption><\/figure>\n<p>&nbsp;<\/p>\n<p><strong>AGENCIA ESTATAL DE METEOROLOG\u00cdA<\/strong><\/p>\n<p>BOLET\u00cdN DE FEN\u00d3MENOS ADVERSOS DE <strong>NIVEL <span style=\"color: #800000;\">ROJO Y\/O NARANJA\u00a0<\/span> <\/strong>N\u00daMERO 10\/73 MUM_C_C_RN_TT<\/p>\n<ol>\n<li>AUT\u00d3NOMA: REGI\u00d3N DE MURCIA<\/li>\n<\/ol>\n<p>EMITIDO A LAS 08:37 HORA OFICIAL DEL 21\/01\/2017<\/p>\n<p>V\u00c1LIDO HASTA LAS 00:00 HORA OFICIAL DEL 22\/01\/2017<\/p>\n<p><span style=\"text-decoration: underline;\"><strong>FEN\u00d3MENOS PREVISTOS<\/strong><\/span><\/p>\n<p>Fen\u00f3meno(1) &#8211; <strong><span style=\"color: #800000;\">Nevadas.<\/span><\/strong><\/p>\n<p>Acumulaci\u00f3n de nieve: 6 cm.<\/p>\n<p>Nivel: <span style=\"color: #800000;\"><strong>naranja.<\/strong><\/span><\/p>\n<p>\u00c1mbito geogr\u00e1fico: <strong><span style=\"color: #800000;\">Murcia (Noroeste)<\/span><\/strong>.<\/p>\n<p>Hora de comienzo: <span style=\"color: #800000;\"><strong>08:00 hora oficial del 21\/01\/2017<\/strong><\/span>.<\/p>\n<p>Hora de finalizaci\u00f3n: <span style=\"color: #800000;\"><strong>00:00 hora oficial del 22\/01\/2017<\/strong><\/span>.<\/p>\n<p>Probabilidad: <span style=\"color: #800000;\"><strong>40%-70%<\/strong><\/span>.<\/p>\n<p>Comentario: <span style=\"color: #800000;\"><strong>Cota de nieve en torno a 1000 metros<\/strong><\/span>.<\/p>\n<p>&nbsp;<\/p>\n<p>Fen\u00f3meno(2) &#8211; Costeros.<\/p>\n<p>Nivel: naranja.<\/p>\n<p>\u00c1mbito geogr\u00e1fico: Murcia (Campo de Cartagena y Mazarr\u00f3n).<\/p>\n<p>Hora de comienzo: 10:00 hora oficial del 21\/01\/2017.<\/p>\n<p>Hora de finalizaci\u00f3n: 00:00 hora oficial del 22\/01\/2017.<\/p>\n<p>Probabilidad: 40%-70%.<\/p>\n<p>Comentario: Viento del norte con intervalos de fuerza 8 y olas de 4<\/p>\n<p>a 5 metros.<\/p>\n","protected":false},"excerpt":{"rendered":"<p>&nbsp; AGENCIA ESTATAL DE METEOROLOG\u00cdA BOLET\u00cdN DE FEN\u00d3MENOS ADVERSOS DE NIVEL ROJO Y\/O NARANJA\u00a0 N\u00daMERO 10\/73 MUM_C_C_RN_TT AUT\u00d3NOMA: REGI\u00d3N DE MURCIA EMITIDO A LAS 08:37 HORA OFICIAL DEL 21\/01\/2017 V\u00c1LIDO HASTA LAS 00:00 HORA OFICIAL DEL 22\/01\/2017 FEN\u00d3MENOS PREVISTOS Fen\u00f3meno(1) &#8211; Nevadas. Acumulaci\u00f3n de nieve: 6 cm. Nivel: naranja. \u00c1mbito geogr\u00e1fico: Murcia (Noroeste). Hora de &#8230; <a title=\"Ultima comunicaci\u00f3n Agencia Estatal de Metereolog\u00eda\" class=\"read-more\" href=\"https:\/\/mula.es\/policialocal\/2017\/01\/ultima-comunicacion-agencia-estatal-de-metereologia\/\" aria-label=\"Leer m\u00e1s sobre Ultima comunicaci\u00f3n Agencia Estatal de Metereolog\u00eda\">Leer m\u00e1s<\/a><\/p>\n","protected":false},"author":2,"featured_media":0,"comment_status":"closed","ping_status":"closed","sticky":false,"template":"","format":"standard","meta":{"ngg_post_thumbnail":0,"footnotes":""},"categories":[1],"tags":[],"class_list":["post-1297","post","type-post","status-publish","format-standard","hentry","category-avisos"],"_links":{"self":[{"href":"https:\/\/mula.es\/policialocal\/wp-json\/wp\/v2\/posts\/1297","targetHints":{"allow":["GET"]}}],"collection":[{"href":"https:\/\/mula.es\/policialocal\/wp-json\/wp\/v2\/posts"}],"about":[{"href":"https:\/\/mula.es\/policialocal\/wp-json\/wp\/v2\/types\/post"}],"author":[{"embeddable":true,"href":"https:\/\/mula.es\/policialocal\/wp-json\/wp\/v2\/users\/2"}],"replies":[{"embeddable":true,"href":"https:\/\/mula.es\/policialocal\/wp-json\/wp\/v2\/comments?post=1297"}],"version-history":[{"count":2,"href":"https:\/\/mula.es\/policialocal\/wp-json\/wp\/v2\/posts\/1297\/revisions"}],"predecessor-version":[{"id":1301,"href":"https:\/\/mula.es\/policialocal\/wp-json\/wp\/v2\/posts\/1297\/revisions\/1301"}],"wp:attachment":[{"href":"https:\/\/mula.es\/policialocal\/wp-json\/wp\/v2\/media?parent=1297"}],"wp:term":[{"taxonomy":"category","embeddable":true,"href":"https:\/\/mula.es\/policialocal\/wp-json\/wp\/v2\/categories?post=1297"},{"taxonomy":"post_tag","embeddable":true,"href":"https:\/\/mula.es\/policialocal\/wp-json\/wp\/v2\/tags?post=1297"}],"curies":[{"name":"wp","href":"https:\/\/api.w.org\/{rel}","templated":true}]}}