{"id":1314,"date":"2017-02-12T23:17:37","date_gmt":"2017-02-12T22:17:37","guid":{"rendered":"http:\/\/mula.es\/policialocal\/?p=1314"},"modified":"2017-02-14T13:43:16","modified_gmt":"2017-02-14T12:43:16","slug":"celebracion-del-dia-del-patron-de-la-policia-loca-de-mula","status":"publish","type":"post","link":"https:\/\/mula.es\/policialocal\/2017\/02\/celebracion-del-dia-del-patron-de-la-policia-loca-de-mula\/","title":{"rendered":"Celebraci\u00f3n del D\u00eda del Patr\u00f3n de la Polic\u00eda Loca de Mula"},"content":{"rendered":"<div id=\"id_58a0da66bcc3f9607529990\" class=\"text_exposed_root text_exposed\" style=\"text-align: justify;\">\n<p style=\"text-align: justify;\"><strong><span style=\"color: #993300;\">La polic\u00eda Local de Mula ha celebrado este domingo 5 de febrero la festividad de su patr\u00f3n San Blas<\/span><\/strong><\/p>\n<p style=\"text-align: justify;\">(RadioMula 104.5 FM)<\/p>\n<p style=\"text-align: justify;\"><img loading=\"lazy\" decoding=\"async\" class=\"aligncenter wp-image-1316 size-full\" src=\"https:\/\/mula.es\/policialocal\/wp-content\/uploads\/2017\/02\/Patr\u00f3n-2017.jpg\" alt=\"Patr\u00f3n 2017\" width=\"960\" height=\"638\" srcset=\"https:\/\/mula.es\/policialocal\/wp-content\/uploads\/2017\/02\/Patr\u00f3n-2017.jpg 960w, https:\/\/mula.es\/policialocal\/wp-content\/uploads\/2017\/02\/Patr\u00f3n-2017-300x199.jpg 300w, https:\/\/mula.es\/policialocal\/wp-content\/uploads\/2017\/02\/Patr\u00f3n-2017-768x510.jpg 768w, https:\/\/mula.es\/policialocal\/wp-content\/uploads\/2017\/02\/Patr\u00f3n-2017-24x16.jpg 24w, https:\/\/mula.es\/policialocal\/wp-content\/uploads\/2017\/02\/Patr\u00f3n-2017-36x24.jpg 36w, https:\/\/mula.es\/policialocal\/wp-content\/uploads\/2017\/02\/Patr\u00f3n-2017-48x32.jpg 48w\" sizes=\"auto, (max-width: 960px) 100vw, 960px\" \/><\/p>\n<p>\u00a0\u00a0\u00a0\u00a0\u00a0Los actos han contado con la presencia del alcalde de Mula, Juan Jes\u00fas Moreno, el director general de Seguridad Ciudadana y Emergencias, Manuel Dur\u00e1n y el concejal de Seguridad del Ayuntamiento de Mula, Alonso S\u00e1nchez, finalmente la consejera de Presidencia, M\u00aa Dolores Pagan, no asisti\u00f3 ya que se hab\u00eda desplazado hasta Torre Pacheco para interesarse sobre el accidente ocurrid<span class=\"text_exposed_show\">o en esa poblaci\u00f3n la pasada madruga en el que han perdido la vida 5 j\u00f3venes.<\/span><\/p>\n<p><span class=\"text_exposed_show\">\u00a0\u00a0\u00a0 \u00a0A los actos ha asistido una amplia representaci\u00f3n de la corporaci\u00f3n municipal, la alcaldesa de Campos del R\u00edo, Mar\u00eda Jos\u00e9 P\u00e9rez, las concejalas de Seguridad Ciudadana de Campos del R\u00edo y Bullas, as\u00ed como representantes de Polic\u00eda Nacional, Guardia Civil, Ejercito del Aire, Bomberos, Protecci\u00f3n Civil y Polic\u00edas Locales de distintos municipios de la Regi\u00f3n.<\/span><\/p>\n<p><span class=\"text_exposed_show\">\u00a0\u00a0\u00a0\u00a0 En la plaza del Ayuntamiento, el Jefe de Polic\u00eda Local, Fidel Bedia, acompa\u00f1ando al director general de Seguridad Ciudadana y al Alcalde de Mula, pasaron revista a la formaci\u00f3n de los efectivos de la Polic\u00eda Local de Mula. La Agrupaci\u00f3n Musical Mule\u00f1a interpreto el Himno Nacional tras lo cual se asisti\u00f3 a la celebraci\u00f3n de la Misa en honor al patr\u00f3n, finalizada est\u00e1 se proced\u00eda a celebrar un acto institucional que comenzaba con las palabras del Oficial Jefe de la Polic\u00eda, Fidel Bedia, qui\u00e9n saludo a los asistentes, tras lo que se proced\u00eda a la entrega de reconocimientos a miembros de la polic\u00eda local que durante el pasado a\u00f1o 2016 se han distinguido en la realizaci\u00f3n de sus servicios, as\u00ed como a otros departamentos municipales e institucionales.<\/span><\/p>\n<p><span class=\"text_exposed_show\">\u00a0\u00a0\u00a0\u00a0 Entre los distinguidos se encontraban la patrulla de servicio de Protecci\u00f3n de la Naturaleza de la Guardia Civil ( SEPRONA) de Alahama de Murcia como reconocimiento a su colaboraci\u00f3n y brillante labor policial que vienen desarrollando en el termino municipal de Mula. Igualmente se reconoc\u00eda por su iniciativa destacada profesionalidad y acumulaci\u00f3n de servicios destacados durante el a\u00f1o al Cabo Diego Antonio L\u00f3pez Caballero, al Agente Jefe de Grupo, Juan Carlos Raigal S\u00e1nchez, al Agente Jefe de Grupo, Lorenzo Garc\u00eda L\u00f3pez y a los Agentes Sergio Hern\u00e1ndez Alacid y Pablo D\u00eda P\u00e9rez. Asimismo se entregaban reconocimientos por sus dotes policiales, iniciativa y profesionalidad demostrado en un servicio consistente en la aprehensi\u00f3n de 219 billetes falsos de gran calidad listos para distribuirse en nuestra localidad logrando la detenci\u00f3n y puesta a disposici\u00f3n judicial del autor, distinci\u00f3n para el Cabo Jos\u00e9 Abril Abril y los Agentes V\u00edctor Manuel Garc\u00eda Herranz, Daniel Oquendo Avil\u00e9s y Jos\u00e9 Antonio Mart\u00ednez Ojaos.<br \/>\nDistinci\u00f3n como reconocimiento a sus destacada labor por su entrega y dedicaci\u00f3n durante su permanencia en el cuerpo de la Polic\u00eda Local de Mula y con motivo de su pr\u00f3ximo pase a la situaci\u00f3n de retirado al Agente Jos\u00e9 L\u00f3pez Rivero.<\/span><\/p>\n<p><span class=\"text_exposed_show\">\u00a0\u00a0\u00a0\u00a0 Igualmente se hac\u00eda menci\u00f3n al Sargento Santiago Andreu Ponce al haber sido reconocido por la Uni\u00f3n Nacional de Jefes y Directivos de Polic\u00eda Local ( UNIJEPOL) con la medalla de oro al buen servicio en las Polic\u00edas Locales.<\/span><\/p>\n<p><span class=\"text_exposed_show\">\u00a0\u00a0\u00a0\u00a0 Durante el acto hubo reconocimiento a sus compromiso y solidaridad as\u00ed como por su colaboraci\u00f3n con el cuerpo de la Polic\u00eda Local de Mula , por los destacados servicios prestados durante los recientes temporales de lluvia y nieve acaecidos en el municipio para los voluntarios de la agrupaci\u00f3n de Protecci\u00f3n Civil de Mula, Rub\u00e9n Hurtado Garc\u00eda y Juan Pedro Leyva Gonz\u00e1lez, as\u00ed como a la Agrupaci\u00f3n Municipal de Protecci\u00f3n Civil de Campos del R\u00edo.<\/span><\/p>\n<p><span class=\"text_exposed_show\">\u00a0\u00a0\u00a0\u00a0 Tambi\u00e9n se tuvo un reconocimiento por su colaboraci\u00f3n con la Polic\u00eda Local al arquitecto t\u00e9cnico municipal Juan Guill\u00e9n Bot\u00eda y a los operarios Gin\u00e9s Pastor Moreno, Bernardo Garc\u00eda Villa y Jos\u00e9 Espejo Navarro.<\/span><\/p>\n<p><span class=\"text_exposed_show\">\u00a0\u00a0\u00a0\u00a0 Finalmente como reconocimiento del cari\u00f1o que viene demostrando a la policia al ni\u00f1o Jos\u00e9 Mar\u00eda Mayor se le entrego una placa conmemorativa de la Polic\u00eda como prueba de afecto de todos los miembros del cuerpo.<\/span><\/p>\n<p><span class=\"text_exposed_show\">\u00a0\u00a0\u00a0\u00a0 Por \u00faltimo se hac\u00eda entrega de los trofeos del campeonato de f\u00fatbol-7 con motivo del d\u00eda del patr\u00f3n: subcampeones el equipo del Escuadr\u00f3n de Vigilancia A\u00e9rea n\u00aa13 y Campeones el equipo de la Polic\u00eda Local de Mula.<\/span><\/p>\n<p><span class=\"text_exposed_show\">\u00a0\u00a0\u00a0\u00a0 Se cerraba el acto con la intervenci\u00f3n del alcalde de Mula, Juan Jes\u00fas Moreno y del director general de Seguridad Ciudadana, Manuel Dur\u00e1n.<\/span><\/p>\n<p><span class=\"text_exposed_show\">\u00a0\u00a0\u00a0\u00a0 El cierre a la celebraci\u00f3n, ten\u00eda lugar con una comida de hermandad con agentes, familiares y amigos, en el transcurso de la misma, los Polic\u00edas entregaban una placa al Oficial Jefe, Fidel Bedia, en reconocimiento a su labor y entrega.<\/span><\/p>\n<p><img loading=\"lazy\" decoding=\"async\" class=\"aligncenter wp-image-1331 size-large\" src=\"https:\/\/mula.es\/policialocal\/wp-content\/uploads\/2017\/02\/Seprona-1024x576.jpg\" alt=\"Seprona\" width=\"1024\" height=\"576\" srcset=\"https:\/\/mula.es\/policialocal\/wp-content\/uploads\/2017\/02\/Seprona-1024x576.jpg 1024w, https:\/\/mula.es\/policialocal\/wp-content\/uploads\/2017\/02\/Seprona-300x169.jpg 300w, https:\/\/mula.es\/policialocal\/wp-content\/uploads\/2017\/02\/Seprona-768x432.jpg 768w, https:\/\/mula.es\/policialocal\/wp-content\/uploads\/2017\/02\/Seprona-24x14.jpg 24w, https:\/\/mula.es\/policialocal\/wp-content\/uploads\/2017\/02\/Seprona-36x20.jpg 36w, https:\/\/mula.es\/policialocal\/wp-content\/uploads\/2017\/02\/Seprona-48x27.jpg 48w\" sizes=\"auto, (max-width: 1024px) 100vw, 1024px\" \/><\/p>\n<p style=\"text-align: justify;\"><img loading=\"lazy\" decoding=\"async\" class=\"aligncenter wp-image-1317 size-full\" src=\"https:\/\/mula.es\/policialocal\/wp-content\/uploads\/2017\/02\/Patr\u00f3n-2017__.jpg\" alt=\"Patr\u00f3n 2017__\" width=\"960\" height=\"638\" srcset=\"https:\/\/mula.es\/policialocal\/wp-content\/uploads\/2017\/02\/Patr\u00f3n-2017__.jpg 960w, https:\/\/mula.es\/policialocal\/wp-content\/uploads\/2017\/02\/Patr\u00f3n-2017__-300x199.jpg 300w, https:\/\/mula.es\/policialocal\/wp-content\/uploads\/2017\/02\/Patr\u00f3n-2017__-768x510.jpg 768w, https:\/\/mula.es\/policialocal\/wp-content\/uploads\/2017\/02\/Patr\u00f3n-2017__-24x16.jpg 24w, https:\/\/mula.es\/policialocal\/wp-content\/uploads\/2017\/02\/Patr\u00f3n-2017__-36x24.jpg 36w, https:\/\/mula.es\/policialocal\/wp-content\/uploads\/2017\/02\/Patr\u00f3n-2017__-48x32.jpg 48w\" sizes=\"auto, (max-width: 960px) 100vw, 960px\" \/><\/p>\n<p style=\"text-align: justify;\"><img loading=\"lazy\" decoding=\"async\" class=\"aligncenter wp-image-1315 size-full\" src=\"https:\/\/mula.es\/policialocal\/wp-content\/uploads\/2017\/02\/Patr\u00f3n-2017_.jpg\" alt=\"Patr\u00f3n 2017_\" width=\"960\" height=\"638\" srcset=\"https:\/\/mula.es\/policialocal\/wp-content\/uploads\/2017\/02\/Patr\u00f3n-2017_.jpg 960w, https:\/\/mula.es\/policialocal\/wp-content\/uploads\/2017\/02\/Patr\u00f3n-2017_-300x199.jpg 300w, https:\/\/mula.es\/policialocal\/wp-content\/uploads\/2017\/02\/Patr\u00f3n-2017_-768x510.jpg 768w, https:\/\/mula.es\/policialocal\/wp-content\/uploads\/2017\/02\/Patr\u00f3n-2017_-24x16.jpg 24w, https:\/\/mula.es\/policialocal\/wp-content\/uploads\/2017\/02\/Patr\u00f3n-2017_-36x24.jpg 36w, https:\/\/mula.es\/policialocal\/wp-content\/uploads\/2017\/02\/Patr\u00f3n-2017_-48x32.jpg 48w\" sizes=\"auto, (max-width: 960px) 100vw, 960px\" \/><\/p>\n<p style=\"text-align: justify;\">\n<\/div>\n","protected":false},"excerpt":{"rendered":"<p>La polic\u00eda Local de Mula ha celebrado este domingo 5 de febrero la festividad de su patr\u00f3n San Blas (RadioMula 104.5 FM) \u00a0\u00a0\u00a0\u00a0\u00a0Los actos han contado con la presencia del alcalde de Mula, Juan Jes\u00fas Moreno, el director general de Seguridad Ciudadana y Emergencias, Manuel Dur\u00e1n y el concejal de Seguridad del Ayuntamiento de Mula, &#8230; <a title=\"Celebraci\u00f3n del D\u00eda del Patr\u00f3n de la Polic\u00eda Loca de Mula\" class=\"read-more\" href=\"https:\/\/mula.es\/policialocal\/2017\/02\/celebracion-del-dia-del-patron-de-la-policia-loca-de-mula\/\" aria-label=\"Leer m\u00e1s sobre Celebraci\u00f3n del D\u00eda del Patr\u00f3n de la Polic\u00eda Loca de Mula\">Leer m\u00e1s<\/a><\/p>\n","protected":false},"author":2,"featured_media":0,"comment_status":"closed","ping_status":"closed","sticky":false,"template":"","format":"standard","meta":{"ngg_post_thumbnail":0,"footnotes":""},"categories":[4],"tags":[],"class_list":["post-1314","post","type-post","status-publish","format-standard","hentry","category-noticias"],"_links":{"self":[{"href":"https:\/\/mula.es\/policialocal\/wp-json\/wp\/v2\/posts\/1314","targetHints":{"allow":["GET"]}}],"collection":[{"href":"https:\/\/mula.es\/policialocal\/wp-json\/wp\/v2\/posts"}],"about":[{"href":"https:\/\/mula.es\/policialocal\/wp-json\/wp\/v2\/types\/post"}],"author":[{"embeddable":true,"href":"https:\/\/mula.es\/policialocal\/wp-json\/wp\/v2\/users\/2"}],"replies":[{"embeddable":true,"href":"https:\/\/mula.es\/policialocal\/wp-json\/wp\/v2\/comments?post=1314"}],"version-history":[{"count":8,"href":"https:\/\/mula.es\/policialocal\/wp-json\/wp\/v2\/posts\/1314\/revisions"}],"predecessor-version":[{"id":1332,"href":"https:\/\/mula.es\/policialocal\/wp-json\/wp\/v2\/posts\/1314\/revisions\/1332"}],"wp:attachment":[{"href":"https:\/\/mula.es\/policialocal\/wp-json\/wp\/v2\/media?parent=1314"}],"wp:term":[{"taxonomy":"category","embeddable":true,"href":"https:\/\/mula.es\/policialocal\/wp-json\/wp\/v2\/categories?post=1314"},{"taxonomy":"post_tag","embeddable":true,"href":"https:\/\/mula.es\/policialocal\/wp-json\/wp\/v2\/tags?post=1314"}],"curies":[{"name":"wp","href":"https:\/\/api.w.org\/{rel}","templated":true}]}}