{"id":1440,"date":"2017-07-26T11:25:23","date_gmt":"2017-07-26T10:25:23","guid":{"rendered":"http:\/\/mula.es\/policialocal\/?p=1440"},"modified":"2017-07-26T11:35:21","modified_gmt":"2017-07-26T10:35:21","slug":"los-servicios-de-emergencias-municipales-con-los-ninos","status":"publish","type":"post","link":"https:\/\/mula.es\/policialocal\/2017\/07\/los-servicios-de-emergencias-municipales-con-los-ninos\/","title":{"rendered":"Los Servicios de Emergencias municipales con los ni\u00f1os"},"content":{"rendered":"<p style=\"text-align: justify;\">&nbsp; &nbsp;Como en a\u00f1os anteriores, miembros de los Servicios de Emergencias de Mula (Polic\u00eda Local, Protecci\u00f3n Civil y Bomberos), han participado en una jornada de convivencia con los m\u00e1s peque\u00f1os en la Escuela de Verano, donde los ni\u00f1os han conocido y se han familiarizado con las personas que realizan estas actividades y materiales utilizados.<\/p>\n<p><a href=\"https:\/\/mula.es\/policialocal\/2017\/07\/los-servicios-de-emergencias-municipales-con-los-ninos\/2017_escuelas-de-verano\/#main\" rel=\"attachment wp-att-1441\"><img loading=\"lazy\" decoding=\"async\" class=\"aligncenter wp-image-1441 size-full\" src=\"https:\/\/mula.es\/policialocal\/wp-content\/uploads\/2017\/07\/2017_Escuelas-de-Verano.jpg\" alt=\"\" width=\"2338\" height=\"1653\" srcset=\"https:\/\/mula.es\/policialocal\/wp-content\/uploads\/2017\/07\/2017_Escuelas-de-Verano.jpg 2338w, https:\/\/mula.es\/policialocal\/wp-content\/uploads\/2017\/07\/2017_Escuelas-de-Verano-300x212.jpg 300w, https:\/\/mula.es\/policialocal\/wp-content\/uploads\/2017\/07\/2017_Escuelas-de-Verano-768x543.jpg 768w, https:\/\/mula.es\/policialocal\/wp-content\/uploads\/2017\/07\/2017_Escuelas-de-Verano-1024x724.jpg 1024w, https:\/\/mula.es\/policialocal\/wp-content\/uploads\/2017\/07\/2017_Escuelas-de-Verano-24x17.jpg 24w, https:\/\/mula.es\/policialocal\/wp-content\/uploads\/2017\/07\/2017_Escuelas-de-Verano-36x25.jpg 36w, https:\/\/mula.es\/policialocal\/wp-content\/uploads\/2017\/07\/2017_Escuelas-de-Verano-48x34.jpg 48w\" sizes=\"auto, (max-width: 2338px) 100vw, 2338px\" \/><\/a><\/p>\n<p><a href=\"https:\/\/mula.es\/policialocal\/2017\/07\/los-servicios-de-emergencias-municipales-con-los-ninos\/20170725_095832\/#main\" rel=\"attachment wp-att-1445\"><img loading=\"lazy\" decoding=\"async\" class=\"aligncenter wp-image-1445 size-full\" src=\"https:\/\/mula.es\/policialocal\/wp-content\/uploads\/2017\/07\/20170725_095832.jpg\" alt=\"\" width=\"4032\" height=\"3024\" srcset=\"https:\/\/mula.es\/policialocal\/wp-content\/uploads\/2017\/07\/20170725_095832.jpg 4032w, https:\/\/mula.es\/policialocal\/wp-content\/uploads\/2017\/07\/20170725_095832-300x225.jpg 300w, https:\/\/mula.es\/policialocal\/wp-content\/uploads\/2017\/07\/20170725_095832-768x576.jpg 768w, https:\/\/mula.es\/policialocal\/wp-content\/uploads\/2017\/07\/20170725_095832-1024x768.jpg 1024w, https:\/\/mula.es\/policialocal\/wp-content\/uploads\/2017\/07\/20170725_095832-24x18.jpg 24w, https:\/\/mula.es\/policialocal\/wp-content\/uploads\/2017\/07\/20170725_095832-36x27.jpg 36w, https:\/\/mula.es\/policialocal\/wp-content\/uploads\/2017\/07\/20170725_095832-48x36.jpg 48w\" sizes=\"auto, (max-width: 4032px) 100vw, 4032px\" \/><\/a><\/p>\n<p>&nbsp;<\/p>\n","protected":false},"excerpt":{"rendered":"<p>&nbsp; &nbsp;Como en a\u00f1os anteriores, miembros de los Servicios de Emergencias de Mula (Polic\u00eda Local, Protecci\u00f3n Civil y Bomberos), han participado en una jornada de convivencia con los m\u00e1s peque\u00f1os en la Escuela de Verano, donde los ni\u00f1os han conocido y se han familiarizado con las personas que realizan estas actividades y materiales utilizados. &nbsp;<\/p>\n","protected":false},"author":2,"featured_media":0,"comment_status":"closed","ping_status":"closed","sticky":false,"template":"","format":"standard","meta":{"ngg_post_thumbnail":0,"footnotes":""},"categories":[4],"tags":[],"class_list":["post-1440","post","type-post","status-publish","format-standard","hentry","category-noticias"],"_links":{"self":[{"href":"https:\/\/mula.es\/policialocal\/wp-json\/wp\/v2\/posts\/1440","targetHints":{"allow":["GET"]}}],"collection":[{"href":"https:\/\/mula.es\/policialocal\/wp-json\/wp\/v2\/posts"}],"about":[{"href":"https:\/\/mula.es\/policialocal\/wp-json\/wp\/v2\/types\/post"}],"author":[{"embeddable":true,"href":"https:\/\/mula.es\/policialocal\/wp-json\/wp\/v2\/users\/2"}],"replies":[{"embeddable":true,"href":"https:\/\/mula.es\/policialocal\/wp-json\/wp\/v2\/comments?post=1440"}],"version-history":[{"count":4,"href":"https:\/\/mula.es\/policialocal\/wp-json\/wp\/v2\/posts\/1440\/revisions"}],"predecessor-version":[{"id":1446,"href":"https:\/\/mula.es\/policialocal\/wp-json\/wp\/v2\/posts\/1440\/revisions\/1446"}],"wp:attachment":[{"href":"https:\/\/mula.es\/policialocal\/wp-json\/wp\/v2\/media?parent=1440"}],"wp:term":[{"taxonomy":"category","embeddable":true,"href":"https:\/\/mula.es\/policialocal\/wp-json\/wp\/v2\/categories?post=1440"},{"taxonomy":"post_tag","embeddable":true,"href":"https:\/\/mula.es\/policialocal\/wp-json\/wp\/v2\/tags?post=1440"}],"curies":[{"name":"wp","href":"https:\/\/api.w.org\/{rel}","templated":true}]}}