{"id":1516,"date":"2017-11-24T20:09:45","date_gmt":"2017-11-24T19:09:45","guid":{"rendered":"http:\/\/mula.es\/policialocal\/?p=1516"},"modified":"2017-11-24T20:09:45","modified_gmt":"2017-11-24T19:09:45","slug":"la-policia-local-de-mula-contra-la-violencia-de-genero","status":"publish","type":"post","link":"https:\/\/mula.es\/policialocal\/2017\/11\/la-policia-local-de-mula-contra-la-violencia-de-genero\/","title":{"rendered":"La Polic\u00eda Local de Mula contra la violencia de g\u00e9nero"},"content":{"rendered":"<p><span style=\"color: #993366;\">La Polic\u00eda Local de Mula en apoyo de la mujer en el D\u00eda Internacional contra la violencia de g\u00e9nero<\/span><a href=\"https:\/\/mula.es\/policialocal\/2017\/11\/la-policia-local-de-mula-contra-la-violencia-de-genero\/a-25n\/#main\" rel=\"attachment wp-att-1517\"><br \/>\n<img loading=\"lazy\" decoding=\"async\" class=\"aligncenter wp-image-1517 size-large\" src=\"https:\/\/mula.es\/policialocal\/wp-content\/uploads\/2017\/11\/a-25n-1024x426.jpg\" alt=\"\" width=\"1024\" height=\"426\" srcset=\"https:\/\/mula.es\/policialocal\/wp-content\/uploads\/2017\/11\/a-25n-1024x426.jpg 1024w, https:\/\/mula.es\/policialocal\/wp-content\/uploads\/2017\/11\/a-25n-300x125.jpg 300w, https:\/\/mula.es\/policialocal\/wp-content\/uploads\/2017\/11\/a-25n-768x320.jpg 768w, https:\/\/mula.es\/policialocal\/wp-content\/uploads\/2017\/11\/a-25n-24x10.jpg 24w, https:\/\/mula.es\/policialocal\/wp-content\/uploads\/2017\/11\/a-25n-36x15.jpg 36w, https:\/\/mula.es\/policialocal\/wp-content\/uploads\/2017\/11\/a-25n-48x20.jpg 48w, https:\/\/mula.es\/policialocal\/wp-content\/uploads\/2017\/11\/a-25n.jpg 1600w\" sizes=\"auto, (max-width: 1024px) 100vw, 1024px\" \/><\/a><\/p>\n","protected":false},"excerpt":{"rendered":"<p>La Polic\u00eda Local de Mula en apoyo de la mujer en el D\u00eda Internacional contra la violencia de g\u00e9nero<\/p>\n","protected":false},"author":2,"featured_media":0,"comment_status":"closed","ping_status":"closed","sticky":false,"template":"","format":"standard","meta":{"ngg_post_thumbnail":0,"footnotes":""},"categories":[1,4],"tags":[],"class_list":["post-1516","post","type-post","status-publish","format-standard","hentry","category-avisos","category-noticias"],"_links":{"self":[{"href":"https:\/\/mula.es\/policialocal\/wp-json\/wp\/v2\/posts\/1516","targetHints":{"allow":["GET"]}}],"collection":[{"href":"https:\/\/mula.es\/policialocal\/wp-json\/wp\/v2\/posts"}],"about":[{"href":"https:\/\/mula.es\/policialocal\/wp-json\/wp\/v2\/types\/post"}],"author":[{"embeddable":true,"href":"https:\/\/mula.es\/policialocal\/wp-json\/wp\/v2\/users\/2"}],"replies":[{"embeddable":true,"href":"https:\/\/mula.es\/policialocal\/wp-json\/wp\/v2\/comments?post=1516"}],"version-history":[{"count":2,"href":"https:\/\/mula.es\/policialocal\/wp-json\/wp\/v2\/posts\/1516\/revisions"}],"predecessor-version":[{"id":1519,"href":"https:\/\/mula.es\/policialocal\/wp-json\/wp\/v2\/posts\/1516\/revisions\/1519"}],"wp:attachment":[{"href":"https:\/\/mula.es\/policialocal\/wp-json\/wp\/v2\/media?parent=1516"}],"wp:term":[{"taxonomy":"category","embeddable":true,"href":"https:\/\/mula.es\/policialocal\/wp-json\/wp\/v2\/categories?post=1516"},{"taxonomy":"post_tag","embeddable":true,"href":"https:\/\/mula.es\/policialocal\/wp-json\/wp\/v2\/tags?post=1516"}],"curies":[{"name":"wp","href":"https:\/\/api.w.org\/{rel}","templated":true}]}}