{"id":1876,"date":"2019-10-07T12:16:38","date_gmt":"2019-10-07T11:16:38","guid":{"rendered":"http:\/\/mula.es\/policialocal\/?p=1876"},"modified":"2019-10-23T11:05:53","modified_gmt":"2019-10-23T10:05:53","slug":"comunicado-de-la-conejalia-de-seguridad-ciudadana","status":"publish","type":"post","link":"https:\/\/mula.es\/policialocal\/2019\/10\/comunicado-de-la-conejalia-de-seguridad-ciudadana\/","title":{"rendered":"Comunicado de la Concejal\u00eda de Seguridad Ciudadana"},"content":{"rendered":"\n<p style=\"text-align:center\"><strong>AYUNTAMIENTO DE MULA<\/strong><\/p>\n\n\n\n<p style=\"text-align:center\"><strong>Concejal\u00eda de Seguridad Ciudadana<\/strong><\/p>\n\n\n\n<div class=\"wp-block-image\"><figure class=\"aligncenter\"><img loading=\"lazy\" decoding=\"async\" width=\"429\" height=\"600\" src=\"https:\/\/mula.es\/policialocal\/wp-content\/uploads\/2019\/10\/Escudo-Ayto.png\" alt=\"\" class=\"wp-image-1877\" srcset=\"https:\/\/mula.es\/policialocal\/wp-content\/uploads\/2019\/10\/Escudo-Ayto.png 429w, https:\/\/mula.es\/policialocal\/wp-content\/uploads\/2019\/10\/Escudo-Ayto-215x300.png 215w, https:\/\/mula.es\/policialocal\/wp-content\/uploads\/2019\/10\/Escudo-Ayto-17x24.png 17w, https:\/\/mula.es\/policialocal\/wp-content\/uploads\/2019\/10\/Escudo-Ayto-26x36.png 26w, https:\/\/mula.es\/policialocal\/wp-content\/uploads\/2019\/10\/Escudo-Ayto-34x48.png 34w\" sizes=\"auto, (max-width: 429px) 100vw, 429px\" \/><figcaption>Escudo del Ayuntamiento de Mula<\/figcaption><\/figure><\/div>\n\n\n\n<table class=\"wp-block-table aligncenter\"><tbody><tr><td>\n  <strong>NOTA\n  INFORMATIVA<\/strong>\n  <\/td><\/tr><\/tbody><\/table>\n\n\n\n<p>Ante la\ndifusi\u00f3n de una noticia relacionada con una determinada actuaci\u00f3n de la Polic\u00eda\nLocal de Mula, el pasado 1 de octubre, a las 01.15 horas de la madrugada, en\naras de la mayor transparencia esta Concejal\u00eda de Seguridad Ciudadana quiere\nhacer constar:<\/p>\n\n\n\n<p><strong>PRIMERO:<\/strong> Su rechazo a cualquier tipo de violencia,\ndiscriminaci\u00f3n o arbitrariedad que pueda cometerse por los funcionarios\np\u00fablicos.<\/p>\n\n\n\n<p><strong>SEGUNDO:<\/strong> Su rechazo a los comentarios injuriosos,\ndenigrantes y ofensivos realizados al colectivo de la Polic\u00eda Local amparados,\nen la mayor\u00eda de los casos, por el anonimato y desconocimiento real de los\nhechos.<\/p>\n\n\n\n<p><strong>TERCERO:<\/strong> Que la actuaci\u00f3n policial ha sido judicializada a\ntrav\u00e9s de la Jefatura de la Polic\u00eda Local&nbsp;\nde Mula para su tutela por la Autoridad judicial (Juzgado de Instrucci\u00f3n\nde Guardia), habi\u00e9ndose tambi\u00e9n instruido diligencias contra los autores de los\ncomentarios de car\u00e1cter injurioso por un presunto delito contra el honor\nprevisto en T\u00edtulo XI, para determinar su responsabilidad.<\/p>\n\n\n\n<p>Es voluntad de\neste Ayuntamiento que su Cuerpo de la Polic\u00eda Local cumpla escrupulosamente su misi\u00f3n\nconstitucional de proteger el libre ejercicio de los derechos y libertades y\ngarantizar la seguridad ciudadana bajo los principios de legalidad y adecuaci\u00f3n\nal ordenamiento jur\u00eddico, circunstancia que ha esta la fecha viene realizando\ncon firmeza, disciplina y responsabilidad.<\/p>\n","protected":false},"excerpt":{"rendered":"<p>AYUNTAMIENTO DE MULA Concejal\u00eda de Seguridad Ciudadana NOTA INFORMATIVA Ante la difusi\u00f3n de una noticia relacionada con una determinada actuaci\u00f3n de la Polic\u00eda Local de Mula, el pasado 1 de octubre, a las 01.15 horas de la madrugada, en aras de la mayor transparencia esta Concejal\u00eda de Seguridad Ciudadana quiere hacer constar: PRIMERO: Su rechazo &#8230; <a title=\"Comunicado de la Concejal\u00eda de Seguridad Ciudadana\" class=\"read-more\" href=\"https:\/\/mula.es\/policialocal\/2019\/10\/comunicado-de-la-conejalia-de-seguridad-ciudadana\/\" aria-label=\"Leer m\u00e1s sobre Comunicado de la Concejal\u00eda de Seguridad Ciudadana\">Leer m\u00e1s<\/a><\/p>\n","protected":false},"author":2,"featured_media":0,"comment_status":"closed","ping_status":"closed","sticky":false,"template":"","format":"standard","meta":{"ngg_post_thumbnail":0,"footnotes":""},"categories":[1,4],"tags":[],"class_list":["post-1876","post","type-post","status-publish","format-standard","hentry","category-avisos","category-noticias"],"_links":{"self":[{"href":"https:\/\/mula.es\/policialocal\/wp-json\/wp\/v2\/posts\/1876","targetHints":{"allow":["GET"]}}],"collection":[{"href":"https:\/\/mula.es\/policialocal\/wp-json\/wp\/v2\/posts"}],"about":[{"href":"https:\/\/mula.es\/policialocal\/wp-json\/wp\/v2\/types\/post"}],"author":[{"embeddable":true,"href":"https:\/\/mula.es\/policialocal\/wp-json\/wp\/v2\/users\/2"}],"replies":[{"embeddable":true,"href":"https:\/\/mula.es\/policialocal\/wp-json\/wp\/v2\/comments?post=1876"}],"version-history":[{"count":2,"href":"https:\/\/mula.es\/policialocal\/wp-json\/wp\/v2\/posts\/1876\/revisions"}],"predecessor-version":[{"id":1887,"href":"https:\/\/mula.es\/policialocal\/wp-json\/wp\/v2\/posts\/1876\/revisions\/1887"}],"wp:attachment":[{"href":"https:\/\/mula.es\/policialocal\/wp-json\/wp\/v2\/media?parent=1876"}],"wp:term":[{"taxonomy":"category","embeddable":true,"href":"https:\/\/mula.es\/policialocal\/wp-json\/wp\/v2\/categories?post=1876"},{"taxonomy":"post_tag","embeddable":true,"href":"https:\/\/mula.es\/policialocal\/wp-json\/wp\/v2\/tags?post=1876"}],"curies":[{"name":"wp","href":"https:\/\/api.w.org\/{rel}","templated":true}]}}