{"id":1880,"date":"2019-10-07T13:06:20","date_gmt":"2019-10-07T12:06:20","guid":{"rendered":"http:\/\/mula.es\/policialocal\/?p=1880"},"modified":"2019-10-25T11:19:01","modified_gmt":"2019-10-25T10:19:01","slug":"atienden-a-un-hombre-con-sintomas-de-ahogamiento-tras-incendiarse-una-vivienda","status":"publish","type":"post","link":"https:\/\/mula.es\/policialocal\/2019\/10\/atienden-a-un-hombre-con-sintomas-de-ahogamiento-tras-incendiarse-una-vivienda\/","title":{"rendered":"Atienden a un hombre con s\u00edntomas de ahogamiento tras incendiarse una vivienda"},"content":{"rendered":"\n<p>El fuego se ha originado en la primera planta de un bloque y\nalgunos vecinos han quedado atrapados en la parte superior<\/p>\n\n\n\n<p>Un hombre de edad avanzada ha tenido que ser atendido en la noche de este domingo al incendiarse una vivienda en un edificio de la calle Pintor de Mula, frente al cuartel de la Polic\u00eda Local.<\/p>\n\n\n\n<figure class=\"wp-block-image\"><img loading=\"lazy\" decoding=\"async\" width=\"768\" height=\"1024\" src=\"https:\/\/mula.es\/policialocal\/wp-content\/uploads\/2019\/10\/IMG_20191006_213823-768x1024.jpg\" alt=\"\" class=\"wp-image-1881\" srcset=\"https:\/\/mula.es\/policialocal\/wp-content\/uploads\/2019\/10\/IMG_20191006_213823-768x1024.jpg 768w, https:\/\/mula.es\/policialocal\/wp-content\/uploads\/2019\/10\/IMG_20191006_213823-225x300.jpg 225w, https:\/\/mula.es\/policialocal\/wp-content\/uploads\/2019\/10\/IMG_20191006_213823-18x24.jpg 18w, https:\/\/mula.es\/policialocal\/wp-content\/uploads\/2019\/10\/IMG_20191006_213823-27x36.jpg 27w, https:\/\/mula.es\/policialocal\/wp-content\/uploads\/2019\/10\/IMG_20191006_213823-36x48.jpg 36w\" sizes=\"auto, (max-width: 768px) 100vw, 768px\" \/><figcaption>sdr<\/figcaption><\/figure>\n\n\n\n<p>El Centro de Coordinaci\u00f3n de Emergencias ha recibido una\nllamada a las 21.08 horas que alertaba del fuego en un bloque de cuatro plantas.\nAdem\u00e1s, han indicado que hab\u00eda gran cantidad de humo y de que las llamas sal\u00edan\npor la ventana.<\/p>\n\n\n\n<p>Tambi\u00e9n han explicado que hab\u00eda gente atrapada en la parte\nsuperior del edificio y que hab\u00edan sacado a un hombre lleno de holl\u00edn y que se\nprecisaba asistencia sanitaria, ya que presentaba s\u00edntomas de ahogamiento. <\/p>\n\n\n\n<p>Hasta el lugar se han desplazado agentes de la Polic\u00eda Local de Mula, bomberos del Consorcio de Extinci\u00f3n de Incendios y Salvamento de la Regi\u00f3n de Mula con bases en Mula y Caravaca (8 bomberos y 4 camiones de extinci\u00f3n) y dos ambulancias de la Gerencia de Urgencias y Emergencias Sanitarias 061 (una Unidad M\u00f3vil de Emergencias y una ambulancia no asistencial).<\/p>\n\n\n\n<figure class=\"wp-block-image\"><img loading=\"lazy\" decoding=\"async\" width=\"768\" height=\"1024\" src=\"https:\/\/mula.es\/policialocal\/wp-content\/uploads\/2019\/10\/IMG_20191006_213918-768x1024.jpg\" alt=\"\" class=\"wp-image-1883\" srcset=\"https:\/\/mula.es\/policialocal\/wp-content\/uploads\/2019\/10\/IMG_20191006_213918-768x1024.jpg 768w, https:\/\/mula.es\/policialocal\/wp-content\/uploads\/2019\/10\/IMG_20191006_213918-225x300.jpg 225w, https:\/\/mula.es\/policialocal\/wp-content\/uploads\/2019\/10\/IMG_20191006_213918-18x24.jpg 18w, https:\/\/mula.es\/policialocal\/wp-content\/uploads\/2019\/10\/IMG_20191006_213918-27x36.jpg 27w, https:\/\/mula.es\/policialocal\/wp-content\/uploads\/2019\/10\/IMG_20191006_213918-36x48.jpg 36w\" sizes=\"auto, (max-width: 768px) 100vw, 768px\" \/><figcaption>sdr<\/figcaption><\/figure>\n\n\n\n<p>En torno a las 21.33 horas, la direcci\u00f3n de la extinci\u00f3n ha\nconfirmado que el incendio estaba controlado y que los bomberos estaban\nventilando la zona. <\/p>\n\n\n\n<p>Todos los ocupantes del edificio se encuentran fuera del\nmismo y el herido es trasladado por la ambulancia no asistencial al servicio de\nurgencias de Mula para ser atendido.<\/p>\n\n\n\n<p>(Noticia procedente de LA OPINI\u00d3N &nbsp;06.10.2019)<\/p>\n","protected":false},"excerpt":{"rendered":"<p>El fuego se ha originado en la primera planta de un bloque y algunos vecinos han quedado atrapados en la parte superior Un hombre de edad avanzada ha tenido que ser atendido en la noche de este domingo al incendiarse una vivienda en un edificio de la calle Pintor de Mula, frente al cuartel de &#8230; <a title=\"Atienden a un hombre con s\u00edntomas de ahogamiento tras incendiarse una vivienda\" class=\"read-more\" href=\"https:\/\/mula.es\/policialocal\/2019\/10\/atienden-a-un-hombre-con-sintomas-de-ahogamiento-tras-incendiarse-una-vivienda\/\" aria-label=\"Leer m\u00e1s sobre Atienden a un hombre con s\u00edntomas de ahogamiento tras incendiarse una vivienda\">Leer m\u00e1s<\/a><\/p>\n","protected":false},"author":2,"featured_media":0,"comment_status":"closed","ping_status":"closed","sticky":false,"template":"","format":"standard","meta":{"ngg_post_thumbnail":0,"footnotes":""},"categories":[1,4],"tags":[],"class_list":["post-1880","post","type-post","status-publish","format-standard","hentry","category-avisos","category-noticias"],"_links":{"self":[{"href":"https:\/\/mula.es\/policialocal\/wp-json\/wp\/v2\/posts\/1880","targetHints":{"allow":["GET"]}}],"collection":[{"href":"https:\/\/mula.es\/policialocal\/wp-json\/wp\/v2\/posts"}],"about":[{"href":"https:\/\/mula.es\/policialocal\/wp-json\/wp\/v2\/types\/post"}],"author":[{"embeddable":true,"href":"https:\/\/mula.es\/policialocal\/wp-json\/wp\/v2\/users\/2"}],"replies":[{"embeddable":true,"href":"https:\/\/mula.es\/policialocal\/wp-json\/wp\/v2\/comments?post=1880"}],"version-history":[{"count":1,"href":"https:\/\/mula.es\/policialocal\/wp-json\/wp\/v2\/posts\/1880\/revisions"}],"predecessor-version":[{"id":1884,"href":"https:\/\/mula.es\/policialocal\/wp-json\/wp\/v2\/posts\/1880\/revisions\/1884"}],"wp:attachment":[{"href":"https:\/\/mula.es\/policialocal\/wp-json\/wp\/v2\/media?parent=1880"}],"wp:term":[{"taxonomy":"category","embeddable":true,"href":"https:\/\/mula.es\/policialocal\/wp-json\/wp\/v2\/categories?post=1880"},{"taxonomy":"post_tag","embeddable":true,"href":"https:\/\/mula.es\/policialocal\/wp-json\/wp\/v2\/tags?post=1880"}],"curies":[{"name":"wp","href":"https:\/\/api.w.org\/{rel}","templated":true}]}}