{"id":1966,"date":"2020-03-08T09:47:27","date_gmt":"2020-03-08T08:47:27","guid":{"rendered":"http:\/\/mula.es\/policialocal\/?p=1966"},"modified":"2020-03-12T00:08:28","modified_gmt":"2020-03-11T23:08:28","slug":"campana-especial-sobre-cinturon-de-seguridad-y-sistemas-de-retencion-infantil-sri-7","status":"publish","type":"post","link":"https:\/\/mula.es\/policialocal\/2020\/03\/campana-especial-sobre-cinturon-de-seguridad-y-sistemas-de-retencion-infantil-sri-7\/","title":{"rendered":"Campa\u00f1a Especial sobre Cintur\u00f3n de Seguridad y Sistemas de Retenci\u00f3n Infantil (SRI)."},"content":{"rendered":"\n<p class=\"has-text-align-center\"> <strong>D\u00edas 9 al 15 de marzo  <\/strong><\/p>\n\n\n\n<p>En cumplimiento de la programaci\u00f3n de las Campa\u00f1as y Operaciones de Vigilancia y Control para el a\u00f1o 2020 llevada a cabo por la Direcci\u00f3n General de Tr\u00e1fico, entre los\u00a0<strong>d\u00edas 9 al 15 de marzo<\/strong>\u00a0tendr\u00e1 lugar una nueva\u00a0<strong>Campa\u00f1a Especial sobre\u00a0Cintur\u00f3n de Seguridad y Sistemas de Retenci\u00f3n Infantil (SRI).<\/strong><\/p>\n\n\n\n<figure class=\"wp-block-image\"><img decoding=\"async\" src=\"https:\/\/mail.google.com\/mail\/u\/3?ui=2&amp;ik=2acbd311aa&amp;attid=0.1&amp;permmsgid=msg-a:r1871925962120493438&amp;th=170b5587d73edbfe&amp;view=fimg&amp;sz=s0-l75-ft&amp;attbid=ANGjdJ9CvDXa-1e7MopfnPaYCxA8FKrScYZ3Uv6-IseFQEN7tB9TxiSmtAvduj8zvXvFLj2-4pC2OAp0VYxSVAzMkeg5LTlyw0-wMIfPdit6qV-G_5KwenzQ65Y_iBw&amp;disp=emb&amp;realattid=ii_k7ertea20\" alt=\"dgt_plMula-1024x269.png\"\/><\/figure>\n\n\n\n<p>El uso de sistemas de retenci\u00f3n homologados, cintur\u00f3n de seguridad y SRI, se ha venido demostrando como el sistema de seguridad vial m\u00e1s sencillo, rentable y eficaz, en todo tipo de v\u00edas y trayectos.<\/p>\n\n\n\n<p>Aunque se ha incrementado el uso del cintur\u00f3n de seguridad, existen todav\u00eda graves lagunas. Esto es dif\u00edcilmente entendible si tenemos en cuenta la relaci\u00f3n entre la sencillez de uso y su eficacia, ya que reduce a la mitad el riesgo de muerte en caso de accidente.<\/p>\n\n\n\n<p>Uno de los objetivos de la Estrategia de Seguridad Vial 2011-2020 es \u201c<strong><em>lograr que ning\u00fan ni\u00f1o pierda la vida por no ir correctamente sentado en una silla adecuada para su peso y talla<\/em><\/strong>\u201d.<\/p>\n\n\n\n<p>La vigilancia y aplicaci\u00f3n de la ley en lo que respecta al uso del cintur\u00f3n y sistemas de retenci\u00f3n se ha consolidado como uno de los m\u00e9todos m\u00e1s efectivos para mantener e incrementar el \u00edndice de uso del cintur\u00f3n entre los ocupantes de los veh\u00edculos.<\/p>\n\n\n\n<p>Conscientes de que la circulaci\u00f3n en ciudad constituye el primero de los escenarios donde el conductor inicia la adquisici\u00f3n de h\u00e1bitos y costumbres, y que, en este caso, el incumplimiento es significativamente mayor que en v\u00edas interurbanas, el Ayuntamiento de Mula a trav\u00e9s de su Cuerpo de Polic\u00eda Local, participar\u00e1 en dicha Campa\u00f1a.<\/p>\n\n\n\n<figure class=\"wp-block-image\"><img decoding=\"async\" src=\"https:\/\/mail.google.com\/mail\/u\/3?ui=2&amp;ik=2acbd311aa&amp;attid=0.2&amp;permmsgid=msg-a:r1871925962120493438&amp;th=170b5587d73edbfe&amp;view=fimg&amp;sz=s0-l75-ft&amp;attbid=ANGjdJ-2pElsKRgyqtXy2ikmRgPhF2F5YOtVlemBU482CxicRnNdDcNM8dPVm7b4HzFVixqFHvwHAIdL4AgNl9Do18iO0uI9qCDtMRW027di8QCUOo2ShvhvF2DG7WA&amp;disp=emb&amp;realattid=ii_k7ertxzx1\" alt=\"Cintur\u00f3n_2.png\"\/><\/figure>\n\n\n\n<p><\/p>\n\n\n\n<figure class=\"wp-block-table aligncenter\"><table class=\"\"><tbody><tr><td><\/td><\/tr><tr><td><\/td><td>\u00a7\u00a0\u00a0No llevar puesto el cintur\u00f3n de seguridad es, junto con la velocidad y la conducci\u00f3n bajo los efectos del alcohol, uno de los principales factores de riesgo en la carretera.<br>\u00a7\u00a0\u00a0El cintur\u00f3n de seguridad es un seguro de vida. No hay que olvidarse de \u00e9l y llevarlo siempre abrochado, tanto en carretera como en ciudad.\u00a0<\/td><\/tr><\/tbody><\/table><\/figure>\n\n\n\n<p><strong>&nbsp;<\/strong><\/p>\n\n\n\n<p>&nbsp;Porcentaje de reducci\u00f3n de lesiones:<\/p>\n\n\n\n<figure class=\"wp-block-table\"><table class=\"\"><tbody><tr><td><strong>Tipo de lesi\u00f3n<\/strong><\/td><td class=\"has-text-align-center\" data-align=\"center\"><strong>Conductor<\/strong><\/td><td class=\"has-text-align-center\" data-align=\"center\"><strong>Pasajero<\/strong><\/td><\/tr><tr><td>Lesiones cerebrales<\/td><td class=\"has-text-align-center\" data-align=\"center\">33%<\/td><td class=\"has-text-align-center\" data-align=\"center\">56%<\/td><\/tr><tr><td>Fracturas craneales<\/td><td class=\"has-text-align-center\" data-align=\"center\">18%<\/td><td class=\"has-text-align-center\" data-align=\"center\">18%<\/td><\/tr><tr><td>Heridas faciales<\/td><td class=\"has-text-align-center\" data-align=\"center\">45%<\/td><td class=\"has-text-align-center\" data-align=\"center\">64%<\/td><\/tr><tr><td>Lesiones oculares<\/td><td class=\"has-text-align-center\" data-align=\"center\">38%<\/td><td class=\"has-text-align-center\" data-align=\"center\">40%<\/td><\/tr><tr><td>Fracturas faciales<\/td><td class=\"has-text-align-center\" data-align=\"center\">6%<\/td><td class=\"has-text-align-center\" data-align=\"center\">6%<\/td><\/tr><tr><td>Lesiones pulmonares<\/td><td class=\"has-text-align-center\" data-align=\"center\">33%<\/td><td class=\"has-text-align-center\" data-align=\"center\">58%<\/td><\/tr><\/tbody><\/table><\/figure>\n\n\n\n<p><em>Fuente:&nbsp;<a href=\"http:\/\/www.dgt.es\/portal\/es\/formacion_educacion\/cursos_prof_autoescuelas\/\" target=\"_blank\" rel=\"noreferrer noopener\">Formaci\u00f3n y Educaci\u00f3n Vial<\/a>&nbsp;\/ Consejos de seguridad vial Web divulgativa de la DGT<\/em><\/p>\n","protected":false},"excerpt":{"rendered":"<p>D\u00edas 9 al 15 de marzo En cumplimiento de la programaci\u00f3n de las Campa\u00f1as y Operaciones de Vigilancia y Control para el a\u00f1o 2020 llevada a cabo por la Direcci\u00f3n General de Tr\u00e1fico, entre los\u00a0d\u00edas 9 al 15 de marzo\u00a0tendr\u00e1 lugar una nueva\u00a0Campa\u00f1a Especial sobre\u00a0Cintur\u00f3n de Seguridad y Sistemas de Retenci\u00f3n Infantil (SRI). El uso &#8230; <a title=\"Campa\u00f1a Especial sobre Cintur\u00f3n de Seguridad y Sistemas de Retenci\u00f3n Infantil (SRI).\" class=\"read-more\" href=\"https:\/\/mula.es\/policialocal\/2020\/03\/campana-especial-sobre-cinturon-de-seguridad-y-sistemas-de-retencion-infantil-sri-7\/\" aria-label=\"Leer m\u00e1s sobre Campa\u00f1a Especial sobre Cintur\u00f3n de Seguridad y Sistemas de Retenci\u00f3n Infantil (SRI).\">Leer m\u00e1s<\/a><\/p>\n","protected":false},"author":2,"featured_media":0,"comment_status":"closed","ping_status":"closed","sticky":false,"template":"","format":"standard","meta":{"ngg_post_thumbnail":0,"footnotes":""},"categories":[1,4],"tags":[],"class_list":["post-1966","post","type-post","status-publish","format-standard","hentry","category-avisos","category-noticias"],"_links":{"self":[{"href":"https:\/\/mula.es\/policialocal\/wp-json\/wp\/v2\/posts\/1966","targetHints":{"allow":["GET"]}}],"collection":[{"href":"https:\/\/mula.es\/policialocal\/wp-json\/wp\/v2\/posts"}],"about":[{"href":"https:\/\/mula.es\/policialocal\/wp-json\/wp\/v2\/types\/post"}],"author":[{"embeddable":true,"href":"https:\/\/mula.es\/policialocal\/wp-json\/wp\/v2\/users\/2"}],"replies":[{"embeddable":true,"href":"https:\/\/mula.es\/policialocal\/wp-json\/wp\/v2\/comments?post=1966"}],"version-history":[{"count":1,"href":"https:\/\/mula.es\/policialocal\/wp-json\/wp\/v2\/posts\/1966\/revisions"}],"predecessor-version":[{"id":1967,"href":"https:\/\/mula.es\/policialocal\/wp-json\/wp\/v2\/posts\/1966\/revisions\/1967"}],"wp:attachment":[{"href":"https:\/\/mula.es\/policialocal\/wp-json\/wp\/v2\/media?parent=1966"}],"wp:term":[{"taxonomy":"category","embeddable":true,"href":"https:\/\/mula.es\/policialocal\/wp-json\/wp\/v2\/categories?post=1966"},{"taxonomy":"post_tag","embeddable":true,"href":"https:\/\/mula.es\/policialocal\/wp-json\/wp\/v2\/tags?post=1966"}],"curies":[{"name":"wp","href":"https:\/\/api.w.org\/{rel}","templated":true}]}}