{"id":2153,"date":"2020-07-27T22:40:24","date_gmt":"2020-07-27T21:40:24","guid":{"rendered":"http:\/\/mula.es\/policialocal\/?p=2153"},"modified":"2020-07-27T22:47:50","modified_gmt":"2020-07-27T21:47:50","slug":"mula-se-convierte-en-pionera-en-ofrecer-planes-contra-la-violencia-de-genero-y-a-favor-de-la-igualdad","status":"publish","type":"post","link":"https:\/\/mula.es\/policialocal\/2020\/07\/mula-se-convierte-en-pionera-en-ofrecer-planes-contra-la-violencia-de-genero-y-a-favor-de-la-igualdad\/","title":{"rendered":"Mula se convierte en pionera en ofrecer planes contra la violencia de g\u00e9nero y a favor de la igualdad"},"content":{"rendered":"\n<p><em>Mula ha presentado el primer Plan de prevenci\u00f3n de violencia de g\u00e9nero y el segundo Plan para la igualdad de oportunidad del municipio que tendr\u00e1n una validez de cuatro a\u00f1os para erradicar la desigualdad<\/em><\/p>\n\n\n\n<div class=\"wp-block-image\"><figure class=\"aligncenter size-large is-resized\"><img loading=\"lazy\" decoding=\"async\" src=\"https:\/\/mula.es\/policialocal\/wp-content\/uploads\/2020\/07\/image.png\" alt=\"\" class=\"wp-image-2154\" width=\"575\" height=\"323\" srcset=\"https:\/\/mula.es\/policialocal\/wp-content\/uploads\/2020\/07\/image.png 445w, https:\/\/mula.es\/policialocal\/wp-content\/uploads\/2020\/07\/image-300x169.png 300w, https:\/\/mula.es\/policialocal\/wp-content\/uploads\/2020\/07\/image-24x13.png 24w, https:\/\/mula.es\/policialocal\/wp-content\/uploads\/2020\/07\/image-36x20.png 36w, https:\/\/mula.es\/policialocal\/wp-content\/uploads\/2020\/07\/image-48x27.png 48w\" sizes=\"auto, (max-width: 575px) 100vw, 575px\" \/><figcaption>El municipio pionero en un plan municipal de prevenci\u00f3n de la Violencia de G\u00e9nero.<\/figcaption><\/figure><\/div>\n\n\n\n<p><\/p>\n\n\n\n<p>En el Refectorio del Convento de San Francisco, de Mula, se ha llevado a cabo el acto de presentaci\u00f3n del II Plan para la Igualdad de Oportunidades en el municipio de Mula y del I Plan Municipal de Prevenci\u00f3n de Violencia de G\u00e9nero (2020-2024).<\/p>\n\n\n\n<figure class=\"wp-block-image size-large is-resized\"><img loading=\"lazy\" decoding=\"async\" src=\"https:\/\/mula.es\/policialocal\/wp-content\/uploads\/2020\/07\/image-1.png\" alt=\"\" class=\"wp-image-2155\" width=\"584\" height=\"438\" srcset=\"https:\/\/mula.es\/policialocal\/wp-content\/uploads\/2020\/07\/image-1.png 328w, https:\/\/mula.es\/policialocal\/wp-content\/uploads\/2020\/07\/image-1-300x225.png 300w, https:\/\/mula.es\/policialocal\/wp-content\/uploads\/2020\/07\/image-1-24x18.png 24w, https:\/\/mula.es\/policialocal\/wp-content\/uploads\/2020\/07\/image-1-36x27.png 36w, https:\/\/mula.es\/policialocal\/wp-content\/uploads\/2020\/07\/image-1-48x36.png 48w\" sizes=\"auto, (max-width: 584px) 100vw, 584px\" \/><\/figure>\n\n\n\n<p>Al acto han asistido la autora de los planes, la crimin\u00f3loga mule\u00f1a Lorena Gutierrez Navarro, el coordinador del Plan, el comisario y profesor en Criminolog\u00eda, Fidel Bedia, as\u00ed como el alcalde de Mula, Juan Jes\u00fas Moreno, acompa\u00f1ado por concejales, y personal del CAVI de Mula.<\/p>\n\n\n\n<figure class=\"wp-block-image size-large is-resized\"><img loading=\"lazy\" decoding=\"async\" src=\"https:\/\/mula.es\/policialocal\/wp-content\/uploads\/2020\/07\/image-2.png\" alt=\"\" class=\"wp-image-2156\" width=\"590\" height=\"443\" srcset=\"https:\/\/mula.es\/policialocal\/wp-content\/uploads\/2020\/07\/image-2.png 333w, https:\/\/mula.es\/policialocal\/wp-content\/uploads\/2020\/07\/image-2-300x225.png 300w, https:\/\/mula.es\/policialocal\/wp-content\/uploads\/2020\/07\/image-2-24x18.png 24w, https:\/\/mula.es\/policialocal\/wp-content\/uploads\/2020\/07\/image-2-36x27.png 36w, https:\/\/mula.es\/policialocal\/wp-content\/uploads\/2020\/07\/image-2-48x36.png 48w\" sizes=\"auto, (max-width: 590px) 100vw, 590px\" \/><\/figure>\n\n\n\n<p><a href=\"https:\/\/www.facebook.com\/photo\/?fbid=10217330930615213&amp;set=pcb.10217330931375232&amp;__cft__%5b0%5d=AZXnREAWxQpw8qTQekG37qEEQELDh9KEJTIBcqiSnxztLvB9IzGgs06IyOq7peR4t1GcVAdAL62fwPu02-LkavsDtXWD3j45uN1SNK9D5M879wddqEsoWe2ny2ul72tqzmg&amp;__tn__=*bH-R\"><\/a><\/p>\n\n\n\n<p><a href=\"https:\/\/www.orm.es\/programas\/plaza-publica\/plaza-publica-mula-se-convierte-pionera-en-ofrecer-planes-contra-la-violencia-de-genero-y-a-favor-de-la-igualdad\/?fbclid=IwAR0h2-Ov9w1UhIkkeTIKyOoutlKLsYJ7Nk1Kv38_F7cTcVjWHSMNjma-IQM\">https:\/\/www.orm.es\/programas\/plaza-publica\/plaza-publica-mula-se-convierte-pionera-en-ofrecer-planes-contra-la-violencia-de-genero-y-a-favor-de-la-igualdad\/?fbclid=IwAR0h2-Ov9w1UhIkkeTIKyOoutlKLsYJ7Nk1Kv38_F7cTcVjWHSMNjma-IQM<\/a><a href=\"https:\/\/www.facebook.com\/photo\/?fbid=10217330930615213&amp;set=pcb.10217330931375232&amp;__cft__%5b0%5d=AZXnREAWxQpw8qTQekG37qEEQELDh9KEJTIBcqiSnxztLvB9IzGgs06IyOq7peR4t1GcVAdAL62fwPu02-LkavsDtXWD3j45uN1SNK9D5M879wddqEsoWe2ny2ul72tqzmg&amp;__tn__=*bH-R\"><\/a><\/p>\n\n\n\n<p><a href=\"https:\/\/www.facebook.com\/photo\/?fbid=10217330931135226&amp;set=pcb.10217330931375232&amp;__cft__%5b0%5d=AZXnREAWxQpw8qTQekG37qEEQELDh9KEJTIBcqiSnxztLvB9IzGgs06IyOq7peR4t1GcVAdAL62fwPu02-LkavsDtXWD3j45uN1SNK9D5M879wddqEsoWe2ny2ul72tqzmg&amp;__tn__=*bH-R\"><\/a><\/p>\n\n\n\n<p><a href=\"https:\/\/www.facebook.com\/photo\/?fbid=10217330931135226&amp;set=pcb.10217330931375232&amp;__cft__%5b0%5d=AZXnREAWxQpw8qTQekG37qEEQELDh9KEJTIBcqiSnxztLvB9IzGgs06IyOq7peR4t1GcVAdAL62fwPu02-LkavsDtXWD3j45uN1SNK9D5M879wddqEsoWe2ny2ul72tqzmg&amp;__tn__=*bH-R\"><\/a><\/p>\n","protected":false},"excerpt":{"rendered":"<p>Mula ha presentado el primer Plan de prevenci\u00f3n de violencia de g\u00e9nero y el segundo Plan para la igualdad de oportunidad del municipio que tendr\u00e1n una validez de cuatro a\u00f1os para erradicar la desigualdad En el Refectorio del Convento de San Francisco, de Mula, se ha llevado a cabo el acto de presentaci\u00f3n del II &#8230; <a title=\"Mula se convierte en pionera en ofrecer planes contra la violencia de g\u00e9nero y a favor de la igualdad\" class=\"read-more\" href=\"https:\/\/mula.es\/policialocal\/2020\/07\/mula-se-convierte-en-pionera-en-ofrecer-planes-contra-la-violencia-de-genero-y-a-favor-de-la-igualdad\/\" aria-label=\"Leer m\u00e1s sobre Mula se convierte en pionera en ofrecer planes contra la violencia de g\u00e9nero y a favor de la igualdad\">Leer m\u00e1s<\/a><\/p>\n","protected":false},"author":2,"featured_media":0,"comment_status":"closed","ping_status":"closed","sticky":false,"template":"","format":"standard","meta":{"ngg_post_thumbnail":0,"footnotes":""},"categories":[4],"tags":[],"class_list":["post-2153","post","type-post","status-publish","format-standard","hentry","category-noticias"],"_links":{"self":[{"href":"https:\/\/mula.es\/policialocal\/wp-json\/wp\/v2\/posts\/2153","targetHints":{"allow":["GET"]}}],"collection":[{"href":"https:\/\/mula.es\/policialocal\/wp-json\/wp\/v2\/posts"}],"about":[{"href":"https:\/\/mula.es\/policialocal\/wp-json\/wp\/v2\/types\/post"}],"author":[{"embeddable":true,"href":"https:\/\/mula.es\/policialocal\/wp-json\/wp\/v2\/users\/2"}],"replies":[{"embeddable":true,"href":"https:\/\/mula.es\/policialocal\/wp-json\/wp\/v2\/comments?post=2153"}],"version-history":[{"count":2,"href":"https:\/\/mula.es\/policialocal\/wp-json\/wp\/v2\/posts\/2153\/revisions"}],"predecessor-version":[{"id":2158,"href":"https:\/\/mula.es\/policialocal\/wp-json\/wp\/v2\/posts\/2153\/revisions\/2158"}],"wp:attachment":[{"href":"https:\/\/mula.es\/policialocal\/wp-json\/wp\/v2\/media?parent=2153"}],"wp:term":[{"taxonomy":"category","embeddable":true,"href":"https:\/\/mula.es\/policialocal\/wp-json\/wp\/v2\/categories?post=2153"},{"taxonomy":"post_tag","embeddable":true,"href":"https:\/\/mula.es\/policialocal\/wp-json\/wp\/v2\/tags?post=2153"}],"curies":[{"name":"wp","href":"https:\/\/api.w.org\/{rel}","templated":true}]}}