{"id":2335,"date":"2021-01-30T20:43:03","date_gmt":"2021-01-30T19:43:03","guid":{"rendered":"http:\/\/mula.es\/policialocal\/?p=2335"},"modified":"2021-01-30T20:43:21","modified_gmt":"2021-01-30T19:43:21","slug":"la-policia-local-de-mula-incrementa-los-controles-contra-los-talleres-clandestinos","status":"publish","type":"post","link":"https:\/\/mula.es\/policialocal\/2021\/01\/la-policia-local-de-mula-incrementa-los-controles-contra-los-talleres-clandestinos\/","title":{"rendered":"La Polic\u00eda Local de Mula incrementa los controles contra los talleres clandestinos"},"content":{"rendered":"\n<p>Los representantes del sector automovil\u00edstico del municipio aseguran que los espacios de compraventa ilegal de coches est\u00e1n \u00abprovocando grandes p\u00e9rdidas\u00bb<\/p>\n\n\n\n<figure class=\"wp-block-image is-resized\"><img loading=\"lazy\" decoding=\"async\" src=\"https:\/\/static3.laverdad.es\/comun\/img\/2014\/autor\/autor-811-foto-3.jpeg\" alt=\"Jos\u00e9 Luis Pi\u00f1ero\" width=\"80\" height=\"80\"\/><\/figure>\n\n\n\n<p><a href=\"https:\/\/www.laverdad.es\/autor\/jose-luis-pinero-811.html\">JOS\u00c9 LUIS PI\u00d1ERO<\/a>  La Verdad S\u00e1bado, 30 enero 2021, 10:47<\/p>\n\n\n\n<p>La Polic\u00eda Local de Mula intensificar\u00e1 los controles para acabar con la actividad en los talleres de coches clandestinos. As\u00ed lo anunci\u00f3 este viernes el alcalde, Juan Jes\u00fas Moreno, quien mantuvo una reuni\u00f3n con directivos de la Federaci\u00f3n Regional de Empresarios del Metal de Murcia (Fremm) y representantes del sector automovil\u00edstico.<\/p>\n\n\n\n<p>Los responsables trasladaron a Moreno su preocupaci\u00f3n por el sector ante \u00abla gravedad de que haya personas en el municipio que mantienen talleres clandestinos y espacios de compraventa ilegal de coches, lo que est\u00e1 provocando grandes p\u00e9rdidas\u00bb.<\/p>\n\n\n\n<p>El regidor mostr\u00f3 su compromiso e implicaci\u00f3n \u00abpara trabajar al lado de los talleres, con el objetivo de erradicar este problema\u00bb.<\/p>\n\n\n\n<p>Por ello, el primer edil anunci\u00f3 \u00abel aumento de controles en todos los talleres de coches del municipio, con el objetivo de detectar aquellos establecimientos en los se puede llevar a cabo alg\u00fan tipo de actividad il\u00edcita y de identificar a las personas que compran y venden veh\u00edculos de manera ilegal\u00bb.<\/p>\n\n\n\n<p><\/p>\n","protected":false},"excerpt":{"rendered":"<p>Los representantes del sector automovil\u00edstico del municipio aseguran que los espacios de compraventa ilegal de coches est\u00e1n \u00abprovocando grandes p\u00e9rdidas\u00bb JOS\u00c9 LUIS PI\u00d1ERO La Verdad S\u00e1bado, 30 enero 2021, 10:47 La Polic\u00eda Local de Mula intensificar\u00e1 los controles para acabar con la actividad en los talleres de coches clandestinos. As\u00ed lo anunci\u00f3 este viernes el &#8230; <a title=\"La Polic\u00eda Local de Mula incrementa los controles contra los talleres clandestinos\" class=\"read-more\" href=\"https:\/\/mula.es\/policialocal\/2021\/01\/la-policia-local-de-mula-incrementa-los-controles-contra-los-talleres-clandestinos\/\" aria-label=\"Leer m\u00e1s sobre La Polic\u00eda Local de Mula incrementa los controles contra los talleres clandestinos\">Leer m\u00e1s<\/a><\/p>\n","protected":false},"author":2,"featured_media":0,"comment_status":"closed","ping_status":"closed","sticky":false,"template":"","format":"standard","meta":{"ngg_post_thumbnail":0,"footnotes":""},"categories":[4],"tags":[],"class_list":["post-2335","post","type-post","status-publish","format-standard","hentry","category-noticias"],"_links":{"self":[{"href":"https:\/\/mula.es\/policialocal\/wp-json\/wp\/v2\/posts\/2335","targetHints":{"allow":["GET"]}}],"collection":[{"href":"https:\/\/mula.es\/policialocal\/wp-json\/wp\/v2\/posts"}],"about":[{"href":"https:\/\/mula.es\/policialocal\/wp-json\/wp\/v2\/types\/post"}],"author":[{"embeddable":true,"href":"https:\/\/mula.es\/policialocal\/wp-json\/wp\/v2\/users\/2"}],"replies":[{"embeddable":true,"href":"https:\/\/mula.es\/policialocal\/wp-json\/wp\/v2\/comments?post=2335"}],"version-history":[{"count":1,"href":"https:\/\/mula.es\/policialocal\/wp-json\/wp\/v2\/posts\/2335\/revisions"}],"predecessor-version":[{"id":2336,"href":"https:\/\/mula.es\/policialocal\/wp-json\/wp\/v2\/posts\/2335\/revisions\/2336"}],"wp:attachment":[{"href":"https:\/\/mula.es\/policialocal\/wp-json\/wp\/v2\/media?parent=2335"}],"wp:term":[{"taxonomy":"category","embeddable":true,"href":"https:\/\/mula.es\/policialocal\/wp-json\/wp\/v2\/categories?post=2335"},{"taxonomy":"post_tag","embeddable":true,"href":"https:\/\/mula.es\/policialocal\/wp-json\/wp\/v2\/tags?post=2335"}],"curies":[{"name":"wp","href":"https:\/\/api.w.org\/{rel}","templated":true}]}}