{"id":2421,"date":"2021-06-05T20:05:51","date_gmt":"2021-06-05T19:05:51","guid":{"rendered":"https:\/\/mula.es\/policialocal\/?p=2421"},"modified":"2021-06-05T20:06:09","modified_gmt":"2021-06-05T19:06:09","slug":"la-policia-local-detiene-a-dos-personas-una-de-ellas-menor-de-edad","status":"publish","type":"post","link":"https:\/\/mula.es\/policialocal\/2021\/06\/la-policia-local-detiene-a-dos-personas-una-de-ellas-menor-de-edad\/","title":{"rendered":"La Polic\u00eda Local detiene a dos personas, una de ellas menor de edad"},"content":{"rendered":"\n<p><\/p>\n\n\n\n<p>La primera de las detenciones de produjo sobre las cuatro de la madrugada, cuando los Agentes de la Polic\u00eda Local patrullaban por las inmediaciones del parque Crist\u00f3bal Gabarr\u00f3n y se percataron de la presencia de un veh\u00edculo que circulaba con las luces apagadas Senda la Morera. Tras dar el alto al veh\u00edculo, comprobaron que iba conducido por un menor de diecis\u00e9is a\u00f1os, el cual iba acompa\u00f1ado por un amigo de veinte. Tras comprobar que el veh\u00edculo era propiedad del padre del menor y que lo hab\u00eda cogido mientras su progenitor dorm\u00eda, al joven se le ha imputado un delito contra la seguridad vial por conducir un veh\u00edculo a motor sin haber obtenido nunca permiso de conducir, d\u00e1ndose traslado de las diligencias a la Fiscal\u00eda de Menores.<\/p>\n\n\n\n<p>La otra detenci\u00f3n se produjo a primeras horas de la tarde gracias a la colaboraci\u00f3n ciudadana, cuando un vecino alert\u00f3 a la Polic\u00eda Local de que un individuo estaba forzando el quiosco de la ONCE ubicado en la calle Emeterio Cuadrado. Tras `personarse los Agentes inmediatamente en el lugar, comprobaron que el quiosco presentaba una fractura en una de sus ventanas, realizando una batida por las inmediaciones con el fin de localizar a su autor y siendo inmediatamente localizado gracias a la descripci\u00f3n facilitada.<\/p>\n\n\n\n<figure class=\"wp-block-image size-large\"><img loading=\"lazy\" decoding=\"async\" width=\"1024\" height=\"577\" src=\"https:\/\/mula.es\/policialocal\/wp-content\/uploads\/2021\/06\/IMG-20210604-WA0011-1024x577.jpg\" alt=\"\" class=\"wp-image-2422\" srcset=\"https:\/\/mula.es\/policialocal\/wp-content\/uploads\/2021\/06\/IMG-20210604-WA0011-1024x577.jpg 1024w, https:\/\/mula.es\/policialocal\/wp-content\/uploads\/2021\/06\/IMG-20210604-WA0011-300x169.jpg 300w, https:\/\/mula.es\/policialocal\/wp-content\/uploads\/2021\/06\/IMG-20210604-WA0011-768x432.jpg 768w, https:\/\/mula.es\/policialocal\/wp-content\/uploads\/2021\/06\/IMG-20210604-WA0011-1536x865.jpg 1536w, https:\/\/mula.es\/policialocal\/wp-content\/uploads\/2021\/06\/IMG-20210604-WA0011-24x14.jpg 24w, https:\/\/mula.es\/policialocal\/wp-content\/uploads\/2021\/06\/IMG-20210604-WA0011-36x20.jpg 36w, https:\/\/mula.es\/policialocal\/wp-content\/uploads\/2021\/06\/IMG-20210604-WA0011-48x27.jpg 48w, https:\/\/mula.es\/policialocal\/wp-content\/uploads\/2021\/06\/IMG-20210604-WA0011.jpg 1600w\" sizes=\"auto, (max-width: 1024px) 100vw, 1024px\" \/><figcaption>Imagen de la ventana forzada del establecimiento<\/figcaption><\/figure>\n\n\n\n<p>Tras ser identificado como N.C.G., de 42 a\u00f1os, natural y vecino de Mula, se le ocup\u00f3 el dinero sustra\u00eddo en el establecimiento y fue detenido por un delito de ROBO CON FUERZA EN LAS COSAS.<\/p>\n\n\n\n<p>Una vez efectuadas las correspondientes diligencias, fue trasladado al Cuartel de la Guardia Civil de Mula, donde se prosiguen investigaciones por su participaci\u00f3n en otro delito de robo ocurrido anteriormente tambi\u00e9n en la localidad de Mula.<\/p>\n","protected":false},"excerpt":{"rendered":"<p>La primera de las detenciones de produjo sobre las cuatro de la madrugada, cuando los Agentes de la Polic\u00eda Local patrullaban por las inmediaciones del parque Crist\u00f3bal Gabarr\u00f3n y se percataron de la presencia de un veh\u00edculo que circulaba con las luces apagadas Senda la Morera. Tras dar el alto al veh\u00edculo, comprobaron que iba &#8230; <a title=\"La Polic\u00eda Local detiene a dos personas, una de ellas menor de edad\" class=\"read-more\" href=\"https:\/\/mula.es\/policialocal\/2021\/06\/la-policia-local-detiene-a-dos-personas-una-de-ellas-menor-de-edad\/\" aria-label=\"Leer m\u00e1s sobre La Polic\u00eda Local detiene a dos personas, una de ellas menor de edad\">Leer m\u00e1s<\/a><\/p>\n","protected":false},"author":2,"featured_media":0,"comment_status":"closed","ping_status":"closed","sticky":false,"template":"","format":"standard","meta":{"ngg_post_thumbnail":0,"footnotes":""},"categories":[4],"tags":[],"class_list":["post-2421","post","type-post","status-publish","format-standard","hentry","category-noticias"],"_links":{"self":[{"href":"https:\/\/mula.es\/policialocal\/wp-json\/wp\/v2\/posts\/2421","targetHints":{"allow":["GET"]}}],"collection":[{"href":"https:\/\/mula.es\/policialocal\/wp-json\/wp\/v2\/posts"}],"about":[{"href":"https:\/\/mula.es\/policialocal\/wp-json\/wp\/v2\/types\/post"}],"author":[{"embeddable":true,"href":"https:\/\/mula.es\/policialocal\/wp-json\/wp\/v2\/users\/2"}],"replies":[{"embeddable":true,"href":"https:\/\/mula.es\/policialocal\/wp-json\/wp\/v2\/comments?post=2421"}],"version-history":[{"count":1,"href":"https:\/\/mula.es\/policialocal\/wp-json\/wp\/v2\/posts\/2421\/revisions"}],"predecessor-version":[{"id":2423,"href":"https:\/\/mula.es\/policialocal\/wp-json\/wp\/v2\/posts\/2421\/revisions\/2423"}],"wp:attachment":[{"href":"https:\/\/mula.es\/policialocal\/wp-json\/wp\/v2\/media?parent=2421"}],"wp:term":[{"taxonomy":"category","embeddable":true,"href":"https:\/\/mula.es\/policialocal\/wp-json\/wp\/v2\/categories?post=2421"},{"taxonomy":"post_tag","embeddable":true,"href":"https:\/\/mula.es\/policialocal\/wp-json\/wp\/v2\/tags?post=2421"}],"curies":[{"name":"wp","href":"https:\/\/api.w.org\/{rel}","templated":true}]}}