{"id":2495,"date":"2021-11-03T09:44:33","date_gmt":"2021-11-03T08:44:33","guid":{"rendered":"https:\/\/mula.es\/policialocal\/?p=2495"},"modified":"2021-11-03T09:45:03","modified_gmt":"2021-11-03T08:45:03","slug":"detenidos-tres-jovenes-por-una-violenta-agresion-en-una-zona-de-ocio-de-mula","status":"publish","type":"post","link":"https:\/\/mula.es\/policialocal\/2021\/11\/detenidos-tres-jovenes-por-una-violenta-agresion-en-una-zona-de-ocio-de-mula\/","title":{"rendered":"Detenidos tres j\u00f3venes por una violenta agresi\u00f3n en una zona de ocio de Mula"},"content":{"rendered":"\n<p><strong>Los arrestados presuntamente lesionaron a la v\u00edctima sin mediar palabra y sin que existiera ninguna provocaci\u00f3n previa<\/strong><\/p>\n\n\n\n<p><a>LA VERDAD<\/a> Murcia Martes, 2 noviembre 2021,<\/p>\n\n\n\n<p>La Guardia Civil de la Regi\u00f3n de Murcia, en colaboraci\u00f3n con la Polic\u00eda Local de Mula, desarroll\u00f3 una investigaci\u00f3n para esclarecer una agresi\u00f3n en una zona de ocio del municipio mule\u00f1o, que culmin\u00f3 con la identificaci\u00f3n, localizaci\u00f3n y detenci\u00f3n de los tres presuntos autores de los hechos, por delito de lesiones.<\/p>\n\n\n\n<figure class=\"wp-block-image size-large\"><img loading=\"lazy\" decoding=\"async\" width=\"1024\" height=\"692\" src=\"https:\/\/mula.es\/policialocal\/wp-content\/uploads\/2019\/01\/PL_GC-1024x692.png\" alt=\"\" class=\"wp-image-1707\" srcset=\"https:\/\/mula.es\/policialocal\/wp-content\/uploads\/2019\/01\/PL_GC-1024x692.png 1024w, https:\/\/mula.es\/policialocal\/wp-content\/uploads\/2019\/01\/PL_GC-300x203.png 300w, https:\/\/mula.es\/policialocal\/wp-content\/uploads\/2019\/01\/PL_GC-768x519.png 768w, https:\/\/mula.es\/policialocal\/wp-content\/uploads\/2019\/01\/PL_GC-24x16.png 24w, https:\/\/mula.es\/policialocal\/wp-content\/uploads\/2019\/01\/PL_GC-36x24.png 36w, https:\/\/mula.es\/policialocal\/wp-content\/uploads\/2019\/01\/PL_GC-48x32.png 48w, https:\/\/mula.es\/policialocal\/wp-content\/uploads\/2019\/01\/PL_GC.png 1696w\" sizes=\"auto, (max-width: 1024px) 100vw, 1024px\" \/><\/figure>\n\n\n\n<p>Los hechos tuvieron lugar durante la madrugada del pasado 17 de octubre, en las inmediaciones de un local de ocio de Mula, donde se produjo una violenta agresi\u00f3n hacia una persona. Instantes despu\u00e9s de la agresi\u00f3n se personaron en el lugar varias patrullas de la Guardia Civil y de la Polic\u00eda Local de Mula con la finalidad investigar los hechos para esclarecerlos.<\/p>\n\n\n\n<p>Las primeras pesquisas practicadas permitieron verificar que la agresi\u00f3n fue cometida por, al menos, tres individuos, los cuales, sin mediar palabra ni provocaci\u00f3n previa, comenzaron a agredir a la v\u00edctima con extrema violencia.<\/p>\n\n\n\n<p>Fruto de la agresi\u00f3n, el herido perdi\u00f3 varias piezas dentales y sufri\u00f3 un corte inciso en la zona posterior del cr\u00e1neo, al parecer a consecuencia de haber recibido varias patadas en la cabeza cuando se encontraba tendido en el suelo inconsciente como consecuencia de un fuerte impacto en la cabeza, llevado a cabo por la espalda con una botella de cristal.<\/p>\n\n\n\n<p>El desarrollo de la operaci\u00f3n permiti\u00f3 a los investigadores a identificar a los tres presuntos agresores, quienes finalmente han sido localizados. Los detenidos, junto con las diligencias instruidas, han sido puestos a disposici\u00f3n del Juzgado de Instrucci\u00f3n de Mula (Murcia).<\/p>\n\n\n\n<p><br><\/p>\n","protected":false},"excerpt":{"rendered":"<p>Los arrestados presuntamente lesionaron a la v\u00edctima sin mediar palabra y sin que existiera ninguna provocaci\u00f3n previa LA VERDAD Murcia Martes, 2 noviembre 2021, La Guardia Civil de la Regi\u00f3n de Murcia, en colaboraci\u00f3n con la Polic\u00eda Local de Mula, desarroll\u00f3 una investigaci\u00f3n para esclarecer una agresi\u00f3n en una zona de ocio del municipio mule\u00f1o, &#8230; <a title=\"Detenidos tres j\u00f3venes por una violenta agresi\u00f3n en una zona de ocio de Mula\" class=\"read-more\" href=\"https:\/\/mula.es\/policialocal\/2021\/11\/detenidos-tres-jovenes-por-una-violenta-agresion-en-una-zona-de-ocio-de-mula\/\" aria-label=\"Leer m\u00e1s sobre Detenidos tres j\u00f3venes por una violenta agresi\u00f3n en una zona de ocio de Mula\">Leer m\u00e1s<\/a><\/p>\n","protected":false},"author":2,"featured_media":0,"comment_status":"closed","ping_status":"closed","sticky":false,"template":"","format":"standard","meta":{"ngg_post_thumbnail":0,"footnotes":""},"categories":[4],"tags":[],"class_list":["post-2495","post","type-post","status-publish","format-standard","hentry","category-noticias"],"_links":{"self":[{"href":"https:\/\/mula.es\/policialocal\/wp-json\/wp\/v2\/posts\/2495","targetHints":{"allow":["GET"]}}],"collection":[{"href":"https:\/\/mula.es\/policialocal\/wp-json\/wp\/v2\/posts"}],"about":[{"href":"https:\/\/mula.es\/policialocal\/wp-json\/wp\/v2\/types\/post"}],"author":[{"embeddable":true,"href":"https:\/\/mula.es\/policialocal\/wp-json\/wp\/v2\/users\/2"}],"replies":[{"embeddable":true,"href":"https:\/\/mula.es\/policialocal\/wp-json\/wp\/v2\/comments?post=2495"}],"version-history":[{"count":2,"href":"https:\/\/mula.es\/policialocal\/wp-json\/wp\/v2\/posts\/2495\/revisions"}],"predecessor-version":[{"id":2497,"href":"https:\/\/mula.es\/policialocal\/wp-json\/wp\/v2\/posts\/2495\/revisions\/2497"}],"wp:attachment":[{"href":"https:\/\/mula.es\/policialocal\/wp-json\/wp\/v2\/media?parent=2495"}],"wp:term":[{"taxonomy":"category","embeddable":true,"href":"https:\/\/mula.es\/policialocal\/wp-json\/wp\/v2\/categories?post=2495"},{"taxonomy":"post_tag","embeddable":true,"href":"https:\/\/mula.es\/policialocal\/wp-json\/wp\/v2\/tags?post=2495"}],"curies":[{"name":"wp","href":"https:\/\/api.w.org\/{rel}","templated":true}]}}