{"id":2499,"date":"2021-11-03T19:39:53","date_gmt":"2021-11-03T18:39:53","guid":{"rendered":"https:\/\/mula.es\/policialocal\/?p=2499"},"modified":"2021-11-03T19:41:16","modified_gmt":"2021-11-03T18:41:16","slug":"detenidos-los-dos-presuntos-autores-de-un-robo-con-fuerza-en-un-establecimiento-de-mula","status":"publish","type":"post","link":"https:\/\/mula.es\/policialocal\/2021\/11\/detenidos-los-dos-presuntos-autores-de-un-robo-con-fuerza-en-un-establecimiento-de-mula\/","title":{"rendered":"Detenidos los dos presuntos autores de un robo con fuerza en un establecimiento de Mula"},"content":{"rendered":"\n<p><strong>Uno de los arrestados ha ingresado en prisi\u00f3n, por encontrarse huido tras haber disfrutado de un permiso penitenciario<\/strong><\/p>\n\n\n\n<p>LA VERDAD <a href=\"https:\/\/www.laverdad.es\/autor\/jose-luis-pinero-811.html\">JOS\u00c9 LUIS PI\u00d1ERO<\/a> Mula Mi\u00e9rcoles, 3 noviembre 2021\u00a0<\/p>\n\n\n\n<p>La Guardia Civil de la Regi\u00f3n de Murcia y la Polic\u00eda Local de Mula llevaron a cabo una actuaci\u00f3n conjunta para esclarecer un robo con fuerza en un establecimiento p\u00fablico de Mula, que se sald\u00f3 con la detenci\u00f3n de los dos presuntos autores de los hechos, los cuales fueron sorprendidos mientras comet\u00edan el robo e interceptados tras una breve huida.<\/p>\n\n\n\n<p>Las actuaciones se iniciaron cuando efectivos de Prevenci\u00f3n de Seguridad Ciudadana de la Benem\u00e9rita y de la Polic\u00eda Local de Mula fueron alertados de madrugada de la inminente comisi\u00f3n de un robo con fuerza en un bar del municipio mule\u00f1o. El aviso se origin\u00f3 al saltar la alarma en el inmueble. Adem\u00e1s, la empresa de seguridad inform\u00f3 de que en el interior del local se encontraban varias personas.<\/p>\n\n\n\n<figure class=\"wp-block-image size-large\"><img loading=\"lazy\" decoding=\"async\" width=\"1024\" height=\"768\" src=\"https:\/\/mula.es\/policialocal\/wp-content\/uploads\/2021\/11\/IMG-20211018-WA0003-1024x768.jpg\" alt=\"\" class=\"wp-image-2501\" srcset=\"https:\/\/mula.es\/policialocal\/wp-content\/uploads\/2021\/11\/IMG-20211018-WA0003-1024x768.jpg 1024w, https:\/\/mula.es\/policialocal\/wp-content\/uploads\/2021\/11\/IMG-20211018-WA0003-300x225.jpg 300w, https:\/\/mula.es\/policialocal\/wp-content\/uploads\/2021\/11\/IMG-20211018-WA0003-768x576.jpg 768w, https:\/\/mula.es\/policialocal\/wp-content\/uploads\/2021\/11\/IMG-20211018-WA0003-1536x1152.jpg 1536w, https:\/\/mula.es\/policialocal\/wp-content\/uploads\/2021\/11\/IMG-20211018-WA0003-24x18.jpg 24w, https:\/\/mula.es\/policialocal\/wp-content\/uploads\/2021\/11\/IMG-20211018-WA0003-36x27.jpg 36w, https:\/\/mula.es\/policialocal\/wp-content\/uploads\/2021\/11\/IMG-20211018-WA0003-48x36.jpg 48w, https:\/\/mula.es\/policialocal\/wp-content\/uploads\/2021\/11\/IMG-20211018-WA0003.jpg 1600w\" sizes=\"auto, (max-width: 1024px) 100vw, 1024px\" \/><figcaption>Lugar por donde accedieron al establecimiento<\/figcaption><\/figure>\n\n\n\n<p>Ante el aviso, varias patrullas de ambos cuerpos se trasladaron hasta el lugar y sorprendieron a los autores del robo en el interior del comercio y \u00e9stos, al detectar la presencia policial, abortaron la consumaci\u00f3n del delito y huyeron del lugar en un ciclomotor portando varios productos de gran tama\u00f1o.<\/p>\n\n\n\n<figure class=\"wp-block-image size-large\"><img loading=\"lazy\" decoding=\"async\" width=\"996\" height=\"1024\" src=\"https:\/\/mula.es\/policialocal\/wp-content\/uploads\/2021\/11\/6-996x1024.jpg\" alt=\"\" class=\"wp-image-2500\" srcset=\"https:\/\/mula.es\/policialocal\/wp-content\/uploads\/2021\/11\/6-996x1024.jpg 996w, https:\/\/mula.es\/policialocal\/wp-content\/uploads\/2021\/11\/6-292x300.jpg 292w, https:\/\/mula.es\/policialocal\/wp-content\/uploads\/2021\/11\/6-768x790.jpg 768w, https:\/\/mula.es\/policialocal\/wp-content\/uploads\/2021\/11\/6-1494x1536.jpg 1494w, https:\/\/mula.es\/policialocal\/wp-content\/uploads\/2021\/11\/6-1992x2048.jpg 1992w, https:\/\/mula.es\/policialocal\/wp-content\/uploads\/2021\/11\/6-24x24.jpg 24w, https:\/\/mula.es\/policialocal\/wp-content\/uploads\/2021\/11\/6-36x36.jpg 36w, https:\/\/mula.es\/policialocal\/wp-content\/uploads\/2021\/11\/6-48x48.jpg 48w\" sizes=\"auto, (max-width: 996px) 100vw, 996px\" \/><figcaption>Alguno de los objetos intervenidos<\/figcaption><\/figure>\n\n\n\n<p>R\u00e1pidamente se estableci\u00f3 un dispositivo de seguimiento coordinado entre las patrullas de Guardia Civil y Polic\u00eda Local, lo que permiti\u00f3 mantener ubicados a los sospechosos que, poco despu\u00e9s, abandonaron el veh\u00edculo y continuaron la huida a pie por un descampado pr\u00f3ximo al lugar de los hechos, en el que fueron localizados cuando se encontraban agazapados y escondidos.<\/p>\n\n\n\n<p>A los detenidos se les atribuye la presunta autor\u00eda de delito de robo con fuerza en interior de establecimiento. Adem\u00e1s, a uno de ellos le constaba una requisitoria judicial de ingreso en prisi\u00f3n por no haber regresado al centro penitenciario donde se encontraba interno tras el disfrute de un permiso.<\/p>\n\n\n\n<p>La investigaci\u00f3n contin\u00faa abierta con el objetivo de determinar si hay m\u00e1s personas implicadas en los hechos y, en su caso, identificarlas, localizarlas y detenerlas. Tambi\u00e9n se investiga si los ahora arrestados est\u00e1n vinculados a la autor\u00eda de m\u00e1s hechos delictivos de este tipo.<\/p>\n\n\n\n<p>Los detenidos, junto las diligencias instruidas, han sido puestos a disposici\u00f3n del Juzgado de Instrucci\u00f3n de Mula (Murcia), que ha decretado el ingreso en prisi\u00f3n que se encontraba bajo requisitoria judicial.<\/p>\n","protected":false},"excerpt":{"rendered":"<p>Uno de los arrestados ha ingresado en prisi\u00f3n, por encontrarse huido tras haber disfrutado de un permiso penitenciario LA VERDAD JOS\u00c9 LUIS PI\u00d1ERO Mula Mi\u00e9rcoles, 3 noviembre 2021\u00a0 La Guardia Civil de la Regi\u00f3n de Murcia y la Polic\u00eda Local de Mula llevaron a cabo una actuaci\u00f3n conjunta para esclarecer un robo con fuerza en &#8230; <a title=\"Detenidos los dos presuntos autores de un robo con fuerza en un establecimiento de Mula\" class=\"read-more\" href=\"https:\/\/mula.es\/policialocal\/2021\/11\/detenidos-los-dos-presuntos-autores-de-un-robo-con-fuerza-en-un-establecimiento-de-mula\/\" aria-label=\"Leer m\u00e1s sobre Detenidos los dos presuntos autores de un robo con fuerza en un establecimiento de Mula\">Leer m\u00e1s<\/a><\/p>\n","protected":false},"author":2,"featured_media":0,"comment_status":"closed","ping_status":"closed","sticky":false,"template":"","format":"standard","meta":{"ngg_post_thumbnail":0,"footnotes":""},"categories":[4],"tags":[],"class_list":["post-2499","post","type-post","status-publish","format-standard","hentry","category-noticias"],"_links":{"self":[{"href":"https:\/\/mula.es\/policialocal\/wp-json\/wp\/v2\/posts\/2499","targetHints":{"allow":["GET"]}}],"collection":[{"href":"https:\/\/mula.es\/policialocal\/wp-json\/wp\/v2\/posts"}],"about":[{"href":"https:\/\/mula.es\/policialocal\/wp-json\/wp\/v2\/types\/post"}],"author":[{"embeddable":true,"href":"https:\/\/mula.es\/policialocal\/wp-json\/wp\/v2\/users\/2"}],"replies":[{"embeddable":true,"href":"https:\/\/mula.es\/policialocal\/wp-json\/wp\/v2\/comments?post=2499"}],"version-history":[{"count":2,"href":"https:\/\/mula.es\/policialocal\/wp-json\/wp\/v2\/posts\/2499\/revisions"}],"predecessor-version":[{"id":2503,"href":"https:\/\/mula.es\/policialocal\/wp-json\/wp\/v2\/posts\/2499\/revisions\/2503"}],"wp:attachment":[{"href":"https:\/\/mula.es\/policialocal\/wp-json\/wp\/v2\/media?parent=2499"}],"wp:term":[{"taxonomy":"category","embeddable":true,"href":"https:\/\/mula.es\/policialocal\/wp-json\/wp\/v2\/categories?post=2499"},{"taxonomy":"post_tag","embeddable":true,"href":"https:\/\/mula.es\/policialocal\/wp-json\/wp\/v2\/tags?post=2499"}],"curies":[{"name":"wp","href":"https:\/\/api.w.org\/{rel}","templated":true}]}}