{"id":2515,"date":"2021-11-24T23:39:27","date_gmt":"2021-11-24T22:39:27","guid":{"rendered":"https:\/\/mula.es\/policialocal\/?p=2515"},"modified":"2021-11-24T23:47:22","modified_gmt":"2021-11-24T22:47:22","slug":"participacion-del-agente-tutor-de-mula-en-unas-jornadas-regionales-formacion","status":"publish","type":"post","link":"https:\/\/mula.es\/policialocal\/2021\/11\/participacion-del-agente-tutor-de-mula-en-unas-jornadas-regionales-formacion\/","title":{"rendered":"Participaci\u00f3n del Agente Tutor de Mula en unas Jornadas Regionales Formaci\u00f3n"},"content":{"rendered":"\n<p><\/p>\n\n\n\n<p>El Agente Tutor de la Polic\u00eda Local de Mula, V\u00edctor Garc\u00eda, ha participado en una Jornada de formaci\u00f3n dedicada a &nbsp;la figura profesional de los Agentes Tutores, programada por la Escuela de Formaci\u00f3n e Innovaci\u00f3n de la Regi\u00f3n de Murcia y el Ayuntamiento de Alcantarilla, junto a otros Agentes Tutores de Plantillas de la Polic\u00eda Local de la Regi\u00f3n de Murcia y de Castilla-La Mancha.<\/p>\n\n\n\n<figure class=\"wp-block-image size-large\"><img loading=\"lazy\" decoding=\"async\" width=\"1024\" height=\"472\" src=\"https:\/\/mula.es\/policialocal\/wp-content\/uploads\/2021\/11\/20211124_135502-1024x472.jpg\" alt=\"\" class=\"wp-image-2516\" srcset=\"https:\/\/mula.es\/policialocal\/wp-content\/uploads\/2021\/11\/20211124_135502-1024x472.jpg 1024w, https:\/\/mula.es\/policialocal\/wp-content\/uploads\/2021\/11\/20211124_135502-300x138.jpg 300w, https:\/\/mula.es\/policialocal\/wp-content\/uploads\/2021\/11\/20211124_135502-768x354.jpg 768w, https:\/\/mula.es\/policialocal\/wp-content\/uploads\/2021\/11\/20211124_135502-1536x709.jpg 1536w, https:\/\/mula.es\/policialocal\/wp-content\/uploads\/2021\/11\/20211124_135502-2048x945.jpg 2048w, https:\/\/mula.es\/policialocal\/wp-content\/uploads\/2021\/11\/20211124_135502-24x11.jpg 24w, https:\/\/mula.es\/policialocal\/wp-content\/uploads\/2021\/11\/20211124_135502-36x17.jpg 36w, https:\/\/mula.es\/policialocal\/wp-content\/uploads\/2021\/11\/20211124_135502-48x22.jpg 48w\" sizes=\"auto, (max-width: 1024px) 100vw, 1024px\" \/><\/figure>\n\n\n\n<p>El Agente Tutor es un miembro de la Polic\u00eda Local especializado en la prevenci\u00f3n y protecci\u00f3n a menores. Sus caracter\u00edsticas principales son la proximidad, la integraci\u00f3n y la mediaci\u00f3n en todo el entorno del menor y su familia.<\/p>\n\n\n\n<p>La ponencia de nuestro Agente Tutor ha versado sobre el Proyecto \u201cCamin@ conmigo\u201d, que pretende un acercamiento a la poblaci\u00f3n infantil y juvenil en Mula desde la \u00f3ptica de la prevenci\u00f3n, favorecimiento de la integraci\u00f3n y normalizaci\u00f3n del menor en su medio social, tanto en el entorno escolar como en problem\u00e1ticas detectadas en el medio abierto, incidencias en el \u00e1mbito de las TICs e intervenciones en materia de coordinaci\u00f3n con otras entidades y organismos.<\/p>\n\n\n\n<div class=\"wp-block-image\"><figure class=\"aligncenter size-large\"><img loading=\"lazy\" decoding=\"async\" width=\"472\" height=\"1024\" src=\"https:\/\/mula.es\/policialocal\/wp-content\/uploads\/2021\/11\/20211124_135645-472x1024.jpg\" alt=\"\" class=\"wp-image-2517\" srcset=\"https:\/\/mula.es\/policialocal\/wp-content\/uploads\/2021\/11\/20211124_135645-472x1024.jpg 472w, https:\/\/mula.es\/policialocal\/wp-content\/uploads\/2021\/11\/20211124_135645-138x300.jpg 138w, https:\/\/mula.es\/policialocal\/wp-content\/uploads\/2021\/11\/20211124_135645-768x1665.jpg 768w, https:\/\/mula.es\/policialocal\/wp-content\/uploads\/2021\/11\/20211124_135645-709x1536.jpg 709w, https:\/\/mula.es\/policialocal\/wp-content\/uploads\/2021\/11\/20211124_135645-945x2048.jpg 945w, https:\/\/mula.es\/policialocal\/wp-content\/uploads\/2021\/11\/20211124_135645-11x24.jpg 11w, https:\/\/mula.es\/policialocal\/wp-content\/uploads\/2021\/11\/20211124_135645-17x36.jpg 17w, https:\/\/mula.es\/policialocal\/wp-content\/uploads\/2021\/11\/20211124_135645-22x48.jpg 22w, https:\/\/mula.es\/policialocal\/wp-content\/uploads\/2021\/11\/20211124_135645-scaled.jpg 1181w\" sizes=\"auto, (max-width: 472px) 100vw, 472px\" \/><\/figure><\/div>\n\n\n\n<p>La Jornada de Formaci\u00f3n ha estado dirigida a Polic\u00edas Locales, Trabajadores\/as Sociales y miembros de la comunidad educativa. El programa Agente Tutor pretende recoger el grado de ajuste y definici\u00f3n necesario para mantener al mismo tiempo dos funciones: ser una gu\u00eda \u00fatil para la implantaci\u00f3n y puesta en marcha de equipos en cualquier municipio del territorio espa\u00f1ol, y estar dotado de una capacidad esencial de adaptaci\u00f3n a las diversas realidades locales que puedan ser objeto de demanda.<\/p>\n","protected":false},"excerpt":{"rendered":"<p>El Agente Tutor de la Polic\u00eda Local de Mula, V\u00edctor Garc\u00eda, ha participado en una Jornada de formaci\u00f3n dedicada a &nbsp;la figura profesional de los Agentes Tutores, programada por la Escuela de Formaci\u00f3n e Innovaci\u00f3n de la Regi\u00f3n de Murcia y el Ayuntamiento de Alcantarilla, junto a otros Agentes Tutores de Plantillas de la Polic\u00eda &#8230; <a title=\"Participaci\u00f3n del Agente Tutor de Mula en unas Jornadas Regionales Formaci\u00f3n\" class=\"read-more\" href=\"https:\/\/mula.es\/policialocal\/2021\/11\/participacion-del-agente-tutor-de-mula-en-unas-jornadas-regionales-formacion\/\" aria-label=\"Leer m\u00e1s sobre Participaci\u00f3n del Agente Tutor de Mula en unas Jornadas Regionales Formaci\u00f3n\">Leer m\u00e1s<\/a><\/p>\n","protected":false},"author":2,"featured_media":0,"comment_status":"closed","ping_status":"closed","sticky":false,"template":"","format":"standard","meta":{"ngg_post_thumbnail":0,"footnotes":""},"categories":[4],"tags":[],"class_list":["post-2515","post","type-post","status-publish","format-standard","hentry","category-noticias"],"_links":{"self":[{"href":"https:\/\/mula.es\/policialocal\/wp-json\/wp\/v2\/posts\/2515","targetHints":{"allow":["GET"]}}],"collection":[{"href":"https:\/\/mula.es\/policialocal\/wp-json\/wp\/v2\/posts"}],"about":[{"href":"https:\/\/mula.es\/policialocal\/wp-json\/wp\/v2\/types\/post"}],"author":[{"embeddable":true,"href":"https:\/\/mula.es\/policialocal\/wp-json\/wp\/v2\/users\/2"}],"replies":[{"embeddable":true,"href":"https:\/\/mula.es\/policialocal\/wp-json\/wp\/v2\/comments?post=2515"}],"version-history":[{"count":3,"href":"https:\/\/mula.es\/policialocal\/wp-json\/wp\/v2\/posts\/2515\/revisions"}],"predecessor-version":[{"id":2520,"href":"https:\/\/mula.es\/policialocal\/wp-json\/wp\/v2\/posts\/2515\/revisions\/2520"}],"wp:attachment":[{"href":"https:\/\/mula.es\/policialocal\/wp-json\/wp\/v2\/media?parent=2515"}],"wp:term":[{"taxonomy":"category","embeddable":true,"href":"https:\/\/mula.es\/policialocal\/wp-json\/wp\/v2\/categories?post=2515"},{"taxonomy":"post_tag","embeddable":true,"href":"https:\/\/mula.es\/policialocal\/wp-json\/wp\/v2\/tags?post=2515"}],"curies":[{"name":"wp","href":"https:\/\/api.w.org\/{rel}","templated":true}]}}