{"id":2604,"date":"2022-02-22T23:14:07","date_gmt":"2022-02-22T22:14:07","guid":{"rendered":"https:\/\/mula.es\/policialocal\/?p=2604"},"modified":"2022-02-22T23:14:08","modified_gmt":"2022-02-22T22:14:08","slug":"vuelos-supersonicos-sobre-region-de-murcia","status":"publish","type":"post","link":"https:\/\/mula.es\/policialocal\/2022\/02\/vuelos-supersonicos-sobre-region-de-murcia\/","title":{"rendered":"\u00abVuelos Supers\u00f3nicos\u00bb sobre Regi\u00f3n de Murcia"},"content":{"rendered":"\n<p>Desde la Base A\u00e9rea de Los Llanos de Albacete, nos informan de la realizaci\u00f3n de la actividad programada \u201cVuelos Supers\u00f3nicos\u201d sobre algunas provincias de su Comunidad Aut\u00f3noma.<\/p>\n\n\n\n<p>Dado que estas actividades pueden generar alarma a la poblaci\u00f3n, les facilitamos el calendario de actividades desde el d\u00eda de hoy hasta el d\u00eda 3 de marzo, en horario de 15:30 a 18:00 horas.<\/p>\n\n\n\n<figure class=\"wp-block-image size-large\"><img loading=\"lazy\" decoding=\"async\" width=\"1024\" height=\"1024\" src=\"https:\/\/mula.es\/policialocal\/wp-content\/uploads\/2022\/02\/image-1024x1024.png\" alt=\"\" class=\"wp-image-2605\" srcset=\"https:\/\/mula.es\/policialocal\/wp-content\/uploads\/2022\/02\/image-1024x1024.png 1024w, https:\/\/mula.es\/policialocal\/wp-content\/uploads\/2022\/02\/image-300x300.png 300w, https:\/\/mula.es\/policialocal\/wp-content\/uploads\/2022\/02\/image-150x150.png 150w, https:\/\/mula.es\/policialocal\/wp-content\/uploads\/2022\/02\/image-768x768.png 768w, https:\/\/mula.es\/policialocal\/wp-content\/uploads\/2022\/02\/image-24x24.png 24w, https:\/\/mula.es\/policialocal\/wp-content\/uploads\/2022\/02\/image-36x36.png 36w, https:\/\/mula.es\/policialocal\/wp-content\/uploads\/2022\/02\/image-48x48.png 48w, https:\/\/mula.es\/policialocal\/wp-content\/uploads\/2022\/02\/image.png 1279w\" sizes=\"auto, (max-width: 1024px) 100vw, 1024px\" \/><\/figure>\n","protected":false},"excerpt":{"rendered":"<p>Desde la Base A\u00e9rea de Los Llanos de Albacete, nos informan de la realizaci\u00f3n de la actividad programada \u201cVuelos Supers\u00f3nicos\u201d sobre algunas provincias de su Comunidad Aut\u00f3noma. Dado que estas actividades pueden generar alarma a la poblaci\u00f3n, les facilitamos el calendario de actividades desde el d\u00eda de hoy hasta el d\u00eda 3 de marzo, en &#8230; <a title=\"\u00abVuelos Supers\u00f3nicos\u00bb sobre Regi\u00f3n de Murcia\" class=\"read-more\" href=\"https:\/\/mula.es\/policialocal\/2022\/02\/vuelos-supersonicos-sobre-region-de-murcia\/\" aria-label=\"Leer m\u00e1s sobre \u00abVuelos Supers\u00f3nicos\u00bb sobre Regi\u00f3n de Murcia\">Leer m\u00e1s<\/a><\/p>\n","protected":false},"author":2,"featured_media":0,"comment_status":"closed","ping_status":"closed","sticky":false,"template":"","format":"standard","meta":{"ngg_post_thumbnail":0,"footnotes":""},"categories":[1],"tags":[],"class_list":["post-2604","post","type-post","status-publish","format-standard","hentry","category-avisos"],"_links":{"self":[{"href":"https:\/\/mula.es\/policialocal\/wp-json\/wp\/v2\/posts\/2604","targetHints":{"allow":["GET"]}}],"collection":[{"href":"https:\/\/mula.es\/policialocal\/wp-json\/wp\/v2\/posts"}],"about":[{"href":"https:\/\/mula.es\/policialocal\/wp-json\/wp\/v2\/types\/post"}],"author":[{"embeddable":true,"href":"https:\/\/mula.es\/policialocal\/wp-json\/wp\/v2\/users\/2"}],"replies":[{"embeddable":true,"href":"https:\/\/mula.es\/policialocal\/wp-json\/wp\/v2\/comments?post=2604"}],"version-history":[{"count":1,"href":"https:\/\/mula.es\/policialocal\/wp-json\/wp\/v2\/posts\/2604\/revisions"}],"predecessor-version":[{"id":2606,"href":"https:\/\/mula.es\/policialocal\/wp-json\/wp\/v2\/posts\/2604\/revisions\/2606"}],"wp:attachment":[{"href":"https:\/\/mula.es\/policialocal\/wp-json\/wp\/v2\/media?parent=2604"}],"wp:term":[{"taxonomy":"category","embeddable":true,"href":"https:\/\/mula.es\/policialocal\/wp-json\/wp\/v2\/categories?post=2604"},{"taxonomy":"post_tag","embeddable":true,"href":"https:\/\/mula.es\/policialocal\/wp-json\/wp\/v2\/tags?post=2604"}],"curies":[{"name":"wp","href":"https:\/\/api.w.org\/{rel}","templated":true}]}}