{"id":2622,"date":"2022-03-25T23:09:01","date_gmt":"2022-03-25T22:09:01","guid":{"rendered":"https:\/\/mula.es\/policialocal\/?p=2622"},"modified":"2022-03-25T23:09:17","modified_gmt":"2022-03-25T22:09:17","slug":"detenido-un-individuo-por-violencia-de-genero-gracias-a-la-colaboracion-ciudadana","status":"publish","type":"post","link":"https:\/\/mula.es\/policialocal\/2022\/03\/detenido-un-individuo-por-violencia-de-genero-gracias-a-la-colaboracion-ciudadana\/","title":{"rendered":"Detenido un individuo por violencia de g\u00e9nero gracias a la colaboraci\u00f3n ciudadana"},"content":{"rendered":"\n<p>   En la ma\u00f1ana de ayer , gracias a la colaboraci\u00f3n ciudadana y a las trabajadoras de los Servicios Sociales de Mula,\u00a0 agentes de la Polic\u00eda Local detuvieron a un hombre de 33 a\u00f1os, de nacionalidad rumana, como presunto autor de un delito de Violencia de G\u00e9nero a la vez que colaboraban con los propios Servicios Sociales para dar protecci\u00f3n y asistencia m\u00e9dica a la v\u00edctima, de 30 a\u00f1os y a sus 4 hijos menores de entre\u00a0 1\u00a0 y\u00a0 9 a\u00f1os.<\/p>\n\n\n\n<p>    la llegada de los Agentes al domicilio, la v\u00edctima presentaba una herida contusa en el labio inferior as\u00ed como hematomas en ambos ojos y ara\u00f1azos en los brazos, por lo que tras prestarle auxilio y evacuarla de la vivienda junto a sus hijos, procedieron a la detenci\u00f3n del individuo y su traslado a la Comisar\u00eda de Polic\u00eda Local para la instrucci\u00f3n de las correspondientes diligencias.<\/p>\n\n\n\n<p>   Destacar en este caso la estrecha\u00a0 colaboraci\u00f3n y coordinaci\u00f3n que mantiene el servicio de Polic\u00eda-Tutor de la Polic\u00eda Local de Mula con las Trabajadoras de Servicio Sociales y el Centro de Atenci\u00f3n a las V\u00edctimas (CAVI).<\/p>\n\n\n\n<figure class=\"wp-block-image size-large\"><img loading=\"lazy\" decoding=\"async\" width=\"1024\" height=\"426\" src=\"https:\/\/mula.es\/policialocal\/wp-content\/uploads\/2022\/03\/No-tengas-miedo_llamanos-y-te-ayudaremos-1024x426.jpg\" alt=\"\" class=\"wp-image-2623\" srcset=\"https:\/\/mula.es\/policialocal\/wp-content\/uploads\/2022\/03\/No-tengas-miedo_llamanos-y-te-ayudaremos-1024x426.jpg 1024w, https:\/\/mula.es\/policialocal\/wp-content\/uploads\/2022\/03\/No-tengas-miedo_llamanos-y-te-ayudaremos-300x125.jpg 300w, https:\/\/mula.es\/policialocal\/wp-content\/uploads\/2022\/03\/No-tengas-miedo_llamanos-y-te-ayudaremos-768x320.jpg 768w, https:\/\/mula.es\/policialocal\/wp-content\/uploads\/2022\/03\/No-tengas-miedo_llamanos-y-te-ayudaremos-1536x639.jpg 1536w, https:\/\/mula.es\/policialocal\/wp-content\/uploads\/2022\/03\/No-tengas-miedo_llamanos-y-te-ayudaremos-24x10.jpg 24w, https:\/\/mula.es\/policialocal\/wp-content\/uploads\/2022\/03\/No-tengas-miedo_llamanos-y-te-ayudaremos-36x15.jpg 36w, https:\/\/mula.es\/policialocal\/wp-content\/uploads\/2022\/03\/No-tengas-miedo_llamanos-y-te-ayudaremos-48x20.jpg 48w, https:\/\/mula.es\/policialocal\/wp-content\/uploads\/2022\/03\/No-tengas-miedo_llamanos-y-te-ayudaremos.jpg 1600w\" sizes=\"auto, (max-width: 1024px) 100vw, 1024px\" \/><\/figure>\n","protected":false},"excerpt":{"rendered":"<p>En la ma\u00f1ana de ayer , gracias a la colaboraci\u00f3n ciudadana y a las trabajadoras de los Servicios Sociales de Mula,\u00a0 agentes de la Polic\u00eda Local detuvieron a un hombre de 33 a\u00f1os, de nacionalidad rumana, como presunto autor de un delito de Violencia de G\u00e9nero a la vez que colaboraban con los propios Servicios &#8230; <a title=\"Detenido un individuo por violencia de g\u00e9nero gracias a la colaboraci\u00f3n ciudadana\" class=\"read-more\" href=\"https:\/\/mula.es\/policialocal\/2022\/03\/detenido-un-individuo-por-violencia-de-genero-gracias-a-la-colaboracion-ciudadana\/\" aria-label=\"Leer m\u00e1s sobre Detenido un individuo por violencia de g\u00e9nero gracias a la colaboraci\u00f3n ciudadana\">Leer m\u00e1s<\/a><\/p>\n","protected":false},"author":2,"featured_media":0,"comment_status":"closed","ping_status":"closed","sticky":false,"template":"","format":"standard","meta":{"ngg_post_thumbnail":0,"footnotes":""},"categories":[4],"tags":[],"class_list":["post-2622","post","type-post","status-publish","format-standard","hentry","category-noticias"],"_links":{"self":[{"href":"https:\/\/mula.es\/policialocal\/wp-json\/wp\/v2\/posts\/2622","targetHints":{"allow":["GET"]}}],"collection":[{"href":"https:\/\/mula.es\/policialocal\/wp-json\/wp\/v2\/posts"}],"about":[{"href":"https:\/\/mula.es\/policialocal\/wp-json\/wp\/v2\/types\/post"}],"author":[{"embeddable":true,"href":"https:\/\/mula.es\/policialocal\/wp-json\/wp\/v2\/users\/2"}],"replies":[{"embeddable":true,"href":"https:\/\/mula.es\/policialocal\/wp-json\/wp\/v2\/comments?post=2622"}],"version-history":[{"count":1,"href":"https:\/\/mula.es\/policialocal\/wp-json\/wp\/v2\/posts\/2622\/revisions"}],"predecessor-version":[{"id":2624,"href":"https:\/\/mula.es\/policialocal\/wp-json\/wp\/v2\/posts\/2622\/revisions\/2624"}],"wp:attachment":[{"href":"https:\/\/mula.es\/policialocal\/wp-json\/wp\/v2\/media?parent=2622"}],"wp:term":[{"taxonomy":"category","embeddable":true,"href":"https:\/\/mula.es\/policialocal\/wp-json\/wp\/v2\/categories?post=2622"},{"taxonomy":"post_tag","embeddable":true,"href":"https:\/\/mula.es\/policialocal\/wp-json\/wp\/v2\/tags?post=2622"}],"curies":[{"name":"wp","href":"https:\/\/api.w.org\/{rel}","templated":true}]}}