{"id":2803,"date":"2022-07-08T20:00:57","date_gmt":"2022-07-08T19:00:57","guid":{"rendered":"https:\/\/mula.es\/policialocal\/?p=2803"},"modified":"2022-07-08T20:00:57","modified_gmt":"2022-07-08T19:00:57","slug":"detenidas-nuevamente-dos-personas-por-la-sustraccion-de-dos-vehiculos-y-robo-en-una-vivienda","status":"publish","type":"post","link":"https:\/\/mula.es\/policialocal\/2022\/07\/detenidas-nuevamente-dos-personas-por-la-sustraccion-de-dos-vehiculos-y-robo-en-una-vivienda\/","title":{"rendered":"Detenidas nuevamente dos personas por la sustracci\u00f3n de dos veh\u00edculos y robo en una vivienda"},"content":{"rendered":"\n<p>La Polic\u00eda Local de Mula, volvi\u00f3 a detener en la tarde de ayer a las mismas dos personas que el pasado domingo sustrajeron una furgoneta Citro\u00ebn Berlingo.<\/p>\n\n\n\n<p>Los hechos suced\u00edan en la tarde ayer, cuando la Polic\u00eda Local recib\u00eda una llamada denunciando la sustracci\u00f3n de una furgoneta FORD TRANSIT que se encontraba descargando mercanc\u00eda en un c\u00e9ntrico almac\u00e9n de la localidad. Mientras los Agentes realizaban la b\u00fasqueda del veh\u00edculo, se recib\u00eda una nueva llamada de un robo en la el paraje de La Arboleja, traslad\u00e1ndose a a dicho lugar, donde eran informados que dos individuos hab\u00edan entrado en la parcela de la vivienda trepando por la valla, y mientras uno arrancaba el veh\u00edculo SEAT IBIZAque se encontraba con las llaves puestas y romp\u00eda en candado de la verja para abrir la puerta corredera, el otro sustra\u00eda del interior de la vivienda un televisor y lo introduc\u00eda en el veh\u00edculo huyendo del lugar.<\/p>\n\n\n\n<p>Los Polic\u00edas Locales localizaron en las inmediaciones de la vivienda la furgoneta FORD TRANSIT que hab\u00eda sido sustra\u00edda previamente, la cual se encontraba cerrada y hundidas sus ruedas delanteras en una arqueta de riego.<\/p>\n\n\n\n<p>Tras una nueva batida por la poblaci\u00f3n, los Agentes localizaron el veh\u00edculo SEAT IBIZA sustra\u00eddo con dos personas en su interior, las cuales, tras ser identificadas resultaron ser los mismos autores de la sustracci\u00f3n de otro veh\u00edculo el pasado domingo por el que fueron detenidos. En el interior del veh\u00edculo se encontraba el televisor sustra\u00eddo en la vivienda del paraje de la Arboleja as\u00ed como las llaves de la furgoneta FORD TRANSIT que hab\u00edan dejado tras accidentarse con ella.<\/p>\n\n\n\n<figure class=\"wp-block-image size-large\"><img loading=\"lazy\" decoding=\"async\" width=\"771\" height=\"1024\" src=\"https:\/\/mula.es\/policialocal\/wp-content\/uploads\/2022\/07\/IMG_20220707_224808-771x1024.jpg\" alt=\"\" class=\"wp-image-2804\" srcset=\"https:\/\/mula.es\/policialocal\/wp-content\/uploads\/2022\/07\/IMG_20220707_224808-771x1024.jpg 771w, https:\/\/mula.es\/policialocal\/wp-content\/uploads\/2022\/07\/IMG_20220707_224808-226x300.jpg 226w, https:\/\/mula.es\/policialocal\/wp-content\/uploads\/2022\/07\/IMG_20220707_224808-768x1020.jpg 768w, https:\/\/mula.es\/policialocal\/wp-content\/uploads\/2022\/07\/IMG_20220707_224808-18x24.jpg 18w, https:\/\/mula.es\/policialocal\/wp-content\/uploads\/2022\/07\/IMG_20220707_224808-27x36.jpg 27w, https:\/\/mula.es\/policialocal\/wp-content\/uploads\/2022\/07\/IMG_20220707_224808-36x48.jpg 36w, https:\/\/mula.es\/policialocal\/wp-content\/uploads\/2022\/07\/IMG_20220707_224808.jpg 835w\" sizes=\"auto, (max-width: 771px) 100vw, 771px\" \/><\/figure>\n\n\n\n<p>Tras proceder a su detenci\u00f3n, se han confeccionado las correspondientes diligencias por un delito robo con fuerza en las cosas y dos delitos de hurto de uso de veh\u00edculo a motor. Adem\u00e1s a dichos individuos, naturales y vecinos de Mula, de 63 y 36 a\u00f1os respectivamente, se les imputa otros dos robos en interior de veh\u00edculo ocurridos el pasado mi\u00e9rcoles, donde la Polic\u00eda Local les intervino el material sustra\u00eddo que portaban en una bolsa en las inmediaciones de su domicilio.<\/p>\n","protected":false},"excerpt":{"rendered":"<p>La Polic\u00eda Local de Mula, volvi\u00f3 a detener en la tarde de ayer a las mismas dos personas que el pasado domingo sustrajeron una furgoneta Citro\u00ebn Berlingo. Los hechos suced\u00edan en la tarde ayer, cuando la Polic\u00eda Local recib\u00eda una llamada denunciando la sustracci\u00f3n de una furgoneta FORD TRANSIT que se encontraba descargando mercanc\u00eda en &#8230; <a title=\"Detenidas nuevamente dos personas por la sustracci\u00f3n de dos veh\u00edculos y robo en una vivienda\" class=\"read-more\" href=\"https:\/\/mula.es\/policialocal\/2022\/07\/detenidas-nuevamente-dos-personas-por-la-sustraccion-de-dos-vehiculos-y-robo-en-una-vivienda\/\" aria-label=\"Leer m\u00e1s sobre Detenidas nuevamente dos personas por la sustracci\u00f3n de dos veh\u00edculos y robo en una vivienda\">Leer m\u00e1s<\/a><\/p>\n","protected":false},"author":2,"featured_media":0,"comment_status":"closed","ping_status":"closed","sticky":false,"template":"","format":"standard","meta":{"ngg_post_thumbnail":0,"footnotes":""},"categories":[4],"tags":[],"class_list":["post-2803","post","type-post","status-publish","format-standard","hentry","category-noticias"],"_links":{"self":[{"href":"https:\/\/mula.es\/policialocal\/wp-json\/wp\/v2\/posts\/2803","targetHints":{"allow":["GET"]}}],"collection":[{"href":"https:\/\/mula.es\/policialocal\/wp-json\/wp\/v2\/posts"}],"about":[{"href":"https:\/\/mula.es\/policialocal\/wp-json\/wp\/v2\/types\/post"}],"author":[{"embeddable":true,"href":"https:\/\/mula.es\/policialocal\/wp-json\/wp\/v2\/users\/2"}],"replies":[{"embeddable":true,"href":"https:\/\/mula.es\/policialocal\/wp-json\/wp\/v2\/comments?post=2803"}],"version-history":[{"count":1,"href":"https:\/\/mula.es\/policialocal\/wp-json\/wp\/v2\/posts\/2803\/revisions"}],"predecessor-version":[{"id":2805,"href":"https:\/\/mula.es\/policialocal\/wp-json\/wp\/v2\/posts\/2803\/revisions\/2805"}],"wp:attachment":[{"href":"https:\/\/mula.es\/policialocal\/wp-json\/wp\/v2\/media?parent=2803"}],"wp:term":[{"taxonomy":"category","embeddable":true,"href":"https:\/\/mula.es\/policialocal\/wp-json\/wp\/v2\/categories?post=2803"},{"taxonomy":"post_tag","embeddable":true,"href":"https:\/\/mula.es\/policialocal\/wp-json\/wp\/v2\/tags?post=2803"}],"curies":[{"name":"wp","href":"https:\/\/api.w.org\/{rel}","templated":true}]}}