{"id":2888,"date":"2022-11-20T10:59:20","date_gmt":"2022-11-20T09:59:20","guid":{"rendered":"https:\/\/mula.es\/policialocal\/?p=2888"},"modified":"2022-11-20T10:59:52","modified_gmt":"2022-11-20T09:59:52","slug":"campana-especial-de-vigilancia-y-control-de-furgonetas-4","status":"publish","type":"post","link":"https:\/\/mula.es\/policialocal\/2022\/11\/campana-especial-de-vigilancia-y-control-de-furgonetas-4\/","title":{"rendered":"Campa\u00f1a Especial de\u00a0 vigilancia y control de furgonetas"},"content":{"rendered":"\n<p>En cumplimiento de la programaci\u00f3n de las Campa\u00f1as y Operaciones de Vigilancia y Control para el a\u00f1o 2022 que lleva a cabo la Direcci\u00f3n General de Tr\u00e1fico, entre los d\u00edas <strong>21 al 27 de noviembre <\/strong>tendr\u00e1 lugar una <strong>Campa\u00f1a Especial de\u00a0 vigilancia y control de furgonetas <\/strong>en la que se realizar\u00e1n inspecciones sobre los veh\u00edculos (autorizaciones y documentos, condiciones t\u00e9cnicas y elementos de seguridad, etc) y sobre los conductores (permiso de conducci\u00f3n y alcohol).<\/p>\n\n\n\n<figure class=\"wp-block-gallery has-nested-images columns-default is-cropped wp-block-gallery-1 is-layout-flex wp-block-gallery-is-layout-flex\">\n<figure class=\"wp-block-image size-large\"><img loading=\"lazy\" decoding=\"async\" width=\"1024\" height=\"269\" data-id=\"2889\" src=\"https:\/\/mula.es\/policialocal\/wp-content\/uploads\/2022\/11\/dgt_plMula-1024x269-1.png\" alt=\"\" class=\"wp-image-2889\" srcset=\"https:\/\/mula.es\/policialocal\/wp-content\/uploads\/2022\/11\/dgt_plMula-1024x269-1.png 1024w, https:\/\/mula.es\/policialocal\/wp-content\/uploads\/2022\/11\/dgt_plMula-1024x269-1-300x79.png 300w, https:\/\/mula.es\/policialocal\/wp-content\/uploads\/2022\/11\/dgt_plMula-1024x269-1-768x202.png 768w, https:\/\/mula.es\/policialocal\/wp-content\/uploads\/2022\/11\/dgt_plMula-1024x269-1-24x6.png 24w, https:\/\/mula.es\/policialocal\/wp-content\/uploads\/2022\/11\/dgt_plMula-1024x269-1-36x9.png 36w, https:\/\/mula.es\/policialocal\/wp-content\/uploads\/2022\/11\/dgt_plMula-1024x269-1-48x13.png 48w\" sizes=\"auto, (max-width: 1024px) 100vw, 1024px\" \/><\/figure>\n<\/figure>\n\n\n\n<p>La conducci\u00f3n de una furgoneta no es igual que la de un turismo; el comportamiento din\u00e1mico es diferente, sobre todo si va cargada. La sujeci\u00f3n de la carga es vital, cualquier desplazamiento de la misma incide sobre la estabilidad del veh\u00edculo por desplazamiento del centro de gravedad. Entre este tipo de veh\u00edculos, es m\u00e1s alta la incidencia de salidas de la v\u00eda y vuelcos que puede explicarse por la excesiva o mala colocaci\u00f3n de la carga.<\/p>\n\n\n\n<p>El riesgo en la conducci\u00f3n de furgonetas es mayor que en turismos, debido a la carga que transportan y a un menor equipamiento de seguridad activa y pasiva. Adem\u00e1s, la sensaci\u00f3n de seguridad por el mayor tama\u00f1o del veh\u00edculo, la menor velocidad y la elevaci\u00f3n de la cabina hace que el n\u00famero de distracciones sea mayor y el uso de cintur\u00f3n de seguridad menor.<\/p>\n\n\n\n<p>Las furgonetas representan el 7% del parque nacional de veh\u00edculos, con m\u00e1s de dos millones y medio de veh\u00edculos (2.569.109) de un total de m\u00e1s de treinta y cinco millones de veh\u00edculos (35.178.808). Y representando un 7% del parque dichos veh\u00edculos, est\u00e1n involucrados en el 9% de los siniestros de tr\u00e1fico en nuestro pa\u00eds durante el a\u00f1o 2021, y relacionadas con el 11% de las personas fallecidas en siniestros de tr\u00e1fico durante ese mismo a\u00f1o.<\/p>\n\n\n\n<p>Desde el Ayuntamiento de Mula se considera que la participaci\u00f3n de la Polic\u00eda Local en esta Campa\u00f1a, en las mismas fechas y con los mismos objetivos de vigilancia, porque contribuir\u00e1, adem\u00e1s de ayudar a reducir el n\u00fameros de heridos y fallecidos en accidentes de circulaci\u00f3n, a tener una idea m\u00e1s exacta de la incidencia y su evoluci\u00f3n a nivel nacional.<\/p>\n","protected":false},"excerpt":{"rendered":"<p>En cumplimiento de la programaci\u00f3n de las Campa\u00f1as y Operaciones de Vigilancia y Control para el a\u00f1o 2022 que lleva a cabo la Direcci\u00f3n General de Tr\u00e1fico, entre los d\u00edas 21 al 27 de noviembre tendr\u00e1 lugar una Campa\u00f1a Especial de\u00a0 vigilancia y control de furgonetas en la que se realizar\u00e1n inspecciones sobre los veh\u00edculos &#8230; <a title=\"Campa\u00f1a Especial de\u00a0 vigilancia y control de furgonetas\" class=\"read-more\" href=\"https:\/\/mula.es\/policialocal\/2022\/11\/campana-especial-de-vigilancia-y-control-de-furgonetas-4\/\" aria-label=\"Leer m\u00e1s sobre Campa\u00f1a Especial de\u00a0 vigilancia y control de furgonetas\">Leer m\u00e1s<\/a><\/p>\n","protected":false},"author":2,"featured_media":0,"comment_status":"closed","ping_status":"closed","sticky":false,"template":"","format":"standard","meta":{"ngg_post_thumbnail":0,"footnotes":""},"categories":[1,4],"tags":[],"class_list":["post-2888","post","type-post","status-publish","format-standard","hentry","category-avisos","category-noticias"],"_links":{"self":[{"href":"https:\/\/mula.es\/policialocal\/wp-json\/wp\/v2\/posts\/2888","targetHints":{"allow":["GET"]}}],"collection":[{"href":"https:\/\/mula.es\/policialocal\/wp-json\/wp\/v2\/posts"}],"about":[{"href":"https:\/\/mula.es\/policialocal\/wp-json\/wp\/v2\/types\/post"}],"author":[{"embeddable":true,"href":"https:\/\/mula.es\/policialocal\/wp-json\/wp\/v2\/users\/2"}],"replies":[{"embeddable":true,"href":"https:\/\/mula.es\/policialocal\/wp-json\/wp\/v2\/comments?post=2888"}],"version-history":[{"count":1,"href":"https:\/\/mula.es\/policialocal\/wp-json\/wp\/v2\/posts\/2888\/revisions"}],"predecessor-version":[{"id":2890,"href":"https:\/\/mula.es\/policialocal\/wp-json\/wp\/v2\/posts\/2888\/revisions\/2890"}],"wp:attachment":[{"href":"https:\/\/mula.es\/policialocal\/wp-json\/wp\/v2\/media?parent=2888"}],"wp:term":[{"taxonomy":"category","embeddable":true,"href":"https:\/\/mula.es\/policialocal\/wp-json\/wp\/v2\/categories?post=2888"},{"taxonomy":"post_tag","embeddable":true,"href":"https:\/\/mula.es\/policialocal\/wp-json\/wp\/v2\/tags?post=2888"}],"curies":[{"name":"wp","href":"https:\/\/api.w.org\/{rel}","templated":true}]}}