{"id":2896,"date":"2022-12-01T00:10:00","date_gmt":"2022-11-30T23:10:00","guid":{"rendered":"https:\/\/mula.es\/policialocal\/?p=2896"},"modified":"2022-11-30T23:20:22","modified_gmt":"2022-11-30T22:20:22","slug":"detenidos-dos-individuos-mientras-asaltaban-una-vivienda-en-mula","status":"publish","type":"post","link":"https:\/\/mula.es\/policialocal\/2022\/12\/detenidos-dos-individuos-mientras-asaltaban-una-vivienda-en-mula\/","title":{"rendered":"<strong>Detenidos dos individuos mientras asaltaban una vivienda en Mula<\/strong>"},"content":{"rendered":"\n<p>La madrugada del pasado lunes, se recibi\u00f3 una llamada telef\u00f3nica en la Comisar\u00eda de la Polic\u00eda Local de Mula informando que hab\u00eda saltado la alarma en una vivienda situada en la Vereda de los Molinos y que pudiera encontrarse alguna persona en su interior.<\/p>\n\n\n\n<p>Tras contactar con la propietaria de la vivienda, inmediatamente se trasladaron al lugar dos dotaciones de la Polic\u00eda Local que procedieron a revisar el exterior de la vivienda, comprobando que en la parte posterior de la misma una ventana hab\u00eda sido forzada y arrancada su reja de protecci\u00f3n, pudiendo observar en el suelo diversidad de objetos y alimentos preparados para ser retirados.<\/p>\n\n\n\n<p>Al inspeccionar el interior de la vivienda se comprob\u00f3 que todo el mobiliario y enseres se encontraban revueltos y desordenados as\u00ed como diversidad de objetos rotos en el suelo, sorprendi\u00e9ndose a dos personas <em>in situ<\/em> que trataban de huir de los Agentes de la Polic\u00eda Local.<\/p>\n\n\n\n<p>Dichos individuos, de&nbsp; 43 y 33 a\u00f1os, fueron detenidos por la comisi\u00f3n de un delito de Robo con Fuerza en las cosas, siendo trasladados a dependencias de Polic\u00eda Local de Mula para la elaboraci\u00f3n de las correspondientes &nbsp;diligencias para su entrega a la Autoridad Judicial.<\/p>\n\n\n<div class=\"wp-block-image\">\n<figure class=\"aligncenter size-large\"><img loading=\"lazy\" decoding=\"async\" width=\"1024\" height=\"813\" src=\"https:\/\/mula.es\/policialocal\/wp-content\/uploads\/2022\/11\/PHOTO-2022-11-28-04-27-24-1024x813.jpg\" alt=\"\" class=\"wp-image-2897\" srcset=\"https:\/\/mula.es\/policialocal\/wp-content\/uploads\/2022\/11\/PHOTO-2022-11-28-04-27-24-1024x813.jpg 1024w, https:\/\/mula.es\/policialocal\/wp-content\/uploads\/2022\/11\/PHOTO-2022-11-28-04-27-24-300x238.jpg 300w, https:\/\/mula.es\/policialocal\/wp-content\/uploads\/2022\/11\/PHOTO-2022-11-28-04-27-24-768x610.jpg 768w, https:\/\/mula.es\/policialocal\/wp-content\/uploads\/2022\/11\/PHOTO-2022-11-28-04-27-24-24x19.jpg 24w, https:\/\/mula.es\/policialocal\/wp-content\/uploads\/2022\/11\/PHOTO-2022-11-28-04-27-24-36x29.jpg 36w, https:\/\/mula.es\/policialocal\/wp-content\/uploads\/2022\/11\/PHOTO-2022-11-28-04-27-24-48x38.jpg 48w, https:\/\/mula.es\/policialocal\/wp-content\/uploads\/2022\/11\/PHOTO-2022-11-28-04-27-24.jpg 1204w\" sizes=\"auto, (max-width: 1024px) 100vw, 1024px\" \/><\/figure><\/div>\n\n\n<p><\/p>\n","protected":false},"excerpt":{"rendered":"<p>La madrugada del pasado lunes, se recibi\u00f3 una llamada telef\u00f3nica en la Comisar\u00eda de la Polic\u00eda Local de Mula informando que hab\u00eda saltado la alarma en una vivienda situada en la Vereda de los Molinos y que pudiera encontrarse alguna persona en su interior. Tras contactar con la propietaria de la vivienda, inmediatamente se trasladaron &#8230; <a title=\"Detenidos dos individuos mientras asaltaban una vivienda en Mula\" class=\"read-more\" href=\"https:\/\/mula.es\/policialocal\/2022\/12\/detenidos-dos-individuos-mientras-asaltaban-una-vivienda-en-mula\/\" aria-label=\"Leer m\u00e1s sobre Detenidos dos individuos mientras asaltaban una vivienda en Mula\">Leer m\u00e1s<\/a><\/p>\n","protected":false},"author":2,"featured_media":0,"comment_status":"closed","ping_status":"closed","sticky":false,"template":"","format":"standard","meta":{"ngg_post_thumbnail":0,"footnotes":""},"categories":[1,4],"tags":[],"class_list":["post-2896","post","type-post","status-publish","format-standard","hentry","category-avisos","category-noticias"],"_links":{"self":[{"href":"https:\/\/mula.es\/policialocal\/wp-json\/wp\/v2\/posts\/2896","targetHints":{"allow":["GET"]}}],"collection":[{"href":"https:\/\/mula.es\/policialocal\/wp-json\/wp\/v2\/posts"}],"about":[{"href":"https:\/\/mula.es\/policialocal\/wp-json\/wp\/v2\/types\/post"}],"author":[{"embeddable":true,"href":"https:\/\/mula.es\/policialocal\/wp-json\/wp\/v2\/users\/2"}],"replies":[{"embeddable":true,"href":"https:\/\/mula.es\/policialocal\/wp-json\/wp\/v2\/comments?post=2896"}],"version-history":[{"count":2,"href":"https:\/\/mula.es\/policialocal\/wp-json\/wp\/v2\/posts\/2896\/revisions"}],"predecessor-version":[{"id":2899,"href":"https:\/\/mula.es\/policialocal\/wp-json\/wp\/v2\/posts\/2896\/revisions\/2899"}],"wp:attachment":[{"href":"https:\/\/mula.es\/policialocal\/wp-json\/wp\/v2\/media?parent=2896"}],"wp:term":[{"taxonomy":"category","embeddable":true,"href":"https:\/\/mula.es\/policialocal\/wp-json\/wp\/v2\/categories?post=2896"},{"taxonomy":"post_tag","embeddable":true,"href":"https:\/\/mula.es\/policialocal\/wp-json\/wp\/v2\/tags?post=2896"}],"curies":[{"name":"wp","href":"https:\/\/api.w.org\/{rel}","templated":true}]}}