{"id":3027,"date":"2023-03-31T22:57:06","date_gmt":"2023-03-31T21:57:06","guid":{"rendered":"https:\/\/mula.es\/policialocal\/?p=3027"},"modified":"2023-04-10T13:40:34","modified_gmt":"2023-04-10T12:40:34","slug":"despedida-del-comisario-jefe-de-la-policia-local","status":"publish","type":"post","link":"https:\/\/mula.es\/policialocal\/2023\/03\/despedida-del-comisario-jefe-de-la-policia-local\/","title":{"rendered":"Despedida del Comisario Jefe de la Polic\u00eda Local"},"content":{"rendered":"\n<p>Tras cerca de diecisiete a\u00f1os al mando del Cuerpo de la Polic\u00eda Local de Mula, hoy viernes ha cesado en su cargo el Comisario Fidel Bedia, quien ma\u00f1ana se reincorpora al Cuerpo de la Guardia Civil con motivo de su pr\u00f3ximo pase a la situaci\u00f3n de Reserva.<\/p>\n\n\n\n<p>El pasado d\u00eda 24 de marzo, se celebr\u00f3 un solemne acto de despedida en el claustro del convento de San Francisco; dicho acto fue presidido por el Alcalde de Mula, Juan Jes\u00fas Moreno, acompa\u00f1ado de la totalidad de la corporaci\u00f3n municipal. Tambi\u00e9n asistieron los ex alcaldes, Antonio Hernandez Cava, Jos\u00e9 Iborra y Diego Cervantes as\u00ed como concejales y concejalas de anteriores corporaciones.<\/p>\n\n\n\n<figure class=\"wp-block-image size-large\"><img loading=\"lazy\" decoding=\"async\" width=\"1024\" height=\"682\" src=\"https:\/\/mula.es\/policialocal\/wp-content\/uploads\/2023\/04\/WhatsApp-Image-2023-03-24-at-19.55.14-6-1024x682.jpeg\" alt=\"\" class=\"wp-image-3034\" srcset=\"https:\/\/mula.es\/policialocal\/wp-content\/uploads\/2023\/04\/WhatsApp-Image-2023-03-24-at-19.55.14-6-1024x682.jpeg 1024w, https:\/\/mula.es\/policialocal\/wp-content\/uploads\/2023\/04\/WhatsApp-Image-2023-03-24-at-19.55.14-6-300x200.jpeg 300w, https:\/\/mula.es\/policialocal\/wp-content\/uploads\/2023\/04\/WhatsApp-Image-2023-03-24-at-19.55.14-6-768x512.jpeg 768w, https:\/\/mula.es\/policialocal\/wp-content\/uploads\/2023\/04\/WhatsApp-Image-2023-03-24-at-19.55.14-6-1536x1023.jpeg 1536w, https:\/\/mula.es\/policialocal\/wp-content\/uploads\/2023\/04\/WhatsApp-Image-2023-03-24-at-19.55.14-6-24x16.jpeg 24w, https:\/\/mula.es\/policialocal\/wp-content\/uploads\/2023\/04\/WhatsApp-Image-2023-03-24-at-19.55.14-6-36x24.jpeg 36w, https:\/\/mula.es\/policialocal\/wp-content\/uploads\/2023\/04\/WhatsApp-Image-2023-03-24-at-19.55.14-6-48x32.jpeg 48w, https:\/\/mula.es\/policialocal\/wp-content\/uploads\/2023\/04\/WhatsApp-Image-2023-03-24-at-19.55.14-6.jpeg 1600w\" sizes=\"auto, (max-width: 1024px) 100vw, 1024px\" \/><\/figure>\n\n\n\n<p>El Comisario Fidel Bedia fue arropado en este acto por sus familares y toda la plantilla de la Polic\u00eda Local de Mula, adem\u00e1s de cerca de una veintena de Jefes y mandos de otras plantillas de la Regi\u00f3n, as\u00ed como por miembros del Cuerpo Nacional de Polic\u00eda, Guardia Civil, Ej\u00e9rcito del Aire Protecci\u00f3n Civil y Bomberos.<\/p>\n\n\n\n<figure class=\"wp-block-image size-large\"><img loading=\"lazy\" decoding=\"async\" width=\"1024\" height=\"452\" src=\"https:\/\/mula.es\/policialocal\/wp-content\/uploads\/2023\/04\/20230324_203832_-1024x452.jpg\" alt=\"\" class=\"wp-image-3036\" srcset=\"https:\/\/mula.es\/policialocal\/wp-content\/uploads\/2023\/04\/20230324_203832_-1024x452.jpg 1024w, https:\/\/mula.es\/policialocal\/wp-content\/uploads\/2023\/04\/20230324_203832_-300x132.jpg 300w, https:\/\/mula.es\/policialocal\/wp-content\/uploads\/2023\/04\/20230324_203832_-768x339.jpg 768w, https:\/\/mula.es\/policialocal\/wp-content\/uploads\/2023\/04\/20230324_203832_-1536x677.jpg 1536w, https:\/\/mula.es\/policialocal\/wp-content\/uploads\/2023\/04\/20230324_203832_-2048x903.jpg 2048w, https:\/\/mula.es\/policialocal\/wp-content\/uploads\/2023\/04\/20230324_203832_-24x11.jpg 24w, https:\/\/mula.es\/policialocal\/wp-content\/uploads\/2023\/04\/20230324_203832_-36x16.jpg 36w, https:\/\/mula.es\/policialocal\/wp-content\/uploads\/2023\/04\/20230324_203832_-48x21.jpg 48w\" sizes=\"auto, (max-width: 1024px) 100vw, 1024px\" \/><\/figure>\n\n\n\n<p>Tambien estuvieron presentes numeros amigos y representantes de Asociaciones, Cofrad\u00edas, Hermandades, colegios, tejido empresarial, comercial, hostelero y bancario de Mula.<\/p>\n\n\n\n<p>Tras el acto se celebr\u00f3 una cena en el sal\u00f3n La Carrasquilla.<\/p>\n\n\n\n<p> <\/p>\n","protected":false},"excerpt":{"rendered":"<p>Tras cerca de diecisiete a\u00f1os al mando del Cuerpo de la Polic\u00eda Local de Mula, hoy viernes ha cesado en su cargo el Comisario Fidel Bedia, quien ma\u00f1ana se reincorpora al Cuerpo de la Guardia Civil con motivo de su pr\u00f3ximo pase a la situaci\u00f3n de Reserva. El pasado d\u00eda 24 de marzo, se celebr\u00f3 &#8230; <a title=\"Despedida del Comisario Jefe de la Polic\u00eda Local\" class=\"read-more\" href=\"https:\/\/mula.es\/policialocal\/2023\/03\/despedida-del-comisario-jefe-de-la-policia-local\/\" aria-label=\"Leer m\u00e1s sobre Despedida del Comisario Jefe de la Polic\u00eda Local\">Leer m\u00e1s<\/a><\/p>\n","protected":false},"author":2,"featured_media":0,"comment_status":"closed","ping_status":"closed","sticky":false,"template":"","format":"standard","meta":{"ngg_post_thumbnail":0,"footnotes":""},"categories":[4],"tags":[],"class_list":["post-3027","post","type-post","status-publish","format-standard","hentry","category-noticias"],"_links":{"self":[{"href":"https:\/\/mula.es\/policialocal\/wp-json\/wp\/v2\/posts\/3027","targetHints":{"allow":["GET"]}}],"collection":[{"href":"https:\/\/mula.es\/policialocal\/wp-json\/wp\/v2\/posts"}],"about":[{"href":"https:\/\/mula.es\/policialocal\/wp-json\/wp\/v2\/types\/post"}],"author":[{"embeddable":true,"href":"https:\/\/mula.es\/policialocal\/wp-json\/wp\/v2\/users\/2"}],"replies":[{"embeddable":true,"href":"https:\/\/mula.es\/policialocal\/wp-json\/wp\/v2\/comments?post=3027"}],"version-history":[{"count":4,"href":"https:\/\/mula.es\/policialocal\/wp-json\/wp\/v2\/posts\/3027\/revisions"}],"predecessor-version":[{"id":3037,"href":"https:\/\/mula.es\/policialocal\/wp-json\/wp\/v2\/posts\/3027\/revisions\/3037"}],"wp:attachment":[{"href":"https:\/\/mula.es\/policialocal\/wp-json\/wp\/v2\/media?parent=3027"}],"wp:term":[{"taxonomy":"category","embeddable":true,"href":"https:\/\/mula.es\/policialocal\/wp-json\/wp\/v2\/categories?post=3027"},{"taxonomy":"post_tag","embeddable":true,"href":"https:\/\/mula.es\/policialocal\/wp-json\/wp\/v2\/tags?post=3027"}],"curies":[{"name":"wp","href":"https:\/\/api.w.org\/{rel}","templated":true}]}}