{"id":936,"date":"2016-03-14T13:19:59","date_gmt":"2016-03-14T12:19:59","guid":{"rendered":"http:\/\/mula.es\/policialocal\/?p=936"},"modified":"2016-03-14T13:24:48","modified_gmt":"2016-03-14T12:24:48","slug":"936","status":"publish","type":"post","link":"https:\/\/mula.es\/policialocal\/2016\/03\/936\/","title":{"rendered":"Campa\u00f1a Especial sobre Cintur\u00f3n de Seguridad y Sistemas de Retenci\u00f3n Infantil (SRI)"},"content":{"rendered":"<div style=\"text-align: justify;\"><span style=\"color: #000000;\">\u00a0\u00a0 Conscientes de que la circulaci\u00f3n en ciudad constituye el primero de los escenarios donde el conductor inicia la adquisici\u00f3n de h\u00e1bitos y costumbres, la Polic\u00eda Local de Mula, en colaboraci\u00f3n con la Jefatura Provincial de Tr\u00e1fico de Murcia, ha iniciado en el d\u00eda de hoy\u00a0 una nueva Campa\u00f1a Especial sobre Cintur\u00f3n de Seguridad y Sistemas de Retenci\u00f3n Infantil (SRI)<strong>, <\/strong>y que finalizar\u00e1 el 20 de Marzo.<\/span><\/div>\n<div><span style=\"color: #000000;\"><img loading=\"lazy\" decoding=\"async\" class=\"CToWUd a6T aligncenter\" tabindex=\"0\" src=\"https:\/\/mail.google.com\/mail\/u\/0\/?ui=2&amp;ik=c5e72630b8&amp;view=fimg&amp;th=153750c3260e3387&amp;attid=0.1&amp;disp=emb&amp;realattid=ii_ilryciij0_153750a0007590c2&amp;attbid=ANGjdJ8WyAcgRQmNuuN6odX-xyqq90hJGs2TalDwUxr9YKiZFrvyduTheQ6GtAemuACk7GLlHwAg3elc0NX88tyuz6OVRwKZtYU38eQYn0mwbjjQK8j8VXcBpn5LER4&amp;sz=w1122-h696&amp;ats=1457957883779&amp;rm=153750c3260e3387&amp;zw&amp;atsh=1\" alt=\"\" width=\"561\" height=\"348\" \/><\/span><\/div>\n<p style=\"text-align: justify;\"><span style=\"color: #000000;\">\u00a0\u00a0\u00a0 <\/span><span style=\"color: #000000;\">El uso de sistemas de retenci\u00f3n homologados, cintur\u00f3n de seguridad y SRI, se ha venido demostrando como el sistema de seguridad vial m\u00e1s sencillo, rentable y eficaz, en todo tipo de v\u00edas y trayectos. <\/span><\/p>\n<p style=\"text-align: justify;\"><span style=\"color: #000000;\">\u00a0\u00a0\u00a0 <\/span><span style=\"color: #000000;\">Aunque se ha incrementado el uso del cintur\u00f3n de seguridad, existen todav\u00eda graves lagunas. Esto es dif\u00edcilmente entendible si tenemos en cuenta la relaci\u00f3n entre la sencillez de uso y su eficacia, ya que reduce a la mitad el riesgo de muerte en caso de accidente. En 2014 un 23% de los fallecidos usuarios de turismos y furgonetas en v\u00edas interurbanas no utilizaban el cintur\u00f3n de seguridad y en zona urbana este porcentaje se eleva al 30%. En lo referente a los heridos graves en v\u00edas interurbanas no utilizaba cintur\u00f3n de seguridad el 9% y en las v\u00edas urbanas el 17%.<\/span><\/p>\n<p style=\"text-align: justify;\"><span style=\"color: #000000;\">\u00a0\u00a0\u00a0 <\/span><span style=\"color: #000000;\">Uno de los objetivos de la Estrategia de Seguridad Vial 2011-2020 es <strong>lograr que ning\u00fan ni\u00f1o pierda la vida por no ir correctamente sentado en una silla adecuada para su peso y talla<\/strong>.<\/span><\/p>\n<div>\n<p><span style=\"color: #000000;\"><span style=\"color: #000000;\"><img loading=\"lazy\" decoding=\"async\" class=\"CToWUd a6T aligncenter\" tabindex=\"0\" src=\"https:\/\/mail.google.com\/mail\/u\/0\/?ui=2&amp;ik=c5e72630b8&amp;view=fimg&amp;th=153750c3260e3387&amp;attid=0.2&amp;disp=emb&amp;realattid=ii_ilrydq9y1_153750adf2b80a03&amp;attbid=ANGjdJ-cyCvU4Wg51WfwfDMvLLE6inO4I13N2rAid_G2AdFUt7R8Lemzh1epiwDw22jCjKH59RnbBjJeRgL8jxC5Chho-Othjr_7Qljcz-yaZY9hTElhyc58_2d02yk&amp;sz=w784-h1122&amp;ats=1457957755150&amp;rm=153750c3260e3387&amp;zw&amp;atsh=1\" alt=\"\" width=\"392\" height=\"561\" \/><\/span><\/span><\/p>\n<div class=\"a6S bar\" dir=\"ltr\" style=\"text-align: justify;\">\u00a0\u00a0\u00a0 <span style=\"color: #000000;\">La vigilancia y aplicaci\u00f3n de la ley en lo que respecta al uso del cintur\u00f3n y sistemas de retenci\u00f3n se ha consolidado como uno de los m\u00e9todos m\u00e1s efectivos para mantener e incrementar el \u00edndice de uso del cintur\u00f3n entre los ocupantes de los veh\u00edculos.<\/span><\/div>\n<div class=\"a6S bar\" dir=\"ltr\">\n<div><\/div>\n<div>\n<div class=\"a6S bar\" dir=\"ltr\"><\/div>\n<p><span style=\"color: #000000;\"><br \/>\n\u200b<\/span><\/p>\n<\/div>\n<\/div>\n<div class=\"a6S bar\" dir=\"ltr\"><\/div>\n<\/div>\n","protected":false},"excerpt":{"rendered":"<p>\u00a0\u00a0 Conscientes de que la circulaci\u00f3n en ciudad constituye el primero de los escenarios donde el conductor inicia la adquisici\u00f3n de h\u00e1bitos y costumbres, la Polic\u00eda Local de Mula, en colaboraci\u00f3n con la Jefatura Provincial de Tr\u00e1fico de Murcia, ha iniciado en el d\u00eda de hoy\u00a0 una nueva Campa\u00f1a Especial sobre Cintur\u00f3n de Seguridad y &#8230; <a title=\"Campa\u00f1a Especial sobre Cintur\u00f3n de Seguridad y Sistemas de Retenci\u00f3n Infantil (SRI)\" class=\"read-more\" href=\"https:\/\/mula.es\/policialocal\/2016\/03\/936\/\" aria-label=\"Leer m\u00e1s sobre Campa\u00f1a Especial sobre Cintur\u00f3n de Seguridad y Sistemas de Retenci\u00f3n Infantil (SRI)\">Leer m\u00e1s<\/a><\/p>\n","protected":false},"author":2,"featured_media":0,"comment_status":"open","ping_status":"open","sticky":false,"template":"","format":"standard","meta":{"ngg_post_thumbnail":0,"footnotes":""},"categories":[1,4],"tags":[],"class_list":["post-936","post","type-post","status-publish","format-standard","hentry","category-avisos","category-noticias"],"_links":{"self":[{"href":"https:\/\/mula.es\/policialocal\/wp-json\/wp\/v2\/posts\/936","targetHints":{"allow":["GET"]}}],"collection":[{"href":"https:\/\/mula.es\/policialocal\/wp-json\/wp\/v2\/posts"}],"about":[{"href":"https:\/\/mula.es\/policialocal\/wp-json\/wp\/v2\/types\/post"}],"author":[{"embeddable":true,"href":"https:\/\/mula.es\/policialocal\/wp-json\/wp\/v2\/users\/2"}],"replies":[{"embeddable":true,"href":"https:\/\/mula.es\/policialocal\/wp-json\/wp\/v2\/comments?post=936"}],"version-history":[{"count":3,"href":"https:\/\/mula.es\/policialocal\/wp-json\/wp\/v2\/posts\/936\/revisions"}],"predecessor-version":[{"id":939,"href":"https:\/\/mula.es\/policialocal\/wp-json\/wp\/v2\/posts\/936\/revisions\/939"}],"wp:attachment":[{"href":"https:\/\/mula.es\/policialocal\/wp-json\/wp\/v2\/media?parent=936"}],"wp:term":[{"taxonomy":"category","embeddable":true,"href":"https:\/\/mula.es\/policialocal\/wp-json\/wp\/v2\/categories?post=936"},{"taxonomy":"post_tag","embeddable":true,"href":"https:\/\/mula.es\/policialocal\/wp-json\/wp\/v2\/tags?post=936"}],"curies":[{"name":"wp","href":"https:\/\/api.w.org\/{rel}","templated":true}]}}