{"id":943,"date":"2016-04-17T22:39:50","date_gmt":"2016-04-17T21:39:50","guid":{"rendered":"http:\/\/mula.es\/policialocal\/?p=943"},"modified":"2016-04-19T22:12:12","modified_gmt":"2016-04-19T21:12:12","slug":"campana-vigilancia-y-control-de-velocidad","status":"publish","type":"post","link":"https:\/\/mula.es\/policialocal\/2016\/04\/campana-vigilancia-y-control-de-velocidad\/","title":{"rendered":"Campa\u00f1a de vigilancia y control de velocidad"},"content":{"rendered":"<p style=\"text-align: center;\"><span style=\"color: #993300;\"><strong>CAMPA\u00d1A DE VIGILANCIA Y CONTROL DE \u00a0VELOCIDAD<\/strong><\/span><br \/>\n<span style=\"color: #993300;\"> <strong>Del 18 al 24 de abril de 2016<\/strong><\/span><\/p>\n<p style=\"text-align: center;\"><a id=\"irc_mil\" href=\"http:\/\/www.google.es\/url?sa=i&amp;rct=j&amp;q=&amp;esrc=s&amp;source=images&amp;cd=&amp;cad=rja&amp;uact=8&amp;ved=0ahUKEwjC5PD10pbMAhVFXBoKHRWICPoQjRwIBw&amp;url=http%3A%2F%2Fwww.brico-box.com%2Fweb%2Fnoticias%2F2128%2F&amp;bvm=bv.119745492,d.d2s&amp;psig=AFQjCNEEgVVbeAxYsd8LMA1BVm7gDoDVIg&amp;ust=1461016003820961\" data-ved=\"0ahUKEwjC5PD10pbMAhVFXBoKHRWICPoQjRwIBw\"><img loading=\"lazy\" decoding=\"async\" id=\"irc_mi\" src=\"http:\/\/www.brico-box.com\/web\/wp-content\/uploads\/2013\/10\/Control_de_velocidad_carretera_convencional.png\" alt=\"\" width=\"294\" height=\"279\" \/><\/a><\/p>\n<p style=\"text-align: justify;\">\u00a0\u00a0 De conformidad\u00a0con la programaci\u00f3n de las Campa\u00f1as y Operaciones de Vigilancia y Control para el a\u00f1o 2016, llevada a cabo por esta Direcci\u00f3n General de Tr\u00e1fico, entre los d\u00edas 18 al 24 de Abril tendr\u00e1 lugar una nueva Campa\u00f1a Especial sobre vigilancia y control de la velocidad, especialmente en carreteras convencionales y en v\u00edas urbanas de las distintas localidades de la Regi\u00f3n de Murcia.<\/p>\n<p style=\"text-align: justify;\">\u00a0 \u00a0Aun habi\u00e9ndose registrado un descenso en el n\u00famero de conductores denunciados por exceso de la misma, es necesario seguir haciendo el m\u00e1ximo esfuerzo en el control y vigilancia de la velocidad, por cuanto tiene un impacto muy importante en el medio ambiente, el consumo de combustible y en la calidad de vida de las zonas urbanas, poniendo en peligro la seguridad de los peatones y ciclistas.<\/p>\n<p style=\"text-align: justify;\">\u00a0\u00a0 En zonas urbanas, especialmente en el caso de atropello, la velocidad es determinante, ya que a partir de 80 km\/h es pr\u00e1cticamente imposible que un peat\u00f3n no fallezca en un atropello; mientras que a una velocidad de 30 kil\u00f3metros por hora, el riesgo de muerte del peat\u00f3n se reduce al 10%.<\/p>\n<p style=\"text-align: justify;\">\u00a0\u00a0 La Campa\u00f1a deber\u00eda\u00a0consistir\u00e1 en un importante incremento de los controles de velocidad\u00a0 con utilizaci\u00f3n del m\u00e1ximo n\u00famero de medios humanos y materiales disponibles, tanto de la Guardia Civil de Tr\u00e1fico como de las Polic\u00edas Locales de la Regi\u00f3n de Murcia.<\/p>\n<p style=\"text-align: justify;\">\u00a0\u00a0 Conscientes de que la circulaci\u00f3n en ciudad constituye el primero de los escenarios donde el conductor inicia la adquisici\u00f3n de h\u00e1bitos y costumbres que, con posterioridad, se manifiestan en carretera,\u00a0el Ayuntamiento de Mula, a trav\u00e9s de su Cuerpo de Polic\u00eda Local, se ha adherido\u00a0a la presente Campa\u00f1a.<\/p>\n<p style=\"text-align: justify;\"><strong>LISTA SEMANAL DE LOS RADARES M\u00d3VILES DE MULA<\/strong><\/p>\n<p style=\"text-align: justify;\">\u00a0\u00a0 Como una nueva pr\u00e1ctica en sus misiones relacionadas con la seguridad Vial, esta semana la Polic\u00eda Local de Mula ofrece un nuevo servicio a los conductores proporcionando la valiosa informaci\u00f3n de la ubicaci\u00f3n aproximada de los radares m\u00f3viles, destinados a controlar la velocidad en sus calles.<\/p>\n<p style=\"text-align: justify;\">\u00a0\u00a0 Se trata de una medida de excepci\u00f3n que durante esta semana est\u00e1 ofreciendo a los conductores un plus de confianza a la hora de realizar sus desplazamientos en coche.<\/p>\n<p style=\"text-align: justify;\">\u00a0\u00a0 La peculiaridad y por supuesto dato que falta en esta lista con los controles de velocidad, es la ubicaci\u00f3n exacta, as\u00ed como el d\u00eda y hora concretos. Por tanto estamos ante aproximaciones que buscan un intento de transparencia para alejarse de las pr\u00e1cticas tan criticadas que pretenden el camuflaje al que se acostumbra con la utilizaci\u00f3n de los radares m\u00f3viles.<\/p>\n<p><strong>UBICACI\u00d3N DE LOS R\u00c1DARES M\u00d3VILES DEL\u00a018\u00a0AL 24 DE ABRIL DE 2016<\/strong><\/p>\n<p style=\"text-align: justify;\">\u00a0\u00a0 En concreto, y ante las solicitudes recibidas para evitar los excesos de velocidad, las v\u00edas que se han se\u00f1alado que tendr\u00e1n radar m\u00f3vil a lo largo de estos d\u00edas, son:<\/p>\n<ul>\n<li>Avda. La Paz<\/li>\n<li>Ctra. Pliego<\/li>\n<li>Ctra. Murcia<\/li>\n<li>Ctra. Caravaca<\/li>\n<\/ul>\n","protected":false},"excerpt":{"rendered":"<p>CAMPA\u00d1A DE VIGILANCIA Y CONTROL DE \u00a0VELOCIDAD Del 18 al 24 de abril de 2016 \u00a0\u00a0 De conformidad\u00a0con la programaci\u00f3n de las Campa\u00f1as y Operaciones de Vigilancia y Control para el a\u00f1o 2016, llevada a cabo por esta Direcci\u00f3n General de Tr\u00e1fico, entre los d\u00edas 18 al 24 de Abril tendr\u00e1 lugar una nueva Campa\u00f1a &#8230; <a title=\"Campa\u00f1a de vigilancia y control de velocidad\" class=\"read-more\" href=\"https:\/\/mula.es\/policialocal\/2016\/04\/campana-vigilancia-y-control-de-velocidad\/\" aria-label=\"Leer m\u00e1s sobre Campa\u00f1a de vigilancia y control de velocidad\">Leer m\u00e1s<\/a><\/p>\n","protected":false},"author":2,"featured_media":0,"comment_status":"open","ping_status":"open","sticky":false,"template":"","format":"standard","meta":{"ngg_post_thumbnail":0,"footnotes":""},"categories":[1,4],"tags":[],"class_list":["post-943","post","type-post","status-publish","format-standard","hentry","category-avisos","category-noticias"],"_links":{"self":[{"href":"https:\/\/mula.es\/policialocal\/wp-json\/wp\/v2\/posts\/943","targetHints":{"allow":["GET"]}}],"collection":[{"href":"https:\/\/mula.es\/policialocal\/wp-json\/wp\/v2\/posts"}],"about":[{"href":"https:\/\/mula.es\/policialocal\/wp-json\/wp\/v2\/types\/post"}],"author":[{"embeddable":true,"href":"https:\/\/mula.es\/policialocal\/wp-json\/wp\/v2\/users\/2"}],"replies":[{"embeddable":true,"href":"https:\/\/mula.es\/policialocal\/wp-json\/wp\/v2\/comments?post=943"}],"version-history":[{"count":5,"href":"https:\/\/mula.es\/policialocal\/wp-json\/wp\/v2\/posts\/943\/revisions"}],"predecessor-version":[{"id":1007,"href":"https:\/\/mula.es\/policialocal\/wp-json\/wp\/v2\/posts\/943\/revisions\/1007"}],"wp:attachment":[{"href":"https:\/\/mula.es\/policialocal\/wp-json\/wp\/v2\/media?parent=943"}],"wp:term":[{"taxonomy":"category","embeddable":true,"href":"https:\/\/mula.es\/policialocal\/wp-json\/wp\/v2\/categories?post=943"},{"taxonomy":"post_tag","embeddable":true,"href":"https:\/\/mula.es\/policialocal\/wp-json\/wp\/v2\/tags?post=943"}],"curies":[{"name":"wp","href":"https:\/\/api.w.org\/{rel}","templated":true}]}}