{"id":14186,"date":"2016-02-19T09:54:07","date_gmt":"2016-02-19T08:54:07","guid":{"rendered":"http:\/\/mula.es\/web\/?p=14186"},"modified":"2016-02-19T09:54:07","modified_gmt":"2016-02-19T08:54:07","slug":"el-club-frontenis-mula-volvera-a-la-maxima-categoria-despues-de-dos-anos-en-primera-division","status":"publish","type":"post","link":"https:\/\/mula.es\/web\/el-club-frontenis-mula-volvera-a-la-maxima-categoria-despues-de-dos-anos-en-primera-division\/","title":{"rendered":"El Club Frontenis Mula volver\u00e1 a la m\u00e1xima categor\u00eda despu\u00e9s de dos a\u00f1os en primera divisi\u00f3n"},"content":{"rendered":"<p style=\"text-align: justify;\">El club Frontenis Torre Pacheco se proclama campe\u00f3n de la primera divisi\u00f3n murciana de Frontenis, y ascender\u00e1 a divisi\u00f3n de honor, la m\u00e1xima categor\u00eda de la Regi\u00f3n de Murcia donde le acompa\u00f1ar\u00e1 el Club Frontenis Mula que volver\u00e1 a la m\u00e1xima categor\u00eda despu\u00e9s de dos a\u00f1os en primera divisi\u00f3n, el club est\u00e1 formado por jugadores de Mula y de Pliego, Ahora le quedar\u00eda aspirar a ganar la copa federaci\u00f3n de primera divisi\u00f3n que este a\u00f1o se disputa en los frontones del pol\u00edgono industrial de Alhama el 9 de Abril, y conseguir en esta copa ser de los mejores para conseguir meterse en la Copa de Honor donde se medir\u00e1n las parejas de divisi\u00f3n de honor con las dos mejores de la copa de primera.<\/p>\n","protected":false},"excerpt":{"rendered":"<p>El club Frontenis Torre Pacheco se proclama campe\u00f3n de la primera divisi\u00f3n murciana de Frontenis, y ascender\u00e1 a divisi\u00f3n de honor, la m\u00e1xima categor\u00eda de la Regi\u00f3n de Murcia donde le acompa\u00f1ar\u00e1 el Club Frontenis Mula que volver\u00e1 a la m\u00e1xima categor\u00eda despu\u00e9s de dos a\u00f1os en primera divisi\u00f3n, el club est\u00e1 formado por jugadores  [&#8230;]<\/p>\n","protected":false},"author":1,"featured_media":14187,"comment_status":"closed","ping_status":"closed","sticky":false,"template":"","format":"standard","meta":{"jetpack_post_was_ever_published":false,"_jetpack_newsletter_access":"","_jetpack_dont_email_post_to_subs":false,"_jetpack_newsletter_tier_id":0,"_jetpack_memberships_contains_paywalled_content":false,"_jetpack_memberships_contains_paid_content":false,"footnotes":"","jetpack_publicize_message":"","jetpack_publicize_feature_enabled":true,"jetpack_social_post_already_shared":false,"jetpack_social_options":{"image_generator_settings":{"template":"highway","default_image_id":0,"font":"","enabled":false},"version":2}},"categories":[88,76],"tags":[],"class_list":["post-14186","post","type-post","status-publish","format-standard","has-post-thumbnail","hentry","category-deportes","category-mula"],"yoast_head":"<!-- This site is optimized with the Yoast SEO plugin v27.5 - https:\/\/yoast.com\/product\/yoast-seo-wordpress\/ -->\n<title>El Club Frontenis Mula volver\u00e1 a la m\u00e1xima categor\u00eda despu\u00e9s de dos a\u00f1os en primera divisi\u00f3n - Ayuntamiento de Mula<\/title>\n<meta name=\"robots\" content=\"index, follow, max-snippet:-1, max-image-preview:large, max-video-preview:-1\" \/>\n<link rel=\"canonical\" href=\"https:\/\/mula.es\/web\/el-club-frontenis-mula-volvera-a-la-maxima-categoria-despues-de-dos-anos-en-primera-division\/\" \/>\n<meta property=\"og:locale\" content=\"es_ES\" \/>\n<meta property=\"og:type\" content=\"article\" \/>\n<meta property=\"og:title\" content=\"El Club Frontenis Mula volver\u00e1 a la m\u00e1xima categor\u00eda despu\u00e9s de dos a\u00f1os en primera divisi\u00f3n - Ayuntamiento de Mula\" \/>\n<meta property=\"og:description\" content=\"El club Frontenis Torre Pacheco se proclama campe\u00f3n de la primera divisi\u00f3n murciana de Frontenis, y ascender\u00e1 a divisi\u00f3n de honor, la m\u00e1xima categor\u00eda de la Regi\u00f3n de Murcia donde le acompa\u00f1ar\u00e1 el Club Frontenis Mula que volver\u00e1 a la m\u00e1xima categor\u00eda despu\u00e9s de dos a\u00f1os en primera divisi\u00f3n, el club est\u00e1 formado por jugadores [...]\" \/>\n<meta property=\"og:url\" content=\"https:\/\/mula.es\/web\/el-club-frontenis-mula-volvera-a-la-maxima-categoria-despues-de-dos-anos-en-primera-division\/\" \/>\n<meta property=\"og:site_name\" content=\"Ayuntamiento de Mula\" \/>\n<meta property=\"article:published_time\" content=\"2016-02-19T08:54:07+00:00\" \/>\n<meta property=\"og:image\" content=\"https:\/\/i0.wp.com\/mula.es\/web\/wp-content\/uploads\/2016\/02\/clubfrontenismula.jpg?fit=2324%2C1392&ssl=1\" \/>\n\t<meta property=\"og:image:width\" content=\"2324\" \/>\n\t<meta property=\"og:image:height\" content=\"1392\" \/>\n\t<meta property=\"og:image:type\" content=\"image\/jpeg\" \/>\n<meta name=\"author\" content=\"admin\" \/>\n<meta name=\"twitter:card\" content=\"summary_large_image\" \/>\n<meta name=\"twitter:creator\" content=\"@AyuntamientMula\" \/>\n<meta name=\"twitter:site\" content=\"@AyuntamientMula\" \/>\n<meta name=\"twitter:label1\" content=\"Escrito por\" \/>\n\t<meta name=\"twitter:data1\" content=\"admin\" \/>\n\t<meta name=\"twitter:label2\" content=\"Tiempo de lectura\" \/>\n\t<meta name=\"twitter:data2\" content=\"1 minuto\" \/>\n<script type=\"application\/ld+json\" class=\"yoast-schema-graph\">{\"@context\":\"https:\\\/\\\/schema.org\",\"@graph\":[{\"@type\":\"Article\",\"@id\":\"https:\\\/\\\/mula.es\\\/web\\\/el-club-frontenis-mula-volvera-a-la-maxima-categoria-despues-de-dos-anos-en-primera-division\\\/#article\",\"isPartOf\":{\"@id\":\"https:\\\/\\\/mula.es\\\/web\\\/el-club-frontenis-mula-volvera-a-la-maxima-categoria-despues-de-dos-anos-en-primera-division\\\/\"},\"author\":{\"name\":\"admin\",\"@id\":\"https:\\\/\\\/mula.es\\\/web\\\/#\\\/schema\\\/person\\\/a0dbffe9f4a3ed4aaebedcfef02f71a1\"},\"headline\":\"El Club Frontenis Mula volver\u00e1 a la m\u00e1xima categor\u00eda despu\u00e9s de dos a\u00f1os en primera divisi\u00f3n\",\"datePublished\":\"2016-02-19T08:54:07+00:00\",\"mainEntityOfPage\":{\"@id\":\"https:\\\/\\\/mula.es\\\/web\\\/el-club-frontenis-mula-volvera-a-la-maxima-categoria-despues-de-dos-anos-en-primera-division\\\/\"},\"wordCount\":163,\"image\":{\"@id\":\"https:\\\/\\\/mula.es\\\/web\\\/el-club-frontenis-mula-volvera-a-la-maxima-categoria-despues-de-dos-anos-en-primera-division\\\/#primaryimage\"},\"thumbnailUrl\":\"https:\\\/\\\/mula.es\\\/web\\\/wp-content\\\/uploads\\\/2016\\\/02\\\/clubfrontenismula.jpg\",\"articleSection\":[\"deportes\",\"mula\"],\"inLanguage\":\"es\"},{\"@type\":\"WebPage\",\"@id\":\"https:\\\/\\\/mula.es\\\/web\\\/el-club-frontenis-mula-volvera-a-la-maxima-categoria-despues-de-dos-anos-en-primera-division\\\/\",\"url\":\"https:\\\/\\\/mula.es\\\/web\\\/el-club-frontenis-mula-volvera-a-la-maxima-categoria-despues-de-dos-anos-en-primera-division\\\/\",\"name\":\"El Club Frontenis Mula volver\u00e1 a la m\u00e1xima categor\u00eda despu\u00e9s de dos a\u00f1os en primera divisi\u00f3n - Ayuntamiento de Mula\",\"isPartOf\":{\"@id\":\"https:\\\/\\\/mula.es\\\/web\\\/#website\"},\"primaryImageOfPage\":{\"@id\":\"https:\\\/\\\/mula.es\\\/web\\\/el-club-frontenis-mula-volvera-a-la-maxima-categoria-despues-de-dos-anos-en-primera-division\\\/#primaryimage\"},\"image\":{\"@id\":\"https:\\\/\\\/mula.es\\\/web\\\/el-club-frontenis-mula-volvera-a-la-maxima-categoria-despues-de-dos-anos-en-primera-division\\\/#primaryimage\"},\"thumbnailUrl\":\"https:\\\/\\\/mula.es\\\/web\\\/wp-content\\\/uploads\\\/2016\\\/02\\\/clubfrontenismula.jpg\",\"datePublished\":\"2016-02-19T08:54:07+00:00\",\"author\":{\"@id\":\"https:\\\/\\\/mula.es\\\/web\\\/#\\\/schema\\\/person\\\/a0dbffe9f4a3ed4aaebedcfef02f71a1\"},\"breadcrumb\":{\"@id\":\"https:\\\/\\\/mula.es\\\/web\\\/el-club-frontenis-mula-volvera-a-la-maxima-categoria-despues-de-dos-anos-en-primera-division\\\/#breadcrumb\"},\"inLanguage\":\"es\",\"potentialAction\":[{\"@type\":\"ReadAction\",\"target\":[\"https:\\\/\\\/mula.es\\\/web\\\/el-club-frontenis-mula-volvera-a-la-maxima-categoria-despues-de-dos-anos-en-primera-division\\\/\"]}]},{\"@type\":\"ImageObject\",\"inLanguage\":\"es\",\"@id\":\"https:\\\/\\\/mula.es\\\/web\\\/el-club-frontenis-mula-volvera-a-la-maxima-categoria-despues-de-dos-anos-en-primera-division\\\/#primaryimage\",\"url\":\"https:\\\/\\\/mula.es\\\/web\\\/wp-content\\\/uploads\\\/2016\\\/02\\\/clubfrontenismula.jpg\",\"contentUrl\":\"https:\\\/\\\/mula.es\\\/web\\\/wp-content\\\/uploads\\\/2016\\\/02\\\/clubfrontenismula.jpg\",\"width\":2324,\"height\":1392,\"caption\":\"foto club frontenis mula\"},{\"@type\":\"BreadcrumbList\",\"@id\":\"https:\\\/\\\/mula.es\\\/web\\\/el-club-frontenis-mula-volvera-a-la-maxima-categoria-despues-de-dos-anos-en-primera-division\\\/#breadcrumb\",\"itemListElement\":[{\"@type\":\"ListItem\",\"position\":1,\"name\":\"Portada\",\"item\":\"https:\\\/\\\/mula.es\\\/web\\\/\"},{\"@type\":\"ListItem\",\"position\":2,\"name\":\"El Club Frontenis Mula volver\u00e1 a la m\u00e1xima categor\u00eda despu\u00e9s de dos a\u00f1os en primera divisi\u00f3n\"}]},{\"@type\":\"WebSite\",\"@id\":\"https:\\\/\\\/mula.es\\\/web\\\/#website\",\"url\":\"https:\\\/\\\/mula.es\\\/web\\\/\",\"name\":\"Ayuntamiento de Mula\",\"description\":\"P\u00e1gina web del Ayuntamiento de Mula (Regi\u00f3n de Murcia)\",\"potentialAction\":[{\"@type\":\"SearchAction\",\"target\":{\"@type\":\"EntryPoint\",\"urlTemplate\":\"https:\\\/\\\/mula.es\\\/web\\\/?s={search_term_string}\"},\"query-input\":{\"@type\":\"PropertyValueSpecification\",\"valueRequired\":true,\"valueName\":\"search_term_string\"}}],\"inLanguage\":\"es\"},{\"@type\":\"Person\",\"@id\":\"https:\\\/\\\/mula.es\\\/web\\\/#\\\/schema\\\/person\\\/a0dbffe9f4a3ed4aaebedcfef02f71a1\",\"name\":\"admin\",\"image\":{\"@type\":\"ImageObject\",\"inLanguage\":\"es\",\"@id\":\"https:\\\/\\\/secure.gravatar.com\\\/avatar\\\/5423b9cd77f4c7f89a124365a268866f9dfee038c17fe9e37afd92b5920d810e?s=96&d=mm&r=g\",\"url\":\"https:\\\/\\\/secure.gravatar.com\\\/avatar\\\/5423b9cd77f4c7f89a124365a268866f9dfee038c17fe9e37afd92b5920d810e?s=96&d=mm&r=g\",\"contentUrl\":\"https:\\\/\\\/secure.gravatar.com\\\/avatar\\\/5423b9cd77f4c7f89a124365a268866f9dfee038c17fe9e37afd92b5920d810e?s=96&d=mm&r=g\",\"caption\":\"admin\"},\"description\":\"Lorem ipsum dolor sit amet, consectetur adipiscing elit. Nam viverra euismod odio, gravida pellentesque urna varius vitae. Sed dui lorem, adipiscing in adipiscing et, interdum nec metus. Mauris ultricies, justo eu convallis placerat, felis enim ornare nisi, vitae mattis nulla ante id dui. Ut lectus purus, commodo et tincidunt vel, interdum sed lectus. Vestibulum adipiscing tempor nisi id elementi.\",\"url\":\"https:\\\/\\\/mula.es\\\/web\\\/author\\\/jose-maria-boti\\\/\"}]}<\/script>\n<!-- \/ Yoast SEO plugin. -->","yoast_head_json":{"title":"El Club Frontenis Mula volver\u00e1 a la m\u00e1xima categor\u00eda despu\u00e9s de dos a\u00f1os en primera divisi\u00f3n - Ayuntamiento de Mula","robots":{"index":"index","follow":"follow","max-snippet":"max-snippet:-1","max-image-preview":"max-image-preview:large","max-video-preview":"max-video-preview:-1"},"canonical":"https:\/\/mula.es\/web\/el-club-frontenis-mula-volvera-a-la-maxima-categoria-despues-de-dos-anos-en-primera-division\/","og_locale":"es_ES","og_type":"article","og_title":"El Club Frontenis Mula volver\u00e1 a la m\u00e1xima categor\u00eda despu\u00e9s de dos a\u00f1os en primera divisi\u00f3n - Ayuntamiento de Mula","og_description":"El club Frontenis Torre Pacheco se proclama campe\u00f3n de la primera divisi\u00f3n murciana de Frontenis, y ascender\u00e1 a divisi\u00f3n de honor, la m\u00e1xima categor\u00eda de la Regi\u00f3n de Murcia donde le acompa\u00f1ar\u00e1 el Club Frontenis Mula que volver\u00e1 a la m\u00e1xima categor\u00eda despu\u00e9s de dos a\u00f1os en primera divisi\u00f3n, el club est\u00e1 formado por jugadores [...]","og_url":"https:\/\/mula.es\/web\/el-club-frontenis-mula-volvera-a-la-maxima-categoria-despues-de-dos-anos-en-primera-division\/","og_site_name":"Ayuntamiento de Mula","article_published_time":"2016-02-19T08:54:07+00:00","og_image":[{"width":2324,"height":1392,"url":"https:\/\/i0.wp.com\/mula.es\/web\/wp-content\/uploads\/2016\/02\/clubfrontenismula.jpg?fit=2324%2C1392&ssl=1","type":"image\/jpeg"}],"author":"admin","twitter_card":"summary_large_image","twitter_creator":"@AyuntamientMula","twitter_site":"@AyuntamientMula","twitter_misc":{"Escrito por":"admin","Tiempo de lectura":"1 minuto"},"schema":{"@context":"https:\/\/schema.org","@graph":[{"@type":"Article","@id":"https:\/\/mula.es\/web\/el-club-frontenis-mula-volvera-a-la-maxima-categoria-despues-de-dos-anos-en-primera-division\/#article","isPartOf":{"@id":"https:\/\/mula.es\/web\/el-club-frontenis-mula-volvera-a-la-maxima-categoria-despues-de-dos-anos-en-primera-division\/"},"author":{"name":"admin","@id":"https:\/\/mula.es\/web\/#\/schema\/person\/a0dbffe9f4a3ed4aaebedcfef02f71a1"},"headline":"El Club Frontenis Mula volver\u00e1 a la m\u00e1xima categor\u00eda despu\u00e9s de dos a\u00f1os en primera divisi\u00f3n","datePublished":"2016-02-19T08:54:07+00:00","mainEntityOfPage":{"@id":"https:\/\/mula.es\/web\/el-club-frontenis-mula-volvera-a-la-maxima-categoria-despues-de-dos-anos-en-primera-division\/"},"wordCount":163,"image":{"@id":"https:\/\/mula.es\/web\/el-club-frontenis-mula-volvera-a-la-maxima-categoria-despues-de-dos-anos-en-primera-division\/#primaryimage"},"thumbnailUrl":"https:\/\/mula.es\/web\/wp-content\/uploads\/2016\/02\/clubfrontenismula.jpg","articleSection":["deportes","mula"],"inLanguage":"es"},{"@type":"WebPage","@id":"https:\/\/mula.es\/web\/el-club-frontenis-mula-volvera-a-la-maxima-categoria-despues-de-dos-anos-en-primera-division\/","url":"https:\/\/mula.es\/web\/el-club-frontenis-mula-volvera-a-la-maxima-categoria-despues-de-dos-anos-en-primera-division\/","name":"El Club Frontenis Mula volver\u00e1 a la m\u00e1xima categor\u00eda despu\u00e9s de dos a\u00f1os en primera divisi\u00f3n - Ayuntamiento de Mula","isPartOf":{"@id":"https:\/\/mula.es\/web\/#website"},"primaryImageOfPage":{"@id":"https:\/\/mula.es\/web\/el-club-frontenis-mula-volvera-a-la-maxima-categoria-despues-de-dos-anos-en-primera-division\/#primaryimage"},"image":{"@id":"https:\/\/mula.es\/web\/el-club-frontenis-mula-volvera-a-la-maxima-categoria-despues-de-dos-anos-en-primera-division\/#primaryimage"},"thumbnailUrl":"https:\/\/mula.es\/web\/wp-content\/uploads\/2016\/02\/clubfrontenismula.jpg","datePublished":"2016-02-19T08:54:07+00:00","author":{"@id":"https:\/\/mula.es\/web\/#\/schema\/person\/a0dbffe9f4a3ed4aaebedcfef02f71a1"},"breadcrumb":{"@id":"https:\/\/mula.es\/web\/el-club-frontenis-mula-volvera-a-la-maxima-categoria-despues-de-dos-anos-en-primera-division\/#breadcrumb"},"inLanguage":"es","potentialAction":[{"@type":"ReadAction","target":["https:\/\/mula.es\/web\/el-club-frontenis-mula-volvera-a-la-maxima-categoria-despues-de-dos-anos-en-primera-division\/"]}]},{"@type":"ImageObject","inLanguage":"es","@id":"https:\/\/mula.es\/web\/el-club-frontenis-mula-volvera-a-la-maxima-categoria-despues-de-dos-anos-en-primera-division\/#primaryimage","url":"https:\/\/mula.es\/web\/wp-content\/uploads\/2016\/02\/clubfrontenismula.jpg","contentUrl":"https:\/\/mula.es\/web\/wp-content\/uploads\/2016\/02\/clubfrontenismula.jpg","width":2324,"height":1392,"caption":"foto club frontenis mula"},{"@type":"BreadcrumbList","@id":"https:\/\/mula.es\/web\/el-club-frontenis-mula-volvera-a-la-maxima-categoria-despues-de-dos-anos-en-primera-division\/#breadcrumb","itemListElement":[{"@type":"ListItem","position":1,"name":"Portada","item":"https:\/\/mula.es\/web\/"},{"@type":"ListItem","position":2,"name":"El Club Frontenis Mula volver\u00e1 a la m\u00e1xima categor\u00eda despu\u00e9s de dos a\u00f1os en primera divisi\u00f3n"}]},{"@type":"WebSite","@id":"https:\/\/mula.es\/web\/#website","url":"https:\/\/mula.es\/web\/","name":"Ayuntamiento de Mula","description":"P\u00e1gina web del Ayuntamiento de Mula (Regi\u00f3n de Murcia)","potentialAction":[{"@type":"SearchAction","target":{"@type":"EntryPoint","urlTemplate":"https:\/\/mula.es\/web\/?s={search_term_string}"},"query-input":{"@type":"PropertyValueSpecification","valueRequired":true,"valueName":"search_term_string"}}],"inLanguage":"es"},{"@type":"Person","@id":"https:\/\/mula.es\/web\/#\/schema\/person\/a0dbffe9f4a3ed4aaebedcfef02f71a1","name":"admin","image":{"@type":"ImageObject","inLanguage":"es","@id":"https:\/\/secure.gravatar.com\/avatar\/5423b9cd77f4c7f89a124365a268866f9dfee038c17fe9e37afd92b5920d810e?s=96&d=mm&r=g","url":"https:\/\/secure.gravatar.com\/avatar\/5423b9cd77f4c7f89a124365a268866f9dfee038c17fe9e37afd92b5920d810e?s=96&d=mm&r=g","contentUrl":"https:\/\/secure.gravatar.com\/avatar\/5423b9cd77f4c7f89a124365a268866f9dfee038c17fe9e37afd92b5920d810e?s=96&d=mm&r=g","caption":"admin"},"description":"Lorem ipsum dolor sit amet, consectetur adipiscing elit. Nam viverra euismod odio, gravida pellentesque urna varius vitae. Sed dui lorem, adipiscing in adipiscing et, interdum nec metus. Mauris ultricies, justo eu convallis placerat, felis enim ornare nisi, vitae mattis nulla ante id dui. Ut lectus purus, commodo et tincidunt vel, interdum sed lectus. Vestibulum adipiscing tempor nisi id elementi.","url":"https:\/\/mula.es\/web\/author\/jose-maria-boti\/"}]}},"jetpack_publicize_connections":[],"jetpack_featured_media_url":"https:\/\/mula.es\/web\/wp-content\/uploads\/2016\/02\/clubfrontenismula.jpg","jetpack_sharing_enabled":true,"jetpack_shortlink":"https:\/\/wp.me\/pa9DMY-3GO","jetpack-related-posts":[],"_links":{"self":[{"href":"https:\/\/mula.es\/web\/wp-json\/wp\/v2\/posts\/14186","targetHints":{"allow":["GET"]}}],"collection":[{"href":"https:\/\/mula.es\/web\/wp-json\/wp\/v2\/posts"}],"about":[{"href":"https:\/\/mula.es\/web\/wp-json\/wp\/v2\/types\/post"}],"author":[{"embeddable":true,"href":"https:\/\/mula.es\/web\/wp-json\/wp\/v2\/users\/1"}],"replies":[{"embeddable":true,"href":"https:\/\/mula.es\/web\/wp-json\/wp\/v2\/comments?post=14186"}],"version-history":[{"count":1,"href":"https:\/\/mula.es\/web\/wp-json\/wp\/v2\/posts\/14186\/revisions"}],"predecessor-version":[{"id":14188,"href":"https:\/\/mula.es\/web\/wp-json\/wp\/v2\/posts\/14186\/revisions\/14188"}],"wp:featuredmedia":[{"embeddable":true,"href":"https:\/\/mula.es\/web\/wp-json\/wp\/v2\/media\/14187"}],"wp:attachment":[{"href":"https:\/\/mula.es\/web\/wp-json\/wp\/v2\/media?parent=14186"}],"wp:term":[{"taxonomy":"category","embeddable":true,"href":"https:\/\/mula.es\/web\/wp-json\/wp\/v2\/categories?post=14186"},{"taxonomy":"post_tag","embeddable":true,"href":"https:\/\/mula.es\/web\/wp-json\/wp\/v2\/tags?post=14186"}],"curies":[{"name":"wp","href":"https:\/\/api.w.org\/{rel}","templated":true}]}}