{"id":14260,"date":"2016-02-23T09:40:59","date_gmt":"2016-02-23T08:40:59","guid":{"rendered":"http:\/\/mula.es\/web\/?p=14260"},"modified":"2021-05-12T20:18:51","modified_gmt":"2021-05-12T18:18:51","slug":"8-de-marzo-dia-internacional-de-la-mujer-bases-del-xvii-certamen-de-relatos-cortos-y-programa-de-actividades","status":"publish","type":"post","link":"https:\/\/mula.es\/web\/8-de-marzo-dia-internacional-de-la-mujer-bases-del-xvii-certamen-de-relatos-cortos-y-programa-de-actividades\/","title":{"rendered":"8 de marzo: D\u00eda Internacional de la Mujer &#8211; Bases del XVII Certamen de Relatos Cortos y Programa de Actividades"},"content":{"rendered":"<div class=\"fusion-fullwidth fullwidth-box fusion-builder-row-1 fusion-flex-container hundred-percent-fullwidth non-hundred-percent-height-scrolling\" style=\"--awb-border-radius-top-left:0px;--awb-border-radius-top-right:0px;--awb-border-radius-bottom-right:0px;--awb-border-radius-bottom-left:0px;--awb-overflow:visible;--awb-flex-wrap:wrap;\" ><div class=\"fusion-builder-row fusion-row fusion-flex-align-items-flex-start fusion-flex-content-wrap\" style=\"width:calc( 100% + 0px ) !important;max-width:calc( 100% + 0px ) !important;margin-left: calc(-0px \/ 2 );margin-right: calc(-0px \/ 2 );\"><div class=\"fusion-layout-column fusion_builder_column fusion-builder-column-0 fusion_builder_column_1_1 1_1 fusion-flex-column\" style=\"--awb-bg-size:cover;--awb-width-large:100%;--awb-margin-top-large:0px;--awb-spacing-right-large:0px;--awb-margin-bottom-large:20px;--awb-spacing-left-large:0px;--awb-width-medium:100%;--awb-spacing-right-medium:0px;--awb-spacing-left-medium:0px;--awb-width-small:100%;--awb-spacing-right-small:0px;--awb-spacing-left-small:0px;\"><div class=\"fusion-column-wrapper fusion-flex-justify-content-flex-start fusion-content-layout-column\"><div class=\"fusion-title title fusion-title-1 fusion-title-text fusion-title-size-two\" style=\"--awb-margin-top-small:0px;--awb-margin-right-small:0px;--awb-margin-bottom-small:20px;--awb-margin-left-small:0px;\"><div class=\"title-sep-container title-sep-container-left fusion-no-large-visibility fusion-no-medium-visibility fusion-no-small-visibility\"><div class=\"title-sep sep-double sep-solid\" style=\"border-color:#e0dede;\"><\/div><\/div><span class=\"awb-title-spacer fusion-no-large-visibility fusion-no-medium-visibility fusion-no-small-visibility\"><\/span><h2 class=\"fusion-title-heading title-heading-left\" style=\"margin:0;\">Bases del XVII Certamen de Relatos Cortos \u00abIm\u00e1genes de Mujer\u00bb<\/h2><span class=\"awb-title-spacer\"><\/span><div class=\"title-sep-container title-sep-container-right\"><div class=\"title-sep sep-double sep-solid\" style=\"border-color:#e0dede;\"><\/div><\/div><\/div><div class=\"fusion-text fusion-text-1\"><p style=\"text-align: justify;\"><strong>\u00a0<\/strong><\/p>\n<p style=\"text-align: justify;\">Con motivo del d\u00eda de la Mujer, el pr\u00f3ximo 8 de Marzo, el Ayuntamiento de Mula, a trav\u00e9s de la Concejal\u00eda de Igualdad, convoca el XVII Certamen de Relatos Cortos\u201d Im\u00e1genes de Mujer\u201d.<\/p>\n<p style=\"text-align: justify;\"><strong>DESTINATARIOS<\/strong><br \/>\nPodr\u00e1n presentarse al certamen todas las personas interesadas residentes en la Regi\u00f3n de Murcia, cuyos relatos cumplan los requisitos que se establecen en las siguientes bases.<\/p>\n<p style=\"text-align: justify;\"><strong>BASES DEL CERTAMEN<\/strong><br \/>\n<em><strong>Primera<\/strong><\/em>. El tema del relato ha de estar relacionado con la mujer.<br \/>\n<strong><em>Segunda.<\/em> <\/strong>Los trabajos tendr\u00e1n una extensi\u00f3n m\u00e1xima de seis folios a doble espacio.<br \/>\n<strong><em>Tercera.<\/em><\/strong> Las obras deber\u00e1n estar escritas en lengua castellana y ser originales e in\u00e9ditas.<br \/>\n<strong><em>Cuarta.<\/em><\/strong> El premio es indivisible y podr\u00e1 declararse desierto.<br \/>\n<strong><em>Quinta.<\/em><\/strong> Se establecen los siguientes premios:<\/p>\n<p style=\"text-align: justify; padding-left: 60px;\"><strong><em>Primero:<\/em><\/strong> 300 \u20ac<strong><em>\u00a0\u00a0\u00a0\u00a0\u00a0\u00a0\u00a0\u00a0\u00a0\u00a0\u00a0\u00a0\u00a0\u00a0\u00a0\u00a0\u00a0\u00a0\u00a0\u00a0\u00a0\u00a0 Segundo:<\/em><\/strong> 200 \u20ac<\/p>\n<p style=\"text-align: justify;\"><em><strong>Sexta.<\/strong><\/em> El jurado estar\u00e1 compuesto por personas relacionadas con la Cultura. La decisi\u00f3n del jurado ser\u00e1 inapelable y se publicar\u00e1 en el tabl\u00f3n de anuncios del Centro de Servicios Sociales y del Ayuntamiento de Mula, en la p\u00e1gina web del Ayuntamiento, as\u00ed como en los medios de difusi\u00f3n m\u00e1s usuales.<br \/>\n<strong><em>S\u00e9ptima.<\/em><\/strong> Para preservar el anonimato de la autor\u00eda y la imparcialidad del jurado, las obras se presentar\u00e1n bajo seud\u00f3nimo acompa\u00f1adas de un sobre cerrado con los datos personales, fotocopia de D.N.I. y tel\u00e9fono de contacto.<br \/>\n<strong><em>Octava.<\/em><\/strong> Las obras premiadas quedar\u00e1n en propiedad del Ayuntamiento, que podr\u00e1 reproducirlas y distribuir.<br \/>\n<strong><em>Novena.<\/em><\/strong> Las autoras o los autores de las obras premiadas tendr\u00e1n la obligaci\u00f3n de asistir al acto de entrega de premios, y no podr\u00e1n presentar ninguna otra obra al siguiente certamen.<\/p>\n<p style=\"text-align: justify;\"><strong>PLAZO Y LUGAR DE PRESENTACI\u00d3N<\/strong><br \/>\nLos relatos podr\u00e1n presentarse hasta el d\u00eda 4 de Marzo de 2016, y han de enviarse a la Concejal\u00eda de Igualdad del Ayuntamiento de Mula. Plaza del Ayuntamiento,8 30170Mula (Murcia), indicando en el sobre \u201cPara el XVII Certamen de Relatos Cortos Im\u00e1genes de Mujer\u201d.<\/p>\n<p style=\"text-align: justify;\"><strong>\u00a0<\/strong><\/p>\n<\/div><\/div><\/div><div class=\"fusion-layout-column fusion_builder_column fusion-builder-column-1 fusion_builder_column_1_1 1_1 fusion-flex-column\" style=\"--awb-bg-size:cover;--awb-width-large:100%;--awb-margin-top-large:0px;--awb-spacing-right-large:0px;--awb-margin-bottom-large:20px;--awb-spacing-left-large:0px;--awb-width-medium:100%;--awb-spacing-right-medium:0px;--awb-spacing-left-medium:0px;--awb-width-small:100%;--awb-spacing-right-small:0px;--awb-spacing-left-small:0px;\"><div class=\"fusion-column-wrapper fusion-flex-justify-content-flex-start fusion-content-layout-column\"><div class=\"fusion-title title fusion-title-2 fusion-title-text fusion-title-size-two\" style=\"--awb-margin-top-small:0px;--awb-margin-right-small:0px;--awb-margin-bottom-small:20px;--awb-margin-left-small:0px;\"><div class=\"title-sep-container title-sep-container-left fusion-no-large-visibility fusion-no-medium-visibility fusion-no-small-visibility\"><div class=\"title-sep sep-double sep-solid\" style=\"border-color:#e0dede;\"><\/div><\/div><span class=\"awb-title-spacer fusion-no-large-visibility fusion-no-medium-visibility fusion-no-small-visibility\"><\/span><h2 class=\"fusion-title-heading title-heading-left\" style=\"margin:0;\">Programa de Actividades<\/h2><span class=\"awb-title-spacer\"><\/span><div class=\"title-sep-container title-sep-container-right\"><div class=\"title-sep sep-double sep-solid\" style=\"border-color:#e0dede;\"><\/div><\/div><\/div><div class=\"fusion-text fusion-text-2\"><p><strong>Viernes 4 de marzo<\/strong><br \/>\nmarcha por la igualdad por el casco urbano de la ciudad de mula. Llevar merienda para tomar al finalizar la ruta<br \/>\n<em><strong>Hora:<\/strong> <\/em>16:30h<br \/>\n<strong><em>Salida:<\/em><\/strong> Plaza del Ayuntamiento<br \/>\n<strong>Martes 8 de marzo<\/strong><br \/>\nActo institucional de reconocimiento homenaje a las fundadoras de la cooperativa del colegio \u201cSanta Clara\u201d y a do\u00f1a Mar\u00eda Palma N\u00fa\u00f1ez vecina de Fuente Librilla y lectura del manifiesto del d\u00eda 8 de marzo.<br \/>\n<em><strong>Hora:<\/strong><\/em> 18.30h<br \/>\n<em><strong>Lugar:<\/strong><\/em> sal\u00f3n de actos de la biblioteca municipal en plaza del hospital<br \/>\n<strong>Mi\u00e9rcoles 16 de marzo<\/strong><br \/>\nCharla de conciliaci\u00f3n \u201cAmamantar y trabajar es posible\u201d<br \/>\n<em><strong>Hora:<\/strong><\/em> 10.00h<br \/>\n<strong><em>Lugar:<\/em> <\/strong>Centro de salud<br \/>\n<strong>Jueves 17 de marzo<\/strong><br \/>\nEntrega de premios XVII certamen de relatos cortos \u201cIm\u00e1genes de mujer\u201d<br \/>\n<em><strong>Hora:<\/strong><\/em> 18.30h<br \/>\n<em><strong>Lugar:<\/strong><\/em> Sal\u00f3n de actos de la biblioteca municipal en plaza del hospital<\/p>\n<\/div><\/div><\/div><div class=\"fusion-layout-column fusion_builder_column fusion-builder-column-2 fusion_builder_column_1_1 1_1 fusion-flex-column\" style=\"--awb-bg-size:cover;--awb-width-large:100%;--awb-margin-top-large:0px;--awb-spacing-right-large:0px;--awb-margin-bottom-large:20px;--awb-spacing-left-large:0px;--awb-width-medium:100%;--awb-spacing-right-medium:0px;--awb-spacing-left-medium:0px;--awb-width-small:100%;--awb-spacing-right-small:0px;--awb-spacing-left-small:0px;\"><div class=\"fusion-column-wrapper fusion-flex-justify-content-flex-start fusion-content-layout-column\"><div class=\"fusion-text fusion-text-3\"><p><img data-attachment-id=\"14262\" data-permalink=\"https:\/\/mula.es\/web\/8-de-marzo-dia-internacional-de-la-mujer-bases-del-xvii-certamen-de-relatos-cortos-y-programa-de-actividades\/mujer2016_2\/\" data-orig-file=\"https:\/\/mula.es\/web\/wp-content\/uploads\/2016\/02\/mujer2016_2.jpg\" data-orig-size=\"1437,1572\" data-comments-opened=\"0\" data-image-meta=\"\" data-image-title=\"mujer2016_2\" data-image-description=\"\n\n<p>folleto cara final d\u00eda de la mujer 2016<\/p>\n<p>\" data-image-caption=\"<\/p>\n<p>folleto cara final d\u00eda de la mujer 2016<\/p>\n<p>\" data-large-file=\"https:\/\/mula.es\/web\/wp-content\/uploads\/2016\/02\/mujer2016_2-936x1024.jpg\" class=\"alignnone size-full wp-image-14262\" src=\"https:\/\/mula.es\/web\/wp-content\/uploads\/2016\/02\/mujer2016_2.jpg\" alt=\"mujer2016_2\" width=\"1437\" height=\"1572\" \/><\/p>\n<p><a href=\"https:\/\/mula.es\/web\/wp-content\/uploads\/2016\/02\/BASESRELATOSCORTOSMUJER2016.pdf\" target=\"_blank\" rel=\"noopener\">Descarga aqu\u00ed el pdf con las bases y el programa del d\u00eda internacional de la mujer<\/a><\/p>\n<\/div><\/div><\/div><\/div><\/div>\n","protected":false},"excerpt":{"rendered":"","protected":false},"author":1,"featured_media":14261,"comment_status":"closed","ping_status":"closed","sticky":false,"template":"","format":"standard","meta":{"jetpack_post_was_ever_published":false,"_jetpack_newsletter_access":"","_jetpack_dont_email_post_to_subs":false,"_jetpack_newsletter_tier_id":0,"_jetpack_memberships_contains_paywalled_content":false,"_jetpack_memberships_contains_paid_content":false,"footnotes":"","jetpack_publicize_message":"","jetpack_publicize_feature_enabled":true,"jetpack_social_post_already_shared":false,"jetpack_social_options":{"image_generator_settings":{"template":"highway","default_image_id":0,"font":"","enabled":false},"version":2}},"categories":[119,118,120,116,117],"tags":[],"class_list":["post-14260","post","type-post","status-publish","format-standard","has-post-thumbnail","hentry","category-actividades","category-certamen","category-internacional","category-mujer","category-relatos"],"yoast_head":"<!-- This site is optimized with the Yoast SEO plugin v27.4 - https:\/\/yoast.com\/product\/yoast-seo-wordpress\/ -->\n<title>8 de marzo: D\u00eda Internacional de la Mujer - Bases del XVII Certamen de Relatos Cortos y Programa de Actividades - Ayuntamiento de Mula<\/title>\n<meta name=\"robots\" content=\"index, follow, max-snippet:-1, max-image-preview:large, max-video-preview:-1\" \/>\n<link rel=\"canonical\" href=\"https:\/\/mula.es\/web\/8-de-marzo-dia-internacional-de-la-mujer-bases-del-xvii-certamen-de-relatos-cortos-y-programa-de-actividades\/\" \/>\n<meta property=\"og:locale\" content=\"es_ES\" \/>\n<meta property=\"og:type\" content=\"article\" \/>\n<meta property=\"og:title\" content=\"8 de marzo: D\u00eda Internacional de la Mujer - Bases del XVII Certamen de Relatos Cortos y Programa de Actividades - Ayuntamiento de Mula\" \/>\n<meta property=\"og:url\" content=\"https:\/\/mula.es\/web\/8-de-marzo-dia-internacional-de-la-mujer-bases-del-xvii-certamen-de-relatos-cortos-y-programa-de-actividades\/\" \/>\n<meta property=\"og:site_name\" content=\"Ayuntamiento de Mula\" \/>\n<meta property=\"article:published_time\" content=\"2016-02-23T08:40:59+00:00\" \/>\n<meta property=\"article:modified_time\" content=\"2021-05-12T18:18:51+00:00\" \/>\n<meta property=\"og:image\" content=\"https:\/\/i0.wp.com\/mula.es\/web\/wp-content\/uploads\/2016\/02\/mujer2016.jpg?fit=1159%2C1257&ssl=1\" \/>\n\t<meta property=\"og:image:width\" content=\"1159\" \/>\n\t<meta property=\"og:image:height\" content=\"1257\" \/>\n\t<meta property=\"og:image:type\" content=\"image\/jpeg\" \/>\n<meta name=\"author\" content=\"admin\" \/>\n<meta name=\"twitter:card\" content=\"summary_large_image\" \/>\n<meta name=\"twitter:creator\" content=\"@AyuntamientMula\" \/>\n<meta name=\"twitter:site\" content=\"@AyuntamientMula\" \/>\n<meta name=\"twitter:label1\" content=\"Escrito por\" \/>\n\t<meta name=\"twitter:data1\" content=\"admin\" \/>\n\t<meta name=\"twitter:label2\" content=\"Tiempo de lectura\" \/>\n\t<meta name=\"twitter:data2\" content=\"4 minutos\" \/>\n<script type=\"application\/ld+json\" class=\"yoast-schema-graph\">{\"@context\":\"https:\\\/\\\/schema.org\",\"@graph\":[{\"@type\":\"Article\",\"@id\":\"https:\\\/\\\/mula.es\\\/web\\\/8-de-marzo-dia-internacional-de-la-mujer-bases-del-xvii-certamen-de-relatos-cortos-y-programa-de-actividades\\\/#article\",\"isPartOf\":{\"@id\":\"https:\\\/\\\/mula.es\\\/web\\\/8-de-marzo-dia-internacional-de-la-mujer-bases-del-xvii-certamen-de-relatos-cortos-y-programa-de-actividades\\\/\"},\"author\":{\"name\":\"admin\",\"@id\":\"https:\\\/\\\/mula.es\\\/web\\\/#\\\/schema\\\/person\\\/a0dbffe9f4a3ed4aaebedcfef02f71a1\"},\"headline\":\"8 de marzo: D\u00eda Internacional de la Mujer &#8211; Bases del XVII Certamen de Relatos Cortos y Programa de Actividades\",\"datePublished\":\"2016-02-23T08:40:59+00:00\",\"dateModified\":\"2021-05-12T18:18:51+00:00\",\"mainEntityOfPage\":{\"@id\":\"https:\\\/\\\/mula.es\\\/web\\\/8-de-marzo-dia-internacional-de-la-mujer-bases-del-xvii-certamen-de-relatos-cortos-y-programa-de-actividades\\\/\"},\"wordCount\":722,\"image\":{\"@id\":\"https:\\\/\\\/mula.es\\\/web\\\/8-de-marzo-dia-internacional-de-la-mujer-bases-del-xvii-certamen-de-relatos-cortos-y-programa-de-actividades\\\/#primaryimage\"},\"thumbnailUrl\":\"https:\\\/\\\/mula.es\\\/web\\\/wp-content\\\/uploads\\\/2016\\\/02\\\/mujer2016.jpg\",\"articleSection\":[\"actividades\",\"certamen\",\"internacional\",\"mujer\",\"relatos\"],\"inLanguage\":\"es\"},{\"@type\":\"WebPage\",\"@id\":\"https:\\\/\\\/mula.es\\\/web\\\/8-de-marzo-dia-internacional-de-la-mujer-bases-del-xvii-certamen-de-relatos-cortos-y-programa-de-actividades\\\/\",\"url\":\"https:\\\/\\\/mula.es\\\/web\\\/8-de-marzo-dia-internacional-de-la-mujer-bases-del-xvii-certamen-de-relatos-cortos-y-programa-de-actividades\\\/\",\"name\":\"8 de marzo: D\u00eda Internacional de la Mujer - Bases del XVII Certamen de Relatos Cortos y Programa de Actividades - Ayuntamiento de Mula\",\"isPartOf\":{\"@id\":\"https:\\\/\\\/mula.es\\\/web\\\/#website\"},\"primaryImageOfPage\":{\"@id\":\"https:\\\/\\\/mula.es\\\/web\\\/8-de-marzo-dia-internacional-de-la-mujer-bases-del-xvii-certamen-de-relatos-cortos-y-programa-de-actividades\\\/#primaryimage\"},\"image\":{\"@id\":\"https:\\\/\\\/mula.es\\\/web\\\/8-de-marzo-dia-internacional-de-la-mujer-bases-del-xvii-certamen-de-relatos-cortos-y-programa-de-actividades\\\/#primaryimage\"},\"thumbnailUrl\":\"https:\\\/\\\/mula.es\\\/web\\\/wp-content\\\/uploads\\\/2016\\\/02\\\/mujer2016.jpg\",\"datePublished\":\"2016-02-23T08:40:59+00:00\",\"dateModified\":\"2021-05-12T18:18:51+00:00\",\"author\":{\"@id\":\"https:\\\/\\\/mula.es\\\/web\\\/#\\\/schema\\\/person\\\/a0dbffe9f4a3ed4aaebedcfef02f71a1\"},\"breadcrumb\":{\"@id\":\"https:\\\/\\\/mula.es\\\/web\\\/8-de-marzo-dia-internacional-de-la-mujer-bases-del-xvii-certamen-de-relatos-cortos-y-programa-de-actividades\\\/#breadcrumb\"},\"inLanguage\":\"es\",\"potentialAction\":[{\"@type\":\"ReadAction\",\"target\":[\"https:\\\/\\\/mula.es\\\/web\\\/8-de-marzo-dia-internacional-de-la-mujer-bases-del-xvii-certamen-de-relatos-cortos-y-programa-de-actividades\\\/\"]}]},{\"@type\":\"ImageObject\",\"inLanguage\":\"es\",\"@id\":\"https:\\\/\\\/mula.es\\\/web\\\/8-de-marzo-dia-internacional-de-la-mujer-bases-del-xvii-certamen-de-relatos-cortos-y-programa-de-actividades\\\/#primaryimage\",\"url\":\"https:\\\/\\\/mula.es\\\/web\\\/wp-content\\\/uploads\\\/2016\\\/02\\\/mujer2016.jpg\",\"contentUrl\":\"https:\\\/\\\/mula.es\\\/web\\\/wp-content\\\/uploads\\\/2016\\\/02\\\/mujer2016.jpg\",\"width\":1159,\"height\":1257,\"caption\":\"primera p\u00e1gina folleto d\u00eda de la mujer 2016\"},{\"@type\":\"BreadcrumbList\",\"@id\":\"https:\\\/\\\/mula.es\\\/web\\\/8-de-marzo-dia-internacional-de-la-mujer-bases-del-xvii-certamen-de-relatos-cortos-y-programa-de-actividades\\\/#breadcrumb\",\"itemListElement\":[{\"@type\":\"ListItem\",\"position\":1,\"name\":\"Portada\",\"item\":\"https:\\\/\\\/mula.es\\\/web\\\/\"},{\"@type\":\"ListItem\",\"position\":2,\"name\":\"8 de marzo: D\u00eda Internacional de la Mujer &#8211; Bases del XVII Certamen de Relatos Cortos y Programa de Actividades\"}]},{\"@type\":\"WebSite\",\"@id\":\"https:\\\/\\\/mula.es\\\/web\\\/#website\",\"url\":\"https:\\\/\\\/mula.es\\\/web\\\/\",\"name\":\"Ayuntamiento de Mula\",\"description\":\"P\u00e1gina web del Ayuntamiento de Mula (Regi\u00f3n de Murcia)\",\"potentialAction\":[{\"@type\":\"SearchAction\",\"target\":{\"@type\":\"EntryPoint\",\"urlTemplate\":\"https:\\\/\\\/mula.es\\\/web\\\/?s={search_term_string}\"},\"query-input\":{\"@type\":\"PropertyValueSpecification\",\"valueRequired\":true,\"valueName\":\"search_term_string\"}}],\"inLanguage\":\"es\"},{\"@type\":\"Person\",\"@id\":\"https:\\\/\\\/mula.es\\\/web\\\/#\\\/schema\\\/person\\\/a0dbffe9f4a3ed4aaebedcfef02f71a1\",\"name\":\"admin\",\"image\":{\"@type\":\"ImageObject\",\"inLanguage\":\"es\",\"@id\":\"https:\\\/\\\/secure.gravatar.com\\\/avatar\\\/5423b9cd77f4c7f89a124365a268866f9dfee038c17fe9e37afd92b5920d810e?s=96&d=mm&r=g\",\"url\":\"https:\\\/\\\/secure.gravatar.com\\\/avatar\\\/5423b9cd77f4c7f89a124365a268866f9dfee038c17fe9e37afd92b5920d810e?s=96&d=mm&r=g\",\"contentUrl\":\"https:\\\/\\\/secure.gravatar.com\\\/avatar\\\/5423b9cd77f4c7f89a124365a268866f9dfee038c17fe9e37afd92b5920d810e?s=96&d=mm&r=g\",\"caption\":\"admin\"},\"description\":\"Lorem ipsum dolor sit amet, consectetur adipiscing elit. Nam viverra euismod odio, gravida pellentesque urna varius vitae. Sed dui lorem, adipiscing in adipiscing et, interdum nec metus. Mauris ultricies, justo eu convallis placerat, felis enim ornare nisi, vitae mattis nulla ante id dui. Ut lectus purus, commodo et tincidunt vel, interdum sed lectus. Vestibulum adipiscing tempor nisi id elementi.\",\"url\":\"https:\\\/\\\/mula.es\\\/web\\\/author\\\/jose-maria-boti\\\/\"}]}<\/script>\n<!-- \/ Yoast SEO plugin. -->","yoast_head_json":{"title":"8 de marzo: D\u00eda Internacional de la Mujer - Bases del XVII Certamen de Relatos Cortos y Programa de Actividades - Ayuntamiento de Mula","robots":{"index":"index","follow":"follow","max-snippet":"max-snippet:-1","max-image-preview":"max-image-preview:large","max-video-preview":"max-video-preview:-1"},"canonical":"https:\/\/mula.es\/web\/8-de-marzo-dia-internacional-de-la-mujer-bases-del-xvii-certamen-de-relatos-cortos-y-programa-de-actividades\/","og_locale":"es_ES","og_type":"article","og_title":"8 de marzo: D\u00eda Internacional de la Mujer - Bases del XVII Certamen de Relatos Cortos y Programa de Actividades - Ayuntamiento de Mula","og_url":"https:\/\/mula.es\/web\/8-de-marzo-dia-internacional-de-la-mujer-bases-del-xvii-certamen-de-relatos-cortos-y-programa-de-actividades\/","og_site_name":"Ayuntamiento de Mula","article_published_time":"2016-02-23T08:40:59+00:00","article_modified_time":"2021-05-12T18:18:51+00:00","og_image":[{"width":1159,"height":1257,"url":"https:\/\/i0.wp.com\/mula.es\/web\/wp-content\/uploads\/2016\/02\/mujer2016.jpg?fit=1159%2C1257&ssl=1","type":"image\/jpeg"}],"author":"admin","twitter_card":"summary_large_image","twitter_creator":"@AyuntamientMula","twitter_site":"@AyuntamientMula","twitter_misc":{"Escrito por":"admin","Tiempo de lectura":"4 minutos"},"schema":{"@context":"https:\/\/schema.org","@graph":[{"@type":"Article","@id":"https:\/\/mula.es\/web\/8-de-marzo-dia-internacional-de-la-mujer-bases-del-xvii-certamen-de-relatos-cortos-y-programa-de-actividades\/#article","isPartOf":{"@id":"https:\/\/mula.es\/web\/8-de-marzo-dia-internacional-de-la-mujer-bases-del-xvii-certamen-de-relatos-cortos-y-programa-de-actividades\/"},"author":{"name":"admin","@id":"https:\/\/mula.es\/web\/#\/schema\/person\/a0dbffe9f4a3ed4aaebedcfef02f71a1"},"headline":"8 de marzo: D\u00eda Internacional de la Mujer &#8211; Bases del XVII Certamen de Relatos Cortos y Programa de Actividades","datePublished":"2016-02-23T08:40:59+00:00","dateModified":"2021-05-12T18:18:51+00:00","mainEntityOfPage":{"@id":"https:\/\/mula.es\/web\/8-de-marzo-dia-internacional-de-la-mujer-bases-del-xvii-certamen-de-relatos-cortos-y-programa-de-actividades\/"},"wordCount":722,"image":{"@id":"https:\/\/mula.es\/web\/8-de-marzo-dia-internacional-de-la-mujer-bases-del-xvii-certamen-de-relatos-cortos-y-programa-de-actividades\/#primaryimage"},"thumbnailUrl":"https:\/\/mula.es\/web\/wp-content\/uploads\/2016\/02\/mujer2016.jpg","articleSection":["actividades","certamen","internacional","mujer","relatos"],"inLanguage":"es"},{"@type":"WebPage","@id":"https:\/\/mula.es\/web\/8-de-marzo-dia-internacional-de-la-mujer-bases-del-xvii-certamen-de-relatos-cortos-y-programa-de-actividades\/","url":"https:\/\/mula.es\/web\/8-de-marzo-dia-internacional-de-la-mujer-bases-del-xvii-certamen-de-relatos-cortos-y-programa-de-actividades\/","name":"8 de marzo: D\u00eda Internacional de la Mujer - Bases del XVII Certamen de Relatos Cortos y Programa de Actividades - Ayuntamiento de Mula","isPartOf":{"@id":"https:\/\/mula.es\/web\/#website"},"primaryImageOfPage":{"@id":"https:\/\/mula.es\/web\/8-de-marzo-dia-internacional-de-la-mujer-bases-del-xvii-certamen-de-relatos-cortos-y-programa-de-actividades\/#primaryimage"},"image":{"@id":"https:\/\/mula.es\/web\/8-de-marzo-dia-internacional-de-la-mujer-bases-del-xvii-certamen-de-relatos-cortos-y-programa-de-actividades\/#primaryimage"},"thumbnailUrl":"https:\/\/mula.es\/web\/wp-content\/uploads\/2016\/02\/mujer2016.jpg","datePublished":"2016-02-23T08:40:59+00:00","dateModified":"2021-05-12T18:18:51+00:00","author":{"@id":"https:\/\/mula.es\/web\/#\/schema\/person\/a0dbffe9f4a3ed4aaebedcfef02f71a1"},"breadcrumb":{"@id":"https:\/\/mula.es\/web\/8-de-marzo-dia-internacional-de-la-mujer-bases-del-xvii-certamen-de-relatos-cortos-y-programa-de-actividades\/#breadcrumb"},"inLanguage":"es","potentialAction":[{"@type":"ReadAction","target":["https:\/\/mula.es\/web\/8-de-marzo-dia-internacional-de-la-mujer-bases-del-xvii-certamen-de-relatos-cortos-y-programa-de-actividades\/"]}]},{"@type":"ImageObject","inLanguage":"es","@id":"https:\/\/mula.es\/web\/8-de-marzo-dia-internacional-de-la-mujer-bases-del-xvii-certamen-de-relatos-cortos-y-programa-de-actividades\/#primaryimage","url":"https:\/\/mula.es\/web\/wp-content\/uploads\/2016\/02\/mujer2016.jpg","contentUrl":"https:\/\/mula.es\/web\/wp-content\/uploads\/2016\/02\/mujer2016.jpg","width":1159,"height":1257,"caption":"primera p\u00e1gina folleto d\u00eda de la mujer 2016"},{"@type":"BreadcrumbList","@id":"https:\/\/mula.es\/web\/8-de-marzo-dia-internacional-de-la-mujer-bases-del-xvii-certamen-de-relatos-cortos-y-programa-de-actividades\/#breadcrumb","itemListElement":[{"@type":"ListItem","position":1,"name":"Portada","item":"https:\/\/mula.es\/web\/"},{"@type":"ListItem","position":2,"name":"8 de marzo: D\u00eda Internacional de la Mujer &#8211; Bases del XVII Certamen de Relatos Cortos y Programa de Actividades"}]},{"@type":"WebSite","@id":"https:\/\/mula.es\/web\/#website","url":"https:\/\/mula.es\/web\/","name":"Ayuntamiento de Mula","description":"P\u00e1gina web del Ayuntamiento de Mula (Regi\u00f3n de Murcia)","potentialAction":[{"@type":"SearchAction","target":{"@type":"EntryPoint","urlTemplate":"https:\/\/mula.es\/web\/?s={search_term_string}"},"query-input":{"@type":"PropertyValueSpecification","valueRequired":true,"valueName":"search_term_string"}}],"inLanguage":"es"},{"@type":"Person","@id":"https:\/\/mula.es\/web\/#\/schema\/person\/a0dbffe9f4a3ed4aaebedcfef02f71a1","name":"admin","image":{"@type":"ImageObject","inLanguage":"es","@id":"https:\/\/secure.gravatar.com\/avatar\/5423b9cd77f4c7f89a124365a268866f9dfee038c17fe9e37afd92b5920d810e?s=96&d=mm&r=g","url":"https:\/\/secure.gravatar.com\/avatar\/5423b9cd77f4c7f89a124365a268866f9dfee038c17fe9e37afd92b5920d810e?s=96&d=mm&r=g","contentUrl":"https:\/\/secure.gravatar.com\/avatar\/5423b9cd77f4c7f89a124365a268866f9dfee038c17fe9e37afd92b5920d810e?s=96&d=mm&r=g","caption":"admin"},"description":"Lorem ipsum dolor sit amet, consectetur adipiscing elit. Nam viverra euismod odio, gravida pellentesque urna varius vitae. Sed dui lorem, adipiscing in adipiscing et, interdum nec metus. Mauris ultricies, justo eu convallis placerat, felis enim ornare nisi, vitae mattis nulla ante id dui. Ut lectus purus, commodo et tincidunt vel, interdum sed lectus. Vestibulum adipiscing tempor nisi id elementi.","url":"https:\/\/mula.es\/web\/author\/jose-maria-boti\/"}]}},"jetpack_publicize_connections":[],"jetpack_featured_media_url":"https:\/\/mula.es\/web\/wp-content\/uploads\/2016\/02\/mujer2016.jpg","jetpack_sharing_enabled":true,"jetpack_shortlink":"https:\/\/wp.me\/pa9DMY-3I0","jetpack-related-posts":[],"_links":{"self":[{"href":"https:\/\/mula.es\/web\/wp-json\/wp\/v2\/posts\/14260","targetHints":{"allow":["GET"]}}],"collection":[{"href":"https:\/\/mula.es\/web\/wp-json\/wp\/v2\/posts"}],"about":[{"href":"https:\/\/mula.es\/web\/wp-json\/wp\/v2\/types\/post"}],"author":[{"embeddable":true,"href":"https:\/\/mula.es\/web\/wp-json\/wp\/v2\/users\/1"}],"replies":[{"embeddable":true,"href":"https:\/\/mula.es\/web\/wp-json\/wp\/v2\/comments?post=14260"}],"version-history":[{"count":4,"href":"https:\/\/mula.es\/web\/wp-json\/wp\/v2\/posts\/14260\/revisions"}],"predecessor-version":[{"id":40189,"href":"https:\/\/mula.es\/web\/wp-json\/wp\/v2\/posts\/14260\/revisions\/40189"}],"wp:featuredmedia":[{"embeddable":true,"href":"https:\/\/mula.es\/web\/wp-json\/wp\/v2\/media\/14261"}],"wp:attachment":[{"href":"https:\/\/mula.es\/web\/wp-json\/wp\/v2\/media?parent=14260"}],"wp:term":[{"taxonomy":"category","embeddable":true,"href":"https:\/\/mula.es\/web\/wp-json\/wp\/v2\/categories?post=14260"},{"taxonomy":"post_tag","embeddable":true,"href":"https:\/\/mula.es\/web\/wp-json\/wp\/v2\/tags?post=14260"}],"curies":[{"name":"wp","href":"https:\/\/api.w.org\/{rel}","templated":true}]}}