{"id":14742,"date":"2016-03-04T13:16:42","date_gmt":"2016-03-04T12:16:42","guid":{"rendered":"http:\/\/mula.es\/web\/?p=14742"},"modified":"2021-05-12T20:18:49","modified_gmt":"2021-05-12T18:18:49","slug":"reunion-de-la-concejala-de-juventud-y-adolescencia-con-los-directores-de-los-ies-ortega-y-rubio-y-ribera-de-los-molinos","status":"publish","type":"post","link":"https:\/\/mula.es\/web\/reunion-de-la-concejala-de-juventud-y-adolescencia-con-los-directores-de-los-ies-ortega-y-rubio-y-ribera-de-los-molinos\/","title":{"rendered":"Reuni\u00f3n de la Concejala de Juventud y Adolescencia con los Directores de los IES Ortega y Rubio y Ribera de los Molinos"},"content":{"rendered":"<div class=\"fusion-fullwidth fullwidth-box fusion-builder-row-1 fusion-flex-container hundred-percent-fullwidth non-hundred-percent-height-scrolling\" style=\"--awb-border-radius-top-left:0px;--awb-border-radius-top-right:0px;--awb-border-radius-bottom-right:0px;--awb-border-radius-bottom-left:0px;--awb-overflow:visible;--awb-flex-wrap:wrap;\" ><div class=\"fusion-builder-row fusion-row fusion-flex-align-items-flex-start fusion-flex-content-wrap\" style=\"width:calc( 100% + 0px ) !important;max-width:calc( 100% + 0px ) !important;margin-left: calc(-0px \/ 2 );margin-right: calc(-0px \/ 2 );\"><div class=\"fusion-layout-column fusion_builder_column fusion-builder-column-0 fusion_builder_column_1_1 1_1 fusion-flex-column\" style=\"--awb-bg-size:cover;--awb-width-large:100%;--awb-margin-top-large:0px;--awb-spacing-right-large:0px;--awb-margin-bottom-large:20px;--awb-spacing-left-large:0px;--awb-width-medium:100%;--awb-spacing-right-medium:0px;--awb-spacing-left-medium:0px;--awb-width-small:100%;--awb-spacing-right-small:0px;--awb-spacing-left-small:0px;\"><div class=\"fusion-column-wrapper fusion-flex-justify-content-flex-start fusion-content-layout-column\"><div class=\"fusion-text fusion-text-1\"><p style=\"text-align: justify;\">La Concejala de Juventud y Adolescencia del Ayuntamiento de Mula, Alejandra Mart\u00ednez Garc\u00eda, mantuvo en la ma\u00f1ana de ayer una reuni\u00f3n con los Directores y Orientadores de los IES Ortega y Rubio y Ribera de los Molinos de la ciudad de Mula.<\/p>\n<p style=\"text-align: justify;\">El motivo, conocer de primera mano las inquietudes de los j\u00f3venes estudiantes en materia de formaci\u00f3n, empleo, asociacionismo, ocio y tiempo libre.<\/p>\n<p style=\"text-align: justify;\">Se trata de seguir colaborando estrechamente con los centros de ense\u00f1anza para poner a disposici\u00f3n de los j\u00f3venes aquellas necesidades que demandan y que algunas veces no son capaces de transmitir a la Administraci\u00f3n.<\/p>\n<p style=\"text-align: justify;\">Recordamos que en los \u00faltimos a\u00f1os el tejido asociativo de Mula ha crecido considerablemente. As\u00ed, se han constituido asociaciones \u00a0con objetivos muy diferentes como la m\u00fasica, el teatro, el baile, los videojuegos, inform\u00e1tica, deporte urbano, etc.<\/p>\n<p style=\"text-align: justify;\">En el apartado de la formaci\u00f3n y el empleo, un tema que preocupa mucho a la Corporaci\u00f3n municipal, se est\u00e1 trabajando desde Agosto de 2015 con las dos orientadoras laborales que llevan el Programa de Garant\u00eda Juvenil quienes trabajan con los j\u00f3venes para hacerles llegar las ofertas en \u00a0formaci\u00f3n y empleo que pueden ser de su inter\u00e9s.<\/p>\n<p style=\"text-align: justify;\">En ambos centros se dispone de Corresponsales Juveniles que son los transmisores de la informaci\u00f3n a los j\u00f3venes de sus centros que les llega desde la Direcci\u00f3n General de Juventud de la CARM y del Excmo. Ayuntamiento de Mula, a trav\u00e9s de la Concejal\u00eda de Juventud y Adolescencia.<\/p>\n<p style=\"text-align: justify;\">Agradecer a los Directores y profesorado de ambos centros el grado de implicaci\u00f3n en todas y cada una de las cuestiones y\/o actividades que desde el Ayuntamiento se plantean a lo largo del a\u00f1o.<\/p>\n<\/div><\/div><\/div><\/div><\/div>\n","protected":false},"excerpt":{"rendered":"","protected":false},"author":1,"featured_media":14282,"comment_status":"closed","ping_status":"closed","sticky":false,"template":"","format":"standard","meta":{"jetpack_post_was_ever_published":false,"_jetpack_newsletter_access":"","_jetpack_dont_email_post_to_subs":false,"_jetpack_newsletter_tier_id":0,"_jetpack_memberships_contains_paywalled_content":false,"_jetpack_memberships_contains_paid_content":false,"footnotes":"","jetpack_publicize_message":"","jetpack_publicize_feature_enabled":true,"jetpack_social_post_already_shared":false,"jetpack_social_options":{"image_generator_settings":{"template":"highway","default_image_id":0,"font":"","enabled":false},"version":2}},"categories":[87],"tags":[],"class_list":["post-14742","post","type-post","status-publish","format-standard","has-post-thumbnail","hentry","category-juventud-y-adolescencia"],"yoast_head":"<!-- This site is optimized with the Yoast SEO plugin v27.5 - https:\/\/yoast.com\/product\/yoast-seo-wordpress\/ -->\n<title>Reuni\u00f3n de la Concejala de Juventud y Adolescencia con los Directores de los IES Ortega y Rubio y Ribera de los Molinos - Ayuntamiento de Mula<\/title>\n<meta name=\"robots\" content=\"index, follow, max-snippet:-1, max-image-preview:large, max-video-preview:-1\" \/>\n<link rel=\"canonical\" href=\"https:\/\/mula.es\/web\/reunion-de-la-concejala-de-juventud-y-adolescencia-con-los-directores-de-los-ies-ortega-y-rubio-y-ribera-de-los-molinos\/\" \/>\n<meta property=\"og:locale\" content=\"es_ES\" \/>\n<meta property=\"og:type\" content=\"article\" \/>\n<meta property=\"og:title\" content=\"Reuni\u00f3n de la Concejala de Juventud y Adolescencia con los Directores de los IES Ortega y Rubio y Ribera de los Molinos - Ayuntamiento de Mula\" \/>\n<meta property=\"og:url\" content=\"https:\/\/mula.es\/web\/reunion-de-la-concejala-de-juventud-y-adolescencia-con-los-directores-de-los-ies-ortega-y-rubio-y-ribera-de-los-molinos\/\" \/>\n<meta property=\"og:site_name\" content=\"Ayuntamiento de Mula\" \/>\n<meta property=\"article:published_time\" content=\"2016-03-04T12:16:42+00:00\" \/>\n<meta property=\"article:modified_time\" content=\"2021-05-12T18:18:49+00:00\" \/>\n<meta property=\"og:image\" content=\"https:\/\/i0.wp.com\/mula.es\/web\/wp-content\/uploads\/2016\/02\/image4482-2.png?fit=170%2C120&ssl=1\" \/>\n\t<meta property=\"og:image:width\" content=\"170\" \/>\n\t<meta property=\"og:image:height\" content=\"120\" \/>\n\t<meta property=\"og:image:type\" content=\"image\/png\" \/>\n<meta name=\"author\" content=\"admin\" \/>\n<meta name=\"twitter:card\" content=\"summary_large_image\" \/>\n<meta name=\"twitter:creator\" content=\"@AyuntamientMula\" \/>\n<meta name=\"twitter:site\" content=\"@AyuntamientMula\" \/>\n<meta name=\"twitter:label1\" content=\"Escrito por\" \/>\n\t<meta name=\"twitter:data1\" content=\"admin\" \/>\n\t<meta name=\"twitter:label2\" content=\"Tiempo de lectura\" \/>\n\t<meta name=\"twitter:data2\" content=\"2 minutos\" \/>\n<script type=\"application\/ld+json\" class=\"yoast-schema-graph\">{\"@context\":\"https:\\\/\\\/schema.org\",\"@graph\":[{\"@type\":\"Article\",\"@id\":\"https:\\\/\\\/mula.es\\\/web\\\/reunion-de-la-concejala-de-juventud-y-adolescencia-con-los-directores-de-los-ies-ortega-y-rubio-y-ribera-de-los-molinos\\\/#article\",\"isPartOf\":{\"@id\":\"https:\\\/\\\/mula.es\\\/web\\\/reunion-de-la-concejala-de-juventud-y-adolescencia-con-los-directores-de-los-ies-ortega-y-rubio-y-ribera-de-los-molinos\\\/\"},\"author\":{\"name\":\"admin\",\"@id\":\"https:\\\/\\\/mula.es\\\/web\\\/#\\\/schema\\\/person\\\/a0dbffe9f4a3ed4aaebedcfef02f71a1\"},\"headline\":\"Reuni\u00f3n de la Concejala de Juventud y Adolescencia con los Directores de los IES Ortega y Rubio y Ribera de los Molinos\",\"datePublished\":\"2016-03-04T12:16:42+00:00\",\"dateModified\":\"2021-05-12T18:18:49+00:00\",\"mainEntityOfPage\":{\"@id\":\"https:\\\/\\\/mula.es\\\/web\\\/reunion-de-la-concejala-de-juventud-y-adolescencia-con-los-directores-de-los-ies-ortega-y-rubio-y-ribera-de-los-molinos\\\/\"},\"wordCount\":392,\"image\":{\"@id\":\"https:\\\/\\\/mula.es\\\/web\\\/reunion-de-la-concejala-de-juventud-y-adolescencia-con-los-directores-de-los-ies-ortega-y-rubio-y-ribera-de-los-molinos\\\/#primaryimage\"},\"thumbnailUrl\":\"https:\\\/\\\/mula.es\\\/web\\\/wp-content\\\/uploads\\\/2016\\\/02\\\/image4482-2.png\",\"articleSection\":[\"juventud y adolescencia\"],\"inLanguage\":\"es\"},{\"@type\":\"WebPage\",\"@id\":\"https:\\\/\\\/mula.es\\\/web\\\/reunion-de-la-concejala-de-juventud-y-adolescencia-con-los-directores-de-los-ies-ortega-y-rubio-y-ribera-de-los-molinos\\\/\",\"url\":\"https:\\\/\\\/mula.es\\\/web\\\/reunion-de-la-concejala-de-juventud-y-adolescencia-con-los-directores-de-los-ies-ortega-y-rubio-y-ribera-de-los-molinos\\\/\",\"name\":\"Reuni\u00f3n de la Concejala de Juventud y Adolescencia con los Directores de los IES Ortega y Rubio y Ribera de los Molinos - Ayuntamiento de Mula\",\"isPartOf\":{\"@id\":\"https:\\\/\\\/mula.es\\\/web\\\/#website\"},\"primaryImageOfPage\":{\"@id\":\"https:\\\/\\\/mula.es\\\/web\\\/reunion-de-la-concejala-de-juventud-y-adolescencia-con-los-directores-de-los-ies-ortega-y-rubio-y-ribera-de-los-molinos\\\/#primaryimage\"},\"image\":{\"@id\":\"https:\\\/\\\/mula.es\\\/web\\\/reunion-de-la-concejala-de-juventud-y-adolescencia-con-los-directores-de-los-ies-ortega-y-rubio-y-ribera-de-los-molinos\\\/#primaryimage\"},\"thumbnailUrl\":\"https:\\\/\\\/mula.es\\\/web\\\/wp-content\\\/uploads\\\/2016\\\/02\\\/image4482-2.png\",\"datePublished\":\"2016-03-04T12:16:42+00:00\",\"dateModified\":\"2021-05-12T18:18:49+00:00\",\"author\":{\"@id\":\"https:\\\/\\\/mula.es\\\/web\\\/#\\\/schema\\\/person\\\/a0dbffe9f4a3ed4aaebedcfef02f71a1\"},\"breadcrumb\":{\"@id\":\"https:\\\/\\\/mula.es\\\/web\\\/reunion-de-la-concejala-de-juventud-y-adolescencia-con-los-directores-de-los-ies-ortega-y-rubio-y-ribera-de-los-molinos\\\/#breadcrumb\"},\"inLanguage\":\"es\",\"potentialAction\":[{\"@type\":\"ReadAction\",\"target\":[\"https:\\\/\\\/mula.es\\\/web\\\/reunion-de-la-concejala-de-juventud-y-adolescencia-con-los-directores-de-los-ies-ortega-y-rubio-y-ribera-de-los-molinos\\\/\"]}]},{\"@type\":\"ImageObject\",\"inLanguage\":\"es\",\"@id\":\"https:\\\/\\\/mula.es\\\/web\\\/reunion-de-la-concejala-de-juventud-y-adolescencia-con-los-directores-de-los-ies-ortega-y-rubio-y-ribera-de-los-molinos\\\/#primaryimage\",\"url\":\"https:\\\/\\\/mula.es\\\/web\\\/wp-content\\\/uploads\\\/2016\\\/02\\\/image4482-2.png\",\"contentUrl\":\"https:\\\/\\\/mula.es\\\/web\\\/wp-content\\\/uploads\\\/2016\\\/02\\\/image4482-2.png\",\"width\":170,\"height\":120,\"caption\":\"Logo Juventud\"},{\"@type\":\"BreadcrumbList\",\"@id\":\"https:\\\/\\\/mula.es\\\/web\\\/reunion-de-la-concejala-de-juventud-y-adolescencia-con-los-directores-de-los-ies-ortega-y-rubio-y-ribera-de-los-molinos\\\/#breadcrumb\",\"itemListElement\":[{\"@type\":\"ListItem\",\"position\":1,\"name\":\"Portada\",\"item\":\"https:\\\/\\\/mula.es\\\/web\\\/\"},{\"@type\":\"ListItem\",\"position\":2,\"name\":\"Reuni\u00f3n de la Concejala de Juventud y Adolescencia con los Directores de los IES Ortega y Rubio y Ribera de los Molinos\"}]},{\"@type\":\"WebSite\",\"@id\":\"https:\\\/\\\/mula.es\\\/web\\\/#website\",\"url\":\"https:\\\/\\\/mula.es\\\/web\\\/\",\"name\":\"Ayuntamiento de Mula\",\"description\":\"P\u00e1gina web del Ayuntamiento de Mula (Regi\u00f3n de Murcia)\",\"potentialAction\":[{\"@type\":\"SearchAction\",\"target\":{\"@type\":\"EntryPoint\",\"urlTemplate\":\"https:\\\/\\\/mula.es\\\/web\\\/?s={search_term_string}\"},\"query-input\":{\"@type\":\"PropertyValueSpecification\",\"valueRequired\":true,\"valueName\":\"search_term_string\"}}],\"inLanguage\":\"es\"},{\"@type\":\"Person\",\"@id\":\"https:\\\/\\\/mula.es\\\/web\\\/#\\\/schema\\\/person\\\/a0dbffe9f4a3ed4aaebedcfef02f71a1\",\"name\":\"admin\",\"image\":{\"@type\":\"ImageObject\",\"inLanguage\":\"es\",\"@id\":\"https:\\\/\\\/secure.gravatar.com\\\/avatar\\\/5423b9cd77f4c7f89a124365a268866f9dfee038c17fe9e37afd92b5920d810e?s=96&d=mm&r=g\",\"url\":\"https:\\\/\\\/secure.gravatar.com\\\/avatar\\\/5423b9cd77f4c7f89a124365a268866f9dfee038c17fe9e37afd92b5920d810e?s=96&d=mm&r=g\",\"contentUrl\":\"https:\\\/\\\/secure.gravatar.com\\\/avatar\\\/5423b9cd77f4c7f89a124365a268866f9dfee038c17fe9e37afd92b5920d810e?s=96&d=mm&r=g\",\"caption\":\"admin\"},\"description\":\"Lorem ipsum dolor sit amet, consectetur adipiscing elit. Nam viverra euismod odio, gravida pellentesque urna varius vitae. Sed dui lorem, adipiscing in adipiscing et, interdum nec metus. Mauris ultricies, justo eu convallis placerat, felis enim ornare nisi, vitae mattis nulla ante id dui. Ut lectus purus, commodo et tincidunt vel, interdum sed lectus. Vestibulum adipiscing tempor nisi id elementi.\",\"url\":\"https:\\\/\\\/mula.es\\\/web\\\/author\\\/jose-maria-boti\\\/\"}]}<\/script>\n<!-- \/ Yoast SEO plugin. -->","yoast_head_json":{"title":"Reuni\u00f3n de la Concejala de Juventud y Adolescencia con los Directores de los IES Ortega y Rubio y Ribera de los Molinos - Ayuntamiento de Mula","robots":{"index":"index","follow":"follow","max-snippet":"max-snippet:-1","max-image-preview":"max-image-preview:large","max-video-preview":"max-video-preview:-1"},"canonical":"https:\/\/mula.es\/web\/reunion-de-la-concejala-de-juventud-y-adolescencia-con-los-directores-de-los-ies-ortega-y-rubio-y-ribera-de-los-molinos\/","og_locale":"es_ES","og_type":"article","og_title":"Reuni\u00f3n de la Concejala de Juventud y Adolescencia con los Directores de los IES Ortega y Rubio y Ribera de los Molinos - Ayuntamiento de Mula","og_url":"https:\/\/mula.es\/web\/reunion-de-la-concejala-de-juventud-y-adolescencia-con-los-directores-de-los-ies-ortega-y-rubio-y-ribera-de-los-molinos\/","og_site_name":"Ayuntamiento de Mula","article_published_time":"2016-03-04T12:16:42+00:00","article_modified_time":"2021-05-12T18:18:49+00:00","og_image":[{"width":170,"height":120,"url":"https:\/\/i0.wp.com\/mula.es\/web\/wp-content\/uploads\/2016\/02\/image4482-2.png?fit=170%2C120&ssl=1","type":"image\/png"}],"author":"admin","twitter_card":"summary_large_image","twitter_creator":"@AyuntamientMula","twitter_site":"@AyuntamientMula","twitter_misc":{"Escrito por":"admin","Tiempo de lectura":"2 minutos"},"schema":{"@context":"https:\/\/schema.org","@graph":[{"@type":"Article","@id":"https:\/\/mula.es\/web\/reunion-de-la-concejala-de-juventud-y-adolescencia-con-los-directores-de-los-ies-ortega-y-rubio-y-ribera-de-los-molinos\/#article","isPartOf":{"@id":"https:\/\/mula.es\/web\/reunion-de-la-concejala-de-juventud-y-adolescencia-con-los-directores-de-los-ies-ortega-y-rubio-y-ribera-de-los-molinos\/"},"author":{"name":"admin","@id":"https:\/\/mula.es\/web\/#\/schema\/person\/a0dbffe9f4a3ed4aaebedcfef02f71a1"},"headline":"Reuni\u00f3n de la Concejala de Juventud y Adolescencia con los Directores de los IES Ortega y Rubio y Ribera de los Molinos","datePublished":"2016-03-04T12:16:42+00:00","dateModified":"2021-05-12T18:18:49+00:00","mainEntityOfPage":{"@id":"https:\/\/mula.es\/web\/reunion-de-la-concejala-de-juventud-y-adolescencia-con-los-directores-de-los-ies-ortega-y-rubio-y-ribera-de-los-molinos\/"},"wordCount":392,"image":{"@id":"https:\/\/mula.es\/web\/reunion-de-la-concejala-de-juventud-y-adolescencia-con-los-directores-de-los-ies-ortega-y-rubio-y-ribera-de-los-molinos\/#primaryimage"},"thumbnailUrl":"https:\/\/mula.es\/web\/wp-content\/uploads\/2016\/02\/image4482-2.png","articleSection":["juventud y adolescencia"],"inLanguage":"es"},{"@type":"WebPage","@id":"https:\/\/mula.es\/web\/reunion-de-la-concejala-de-juventud-y-adolescencia-con-los-directores-de-los-ies-ortega-y-rubio-y-ribera-de-los-molinos\/","url":"https:\/\/mula.es\/web\/reunion-de-la-concejala-de-juventud-y-adolescencia-con-los-directores-de-los-ies-ortega-y-rubio-y-ribera-de-los-molinos\/","name":"Reuni\u00f3n de la Concejala de Juventud y Adolescencia con los Directores de los IES Ortega y Rubio y Ribera de los Molinos - Ayuntamiento de Mula","isPartOf":{"@id":"https:\/\/mula.es\/web\/#website"},"primaryImageOfPage":{"@id":"https:\/\/mula.es\/web\/reunion-de-la-concejala-de-juventud-y-adolescencia-con-los-directores-de-los-ies-ortega-y-rubio-y-ribera-de-los-molinos\/#primaryimage"},"image":{"@id":"https:\/\/mula.es\/web\/reunion-de-la-concejala-de-juventud-y-adolescencia-con-los-directores-de-los-ies-ortega-y-rubio-y-ribera-de-los-molinos\/#primaryimage"},"thumbnailUrl":"https:\/\/mula.es\/web\/wp-content\/uploads\/2016\/02\/image4482-2.png","datePublished":"2016-03-04T12:16:42+00:00","dateModified":"2021-05-12T18:18:49+00:00","author":{"@id":"https:\/\/mula.es\/web\/#\/schema\/person\/a0dbffe9f4a3ed4aaebedcfef02f71a1"},"breadcrumb":{"@id":"https:\/\/mula.es\/web\/reunion-de-la-concejala-de-juventud-y-adolescencia-con-los-directores-de-los-ies-ortega-y-rubio-y-ribera-de-los-molinos\/#breadcrumb"},"inLanguage":"es","potentialAction":[{"@type":"ReadAction","target":["https:\/\/mula.es\/web\/reunion-de-la-concejala-de-juventud-y-adolescencia-con-los-directores-de-los-ies-ortega-y-rubio-y-ribera-de-los-molinos\/"]}]},{"@type":"ImageObject","inLanguage":"es","@id":"https:\/\/mula.es\/web\/reunion-de-la-concejala-de-juventud-y-adolescencia-con-los-directores-de-los-ies-ortega-y-rubio-y-ribera-de-los-molinos\/#primaryimage","url":"https:\/\/mula.es\/web\/wp-content\/uploads\/2016\/02\/image4482-2.png","contentUrl":"https:\/\/mula.es\/web\/wp-content\/uploads\/2016\/02\/image4482-2.png","width":170,"height":120,"caption":"Logo Juventud"},{"@type":"BreadcrumbList","@id":"https:\/\/mula.es\/web\/reunion-de-la-concejala-de-juventud-y-adolescencia-con-los-directores-de-los-ies-ortega-y-rubio-y-ribera-de-los-molinos\/#breadcrumb","itemListElement":[{"@type":"ListItem","position":1,"name":"Portada","item":"https:\/\/mula.es\/web\/"},{"@type":"ListItem","position":2,"name":"Reuni\u00f3n de la Concejala de Juventud y Adolescencia con los Directores de los IES Ortega y Rubio y Ribera de los Molinos"}]},{"@type":"WebSite","@id":"https:\/\/mula.es\/web\/#website","url":"https:\/\/mula.es\/web\/","name":"Ayuntamiento de Mula","description":"P\u00e1gina web del Ayuntamiento de Mula (Regi\u00f3n de Murcia)","potentialAction":[{"@type":"SearchAction","target":{"@type":"EntryPoint","urlTemplate":"https:\/\/mula.es\/web\/?s={search_term_string}"},"query-input":{"@type":"PropertyValueSpecification","valueRequired":true,"valueName":"search_term_string"}}],"inLanguage":"es"},{"@type":"Person","@id":"https:\/\/mula.es\/web\/#\/schema\/person\/a0dbffe9f4a3ed4aaebedcfef02f71a1","name":"admin","image":{"@type":"ImageObject","inLanguage":"es","@id":"https:\/\/secure.gravatar.com\/avatar\/5423b9cd77f4c7f89a124365a268866f9dfee038c17fe9e37afd92b5920d810e?s=96&d=mm&r=g","url":"https:\/\/secure.gravatar.com\/avatar\/5423b9cd77f4c7f89a124365a268866f9dfee038c17fe9e37afd92b5920d810e?s=96&d=mm&r=g","contentUrl":"https:\/\/secure.gravatar.com\/avatar\/5423b9cd77f4c7f89a124365a268866f9dfee038c17fe9e37afd92b5920d810e?s=96&d=mm&r=g","caption":"admin"},"description":"Lorem ipsum dolor sit amet, consectetur adipiscing elit. Nam viverra euismod odio, gravida pellentesque urna varius vitae. Sed dui lorem, adipiscing in adipiscing et, interdum nec metus. Mauris ultricies, justo eu convallis placerat, felis enim ornare nisi, vitae mattis nulla ante id dui. Ut lectus purus, commodo et tincidunt vel, interdum sed lectus. Vestibulum adipiscing tempor nisi id elementi.","url":"https:\/\/mula.es\/web\/author\/jose-maria-boti\/"}]}},"jetpack_publicize_connections":[],"jetpack_featured_media_url":"https:\/\/mula.es\/web\/wp-content\/uploads\/2016\/02\/image4482-2.png","jetpack_sharing_enabled":true,"jetpack_shortlink":"https:\/\/wp.me\/pa9DMY-3PM","jetpack-related-posts":[],"_links":{"self":[{"href":"https:\/\/mula.es\/web\/wp-json\/wp\/v2\/posts\/14742","targetHints":{"allow":["GET"]}}],"collection":[{"href":"https:\/\/mula.es\/web\/wp-json\/wp\/v2\/posts"}],"about":[{"href":"https:\/\/mula.es\/web\/wp-json\/wp\/v2\/types\/post"}],"author":[{"embeddable":true,"href":"https:\/\/mula.es\/web\/wp-json\/wp\/v2\/users\/1"}],"replies":[{"embeddable":true,"href":"https:\/\/mula.es\/web\/wp-json\/wp\/v2\/comments?post=14742"}],"version-history":[{"count":3,"href":"https:\/\/mula.es\/web\/wp-json\/wp\/v2\/posts\/14742\/revisions"}],"predecessor-version":[{"id":40179,"href":"https:\/\/mula.es\/web\/wp-json\/wp\/v2\/posts\/14742\/revisions\/40179"}],"wp:featuredmedia":[{"embeddable":true,"href":"https:\/\/mula.es\/web\/wp-json\/wp\/v2\/media\/14282"}],"wp:attachment":[{"href":"https:\/\/mula.es\/web\/wp-json\/wp\/v2\/media?parent=14742"}],"wp:term":[{"taxonomy":"category","embeddable":true,"href":"https:\/\/mula.es\/web\/wp-json\/wp\/v2\/categories?post=14742"},{"taxonomy":"post_tag","embeddable":true,"href":"https:\/\/mula.es\/web\/wp-json\/wp\/v2\/tags?post=14742"}],"curies":[{"name":"wp","href":"https:\/\/api.w.org\/{rel}","templated":true}]}}