{"id":14830,"date":"2016-03-09T09:21:43","date_gmt":"2016-03-09T08:21:43","guid":{"rendered":"http:\/\/mula.es\/web\/?p=14830"},"modified":"2021-05-12T20:18:48","modified_gmt":"2021-05-12T18:18:48","slug":"reunion-con-la-consejera-de-agua-agricultura-y-medio-ambiente-8-de-marzo","status":"publish","type":"post","link":"https:\/\/mula.es\/web\/reunion-con-la-consejera-de-agua-agricultura-y-medio-ambiente-8-de-marzo\/","title":{"rendered":"Reuni\u00f3n con la Consejera de Agua, Agricultura y Medio Ambiente &#8211; 8 de Marzo"},"content":{"rendered":"<div class=\"fusion-fullwidth fullwidth-box fusion-builder-row-1 fusion-flex-container hundred-percent-fullwidth non-hundred-percent-height-scrolling\" style=\"--awb-border-radius-top-left:0px;--awb-border-radius-top-right:0px;--awb-border-radius-bottom-right:0px;--awb-border-radius-bottom-left:0px;--awb-overflow:visible;--awb-flex-wrap:wrap;\" ><div class=\"fusion-builder-row fusion-row fusion-flex-align-items-flex-start fusion-flex-content-wrap\" style=\"width:calc( 100% + 0px ) !important;max-width:calc( 100% + 0px ) !important;margin-left: calc(-0px \/ 2 );margin-right: calc(-0px \/ 2 );\"><div class=\"fusion-layout-column fusion_builder_column fusion-builder-column-0 fusion_builder_column_1_1 1_1 fusion-flex-column\" style=\"--awb-bg-size:cover;--awb-width-large:100%;--awb-margin-top-large:0px;--awb-spacing-right-large:0px;--awb-margin-bottom-large:20px;--awb-spacing-left-large:0px;--awb-width-medium:100%;--awb-spacing-right-medium:0px;--awb-spacing-left-medium:0px;--awb-width-small:100%;--awb-spacing-right-small:0px;--awb-spacing-left-small:0px;\"><div class=\"fusion-column-wrapper fusion-flex-justify-content-flex-start fusion-content-layout-column\"><div class=\"fusion-text fusion-text-1\"><p style=\"text-align: justify;\">El Alcalde-Presidente del Excmo. Ayuntamiento de Mula, Juan Jes\u00fas Moreno Garc\u00eda, ha mantenido una reuni\u00f3n con la Consejera de Agua, Agricultura y Medio Ambiente, Adela Mart\u00ednez-Cach\u00e1 Mart\u00ednez, en las dependencias de dicha Consejer\u00eda.<\/p>\n<p style=\"text-align: justify;\">Diversos temas, de vital importancia para el municipio de Mula, han sido tratados en la reuni\u00f3n mantenida, en la que la Consejera ha informado al Alcalde que, el pr\u00f3ximo Jueves, 17 de marzo, visitar\u00e1 la pedania de Fuente Librilla, y asistir\u00e1 a la inauguraci\u00f3n oficial del Centro de Deportes de Monta\u00f1a de Casas Nuevas.<br \/>\nJuan Jes\u00fas Moreno, ha informado a la Consejera de la necesidad de llevar a cabo el plan de modernizaci\u00f3n de regad\u00edo y de buscar soluciones a los problemas existentes en las pedan\u00edas de Fuente Librilla y Y\u00e9char, debido a la escasez de agua.<\/p>\n<p style=\"text-align: justify;\">Otro tema tratado en dicha reuni\u00f3n, ha sido el traslado del Ecoparque de Mula a las instalaciones del \u201cantiguo silo\u201d. El alcalde ha informado de la necesidad del traslado de estas instalaciones a una ubicaci\u00f3n m\u00e1s cercana al n\u00facleo urbano, facilitando al ciudadano el traslado de los residuos as\u00ed como la vigilancia del mismo.<\/p>\n<p style=\"text-align: justify;\">En cuanto a la problem\u00e1tica que, desde hace hace a\u00f1os, afecta a los colectores de saneamiento de la Gran V\u00eda de Mula, el Alcalde, Juan Jes\u00fas Moreno, ha informado de la necesidad de renovar la totalidad de las redes de saneamiento que discurren bajo dicha calle.<\/p>\n<p style=\"text-align: justify;\">Por \u00faltimo se ha repasado el estado del cat\u00e1logo de caminos municipales, con el fin de adecuar y arreglar distintos caminos rurales del Municipio.<\/p>\n<\/div><\/div><\/div><\/div><\/div>\n","protected":false},"excerpt":{"rendered":"","protected":false},"author":1,"featured_media":14831,"comment_status":"closed","ping_status":"closed","sticky":false,"template":"","format":"standard","meta":{"jetpack_post_was_ever_published":false,"_jetpack_newsletter_access":"","_jetpack_dont_email_post_to_subs":false,"_jetpack_newsletter_tier_id":0,"_jetpack_memberships_contains_paywalled_content":false,"_jetpack_memberships_contains_paid_content":false,"footnotes":"","jetpack_publicize_message":"","jetpack_publicize_feature_enabled":true,"jetpack_social_post_already_shared":false,"jetpack_social_options":{"image_generator_settings":{"template":"highway","default_image_id":0,"font":"","enabled":false},"version":2}},"categories":[134,127,139,140,135,76,138,137,136],"tags":[],"class_list":["post-14830","post","type-post","status-publish","format-standard","has-post-thumbnail","hentry","category-agricultura","category-alcalde","category-casas-nuevas","category-ecoparque","category-fuente-librilla","category-mula","category-regadio","category-rural","category-yechar"],"yoast_head":"<!-- This site is optimized with the Yoast SEO plugin v27.5 - https:\/\/yoast.com\/product\/yoast-seo-wordpress\/ -->\n<title>Reuni\u00f3n con la Consejera de Agua, Agricultura y Medio Ambiente - 8 de Marzo - Ayuntamiento de Mula<\/title>\n<meta name=\"robots\" content=\"index, follow, max-snippet:-1, max-image-preview:large, max-video-preview:-1\" \/>\n<link rel=\"canonical\" href=\"https:\/\/mula.es\/web\/reunion-con-la-consejera-de-agua-agricultura-y-medio-ambiente-8-de-marzo\/\" \/>\n<meta property=\"og:locale\" content=\"es_ES\" \/>\n<meta property=\"og:type\" content=\"article\" \/>\n<meta property=\"og:title\" content=\"Reuni\u00f3n con la Consejera de Agua, Agricultura y Medio Ambiente - 8 de Marzo - Ayuntamiento de Mula\" \/>\n<meta property=\"og:url\" content=\"https:\/\/mula.es\/web\/reunion-con-la-consejera-de-agua-agricultura-y-medio-ambiente-8-de-marzo\/\" \/>\n<meta property=\"og:site_name\" content=\"Ayuntamiento de Mula\" \/>\n<meta property=\"article:published_time\" content=\"2016-03-09T08:21:43+00:00\" \/>\n<meta property=\"article:modified_time\" content=\"2021-05-12T18:18:48+00:00\" \/>\n<meta property=\"og:image\" content=\"https:\/\/mula.es\/web\/wp-content\/uploads\/2016\/03\/f_agri_1_08_03_2016-1024x579.jpg\" \/>\n\t<meta property=\"og:image:width\" content=\"1024\" \/>\n\t<meta property=\"og:image:height\" content=\"579\" \/>\n\t<meta property=\"og:image:type\" content=\"image\/jpeg\" \/>\n<meta name=\"author\" content=\"admin\" \/>\n<meta name=\"twitter:card\" content=\"summary_large_image\" \/>\n<meta name=\"twitter:creator\" content=\"@AyuntamientMula\" \/>\n<meta name=\"twitter:site\" content=\"@AyuntamientMula\" \/>\n<meta name=\"twitter:label1\" content=\"Escrito por\" \/>\n\t<meta name=\"twitter:data1\" content=\"admin\" \/>\n\t<meta name=\"twitter:label2\" content=\"Tiempo de lectura\" \/>\n\t<meta name=\"twitter:data2\" content=\"2 minutos\" \/>\n<script type=\"application\/ld+json\" class=\"yoast-schema-graph\">{\"@context\":\"https:\\\/\\\/schema.org\",\"@graph\":[{\"@type\":\"Article\",\"@id\":\"https:\\\/\\\/mula.es\\\/web\\\/reunion-con-la-consejera-de-agua-agricultura-y-medio-ambiente-8-de-marzo\\\/#article\",\"isPartOf\":{\"@id\":\"https:\\\/\\\/mula.es\\\/web\\\/reunion-con-la-consejera-de-agua-agricultura-y-medio-ambiente-8-de-marzo\\\/\"},\"author\":{\"name\":\"admin\",\"@id\":\"https:\\\/\\\/mula.es\\\/web\\\/#\\\/schema\\\/person\\\/a0dbffe9f4a3ed4aaebedcfef02f71a1\"},\"headline\":\"Reuni\u00f3n con la Consejera de Agua, Agricultura y Medio Ambiente &#8211; 8 de Marzo\",\"datePublished\":\"2016-03-09T08:21:43+00:00\",\"dateModified\":\"2021-05-12T18:18:48+00:00\",\"mainEntityOfPage\":{\"@id\":\"https:\\\/\\\/mula.es\\\/web\\\/reunion-con-la-consejera-de-agua-agricultura-y-medio-ambiente-8-de-marzo\\\/\"},\"wordCount\":361,\"image\":{\"@id\":\"https:\\\/\\\/mula.es\\\/web\\\/reunion-con-la-consejera-de-agua-agricultura-y-medio-ambiente-8-de-marzo\\\/#primaryimage\"},\"thumbnailUrl\":\"https:\\\/\\\/mula.es\\\/web\\\/wp-content\\\/uploads\\\/2016\\\/03\\\/f_agri_1_08_03_2016.jpg\",\"articleSection\":[\"agricultura\",\"alcalde\",\"casas nuevas\",\"ecoparque\",\"fuente librilla\",\"mula\",\"regad\u00edo\",\"rural\",\"y\u00e9char\"],\"inLanguage\":\"es\"},{\"@type\":\"WebPage\",\"@id\":\"https:\\\/\\\/mula.es\\\/web\\\/reunion-con-la-consejera-de-agua-agricultura-y-medio-ambiente-8-de-marzo\\\/\",\"url\":\"https:\\\/\\\/mula.es\\\/web\\\/reunion-con-la-consejera-de-agua-agricultura-y-medio-ambiente-8-de-marzo\\\/\",\"name\":\"Reuni\u00f3n con la Consejera de Agua, Agricultura y Medio Ambiente - 8 de Marzo - Ayuntamiento de Mula\",\"isPartOf\":{\"@id\":\"https:\\\/\\\/mula.es\\\/web\\\/#website\"},\"primaryImageOfPage\":{\"@id\":\"https:\\\/\\\/mula.es\\\/web\\\/reunion-con-la-consejera-de-agua-agricultura-y-medio-ambiente-8-de-marzo\\\/#primaryimage\"},\"image\":{\"@id\":\"https:\\\/\\\/mula.es\\\/web\\\/reunion-con-la-consejera-de-agua-agricultura-y-medio-ambiente-8-de-marzo\\\/#primaryimage\"},\"thumbnailUrl\":\"https:\\\/\\\/mula.es\\\/web\\\/wp-content\\\/uploads\\\/2016\\\/03\\\/f_agri_1_08_03_2016.jpg\",\"datePublished\":\"2016-03-09T08:21:43+00:00\",\"dateModified\":\"2021-05-12T18:18:48+00:00\",\"author\":{\"@id\":\"https:\\\/\\\/mula.es\\\/web\\\/#\\\/schema\\\/person\\\/a0dbffe9f4a3ed4aaebedcfef02f71a1\"},\"breadcrumb\":{\"@id\":\"https:\\\/\\\/mula.es\\\/web\\\/reunion-con-la-consejera-de-agua-agricultura-y-medio-ambiente-8-de-marzo\\\/#breadcrumb\"},\"inLanguage\":\"es\",\"potentialAction\":[{\"@type\":\"ReadAction\",\"target\":[\"https:\\\/\\\/mula.es\\\/web\\\/reunion-con-la-consejera-de-agua-agricultura-y-medio-ambiente-8-de-marzo\\\/\"]}]},{\"@type\":\"ImageObject\",\"inLanguage\":\"es\",\"@id\":\"https:\\\/\\\/mula.es\\\/web\\\/reunion-con-la-consejera-de-agua-agricultura-y-medio-ambiente-8-de-marzo\\\/#primaryimage\",\"url\":\"https:\\\/\\\/mula.es\\\/web\\\/wp-content\\\/uploads\\\/2016\\\/03\\\/f_agri_1_08_03_2016.jpg\",\"contentUrl\":\"https:\\\/\\\/mula.es\\\/web\\\/wp-content\\\/uploads\\\/2016\\\/03\\\/f_agri_1_08_03_2016.jpg\",\"width\":2688,\"height\":1520,\"caption\":\"imagen reuni\u00f3n consejera agricultura 8 de marzo de 2016\"},{\"@type\":\"BreadcrumbList\",\"@id\":\"https:\\\/\\\/mula.es\\\/web\\\/reunion-con-la-consejera-de-agua-agricultura-y-medio-ambiente-8-de-marzo\\\/#breadcrumb\",\"itemListElement\":[{\"@type\":\"ListItem\",\"position\":1,\"name\":\"Portada\",\"item\":\"https:\\\/\\\/mula.es\\\/web\\\/\"},{\"@type\":\"ListItem\",\"position\":2,\"name\":\"Reuni\u00f3n con la Consejera de Agua, Agricultura y Medio Ambiente &#8211; 8 de Marzo\"}]},{\"@type\":\"WebSite\",\"@id\":\"https:\\\/\\\/mula.es\\\/web\\\/#website\",\"url\":\"https:\\\/\\\/mula.es\\\/web\\\/\",\"name\":\"Ayuntamiento de Mula\",\"description\":\"P\u00e1gina web del Ayuntamiento de Mula (Regi\u00f3n de Murcia)\",\"potentialAction\":[{\"@type\":\"SearchAction\",\"target\":{\"@type\":\"EntryPoint\",\"urlTemplate\":\"https:\\\/\\\/mula.es\\\/web\\\/?s={search_term_string}\"},\"query-input\":{\"@type\":\"PropertyValueSpecification\",\"valueRequired\":true,\"valueName\":\"search_term_string\"}}],\"inLanguage\":\"es\"},{\"@type\":\"Person\",\"@id\":\"https:\\\/\\\/mula.es\\\/web\\\/#\\\/schema\\\/person\\\/a0dbffe9f4a3ed4aaebedcfef02f71a1\",\"name\":\"admin\",\"image\":{\"@type\":\"ImageObject\",\"inLanguage\":\"es\",\"@id\":\"https:\\\/\\\/secure.gravatar.com\\\/avatar\\\/5423b9cd77f4c7f89a124365a268866f9dfee038c17fe9e37afd92b5920d810e?s=96&d=mm&r=g\",\"url\":\"https:\\\/\\\/secure.gravatar.com\\\/avatar\\\/5423b9cd77f4c7f89a124365a268866f9dfee038c17fe9e37afd92b5920d810e?s=96&d=mm&r=g\",\"contentUrl\":\"https:\\\/\\\/secure.gravatar.com\\\/avatar\\\/5423b9cd77f4c7f89a124365a268866f9dfee038c17fe9e37afd92b5920d810e?s=96&d=mm&r=g\",\"caption\":\"admin\"},\"description\":\"Lorem ipsum dolor sit amet, consectetur adipiscing elit. Nam viverra euismod odio, gravida pellentesque urna varius vitae. Sed dui lorem, adipiscing in adipiscing et, interdum nec metus. Mauris ultricies, justo eu convallis placerat, felis enim ornare nisi, vitae mattis nulla ante id dui. Ut lectus purus, commodo et tincidunt vel, interdum sed lectus. Vestibulum adipiscing tempor nisi id elementi.\",\"url\":\"https:\\\/\\\/mula.es\\\/web\\\/author\\\/jose-maria-boti\\\/\"}]}<\/script>\n<!-- \/ Yoast SEO plugin. -->","yoast_head_json":{"title":"Reuni\u00f3n con la Consejera de Agua, Agricultura y Medio Ambiente - 8 de Marzo - Ayuntamiento de Mula","robots":{"index":"index","follow":"follow","max-snippet":"max-snippet:-1","max-image-preview":"max-image-preview:large","max-video-preview":"max-video-preview:-1"},"canonical":"https:\/\/mula.es\/web\/reunion-con-la-consejera-de-agua-agricultura-y-medio-ambiente-8-de-marzo\/","og_locale":"es_ES","og_type":"article","og_title":"Reuni\u00f3n con la Consejera de Agua, Agricultura y Medio Ambiente - 8 de Marzo - Ayuntamiento de Mula","og_url":"https:\/\/mula.es\/web\/reunion-con-la-consejera-de-agua-agricultura-y-medio-ambiente-8-de-marzo\/","og_site_name":"Ayuntamiento de Mula","article_published_time":"2016-03-09T08:21:43+00:00","article_modified_time":"2021-05-12T18:18:48+00:00","og_image":[{"width":1024,"height":579,"url":"https:\/\/mula.es\/web\/wp-content\/uploads\/2016\/03\/f_agri_1_08_03_2016-1024x579.jpg","type":"image\/jpeg"}],"author":"admin","twitter_card":"summary_large_image","twitter_creator":"@AyuntamientMula","twitter_site":"@AyuntamientMula","twitter_misc":{"Escrito por":"admin","Tiempo de lectura":"2 minutos"},"schema":{"@context":"https:\/\/schema.org","@graph":[{"@type":"Article","@id":"https:\/\/mula.es\/web\/reunion-con-la-consejera-de-agua-agricultura-y-medio-ambiente-8-de-marzo\/#article","isPartOf":{"@id":"https:\/\/mula.es\/web\/reunion-con-la-consejera-de-agua-agricultura-y-medio-ambiente-8-de-marzo\/"},"author":{"name":"admin","@id":"https:\/\/mula.es\/web\/#\/schema\/person\/a0dbffe9f4a3ed4aaebedcfef02f71a1"},"headline":"Reuni\u00f3n con la Consejera de Agua, Agricultura y Medio Ambiente &#8211; 8 de Marzo","datePublished":"2016-03-09T08:21:43+00:00","dateModified":"2021-05-12T18:18:48+00:00","mainEntityOfPage":{"@id":"https:\/\/mula.es\/web\/reunion-con-la-consejera-de-agua-agricultura-y-medio-ambiente-8-de-marzo\/"},"wordCount":361,"image":{"@id":"https:\/\/mula.es\/web\/reunion-con-la-consejera-de-agua-agricultura-y-medio-ambiente-8-de-marzo\/#primaryimage"},"thumbnailUrl":"https:\/\/mula.es\/web\/wp-content\/uploads\/2016\/03\/f_agri_1_08_03_2016.jpg","articleSection":["agricultura","alcalde","casas nuevas","ecoparque","fuente librilla","mula","regad\u00edo","rural","y\u00e9char"],"inLanguage":"es"},{"@type":"WebPage","@id":"https:\/\/mula.es\/web\/reunion-con-la-consejera-de-agua-agricultura-y-medio-ambiente-8-de-marzo\/","url":"https:\/\/mula.es\/web\/reunion-con-la-consejera-de-agua-agricultura-y-medio-ambiente-8-de-marzo\/","name":"Reuni\u00f3n con la Consejera de Agua, Agricultura y Medio Ambiente - 8 de Marzo - Ayuntamiento de Mula","isPartOf":{"@id":"https:\/\/mula.es\/web\/#website"},"primaryImageOfPage":{"@id":"https:\/\/mula.es\/web\/reunion-con-la-consejera-de-agua-agricultura-y-medio-ambiente-8-de-marzo\/#primaryimage"},"image":{"@id":"https:\/\/mula.es\/web\/reunion-con-la-consejera-de-agua-agricultura-y-medio-ambiente-8-de-marzo\/#primaryimage"},"thumbnailUrl":"https:\/\/mula.es\/web\/wp-content\/uploads\/2016\/03\/f_agri_1_08_03_2016.jpg","datePublished":"2016-03-09T08:21:43+00:00","dateModified":"2021-05-12T18:18:48+00:00","author":{"@id":"https:\/\/mula.es\/web\/#\/schema\/person\/a0dbffe9f4a3ed4aaebedcfef02f71a1"},"breadcrumb":{"@id":"https:\/\/mula.es\/web\/reunion-con-la-consejera-de-agua-agricultura-y-medio-ambiente-8-de-marzo\/#breadcrumb"},"inLanguage":"es","potentialAction":[{"@type":"ReadAction","target":["https:\/\/mula.es\/web\/reunion-con-la-consejera-de-agua-agricultura-y-medio-ambiente-8-de-marzo\/"]}]},{"@type":"ImageObject","inLanguage":"es","@id":"https:\/\/mula.es\/web\/reunion-con-la-consejera-de-agua-agricultura-y-medio-ambiente-8-de-marzo\/#primaryimage","url":"https:\/\/mula.es\/web\/wp-content\/uploads\/2016\/03\/f_agri_1_08_03_2016.jpg","contentUrl":"https:\/\/mula.es\/web\/wp-content\/uploads\/2016\/03\/f_agri_1_08_03_2016.jpg","width":2688,"height":1520,"caption":"imagen reuni\u00f3n consejera agricultura 8 de marzo de 2016"},{"@type":"BreadcrumbList","@id":"https:\/\/mula.es\/web\/reunion-con-la-consejera-de-agua-agricultura-y-medio-ambiente-8-de-marzo\/#breadcrumb","itemListElement":[{"@type":"ListItem","position":1,"name":"Portada","item":"https:\/\/mula.es\/web\/"},{"@type":"ListItem","position":2,"name":"Reuni\u00f3n con la Consejera de Agua, Agricultura y Medio Ambiente &#8211; 8 de Marzo"}]},{"@type":"WebSite","@id":"https:\/\/mula.es\/web\/#website","url":"https:\/\/mula.es\/web\/","name":"Ayuntamiento de Mula","description":"P\u00e1gina web del Ayuntamiento de Mula (Regi\u00f3n de Murcia)","potentialAction":[{"@type":"SearchAction","target":{"@type":"EntryPoint","urlTemplate":"https:\/\/mula.es\/web\/?s={search_term_string}"},"query-input":{"@type":"PropertyValueSpecification","valueRequired":true,"valueName":"search_term_string"}}],"inLanguage":"es"},{"@type":"Person","@id":"https:\/\/mula.es\/web\/#\/schema\/person\/a0dbffe9f4a3ed4aaebedcfef02f71a1","name":"admin","image":{"@type":"ImageObject","inLanguage":"es","@id":"https:\/\/secure.gravatar.com\/avatar\/5423b9cd77f4c7f89a124365a268866f9dfee038c17fe9e37afd92b5920d810e?s=96&d=mm&r=g","url":"https:\/\/secure.gravatar.com\/avatar\/5423b9cd77f4c7f89a124365a268866f9dfee038c17fe9e37afd92b5920d810e?s=96&d=mm&r=g","contentUrl":"https:\/\/secure.gravatar.com\/avatar\/5423b9cd77f4c7f89a124365a268866f9dfee038c17fe9e37afd92b5920d810e?s=96&d=mm&r=g","caption":"admin"},"description":"Lorem ipsum dolor sit amet, consectetur adipiscing elit. Nam viverra euismod odio, gravida pellentesque urna varius vitae. Sed dui lorem, adipiscing in adipiscing et, interdum nec metus. Mauris ultricies, justo eu convallis placerat, felis enim ornare nisi, vitae mattis nulla ante id dui. Ut lectus purus, commodo et tincidunt vel, interdum sed lectus. Vestibulum adipiscing tempor nisi id elementi.","url":"https:\/\/mula.es\/web\/author\/jose-maria-boti\/"}]}},"jetpack_publicize_connections":[],"jetpack_featured_media_url":"https:\/\/mula.es\/web\/wp-content\/uploads\/2016\/03\/f_agri_1_08_03_2016.jpg","jetpack_sharing_enabled":true,"jetpack_shortlink":"https:\/\/wp.me\/pa9DMY-3Rc","jetpack-related-posts":[],"_links":{"self":[{"href":"https:\/\/mula.es\/web\/wp-json\/wp\/v2\/posts\/14830","targetHints":{"allow":["GET"]}}],"collection":[{"href":"https:\/\/mula.es\/web\/wp-json\/wp\/v2\/posts"}],"about":[{"href":"https:\/\/mula.es\/web\/wp-json\/wp\/v2\/types\/post"}],"author":[{"embeddable":true,"href":"https:\/\/mula.es\/web\/wp-json\/wp\/v2\/users\/1"}],"replies":[{"embeddable":true,"href":"https:\/\/mula.es\/web\/wp-json\/wp\/v2\/comments?post=14830"}],"version-history":[{"count":3,"href":"https:\/\/mula.es\/web\/wp-json\/wp\/v2\/posts\/14830\/revisions"}],"predecessor-version":[{"id":40176,"href":"https:\/\/mula.es\/web\/wp-json\/wp\/v2\/posts\/14830\/revisions\/40176"}],"wp:featuredmedia":[{"embeddable":true,"href":"https:\/\/mula.es\/web\/wp-json\/wp\/v2\/media\/14831"}],"wp:attachment":[{"href":"https:\/\/mula.es\/web\/wp-json\/wp\/v2\/media?parent=14830"}],"wp:term":[{"taxonomy":"category","embeddable":true,"href":"https:\/\/mula.es\/web\/wp-json\/wp\/v2\/categories?post=14830"},{"taxonomy":"post_tag","embeddable":true,"href":"https:\/\/mula.es\/web\/wp-json\/wp\/v2\/tags?post=14830"}],"curies":[{"name":"wp","href":"https:\/\/api.w.org\/{rel}","templated":true}]}}