{"id":15652,"date":"2016-04-13T12:05:54","date_gmt":"2016-04-13T10:05:54","guid":{"rendered":"http:\/\/mula.es\/web\/?p=15652"},"modified":"2021-05-12T20:18:41","modified_gmt":"2021-05-12T18:18:41","slug":"feria-de-tecnologica-descubre-la-tecnologia-de-la-manera-mas-cercana-15-y-16-de-abril","status":"publish","type":"post","link":"https:\/\/mula.es\/web\/feria-de-tecnologica-descubre-la-tecnologia-de-la-manera-mas-cercana-15-y-16-de-abril\/","title":{"rendered":"Feria de Tecnolog\u00eda &#8211; Descubre la tecnolog\u00eda de la manera m\u00e1s cercana &#8211; 15 y 16 de abril"},"content":{"rendered":"<div class=\"fusion-fullwidth fullwidth-box fusion-builder-row-1 fusion-flex-container hundred-percent-fullwidth non-hundred-percent-height-scrolling\" style=\"--awb-border-radius-top-left:0px;--awb-border-radius-top-right:0px;--awb-border-radius-bottom-right:0px;--awb-border-radius-bottom-left:0px;--awb-overflow:visible;--awb-flex-wrap:wrap;\" ><div class=\"fusion-builder-row fusion-row fusion-flex-align-items-flex-start fusion-flex-content-wrap\" style=\"width:calc( 100% + 0px ) !important;max-width:calc( 100% + 0px ) !important;margin-left: calc(-0px \/ 2 );margin-right: calc(-0px \/ 2 );\"><div class=\"fusion-layout-column fusion_builder_column fusion-builder-column-0 fusion_builder_column_1_1 1_1 fusion-flex-column\" style=\"--awb-bg-size:cover;--awb-width-large:100%;--awb-margin-top-large:0px;--awb-spacing-right-large:0px;--awb-margin-bottom-large:20px;--awb-spacing-left-large:0px;--awb-width-medium:100%;--awb-spacing-right-medium:0px;--awb-spacing-left-medium:0px;--awb-width-small:100%;--awb-spacing-right-small:0px;--awb-spacing-left-small:0px;\"><div class=\"fusion-column-wrapper fusion-flex-justify-content-flex-start fusion-content-layout-column\"><div class=\"fusion-text fusion-text-1\"><p style=\"text-align: justify;\">Los pr\u00f3ximos d\u00edas 15 y 16 de abril tendr\u00e1 lugar en Mula, en el Pabell\u00f3n Municipal de Deportes Javi Garc\u00eda una Feria Tecnol\u00f3gica. Su horario de visita ser\u00e1 viernes de 9:00-14:00h. y de 16:00-21:00h y s\u00e1bado de 10:00-14:00 y de 16:00-22:00h.<\/p>\n<p style=\"text-align: justify;\">Su programaci\u00f3n es la siguiente:<\/p>\n<ol style=\"text-align: justify;\">\n<li>Plastic Dreams . Demostraciones continuas de impresi\u00f3n 3D. Explicaci\u00f3n e la tecnolog\u00eda y proceso de impresi\u00f3n 3D, respondiendo a las dudas y preguntas del p\u00fablico asistente. Muestrario de diversos objetos impresos en 3D en diferentes materiales, maquetas, calzado, l\u00e1mparas, merchandising, cosplay.<\/li>\n<li>Makers of Murcia. Impresoras 3D, equipos de radioaficionados.<\/li>\n<li>IEEE-UPCT : Demostradores rob\u00f3ticos (robot que juega al ajedrez, el brazo rob\u00f3tico s\u00f3lo, el robot que baila, el sigue l\u00edneas, los proyectos que estamos llevando a cabo este a\u00f1o, se espera tener un par e robots m\u00e1s. Demostradores de electr\u00f3nica: demostradores de arduino.<\/li>\n<li>UPCT MAKERS: Demostradores rob\u00f3ticos y de electr\u00f3nica.<\/li>\n<li>UPCT SOLAR TEAM: Demostraci\u00f3n del coche, resoluci\u00f3n de dudas.<\/li>\n<li>UPCT RACING TEAM: Demostraci\u00f3n del coche, resoluci\u00f3n de dudas.<\/li>\n<li>MOTO UPCT: Demostraci\u00f3n del veh\u00edculo, resoluci\u00f3n de dudas.<\/li>\n<li>ADD: Exposici\u00f3n de los dibujos y de los videojuegos desarrollados por la Asociaci\u00f3n.<\/li>\n<\/ol>\n<p style=\"text-align: justify;\">Con esta actividad, desde la asociaci\u00f3n Mula Gaming, pretenden la realizaci\u00f3n de una feria tecnol\u00f3gica en nuestra localidad, teniendo \u00e9sta como objetivo principal, el despertar el inter\u00e9s ciudadano, tanto juvenil, como adulto, por la tecnolog\u00eda y las diversas variantes de la misma. Para la consecuci\u00f3n de este objetivo se propone la colaboraci\u00f3n con distintas asociaciones de la Regi\u00f3n: Makers of Murcia, IEEE-UPCT, Plastic Dreams, Universidades como la UPCT y diversos grupos adscritos a ella, y empresas locales como Fibramed.<\/p>\n<\/div><\/div><\/div><\/div><\/div>\n","protected":false},"excerpt":{"rendered":"","protected":false},"author":1,"featured_media":15653,"comment_status":"closed","ping_status":"closed","sticky":false,"template":"","format":"standard","meta":{"jetpack_post_was_ever_published":false,"_jetpack_newsletter_access":"","_jetpack_dont_email_post_to_subs":false,"_jetpack_newsletter_tier_id":0,"_jetpack_memberships_contains_paywalled_content":false,"_jetpack_memberships_contains_paid_content":false,"footnotes":"","jetpack_publicize_message":"","jetpack_publicize_feature_enabled":true,"jetpack_social_post_already_shared":false,"jetpack_social_options":{"image_generator_settings":{"template":"highway","default_image_id":0,"font":"","enabled":false},"version":2}},"categories":[119,184,185],"tags":[],"class_list":["post-15652","post","type-post","status-publish","format-standard","has-post-thumbnail","hentry","category-actividades","category-feria","category-tecnologia"],"yoast_head":"<!-- This site is optimized with the Yoast SEO plugin v27.4 - https:\/\/yoast.com\/product\/yoast-seo-wordpress\/ -->\n<title>Feria de Tecnolog\u00eda - Descubre la tecnolog\u00eda de la manera m\u00e1s cercana - 15 y 16 de abril - Ayuntamiento de Mula<\/title>\n<meta name=\"robots\" content=\"index, follow, max-snippet:-1, max-image-preview:large, max-video-preview:-1\" \/>\n<link rel=\"canonical\" href=\"https:\/\/mula.es\/web\/feria-de-tecnologica-descubre-la-tecnologia-de-la-manera-mas-cercana-15-y-16-de-abril\/\" \/>\n<meta property=\"og:locale\" content=\"es_ES\" \/>\n<meta property=\"og:type\" content=\"article\" \/>\n<meta property=\"og:title\" content=\"Feria de Tecnolog\u00eda - Descubre la tecnolog\u00eda de la manera m\u00e1s cercana - 15 y 16 de abril - Ayuntamiento de Mula\" \/>\n<meta property=\"og:url\" content=\"https:\/\/mula.es\/web\/feria-de-tecnologica-descubre-la-tecnologia-de-la-manera-mas-cercana-15-y-16-de-abril\/\" \/>\n<meta property=\"og:site_name\" content=\"Ayuntamiento de Mula\" \/>\n<meta property=\"article:published_time\" content=\"2016-04-13T10:05:54+00:00\" \/>\n<meta property=\"article:modified_time\" content=\"2021-05-12T18:18:41+00:00\" \/>\n<meta property=\"og:image\" content=\"https:\/\/i0.wp.com\/mula.es\/web\/wp-content\/uploads\/2016\/04\/cartel_feria_tecnologica_2016.jpg?fit=1024%2C1449&ssl=1\" \/>\n\t<meta property=\"og:image:width\" content=\"1024\" \/>\n\t<meta property=\"og:image:height\" content=\"1449\" \/>\n\t<meta property=\"og:image:type\" content=\"image\/jpeg\" \/>\n<meta name=\"author\" content=\"admin\" \/>\n<meta name=\"twitter:card\" content=\"summary_large_image\" \/>\n<meta name=\"twitter:creator\" content=\"@AyuntamientMula\" \/>\n<meta name=\"twitter:site\" content=\"@AyuntamientMula\" \/>\n<meta name=\"twitter:label1\" content=\"Escrito por\" \/>\n\t<meta name=\"twitter:data1\" content=\"admin\" \/>\n\t<meta name=\"twitter:label2\" content=\"Tiempo de lectura\" \/>\n\t<meta name=\"twitter:data2\" content=\"2 minutos\" \/>\n<script type=\"application\/ld+json\" class=\"yoast-schema-graph\">{\"@context\":\"https:\\\/\\\/schema.org\",\"@graph\":[{\"@type\":\"Article\",\"@id\":\"https:\\\/\\\/mula.es\\\/web\\\/feria-de-tecnologica-descubre-la-tecnologia-de-la-manera-mas-cercana-15-y-16-de-abril\\\/#article\",\"isPartOf\":{\"@id\":\"https:\\\/\\\/mula.es\\\/web\\\/feria-de-tecnologica-descubre-la-tecnologia-de-la-manera-mas-cercana-15-y-16-de-abril\\\/\"},\"author\":{\"name\":\"admin\",\"@id\":\"https:\\\/\\\/mula.es\\\/web\\\/#\\\/schema\\\/person\\\/a0dbffe9f4a3ed4aaebedcfef02f71a1\"},\"headline\":\"Feria de Tecnolog\u00eda &#8211; Descubre la tecnolog\u00eda de la manera m\u00e1s cercana &#8211; 15 y 16 de abril\",\"datePublished\":\"2016-04-13T10:05:54+00:00\",\"dateModified\":\"2021-05-12T18:18:41+00:00\",\"mainEntityOfPage\":{\"@id\":\"https:\\\/\\\/mula.es\\\/web\\\/feria-de-tecnologica-descubre-la-tecnologia-de-la-manera-mas-cercana-15-y-16-de-abril\\\/\"},\"wordCount\":390,\"image\":{\"@id\":\"https:\\\/\\\/mula.es\\\/web\\\/feria-de-tecnologica-descubre-la-tecnologia-de-la-manera-mas-cercana-15-y-16-de-abril\\\/#primaryimage\"},\"thumbnailUrl\":\"https:\\\/\\\/mula.es\\\/web\\\/wp-content\\\/uploads\\\/2016\\\/04\\\/cartel_feria_tecnologica_2016.jpg\",\"articleSection\":[\"actividades\",\"feria\",\"tecnolog\u00eda\"],\"inLanguage\":\"es\"},{\"@type\":\"WebPage\",\"@id\":\"https:\\\/\\\/mula.es\\\/web\\\/feria-de-tecnologica-descubre-la-tecnologia-de-la-manera-mas-cercana-15-y-16-de-abril\\\/\",\"url\":\"https:\\\/\\\/mula.es\\\/web\\\/feria-de-tecnologica-descubre-la-tecnologia-de-la-manera-mas-cercana-15-y-16-de-abril\\\/\",\"name\":\"Feria de Tecnolog\u00eda - Descubre la tecnolog\u00eda de la manera m\u00e1s cercana - 15 y 16 de abril - Ayuntamiento de Mula\",\"isPartOf\":{\"@id\":\"https:\\\/\\\/mula.es\\\/web\\\/#website\"},\"primaryImageOfPage\":{\"@id\":\"https:\\\/\\\/mula.es\\\/web\\\/feria-de-tecnologica-descubre-la-tecnologia-de-la-manera-mas-cercana-15-y-16-de-abril\\\/#primaryimage\"},\"image\":{\"@id\":\"https:\\\/\\\/mula.es\\\/web\\\/feria-de-tecnologica-descubre-la-tecnologia-de-la-manera-mas-cercana-15-y-16-de-abril\\\/#primaryimage\"},\"thumbnailUrl\":\"https:\\\/\\\/mula.es\\\/web\\\/wp-content\\\/uploads\\\/2016\\\/04\\\/cartel_feria_tecnologica_2016.jpg\",\"datePublished\":\"2016-04-13T10:05:54+00:00\",\"dateModified\":\"2021-05-12T18:18:41+00:00\",\"author\":{\"@id\":\"https:\\\/\\\/mula.es\\\/web\\\/#\\\/schema\\\/person\\\/a0dbffe9f4a3ed4aaebedcfef02f71a1\"},\"breadcrumb\":{\"@id\":\"https:\\\/\\\/mula.es\\\/web\\\/feria-de-tecnologica-descubre-la-tecnologia-de-la-manera-mas-cercana-15-y-16-de-abril\\\/#breadcrumb\"},\"inLanguage\":\"es\",\"potentialAction\":[{\"@type\":\"ReadAction\",\"target\":[\"https:\\\/\\\/mula.es\\\/web\\\/feria-de-tecnologica-descubre-la-tecnologia-de-la-manera-mas-cercana-15-y-16-de-abril\\\/\"]}]},{\"@type\":\"ImageObject\",\"inLanguage\":\"es\",\"@id\":\"https:\\\/\\\/mula.es\\\/web\\\/feria-de-tecnologica-descubre-la-tecnologia-de-la-manera-mas-cercana-15-y-16-de-abril\\\/#primaryimage\",\"url\":\"https:\\\/\\\/mula.es\\\/web\\\/wp-content\\\/uploads\\\/2016\\\/04\\\/cartel_feria_tecnologica_2016.jpg\",\"contentUrl\":\"https:\\\/\\\/mula.es\\\/web\\\/wp-content\\\/uploads\\\/2016\\\/04\\\/cartel_feria_tecnologica_2016.jpg\",\"width\":1024,\"height\":1449,\"caption\":\"cartel feria tecnologica 2016\"},{\"@type\":\"BreadcrumbList\",\"@id\":\"https:\\\/\\\/mula.es\\\/web\\\/feria-de-tecnologica-descubre-la-tecnologia-de-la-manera-mas-cercana-15-y-16-de-abril\\\/#breadcrumb\",\"itemListElement\":[{\"@type\":\"ListItem\",\"position\":1,\"name\":\"Portada\",\"item\":\"https:\\\/\\\/mula.es\\\/web\\\/\"},{\"@type\":\"ListItem\",\"position\":2,\"name\":\"Feria de Tecnolog\u00eda &#8211; Descubre la tecnolog\u00eda de la manera m\u00e1s cercana &#8211; 15 y 16 de abril\"}]},{\"@type\":\"WebSite\",\"@id\":\"https:\\\/\\\/mula.es\\\/web\\\/#website\",\"url\":\"https:\\\/\\\/mula.es\\\/web\\\/\",\"name\":\"Ayuntamiento de Mula\",\"description\":\"P\u00e1gina web del Ayuntamiento de Mula (Regi\u00f3n de Murcia)\",\"potentialAction\":[{\"@type\":\"SearchAction\",\"target\":{\"@type\":\"EntryPoint\",\"urlTemplate\":\"https:\\\/\\\/mula.es\\\/web\\\/?s={search_term_string}\"},\"query-input\":{\"@type\":\"PropertyValueSpecification\",\"valueRequired\":true,\"valueName\":\"search_term_string\"}}],\"inLanguage\":\"es\"},{\"@type\":\"Person\",\"@id\":\"https:\\\/\\\/mula.es\\\/web\\\/#\\\/schema\\\/person\\\/a0dbffe9f4a3ed4aaebedcfef02f71a1\",\"name\":\"admin\",\"image\":{\"@type\":\"ImageObject\",\"inLanguage\":\"es\",\"@id\":\"https:\\\/\\\/secure.gravatar.com\\\/avatar\\\/5423b9cd77f4c7f89a124365a268866f9dfee038c17fe9e37afd92b5920d810e?s=96&d=mm&r=g\",\"url\":\"https:\\\/\\\/secure.gravatar.com\\\/avatar\\\/5423b9cd77f4c7f89a124365a268866f9dfee038c17fe9e37afd92b5920d810e?s=96&d=mm&r=g\",\"contentUrl\":\"https:\\\/\\\/secure.gravatar.com\\\/avatar\\\/5423b9cd77f4c7f89a124365a268866f9dfee038c17fe9e37afd92b5920d810e?s=96&d=mm&r=g\",\"caption\":\"admin\"},\"description\":\"Lorem ipsum dolor sit amet, consectetur adipiscing elit. Nam viverra euismod odio, gravida pellentesque urna varius vitae. Sed dui lorem, adipiscing in adipiscing et, interdum nec metus. Mauris ultricies, justo eu convallis placerat, felis enim ornare nisi, vitae mattis nulla ante id dui. Ut lectus purus, commodo et tincidunt vel, interdum sed lectus. Vestibulum adipiscing tempor nisi id elementi.\",\"url\":\"https:\\\/\\\/mula.es\\\/web\\\/author\\\/jose-maria-boti\\\/\"}]}<\/script>\n<!-- \/ Yoast SEO plugin. -->","yoast_head_json":{"title":"Feria de Tecnolog\u00eda - Descubre la tecnolog\u00eda de la manera m\u00e1s cercana - 15 y 16 de abril - Ayuntamiento de Mula","robots":{"index":"index","follow":"follow","max-snippet":"max-snippet:-1","max-image-preview":"max-image-preview:large","max-video-preview":"max-video-preview:-1"},"canonical":"https:\/\/mula.es\/web\/feria-de-tecnologica-descubre-la-tecnologia-de-la-manera-mas-cercana-15-y-16-de-abril\/","og_locale":"es_ES","og_type":"article","og_title":"Feria de Tecnolog\u00eda - Descubre la tecnolog\u00eda de la manera m\u00e1s cercana - 15 y 16 de abril - Ayuntamiento de Mula","og_url":"https:\/\/mula.es\/web\/feria-de-tecnologica-descubre-la-tecnologia-de-la-manera-mas-cercana-15-y-16-de-abril\/","og_site_name":"Ayuntamiento de Mula","article_published_time":"2016-04-13T10:05:54+00:00","article_modified_time":"2021-05-12T18:18:41+00:00","og_image":[{"width":1024,"height":1449,"url":"https:\/\/i0.wp.com\/mula.es\/web\/wp-content\/uploads\/2016\/04\/cartel_feria_tecnologica_2016.jpg?fit=1024%2C1449&ssl=1","type":"image\/jpeg"}],"author":"admin","twitter_card":"summary_large_image","twitter_creator":"@AyuntamientMula","twitter_site":"@AyuntamientMula","twitter_misc":{"Escrito por":"admin","Tiempo de lectura":"2 minutos"},"schema":{"@context":"https:\/\/schema.org","@graph":[{"@type":"Article","@id":"https:\/\/mula.es\/web\/feria-de-tecnologica-descubre-la-tecnologia-de-la-manera-mas-cercana-15-y-16-de-abril\/#article","isPartOf":{"@id":"https:\/\/mula.es\/web\/feria-de-tecnologica-descubre-la-tecnologia-de-la-manera-mas-cercana-15-y-16-de-abril\/"},"author":{"name":"admin","@id":"https:\/\/mula.es\/web\/#\/schema\/person\/a0dbffe9f4a3ed4aaebedcfef02f71a1"},"headline":"Feria de Tecnolog\u00eda &#8211; Descubre la tecnolog\u00eda de la manera m\u00e1s cercana &#8211; 15 y 16 de abril","datePublished":"2016-04-13T10:05:54+00:00","dateModified":"2021-05-12T18:18:41+00:00","mainEntityOfPage":{"@id":"https:\/\/mula.es\/web\/feria-de-tecnologica-descubre-la-tecnologia-de-la-manera-mas-cercana-15-y-16-de-abril\/"},"wordCount":390,"image":{"@id":"https:\/\/mula.es\/web\/feria-de-tecnologica-descubre-la-tecnologia-de-la-manera-mas-cercana-15-y-16-de-abril\/#primaryimage"},"thumbnailUrl":"https:\/\/mula.es\/web\/wp-content\/uploads\/2016\/04\/cartel_feria_tecnologica_2016.jpg","articleSection":["actividades","feria","tecnolog\u00eda"],"inLanguage":"es"},{"@type":"WebPage","@id":"https:\/\/mula.es\/web\/feria-de-tecnologica-descubre-la-tecnologia-de-la-manera-mas-cercana-15-y-16-de-abril\/","url":"https:\/\/mula.es\/web\/feria-de-tecnologica-descubre-la-tecnologia-de-la-manera-mas-cercana-15-y-16-de-abril\/","name":"Feria de Tecnolog\u00eda - Descubre la tecnolog\u00eda de la manera m\u00e1s cercana - 15 y 16 de abril - Ayuntamiento de Mula","isPartOf":{"@id":"https:\/\/mula.es\/web\/#website"},"primaryImageOfPage":{"@id":"https:\/\/mula.es\/web\/feria-de-tecnologica-descubre-la-tecnologia-de-la-manera-mas-cercana-15-y-16-de-abril\/#primaryimage"},"image":{"@id":"https:\/\/mula.es\/web\/feria-de-tecnologica-descubre-la-tecnologia-de-la-manera-mas-cercana-15-y-16-de-abril\/#primaryimage"},"thumbnailUrl":"https:\/\/mula.es\/web\/wp-content\/uploads\/2016\/04\/cartel_feria_tecnologica_2016.jpg","datePublished":"2016-04-13T10:05:54+00:00","dateModified":"2021-05-12T18:18:41+00:00","author":{"@id":"https:\/\/mula.es\/web\/#\/schema\/person\/a0dbffe9f4a3ed4aaebedcfef02f71a1"},"breadcrumb":{"@id":"https:\/\/mula.es\/web\/feria-de-tecnologica-descubre-la-tecnologia-de-la-manera-mas-cercana-15-y-16-de-abril\/#breadcrumb"},"inLanguage":"es","potentialAction":[{"@type":"ReadAction","target":["https:\/\/mula.es\/web\/feria-de-tecnologica-descubre-la-tecnologia-de-la-manera-mas-cercana-15-y-16-de-abril\/"]}]},{"@type":"ImageObject","inLanguage":"es","@id":"https:\/\/mula.es\/web\/feria-de-tecnologica-descubre-la-tecnologia-de-la-manera-mas-cercana-15-y-16-de-abril\/#primaryimage","url":"https:\/\/mula.es\/web\/wp-content\/uploads\/2016\/04\/cartel_feria_tecnologica_2016.jpg","contentUrl":"https:\/\/mula.es\/web\/wp-content\/uploads\/2016\/04\/cartel_feria_tecnologica_2016.jpg","width":1024,"height":1449,"caption":"cartel feria tecnologica 2016"},{"@type":"BreadcrumbList","@id":"https:\/\/mula.es\/web\/feria-de-tecnologica-descubre-la-tecnologia-de-la-manera-mas-cercana-15-y-16-de-abril\/#breadcrumb","itemListElement":[{"@type":"ListItem","position":1,"name":"Portada","item":"https:\/\/mula.es\/web\/"},{"@type":"ListItem","position":2,"name":"Feria de Tecnolog\u00eda &#8211; Descubre la tecnolog\u00eda de la manera m\u00e1s cercana &#8211; 15 y 16 de abril"}]},{"@type":"WebSite","@id":"https:\/\/mula.es\/web\/#website","url":"https:\/\/mula.es\/web\/","name":"Ayuntamiento de Mula","description":"P\u00e1gina web del Ayuntamiento de Mula (Regi\u00f3n de Murcia)","potentialAction":[{"@type":"SearchAction","target":{"@type":"EntryPoint","urlTemplate":"https:\/\/mula.es\/web\/?s={search_term_string}"},"query-input":{"@type":"PropertyValueSpecification","valueRequired":true,"valueName":"search_term_string"}}],"inLanguage":"es"},{"@type":"Person","@id":"https:\/\/mula.es\/web\/#\/schema\/person\/a0dbffe9f4a3ed4aaebedcfef02f71a1","name":"admin","image":{"@type":"ImageObject","inLanguage":"es","@id":"https:\/\/secure.gravatar.com\/avatar\/5423b9cd77f4c7f89a124365a268866f9dfee038c17fe9e37afd92b5920d810e?s=96&d=mm&r=g","url":"https:\/\/secure.gravatar.com\/avatar\/5423b9cd77f4c7f89a124365a268866f9dfee038c17fe9e37afd92b5920d810e?s=96&d=mm&r=g","contentUrl":"https:\/\/secure.gravatar.com\/avatar\/5423b9cd77f4c7f89a124365a268866f9dfee038c17fe9e37afd92b5920d810e?s=96&d=mm&r=g","caption":"admin"},"description":"Lorem ipsum dolor sit amet, consectetur adipiscing elit. Nam viverra euismod odio, gravida pellentesque urna varius vitae. Sed dui lorem, adipiscing in adipiscing et, interdum nec metus. Mauris ultricies, justo eu convallis placerat, felis enim ornare nisi, vitae mattis nulla ante id dui. Ut lectus purus, commodo et tincidunt vel, interdum sed lectus. Vestibulum adipiscing tempor nisi id elementi.","url":"https:\/\/mula.es\/web\/author\/jose-maria-boti\/"}]}},"jetpack_publicize_connections":[],"jetpack_featured_media_url":"https:\/\/mula.es\/web\/wp-content\/uploads\/2016\/04\/cartel_feria_tecnologica_2016.jpg","jetpack_sharing_enabled":true,"jetpack_shortlink":"https:\/\/wp.me\/pa9DMY-44s","jetpack-related-posts":[],"_links":{"self":[{"href":"https:\/\/mula.es\/web\/wp-json\/wp\/v2\/posts\/15652","targetHints":{"allow":["GET"]}}],"collection":[{"href":"https:\/\/mula.es\/web\/wp-json\/wp\/v2\/posts"}],"about":[{"href":"https:\/\/mula.es\/web\/wp-json\/wp\/v2\/types\/post"}],"author":[{"embeddable":true,"href":"https:\/\/mula.es\/web\/wp-json\/wp\/v2\/users\/1"}],"replies":[{"embeddable":true,"href":"https:\/\/mula.es\/web\/wp-json\/wp\/v2\/comments?post=15652"}],"version-history":[{"count":3,"href":"https:\/\/mula.es\/web\/wp-json\/wp\/v2\/posts\/15652\/revisions"}],"predecessor-version":[{"id":40141,"href":"https:\/\/mula.es\/web\/wp-json\/wp\/v2\/posts\/15652\/revisions\/40141"}],"wp:featuredmedia":[{"embeddable":true,"href":"https:\/\/mula.es\/web\/wp-json\/wp\/v2\/media\/15653"}],"wp:attachment":[{"href":"https:\/\/mula.es\/web\/wp-json\/wp\/v2\/media?parent=15652"}],"wp:term":[{"taxonomy":"category","embeddable":true,"href":"https:\/\/mula.es\/web\/wp-json\/wp\/v2\/categories?post=15652"},{"taxonomy":"post_tag","embeddable":true,"href":"https:\/\/mula.es\/web\/wp-json\/wp\/v2\/tags?post=15652"}],"curies":[{"name":"wp","href":"https:\/\/api.w.org\/{rel}","templated":true}]}}