{"id":15655,"date":"2016-04-13T13:01:13","date_gmt":"2016-04-13T11:01:13","guid":{"rendered":"http:\/\/mula.es\/web\/?p=15655"},"modified":"2021-05-12T20:18:40","modified_gmt":"2021-05-12T18:18:40","slug":"convocatoria-representantes-penas-de-san-isidro-que-participaran-en-el-desfile-hoy-13-de-abril","status":"publish","type":"post","link":"https:\/\/mula.es\/web\/convocatoria-representantes-penas-de-san-isidro-que-participaran-en-el-desfile-hoy-13-de-abril\/","title":{"rendered":"Convocatoria para representantes de Pe\u00f1as Huertanas que participar\u00e1n en el desfile de San Isidro  &#8211; Hoy, 13 de abril"},"content":{"rendered":"<div class=\"fusion-fullwidth fullwidth-box fusion-builder-row-1 fusion-flex-container hundred-percent-fullwidth non-hundred-percent-height-scrolling\" style=\"--awb-border-radius-top-left:0px;--awb-border-radius-top-right:0px;--awb-border-radius-bottom-right:0px;--awb-border-radius-bottom-left:0px;--awb-overflow:visible;--awb-flex-wrap:wrap;\" ><div class=\"fusion-builder-row fusion-row fusion-flex-align-items-flex-start fusion-flex-content-wrap\" style=\"width:calc( 100% + 0px ) !important;max-width:calc( 100% + 0px ) !important;margin-left: calc(-0px \/ 2 );margin-right: calc(-0px \/ 2 );\"><div class=\"fusion-layout-column fusion_builder_column fusion-builder-column-0 fusion_builder_column_1_1 1_1 fusion-flex-column\" style=\"--awb-bg-size:cover;--awb-width-large:100%;--awb-margin-top-large:0px;--awb-spacing-right-large:0px;--awb-margin-bottom-large:20px;--awb-spacing-left-large:0px;--awb-width-medium:100%;--awb-spacing-right-medium:0px;--awb-spacing-left-medium:0px;--awb-width-small:100%;--awb-spacing-right-small:0px;--awb-spacing-left-small:0px;\"><div class=\"fusion-column-wrapper fusion-flex-justify-content-flex-start fusion-content-layout-column\"><div class=\"fusion-text fusion-text-1\"><p style=\"text-align: justify;\">La Concejal\u00eda de Festejos del Excmo. Ayuntamiento de Mula convoca a los representantes de las pe\u00f1as que participar\u00e1n en el desfile de carrozas de San Isidro a la reuni\u00f3n que tendr\u00e1 lugar hoy, mi\u00e9rcoles, d\u00eda 13, a las 8 de la tarde, en el Centro Joven, para tratar asuntos relativos al festejo.<\/p>\n<\/div><\/div><\/div><\/div><\/div>\n","protected":false},"excerpt":{"rendered":"","protected":false},"author":1,"featured_media":15182,"comment_status":"closed","ping_status":"closed","sticky":false,"template":"","format":"standard","meta":{"jetpack_post_was_ever_published":false,"_jetpack_newsletter_access":"","_jetpack_dont_email_post_to_subs":false,"_jetpack_newsletter_tier_id":0,"_jetpack_memberships_contains_paywalled_content":false,"_jetpack_memberships_contains_paid_content":false,"footnotes":"","jetpack_publicize_message":"","jetpack_publicize_feature_enabled":true,"jetpack_social_post_already_shared":false,"jetpack_social_options":{"image_generator_settings":{"template":"highway","default_image_id":0,"font":"","enabled":false},"version":2}},"categories":[188,187,186],"tags":[],"class_list":["post-15655","post","type-post","status-publish","format-standard","has-post-thumbnail","hentry","category-concejalia-festejos","category-penas-huertanas","category-san-isidro"],"yoast_head":"<!-- This site is optimized with the Yoast SEO plugin v27.5 - https:\/\/yoast.com\/product\/yoast-seo-wordpress\/ -->\n<title>Convocatoria para representantes de Pe\u00f1as Huertanas que participar\u00e1n en el desfile de San Isidro - Hoy, 13 de abril - Ayuntamiento de Mula<\/title>\n<meta name=\"robots\" content=\"index, follow, max-snippet:-1, max-image-preview:large, max-video-preview:-1\" \/>\n<link rel=\"canonical\" href=\"https:\/\/mula.es\/web\/convocatoria-representantes-penas-de-san-isidro-que-participaran-en-el-desfile-hoy-13-de-abril\/\" \/>\n<meta property=\"og:locale\" content=\"es_ES\" \/>\n<meta property=\"og:type\" content=\"article\" \/>\n<meta property=\"og:title\" content=\"Convocatoria para representantes de Pe\u00f1as Huertanas que participar\u00e1n en el desfile de San Isidro - Hoy, 13 de abril - Ayuntamiento de Mula\" \/>\n<meta property=\"og:url\" content=\"https:\/\/mula.es\/web\/convocatoria-representantes-penas-de-san-isidro-que-participaran-en-el-desfile-hoy-13-de-abril\/\" \/>\n<meta property=\"og:site_name\" content=\"Ayuntamiento de Mula\" \/>\n<meta property=\"article:published_time\" content=\"2016-04-13T11:01:13+00:00\" \/>\n<meta property=\"article:modified_time\" content=\"2021-05-12T18:18:40+00:00\" \/>\n<meta property=\"og:image\" content=\"https:\/\/i0.wp.com\/mula.es\/web\/wp-content\/uploads\/2016\/04\/san-isidro-2015.jpg?fit=935%2C1383&ssl=1\" \/>\n\t<meta property=\"og:image:width\" content=\"935\" \/>\n\t<meta property=\"og:image:height\" content=\"1383\" \/>\n\t<meta property=\"og:image:type\" content=\"image\/jpeg\" \/>\n<meta name=\"author\" content=\"admin\" \/>\n<meta name=\"twitter:card\" content=\"summary_large_image\" \/>\n<meta name=\"twitter:creator\" content=\"@AyuntamientMula\" \/>\n<meta name=\"twitter:site\" content=\"@AyuntamientMula\" \/>\n<meta name=\"twitter:label1\" content=\"Escrito por\" \/>\n\t<meta name=\"twitter:data1\" content=\"admin\" \/>\n\t<meta name=\"twitter:label2\" content=\"Tiempo de lectura\" \/>\n\t<meta name=\"twitter:data2\" content=\"1 minuto\" \/>\n<script type=\"application\/ld+json\" class=\"yoast-schema-graph\">{\"@context\":\"https:\\\/\\\/schema.org\",\"@graph\":[{\"@type\":\"Article\",\"@id\":\"https:\\\/\\\/mula.es\\\/web\\\/convocatoria-representantes-penas-de-san-isidro-que-participaran-en-el-desfile-hoy-13-de-abril\\\/#article\",\"isPartOf\":{\"@id\":\"https:\\\/\\\/mula.es\\\/web\\\/convocatoria-representantes-penas-de-san-isidro-que-participaran-en-el-desfile-hoy-13-de-abril\\\/\"},\"author\":{\"name\":\"admin\",\"@id\":\"https:\\\/\\\/mula.es\\\/web\\\/#\\\/schema\\\/person\\\/a0dbffe9f4a3ed4aaebedcfef02f71a1\"},\"headline\":\"Convocatoria para representantes de Pe\u00f1as Huertanas que participar\u00e1n en el desfile de San Isidro &#8211; Hoy, 13 de abril\",\"datePublished\":\"2016-04-13T11:01:13+00:00\",\"dateModified\":\"2021-05-12T18:18:40+00:00\",\"mainEntityOfPage\":{\"@id\":\"https:\\\/\\\/mula.es\\\/web\\\/convocatoria-representantes-penas-de-san-isidro-que-participaran-en-el-desfile-hoy-13-de-abril\\\/\"},\"wordCount\":146,\"image\":{\"@id\":\"https:\\\/\\\/mula.es\\\/web\\\/convocatoria-representantes-penas-de-san-isidro-que-participaran-en-el-desfile-hoy-13-de-abril\\\/#primaryimage\"},\"thumbnailUrl\":\"https:\\\/\\\/mula.es\\\/web\\\/wp-content\\\/uploads\\\/2016\\\/04\\\/san-isidro-2015.jpg\",\"articleSection\":[\"concejal\u00eda festejos\",\"pe\u00f1as huertanas\",\"san isidro\"],\"inLanguage\":\"es\"},{\"@type\":\"WebPage\",\"@id\":\"https:\\\/\\\/mula.es\\\/web\\\/convocatoria-representantes-penas-de-san-isidro-que-participaran-en-el-desfile-hoy-13-de-abril\\\/\",\"url\":\"https:\\\/\\\/mula.es\\\/web\\\/convocatoria-representantes-penas-de-san-isidro-que-participaran-en-el-desfile-hoy-13-de-abril\\\/\",\"name\":\"Convocatoria para representantes de Pe\u00f1as Huertanas que participar\u00e1n en el desfile de San Isidro - Hoy, 13 de abril - Ayuntamiento de Mula\",\"isPartOf\":{\"@id\":\"https:\\\/\\\/mula.es\\\/web\\\/#website\"},\"primaryImageOfPage\":{\"@id\":\"https:\\\/\\\/mula.es\\\/web\\\/convocatoria-representantes-penas-de-san-isidro-que-participaran-en-el-desfile-hoy-13-de-abril\\\/#primaryimage\"},\"image\":{\"@id\":\"https:\\\/\\\/mula.es\\\/web\\\/convocatoria-representantes-penas-de-san-isidro-que-participaran-en-el-desfile-hoy-13-de-abril\\\/#primaryimage\"},\"thumbnailUrl\":\"https:\\\/\\\/mula.es\\\/web\\\/wp-content\\\/uploads\\\/2016\\\/04\\\/san-isidro-2015.jpg\",\"datePublished\":\"2016-04-13T11:01:13+00:00\",\"dateModified\":\"2021-05-12T18:18:40+00:00\",\"author\":{\"@id\":\"https:\\\/\\\/mula.es\\\/web\\\/#\\\/schema\\\/person\\\/a0dbffe9f4a3ed4aaebedcfef02f71a1\"},\"breadcrumb\":{\"@id\":\"https:\\\/\\\/mula.es\\\/web\\\/convocatoria-representantes-penas-de-san-isidro-que-participaran-en-el-desfile-hoy-13-de-abril\\\/#breadcrumb\"},\"inLanguage\":\"es\",\"potentialAction\":[{\"@type\":\"ReadAction\",\"target\":[\"https:\\\/\\\/mula.es\\\/web\\\/convocatoria-representantes-penas-de-san-isidro-que-participaran-en-el-desfile-hoy-13-de-abril\\\/\"]}]},{\"@type\":\"ImageObject\",\"inLanguage\":\"es\",\"@id\":\"https:\\\/\\\/mula.es\\\/web\\\/convocatoria-representantes-penas-de-san-isidro-que-participaran-en-el-desfile-hoy-13-de-abril\\\/#primaryimage\",\"url\":\"https:\\\/\\\/mula.es\\\/web\\\/wp-content\\\/uploads\\\/2016\\\/04\\\/san-isidro-2015.jpg\",\"contentUrl\":\"https:\\\/\\\/mula.es\\\/web\\\/wp-content\\\/uploads\\\/2016\\\/04\\\/san-isidro-2015.jpg\",\"width\":935,\"height\":1383,\"caption\":\"cartel de san isidro 2015\"},{\"@type\":\"BreadcrumbList\",\"@id\":\"https:\\\/\\\/mula.es\\\/web\\\/convocatoria-representantes-penas-de-san-isidro-que-participaran-en-el-desfile-hoy-13-de-abril\\\/#breadcrumb\",\"itemListElement\":[{\"@type\":\"ListItem\",\"position\":1,\"name\":\"Portada\",\"item\":\"https:\\\/\\\/mula.es\\\/web\\\/\"},{\"@type\":\"ListItem\",\"position\":2,\"name\":\"Convocatoria para representantes de Pe\u00f1as Huertanas que participar\u00e1n en el desfile de San Isidro &#8211; Hoy, 13 de abril\"}]},{\"@type\":\"WebSite\",\"@id\":\"https:\\\/\\\/mula.es\\\/web\\\/#website\",\"url\":\"https:\\\/\\\/mula.es\\\/web\\\/\",\"name\":\"Ayuntamiento de Mula\",\"description\":\"P\u00e1gina web del Ayuntamiento de Mula (Regi\u00f3n de Murcia)\",\"potentialAction\":[{\"@type\":\"SearchAction\",\"target\":{\"@type\":\"EntryPoint\",\"urlTemplate\":\"https:\\\/\\\/mula.es\\\/web\\\/?s={search_term_string}\"},\"query-input\":{\"@type\":\"PropertyValueSpecification\",\"valueRequired\":true,\"valueName\":\"search_term_string\"}}],\"inLanguage\":\"es\"},{\"@type\":\"Person\",\"@id\":\"https:\\\/\\\/mula.es\\\/web\\\/#\\\/schema\\\/person\\\/a0dbffe9f4a3ed4aaebedcfef02f71a1\",\"name\":\"admin\",\"image\":{\"@type\":\"ImageObject\",\"inLanguage\":\"es\",\"@id\":\"https:\\\/\\\/secure.gravatar.com\\\/avatar\\\/5423b9cd77f4c7f89a124365a268866f9dfee038c17fe9e37afd92b5920d810e?s=96&d=mm&r=g\",\"url\":\"https:\\\/\\\/secure.gravatar.com\\\/avatar\\\/5423b9cd77f4c7f89a124365a268866f9dfee038c17fe9e37afd92b5920d810e?s=96&d=mm&r=g\",\"contentUrl\":\"https:\\\/\\\/secure.gravatar.com\\\/avatar\\\/5423b9cd77f4c7f89a124365a268866f9dfee038c17fe9e37afd92b5920d810e?s=96&d=mm&r=g\",\"caption\":\"admin\"},\"description\":\"Lorem ipsum dolor sit amet, consectetur adipiscing elit. Nam viverra euismod odio, gravida pellentesque urna varius vitae. Sed dui lorem, adipiscing in adipiscing et, interdum nec metus. Mauris ultricies, justo eu convallis placerat, felis enim ornare nisi, vitae mattis nulla ante id dui. Ut lectus purus, commodo et tincidunt vel, interdum sed lectus. Vestibulum adipiscing tempor nisi id elementi.\",\"url\":\"https:\\\/\\\/mula.es\\\/web\\\/author\\\/jose-maria-boti\\\/\"}]}<\/script>\n<!-- \/ Yoast SEO plugin. -->","yoast_head_json":{"title":"Convocatoria para representantes de Pe\u00f1as Huertanas que participar\u00e1n en el desfile de San Isidro - Hoy, 13 de abril - Ayuntamiento de Mula","robots":{"index":"index","follow":"follow","max-snippet":"max-snippet:-1","max-image-preview":"max-image-preview:large","max-video-preview":"max-video-preview:-1"},"canonical":"https:\/\/mula.es\/web\/convocatoria-representantes-penas-de-san-isidro-que-participaran-en-el-desfile-hoy-13-de-abril\/","og_locale":"es_ES","og_type":"article","og_title":"Convocatoria para representantes de Pe\u00f1as Huertanas que participar\u00e1n en el desfile de San Isidro - Hoy, 13 de abril - Ayuntamiento de Mula","og_url":"https:\/\/mula.es\/web\/convocatoria-representantes-penas-de-san-isidro-que-participaran-en-el-desfile-hoy-13-de-abril\/","og_site_name":"Ayuntamiento de Mula","article_published_time":"2016-04-13T11:01:13+00:00","article_modified_time":"2021-05-12T18:18:40+00:00","og_image":[{"width":935,"height":1383,"url":"https:\/\/i0.wp.com\/mula.es\/web\/wp-content\/uploads\/2016\/04\/san-isidro-2015.jpg?fit=935%2C1383&ssl=1","type":"image\/jpeg"}],"author":"admin","twitter_card":"summary_large_image","twitter_creator":"@AyuntamientMula","twitter_site":"@AyuntamientMula","twitter_misc":{"Escrito por":"admin","Tiempo de lectura":"1 minuto"},"schema":{"@context":"https:\/\/schema.org","@graph":[{"@type":"Article","@id":"https:\/\/mula.es\/web\/convocatoria-representantes-penas-de-san-isidro-que-participaran-en-el-desfile-hoy-13-de-abril\/#article","isPartOf":{"@id":"https:\/\/mula.es\/web\/convocatoria-representantes-penas-de-san-isidro-que-participaran-en-el-desfile-hoy-13-de-abril\/"},"author":{"name":"admin","@id":"https:\/\/mula.es\/web\/#\/schema\/person\/a0dbffe9f4a3ed4aaebedcfef02f71a1"},"headline":"Convocatoria para representantes de Pe\u00f1as Huertanas que participar\u00e1n en el desfile de San Isidro &#8211; Hoy, 13 de abril","datePublished":"2016-04-13T11:01:13+00:00","dateModified":"2021-05-12T18:18:40+00:00","mainEntityOfPage":{"@id":"https:\/\/mula.es\/web\/convocatoria-representantes-penas-de-san-isidro-que-participaran-en-el-desfile-hoy-13-de-abril\/"},"wordCount":146,"image":{"@id":"https:\/\/mula.es\/web\/convocatoria-representantes-penas-de-san-isidro-que-participaran-en-el-desfile-hoy-13-de-abril\/#primaryimage"},"thumbnailUrl":"https:\/\/mula.es\/web\/wp-content\/uploads\/2016\/04\/san-isidro-2015.jpg","articleSection":["concejal\u00eda festejos","pe\u00f1as huertanas","san isidro"],"inLanguage":"es"},{"@type":"WebPage","@id":"https:\/\/mula.es\/web\/convocatoria-representantes-penas-de-san-isidro-que-participaran-en-el-desfile-hoy-13-de-abril\/","url":"https:\/\/mula.es\/web\/convocatoria-representantes-penas-de-san-isidro-que-participaran-en-el-desfile-hoy-13-de-abril\/","name":"Convocatoria para representantes de Pe\u00f1as Huertanas que participar\u00e1n en el desfile de San Isidro - Hoy, 13 de abril - Ayuntamiento de Mula","isPartOf":{"@id":"https:\/\/mula.es\/web\/#website"},"primaryImageOfPage":{"@id":"https:\/\/mula.es\/web\/convocatoria-representantes-penas-de-san-isidro-que-participaran-en-el-desfile-hoy-13-de-abril\/#primaryimage"},"image":{"@id":"https:\/\/mula.es\/web\/convocatoria-representantes-penas-de-san-isidro-que-participaran-en-el-desfile-hoy-13-de-abril\/#primaryimage"},"thumbnailUrl":"https:\/\/mula.es\/web\/wp-content\/uploads\/2016\/04\/san-isidro-2015.jpg","datePublished":"2016-04-13T11:01:13+00:00","dateModified":"2021-05-12T18:18:40+00:00","author":{"@id":"https:\/\/mula.es\/web\/#\/schema\/person\/a0dbffe9f4a3ed4aaebedcfef02f71a1"},"breadcrumb":{"@id":"https:\/\/mula.es\/web\/convocatoria-representantes-penas-de-san-isidro-que-participaran-en-el-desfile-hoy-13-de-abril\/#breadcrumb"},"inLanguage":"es","potentialAction":[{"@type":"ReadAction","target":["https:\/\/mula.es\/web\/convocatoria-representantes-penas-de-san-isidro-que-participaran-en-el-desfile-hoy-13-de-abril\/"]}]},{"@type":"ImageObject","inLanguage":"es","@id":"https:\/\/mula.es\/web\/convocatoria-representantes-penas-de-san-isidro-que-participaran-en-el-desfile-hoy-13-de-abril\/#primaryimage","url":"https:\/\/mula.es\/web\/wp-content\/uploads\/2016\/04\/san-isidro-2015.jpg","contentUrl":"https:\/\/mula.es\/web\/wp-content\/uploads\/2016\/04\/san-isidro-2015.jpg","width":935,"height":1383,"caption":"cartel de san isidro 2015"},{"@type":"BreadcrumbList","@id":"https:\/\/mula.es\/web\/convocatoria-representantes-penas-de-san-isidro-que-participaran-en-el-desfile-hoy-13-de-abril\/#breadcrumb","itemListElement":[{"@type":"ListItem","position":1,"name":"Portada","item":"https:\/\/mula.es\/web\/"},{"@type":"ListItem","position":2,"name":"Convocatoria para representantes de Pe\u00f1as Huertanas que participar\u00e1n en el desfile de San Isidro &#8211; Hoy, 13 de abril"}]},{"@type":"WebSite","@id":"https:\/\/mula.es\/web\/#website","url":"https:\/\/mula.es\/web\/","name":"Ayuntamiento de Mula","description":"P\u00e1gina web del Ayuntamiento de Mula (Regi\u00f3n de Murcia)","potentialAction":[{"@type":"SearchAction","target":{"@type":"EntryPoint","urlTemplate":"https:\/\/mula.es\/web\/?s={search_term_string}"},"query-input":{"@type":"PropertyValueSpecification","valueRequired":true,"valueName":"search_term_string"}}],"inLanguage":"es"},{"@type":"Person","@id":"https:\/\/mula.es\/web\/#\/schema\/person\/a0dbffe9f4a3ed4aaebedcfef02f71a1","name":"admin","image":{"@type":"ImageObject","inLanguage":"es","@id":"https:\/\/secure.gravatar.com\/avatar\/5423b9cd77f4c7f89a124365a268866f9dfee038c17fe9e37afd92b5920d810e?s=96&d=mm&r=g","url":"https:\/\/secure.gravatar.com\/avatar\/5423b9cd77f4c7f89a124365a268866f9dfee038c17fe9e37afd92b5920d810e?s=96&d=mm&r=g","contentUrl":"https:\/\/secure.gravatar.com\/avatar\/5423b9cd77f4c7f89a124365a268866f9dfee038c17fe9e37afd92b5920d810e?s=96&d=mm&r=g","caption":"admin"},"description":"Lorem ipsum dolor sit amet, consectetur adipiscing elit. Nam viverra euismod odio, gravida pellentesque urna varius vitae. Sed dui lorem, adipiscing in adipiscing et, interdum nec metus. Mauris ultricies, justo eu convallis placerat, felis enim ornare nisi, vitae mattis nulla ante id dui. Ut lectus purus, commodo et tincidunt vel, interdum sed lectus. Vestibulum adipiscing tempor nisi id elementi.","url":"https:\/\/mula.es\/web\/author\/jose-maria-boti\/"}]}},"jetpack_publicize_connections":[],"jetpack_featured_media_url":"https:\/\/mula.es\/web\/wp-content\/uploads\/2016\/04\/san-isidro-2015.jpg","jetpack_sharing_enabled":true,"jetpack_shortlink":"https:\/\/wp.me\/pa9DMY-44v","jetpack-related-posts":[],"_links":{"self":[{"href":"https:\/\/mula.es\/web\/wp-json\/wp\/v2\/posts\/15655","targetHints":{"allow":["GET"]}}],"collection":[{"href":"https:\/\/mula.es\/web\/wp-json\/wp\/v2\/posts"}],"about":[{"href":"https:\/\/mula.es\/web\/wp-json\/wp\/v2\/types\/post"}],"author":[{"embeddable":true,"href":"https:\/\/mula.es\/web\/wp-json\/wp\/v2\/users\/1"}],"replies":[{"embeddable":true,"href":"https:\/\/mula.es\/web\/wp-json\/wp\/v2\/comments?post=15655"}],"version-history":[{"count":3,"href":"https:\/\/mula.es\/web\/wp-json\/wp\/v2\/posts\/15655\/revisions"}],"predecessor-version":[{"id":40140,"href":"https:\/\/mula.es\/web\/wp-json\/wp\/v2\/posts\/15655\/revisions\/40140"}],"wp:featuredmedia":[{"embeddable":true,"href":"https:\/\/mula.es\/web\/wp-json\/wp\/v2\/media\/15182"}],"wp:attachment":[{"href":"https:\/\/mula.es\/web\/wp-json\/wp\/v2\/media?parent=15655"}],"wp:term":[{"taxonomy":"category","embeddable":true,"href":"https:\/\/mula.es\/web\/wp-json\/wp\/v2\/categories?post=15655"},{"taxonomy":"post_tag","embeddable":true,"href":"https:\/\/mula.es\/web\/wp-json\/wp\/v2\/tags?post=15655"}],"curies":[{"name":"wp","href":"https:\/\/api.w.org\/{rel}","templated":true}]}}