{"id":15931,"date":"2016-04-27T13:28:15","date_gmt":"2016-04-27T11:28:15","guid":{"rendered":"http:\/\/mula.es\/web\/?p=15931"},"modified":"2021-05-12T20:18:21","modified_gmt":"2021-05-12T18:18:21","slug":"club-de-frontenis-mula-se-proclama-campeon-de-copa-de-primera-division","status":"publish","type":"post","link":"https:\/\/mula.es\/web\/club-de-frontenis-mula-se-proclama-campeon-de-copa-de-primera-division\/","title":{"rendered":"Club de Frontenis Mula se proclama campe\u00f3n de copa de primera divisi\u00f3n"},"content":{"rendered":"<div class=\"fusion-fullwidth fullwidth-box fusion-builder-row-1 fusion-flex-container hundred-percent-fullwidth non-hundred-percent-height-scrolling\" style=\"--awb-border-radius-top-left:0px;--awb-border-radius-top-right:0px;--awb-border-radius-bottom-right:0px;--awb-border-radius-bottom-left:0px;--awb-overflow:visible;--awb-flex-wrap:wrap;\" ><div class=\"fusion-builder-row fusion-row fusion-flex-align-items-flex-start fusion-flex-content-wrap\" style=\"width:104% !important;max-width:104% !important;margin-left: calc(-4% \/ 2 );margin-right: calc(-4% \/ 2 );\"><div class=\"fusion-layout-column fusion_builder_column fusion-builder-column-0 fusion_builder_column_1_1 1_1 fusion-flex-column\" style=\"--awb-bg-size:cover;--awb-width-large:100%;--awb-margin-top-large:0px;--awb-spacing-right-large:1.92%;--awb-margin-bottom-large:20px;--awb-spacing-left-large:1.92%;--awb-width-medium:100%;--awb-spacing-right-medium:1.92%;--awb-spacing-left-medium:1.92%;--awb-width-small:100%;--awb-spacing-right-small:1.92%;--awb-spacing-left-small:1.92%;\"><div class=\"fusion-column-wrapper fusion-flex-justify-content-flex-start fusion-content-layout-column\"><div class=\"fusion-text fusion-text-1\"><p style=\"text-align: justify;\">El Club Frontenis Mula se proclama Campeon de copa de primera divisi\u00f3n, celebrada el pasado sabado 23 de abril en los frontones del poligono de Alhama\u00a0 ganando por 30 &#8211; 22 a apemur,en una final muy disputada hasta el \u00faltimo momento, y clasificandose para la copa federaci\u00f3n de honor, compuesta por dos parejas de todos los equipos particpantes, siendo los 6 club de divisi\u00f3n de honor mas Mula y Apemur por llegar a la final de la copa de primera.<\/p>\n<p style=\"text-align: justify;\">En la foto del equipo: arriba (Antonio, Alfonso, Basilio,Paco) abajo (Pedro, Jorge, Perico, Diego)<\/p>\n<p style=\"text-align: justify;\">El equipo de Mula consigue muy buenos resultados esta temporada, en los ya finalizados consigue en liga la segunda plaza con el ascenso a divisi\u00f3n de honor y gana la copa de primera divisi\u00f3n, ya a falta de 3 competiciones para acabar la temporada.<\/p>\n<\/div><\/div><\/div><div class=\"fusion-layout-column fusion_builder_column fusion-builder-column-1 fusion_builder_column_1_2 1_2 fusion-flex-column\" style=\"--awb-bg-size:cover;--awb-width-large:50%;--awb-margin-top-large:0px;--awb-spacing-right-large:3.84%;--awb-margin-bottom-large:20px;--awb-spacing-left-large:3.84%;--awb-width-medium:50%;--awb-spacing-right-medium:3.84%;--awb-spacing-left-medium:3.84%;--awb-width-small:100%;--awb-spacing-right-small:1.92%;--awb-spacing-left-small:1.92%;\"><div class=\"fusion-column-wrapper fusion-flex-justify-content-flex-start fusion-content-layout-column\"><div class=\"fusion-image-element \" style=\"--awb-caption-title-font-family:var(--h2_typography-font-family);--awb-caption-title-font-weight:var(--h2_typography-font-weight);--awb-caption-title-font-style:var(--h2_typography-font-style);--awb-caption-title-size:var(--h2_typography-font-size);--awb-caption-title-transform:var(--h2_typography-text-transform);--awb-caption-title-line-height:var(--h2_typography-line-height);--awb-caption-title-letter-spacing:var(--h2_typography-letter-spacing);\"><span class=\" fusion-imageframe imageframe-none imageframe-1 hover-type-none\"><a class=\"fusion-no-lightbox\" href=\"https:\/\/mula.es\/web\/wp-content\/uploads\/2016\/04\/copa-federacion-final.jpg\" target=\"_blank\" aria-label=\"copa federacion final\" rel=\"noopener noreferrer\"><img decoding=\"async\" width=\"300\" height=\"209\" alt=\"copa federacion final\" src=\"https:\/\/mula.es\/web\/wp-content\/uploads\/2016\/04\/copa-federacion-final-300x209.jpg\" class=\"img-responsive wp-image-15933\" srcset=\"https:\/\/mula.es\/web\/wp-content\/uploads\/2016\/04\/copa-federacion-final-300x209.jpg 300w, https:\/\/mula.es\/web\/wp-content\/uploads\/2016\/04\/copa-federacion-final-768x535.jpg 768w, https:\/\/mula.es\/web\/wp-content\/uploads\/2016\/04\/copa-federacion-final.jpg 1016w\" sizes=\"(max-width: 300px) 100vw, 300px\" \/><\/a><\/span><\/div><\/div><\/div><div class=\"fusion-layout-column fusion_builder_column fusion-builder-column-2 fusion_builder_column_1_2 1_2 fusion-flex-column\" style=\"--awb-bg-size:cover;--awb-width-large:50%;--awb-margin-top-large:0px;--awb-spacing-right-large:3.84%;--awb-margin-bottom-large:20px;--awb-spacing-left-large:3.84%;--awb-width-medium:50%;--awb-spacing-right-medium:3.84%;--awb-spacing-left-medium:3.84%;--awb-width-small:100%;--awb-spacing-right-small:1.92%;--awb-spacing-left-small:1.92%;\"><div class=\"fusion-column-wrapper fusion-flex-justify-content-flex-start fusion-content-layout-column\"><div class=\"fusion-image-element \" style=\"--awb-caption-title-font-family:var(--h2_typography-font-family);--awb-caption-title-font-weight:var(--h2_typography-font-weight);--awb-caption-title-font-style:var(--h2_typography-font-style);--awb-caption-title-size:var(--h2_typography-font-size);--awb-caption-title-transform:var(--h2_typography-text-transform);--awb-caption-title-line-height:var(--h2_typography-line-height);--awb-caption-title-letter-spacing:var(--h2_typography-letter-spacing);\"><span class=\" fusion-imageframe imageframe-none imageframe-2 hover-type-none\"><a class=\"fusion-no-lightbox\" href=\"https:\/\/mula.es\/web\/wp-content\/uploads\/2016\/04\/copafederacion-primera-fase.jpg\" target=\"_blank\" aria-label=\"copafederacion primera fase\" rel=\"noopener noreferrer\"><img decoding=\"async\" width=\"300\" height=\"184\" src=\"https:\/\/mula.es\/web\/wp-content\/uploads\/2016\/04\/copafederacion-primera-fase-300x184.jpg\" alt class=\"img-responsive wp-image-15934\" srcset=\"https:\/\/mula.es\/web\/wp-content\/uploads\/2016\/04\/copafederacion-primera-fase-300x184.jpg 300w, https:\/\/mula.es\/web\/wp-content\/uploads\/2016\/04\/copafederacion-primera-fase-768x471.jpg 768w, https:\/\/mula.es\/web\/wp-content\/uploads\/2016\/04\/copafederacion-primera-fase.jpg 796w\" sizes=\"(max-width: 300px) 100vw, 300px\" \/><\/a><\/span><\/div><\/div><\/div><\/div><\/div>\n","protected":false},"excerpt":{"rendered":"","protected":false},"author":1,"featured_media":15932,"comment_status":"closed","ping_status":"closed","sticky":false,"template":"","format":"standard","meta":{"jetpack_post_was_ever_published":false,"_jetpack_newsletter_access":"","_jetpack_dont_email_post_to_subs":false,"_jetpack_newsletter_tier_id":0,"_jetpack_memberships_contains_paywalled_content":false,"_jetpack_memberships_contains_paid_content":false,"footnotes":"","jetpack_publicize_message":"","jetpack_publicize_feature_enabled":true,"jetpack_social_post_already_shared":false,"jetpack_social_options":{"image_generator_settings":{"template":"highway","default_image_id":0,"font":"","enabled":false},"version":2}},"categories":[88],"tags":[],"class_list":["post-15931","post","type-post","status-publish","format-standard","has-post-thumbnail","hentry","category-deportes"],"yoast_head":"<!-- This site is optimized with the Yoast SEO plugin v27.5 - https:\/\/yoast.com\/product\/yoast-seo-wordpress\/ -->\n<title>Club de Frontenis Mula se proclama campe\u00f3n de copa de primera divisi\u00f3n - Ayuntamiento de Mula<\/title>\n<meta name=\"robots\" content=\"index, follow, max-snippet:-1, max-image-preview:large, max-video-preview:-1\" \/>\n<link rel=\"canonical\" href=\"https:\/\/mula.es\/web\/club-de-frontenis-mula-se-proclama-campeon-de-copa-de-primera-division\/\" \/>\n<meta property=\"og:locale\" content=\"es_ES\" \/>\n<meta property=\"og:type\" content=\"article\" \/>\n<meta property=\"og:title\" content=\"Club de Frontenis Mula se proclama campe\u00f3n de copa de primera divisi\u00f3n - Ayuntamiento de Mula\" \/>\n<meta property=\"og:url\" content=\"https:\/\/mula.es\/web\/club-de-frontenis-mula-se-proclama-campeon-de-copa-de-primera-division\/\" \/>\n<meta property=\"og:site_name\" content=\"Ayuntamiento de Mula\" \/>\n<meta property=\"article:published_time\" content=\"2016-04-27T11:28:15+00:00\" \/>\n<meta property=\"article:modified_time\" content=\"2021-05-12T18:18:21+00:00\" \/>\n<meta property=\"og:image\" content=\"https:\/\/i0.wp.com\/mula.es\/web\/wp-content\/uploads\/2016\/04\/foto-equipo-Frontenis.jpg?fit=1946%2C1207&ssl=1\" \/>\n\t<meta property=\"og:image:width\" content=\"1946\" \/>\n\t<meta property=\"og:image:height\" content=\"1207\" \/>\n\t<meta property=\"og:image:type\" content=\"image\/jpeg\" \/>\n<meta name=\"author\" content=\"admin\" \/>\n<meta name=\"twitter:card\" content=\"summary_large_image\" \/>\n<meta name=\"twitter:creator\" content=\"@AyuntamientMula\" \/>\n<meta name=\"twitter:site\" content=\"@AyuntamientMula\" \/>\n<meta name=\"twitter:label1\" content=\"Escrito por\" \/>\n\t<meta name=\"twitter:data1\" content=\"admin\" \/>\n\t<meta name=\"twitter:label2\" content=\"Tiempo de lectura\" \/>\n\t<meta name=\"twitter:data2\" content=\"2 minutos\" \/>\n<script type=\"application\/ld+json\" class=\"yoast-schema-graph\">{\"@context\":\"https:\\\/\\\/schema.org\",\"@graph\":[{\"@type\":\"Article\",\"@id\":\"https:\\\/\\\/mula.es\\\/web\\\/club-de-frontenis-mula-se-proclama-campeon-de-copa-de-primera-division\\\/#article\",\"isPartOf\":{\"@id\":\"https:\\\/\\\/mula.es\\\/web\\\/club-de-frontenis-mula-se-proclama-campeon-de-copa-de-primera-division\\\/\"},\"author\":{\"name\":\"admin\",\"@id\":\"https:\\\/\\\/mula.es\\\/web\\\/#\\\/schema\\\/person\\\/a0dbffe9f4a3ed4aaebedcfef02f71a1\"},\"headline\":\"Club de Frontenis Mula se proclama campe\u00f3n de copa de primera divisi\u00f3n\",\"datePublished\":\"2016-04-27T11:28:15+00:00\",\"dateModified\":\"2021-05-12T18:18:21+00:00\",\"mainEntityOfPage\":{\"@id\":\"https:\\\/\\\/mula.es\\\/web\\\/club-de-frontenis-mula-se-proclama-campeon-de-copa-de-primera-division\\\/\"},\"wordCount\":406,\"image\":{\"@id\":\"https:\\\/\\\/mula.es\\\/web\\\/club-de-frontenis-mula-se-proclama-campeon-de-copa-de-primera-division\\\/#primaryimage\"},\"thumbnailUrl\":\"https:\\\/\\\/mula.es\\\/web\\\/wp-content\\\/uploads\\\/2016\\\/04\\\/foto-equipo-Frontenis.jpg\",\"articleSection\":[\"deportes\"],\"inLanguage\":\"es\"},{\"@type\":\"WebPage\",\"@id\":\"https:\\\/\\\/mula.es\\\/web\\\/club-de-frontenis-mula-se-proclama-campeon-de-copa-de-primera-division\\\/\",\"url\":\"https:\\\/\\\/mula.es\\\/web\\\/club-de-frontenis-mula-se-proclama-campeon-de-copa-de-primera-division\\\/\",\"name\":\"Club de Frontenis Mula se proclama campe\u00f3n de copa de primera divisi\u00f3n - Ayuntamiento de Mula\",\"isPartOf\":{\"@id\":\"https:\\\/\\\/mula.es\\\/web\\\/#website\"},\"primaryImageOfPage\":{\"@id\":\"https:\\\/\\\/mula.es\\\/web\\\/club-de-frontenis-mula-se-proclama-campeon-de-copa-de-primera-division\\\/#primaryimage\"},\"image\":{\"@id\":\"https:\\\/\\\/mula.es\\\/web\\\/club-de-frontenis-mula-se-proclama-campeon-de-copa-de-primera-division\\\/#primaryimage\"},\"thumbnailUrl\":\"https:\\\/\\\/mula.es\\\/web\\\/wp-content\\\/uploads\\\/2016\\\/04\\\/foto-equipo-Frontenis.jpg\",\"datePublished\":\"2016-04-27T11:28:15+00:00\",\"dateModified\":\"2021-05-12T18:18:21+00:00\",\"author\":{\"@id\":\"https:\\\/\\\/mula.es\\\/web\\\/#\\\/schema\\\/person\\\/a0dbffe9f4a3ed4aaebedcfef02f71a1\"},\"breadcrumb\":{\"@id\":\"https:\\\/\\\/mula.es\\\/web\\\/club-de-frontenis-mula-se-proclama-campeon-de-copa-de-primera-division\\\/#breadcrumb\"},\"inLanguage\":\"es\",\"potentialAction\":[{\"@type\":\"ReadAction\",\"target\":[\"https:\\\/\\\/mula.es\\\/web\\\/club-de-frontenis-mula-se-proclama-campeon-de-copa-de-primera-division\\\/\"]}]},{\"@type\":\"ImageObject\",\"inLanguage\":\"es\",\"@id\":\"https:\\\/\\\/mula.es\\\/web\\\/club-de-frontenis-mula-se-proclama-campeon-de-copa-de-primera-division\\\/#primaryimage\",\"url\":\"https:\\\/\\\/mula.es\\\/web\\\/wp-content\\\/uploads\\\/2016\\\/04\\\/foto-equipo-Frontenis.jpg\",\"contentUrl\":\"https:\\\/\\\/mula.es\\\/web\\\/wp-content\\\/uploads\\\/2016\\\/04\\\/foto-equipo-Frontenis.jpg\",\"width\":1946,\"height\":1207,\"caption\":\"foto equipo Frontenis\"},{\"@type\":\"BreadcrumbList\",\"@id\":\"https:\\\/\\\/mula.es\\\/web\\\/club-de-frontenis-mula-se-proclama-campeon-de-copa-de-primera-division\\\/#breadcrumb\",\"itemListElement\":[{\"@type\":\"ListItem\",\"position\":1,\"name\":\"Portada\",\"item\":\"https:\\\/\\\/mula.es\\\/web\\\/\"},{\"@type\":\"ListItem\",\"position\":2,\"name\":\"Club de Frontenis Mula se proclama campe\u00f3n de copa de primera divisi\u00f3n\"}]},{\"@type\":\"WebSite\",\"@id\":\"https:\\\/\\\/mula.es\\\/web\\\/#website\",\"url\":\"https:\\\/\\\/mula.es\\\/web\\\/\",\"name\":\"Ayuntamiento de Mula\",\"description\":\"P\u00e1gina web del Ayuntamiento de Mula (Regi\u00f3n de Murcia)\",\"potentialAction\":[{\"@type\":\"SearchAction\",\"target\":{\"@type\":\"EntryPoint\",\"urlTemplate\":\"https:\\\/\\\/mula.es\\\/web\\\/?s={search_term_string}\"},\"query-input\":{\"@type\":\"PropertyValueSpecification\",\"valueRequired\":true,\"valueName\":\"search_term_string\"}}],\"inLanguage\":\"es\"},{\"@type\":\"Person\",\"@id\":\"https:\\\/\\\/mula.es\\\/web\\\/#\\\/schema\\\/person\\\/a0dbffe9f4a3ed4aaebedcfef02f71a1\",\"name\":\"admin\",\"image\":{\"@type\":\"ImageObject\",\"inLanguage\":\"es\",\"@id\":\"https:\\\/\\\/secure.gravatar.com\\\/avatar\\\/5423b9cd77f4c7f89a124365a268866f9dfee038c17fe9e37afd92b5920d810e?s=96&d=mm&r=g\",\"url\":\"https:\\\/\\\/secure.gravatar.com\\\/avatar\\\/5423b9cd77f4c7f89a124365a268866f9dfee038c17fe9e37afd92b5920d810e?s=96&d=mm&r=g\",\"contentUrl\":\"https:\\\/\\\/secure.gravatar.com\\\/avatar\\\/5423b9cd77f4c7f89a124365a268866f9dfee038c17fe9e37afd92b5920d810e?s=96&d=mm&r=g\",\"caption\":\"admin\"},\"description\":\"Lorem ipsum dolor sit amet, consectetur adipiscing elit. Nam viverra euismod odio, gravida pellentesque urna varius vitae. Sed dui lorem, adipiscing in adipiscing et, interdum nec metus. Mauris ultricies, justo eu convallis placerat, felis enim ornare nisi, vitae mattis nulla ante id dui. Ut lectus purus, commodo et tincidunt vel, interdum sed lectus. Vestibulum adipiscing tempor nisi id elementi.\",\"url\":\"https:\\\/\\\/mula.es\\\/web\\\/author\\\/jose-maria-boti\\\/\"}]}<\/script>\n<!-- \/ Yoast SEO plugin. -->","yoast_head_json":{"title":"Club de Frontenis Mula se proclama campe\u00f3n de copa de primera divisi\u00f3n - Ayuntamiento de Mula","robots":{"index":"index","follow":"follow","max-snippet":"max-snippet:-1","max-image-preview":"max-image-preview:large","max-video-preview":"max-video-preview:-1"},"canonical":"https:\/\/mula.es\/web\/club-de-frontenis-mula-se-proclama-campeon-de-copa-de-primera-division\/","og_locale":"es_ES","og_type":"article","og_title":"Club de Frontenis Mula se proclama campe\u00f3n de copa de primera divisi\u00f3n - Ayuntamiento de Mula","og_url":"https:\/\/mula.es\/web\/club-de-frontenis-mula-se-proclama-campeon-de-copa-de-primera-division\/","og_site_name":"Ayuntamiento de Mula","article_published_time":"2016-04-27T11:28:15+00:00","article_modified_time":"2021-05-12T18:18:21+00:00","og_image":[{"width":1946,"height":1207,"url":"https:\/\/i0.wp.com\/mula.es\/web\/wp-content\/uploads\/2016\/04\/foto-equipo-Frontenis.jpg?fit=1946%2C1207&ssl=1","type":"image\/jpeg"}],"author":"admin","twitter_card":"summary_large_image","twitter_creator":"@AyuntamientMula","twitter_site":"@AyuntamientMula","twitter_misc":{"Escrito por":"admin","Tiempo de lectura":"2 minutos"},"schema":{"@context":"https:\/\/schema.org","@graph":[{"@type":"Article","@id":"https:\/\/mula.es\/web\/club-de-frontenis-mula-se-proclama-campeon-de-copa-de-primera-division\/#article","isPartOf":{"@id":"https:\/\/mula.es\/web\/club-de-frontenis-mula-se-proclama-campeon-de-copa-de-primera-division\/"},"author":{"name":"admin","@id":"https:\/\/mula.es\/web\/#\/schema\/person\/a0dbffe9f4a3ed4aaebedcfef02f71a1"},"headline":"Club de Frontenis Mula se proclama campe\u00f3n de copa de primera divisi\u00f3n","datePublished":"2016-04-27T11:28:15+00:00","dateModified":"2021-05-12T18:18:21+00:00","mainEntityOfPage":{"@id":"https:\/\/mula.es\/web\/club-de-frontenis-mula-se-proclama-campeon-de-copa-de-primera-division\/"},"wordCount":406,"image":{"@id":"https:\/\/mula.es\/web\/club-de-frontenis-mula-se-proclama-campeon-de-copa-de-primera-division\/#primaryimage"},"thumbnailUrl":"https:\/\/mula.es\/web\/wp-content\/uploads\/2016\/04\/foto-equipo-Frontenis.jpg","articleSection":["deportes"],"inLanguage":"es"},{"@type":"WebPage","@id":"https:\/\/mula.es\/web\/club-de-frontenis-mula-se-proclama-campeon-de-copa-de-primera-division\/","url":"https:\/\/mula.es\/web\/club-de-frontenis-mula-se-proclama-campeon-de-copa-de-primera-division\/","name":"Club de Frontenis Mula se proclama campe\u00f3n de copa de primera divisi\u00f3n - Ayuntamiento de Mula","isPartOf":{"@id":"https:\/\/mula.es\/web\/#website"},"primaryImageOfPage":{"@id":"https:\/\/mula.es\/web\/club-de-frontenis-mula-se-proclama-campeon-de-copa-de-primera-division\/#primaryimage"},"image":{"@id":"https:\/\/mula.es\/web\/club-de-frontenis-mula-se-proclama-campeon-de-copa-de-primera-division\/#primaryimage"},"thumbnailUrl":"https:\/\/mula.es\/web\/wp-content\/uploads\/2016\/04\/foto-equipo-Frontenis.jpg","datePublished":"2016-04-27T11:28:15+00:00","dateModified":"2021-05-12T18:18:21+00:00","author":{"@id":"https:\/\/mula.es\/web\/#\/schema\/person\/a0dbffe9f4a3ed4aaebedcfef02f71a1"},"breadcrumb":{"@id":"https:\/\/mula.es\/web\/club-de-frontenis-mula-se-proclama-campeon-de-copa-de-primera-division\/#breadcrumb"},"inLanguage":"es","potentialAction":[{"@type":"ReadAction","target":["https:\/\/mula.es\/web\/club-de-frontenis-mula-se-proclama-campeon-de-copa-de-primera-division\/"]}]},{"@type":"ImageObject","inLanguage":"es","@id":"https:\/\/mula.es\/web\/club-de-frontenis-mula-se-proclama-campeon-de-copa-de-primera-division\/#primaryimage","url":"https:\/\/mula.es\/web\/wp-content\/uploads\/2016\/04\/foto-equipo-Frontenis.jpg","contentUrl":"https:\/\/mula.es\/web\/wp-content\/uploads\/2016\/04\/foto-equipo-Frontenis.jpg","width":1946,"height":1207,"caption":"foto equipo Frontenis"},{"@type":"BreadcrumbList","@id":"https:\/\/mula.es\/web\/club-de-frontenis-mula-se-proclama-campeon-de-copa-de-primera-division\/#breadcrumb","itemListElement":[{"@type":"ListItem","position":1,"name":"Portada","item":"https:\/\/mula.es\/web\/"},{"@type":"ListItem","position":2,"name":"Club de Frontenis Mula se proclama campe\u00f3n de copa de primera divisi\u00f3n"}]},{"@type":"WebSite","@id":"https:\/\/mula.es\/web\/#website","url":"https:\/\/mula.es\/web\/","name":"Ayuntamiento de Mula","description":"P\u00e1gina web del Ayuntamiento de Mula (Regi\u00f3n de Murcia)","potentialAction":[{"@type":"SearchAction","target":{"@type":"EntryPoint","urlTemplate":"https:\/\/mula.es\/web\/?s={search_term_string}"},"query-input":{"@type":"PropertyValueSpecification","valueRequired":true,"valueName":"search_term_string"}}],"inLanguage":"es"},{"@type":"Person","@id":"https:\/\/mula.es\/web\/#\/schema\/person\/a0dbffe9f4a3ed4aaebedcfef02f71a1","name":"admin","image":{"@type":"ImageObject","inLanguage":"es","@id":"https:\/\/secure.gravatar.com\/avatar\/5423b9cd77f4c7f89a124365a268866f9dfee038c17fe9e37afd92b5920d810e?s=96&d=mm&r=g","url":"https:\/\/secure.gravatar.com\/avatar\/5423b9cd77f4c7f89a124365a268866f9dfee038c17fe9e37afd92b5920d810e?s=96&d=mm&r=g","contentUrl":"https:\/\/secure.gravatar.com\/avatar\/5423b9cd77f4c7f89a124365a268866f9dfee038c17fe9e37afd92b5920d810e?s=96&d=mm&r=g","caption":"admin"},"description":"Lorem ipsum dolor sit amet, consectetur adipiscing elit. Nam viverra euismod odio, gravida pellentesque urna varius vitae. Sed dui lorem, adipiscing in adipiscing et, interdum nec metus. Mauris ultricies, justo eu convallis placerat, felis enim ornare nisi, vitae mattis nulla ante id dui. Ut lectus purus, commodo et tincidunt vel, interdum sed lectus. Vestibulum adipiscing tempor nisi id elementi.","url":"https:\/\/mula.es\/web\/author\/jose-maria-boti\/"}]}},"jetpack_publicize_connections":[],"jetpack_featured_media_url":"https:\/\/mula.es\/web\/wp-content\/uploads\/2016\/04\/foto-equipo-Frontenis.jpg","jetpack_sharing_enabled":true,"jetpack_shortlink":"https:\/\/wp.me\/pa9DMY-48X","jetpack-related-posts":[],"_links":{"self":[{"href":"https:\/\/mula.es\/web\/wp-json\/wp\/v2\/posts\/15931","targetHints":{"allow":["GET"]}}],"collection":[{"href":"https:\/\/mula.es\/web\/wp-json\/wp\/v2\/posts"}],"about":[{"href":"https:\/\/mula.es\/web\/wp-json\/wp\/v2\/types\/post"}],"author":[{"embeddable":true,"href":"https:\/\/mula.es\/web\/wp-json\/wp\/v2\/users\/1"}],"replies":[{"embeddable":true,"href":"https:\/\/mula.es\/web\/wp-json\/wp\/v2\/comments?post=15931"}],"version-history":[{"count":4,"href":"https:\/\/mula.es\/web\/wp-json\/wp\/v2\/posts\/15931\/revisions"}],"predecessor-version":[{"id":40119,"href":"https:\/\/mula.es\/web\/wp-json\/wp\/v2\/posts\/15931\/revisions\/40119"}],"wp:featuredmedia":[{"embeddable":true,"href":"https:\/\/mula.es\/web\/wp-json\/wp\/v2\/media\/15932"}],"wp:attachment":[{"href":"https:\/\/mula.es\/web\/wp-json\/wp\/v2\/media?parent=15931"}],"wp:term":[{"taxonomy":"category","embeddable":true,"href":"https:\/\/mula.es\/web\/wp-json\/wp\/v2\/categories?post=15931"},{"taxonomy":"post_tag","embeddable":true,"href":"https:\/\/mula.es\/web\/wp-json\/wp\/v2\/tags?post=15931"}],"curies":[{"name":"wp","href":"https:\/\/api.w.org\/{rel}","templated":true}]}}