{"id":15963,"date":"2016-04-29T09:24:17","date_gmt":"2016-04-29T07:24:17","guid":{"rendered":"http:\/\/mula.es\/web\/?p=15963"},"modified":"2021-05-12T20:18:20","modified_gmt":"2021-05-12T18:18:20","slug":"inscripcion-para-el-xviii-dia-nacional-de-las-vias-verdes-7-de-mayo","status":"publish","type":"post","link":"https:\/\/mula.es\/web\/inscripcion-para-el-xviii-dia-nacional-de-las-vias-verdes-7-de-mayo\/","title":{"rendered":"Inscripci\u00f3n para el XVIII D\u00eda nacional de las v\u00edas verdes &#8211; 7 de mayo"},"content":{"rendered":"<div class=\"fusion-fullwidth fullwidth-box fusion-builder-row-1 fusion-flex-container hundred-percent-fullwidth non-hundred-percent-height-scrolling\" style=\"--awb-border-radius-top-left:0px;--awb-border-radius-top-right:0px;--awb-border-radius-bottom-right:0px;--awb-border-radius-bottom-left:0px;--awb-overflow:visible;--awb-flex-wrap:wrap;\" ><div class=\"fusion-builder-row fusion-row fusion-flex-align-items-flex-start fusion-flex-content-wrap\" style=\"width:calc( 100% + 0px ) !important;max-width:calc( 100% + 0px ) !important;margin-left: calc(-0px \/ 2 );margin-right: calc(-0px \/ 2 );\"><div class=\"fusion-layout-column fusion_builder_column fusion-builder-column-0 fusion_builder_column_1_1 1_1 fusion-flex-column\" style=\"--awb-bg-size:cover;--awb-width-large:100%;--awb-margin-top-large:0px;--awb-spacing-right-large:0px;--awb-margin-bottom-large:20px;--awb-spacing-left-large:0px;--awb-width-medium:100%;--awb-spacing-right-medium:0px;--awb-spacing-left-medium:0px;--awb-width-small:100%;--awb-spacing-right-small:0px;--awb-spacing-left-small:0px;\"><div class=\"fusion-column-wrapper fusion-flex-justify-content-flex-start fusion-content-layout-column\"><div class=\"fusion-text fusion-text-1\"><p class=\"western\" style=\"text-align: justify;\">Celebra con nosotros el D\u00eda Nacional de las V\u00edas Verdes. Esta XVIII edici\u00f3n es especial ya que haremos el recorrido por parte del nuevo trazado.<\/p>\n<p class=\"western\" style=\"text-align: justify;\">Los amantes de la naturaleza y las largas caminatas tienen una cita importante con la V\u00eda Verde del Noroeste.<\/p>\n<p class=\"western\" style=\"text-align: justify;\">El pr\u00f3ximo s\u00e1bado 7 de mayo se organiza en Mula una excursi\u00f3n por un tramo de este atractivo y valioso espacio natural en el que todos podemos participar, <b>desde la Plaza del Ayuntamiento hasta El Ni\u00f1o de Mula, con un recorrido total (ida y vuelta) de 8,4 km.<\/b><\/p>\n<p class=\"western\" style=\"text-align: justify;\">Recorreremos parte de este bello municipio pudiendo apreciar una amplia representaci\u00f3n de los paisajes de huerta caracter\u00edsticos de la Regi\u00f3n de Murcia, as\u00ed como de los vestigios de la cultura del agua a trav\u00e9s de la Ribera de Los Molinos de Mula.<\/p>\n<p class=\"western\" style=\"text-align: justify;\">Las acreditaciones se recoger\u00e1n a partir de las 8:30 horas en la Plaza del Ayuntamiento. All\u00ed, los participantes, tendr\u00e1n que entregar el cup\u00f3n de inscripci\u00f3n impreso, recibiendo a cambio una bolsa de avituallamiento que incluir\u00e1 fruta, barrita energ\u00e9tica y agua. A las 9:00h, representantes del Consorcio de la V\u00eda Verde presentar\u00e1n la actividad. La excursi\u00f3n dar\u00e1 comienzo a las 9:30 horas.<\/p>\n<p class=\"western\" style=\"text-align: justify;\">Antes de la salida y tras el acto de bienvenida, se realizar\u00e1 un sorteo entre todos los participantes de dos bicicletas donadas por el Ayuntamiento de Mula y de una actividad deportiva organizada por la empresa de Turismo Activo \u201cSiula\u201d a realizar en el Centro de Deportes de Monta\u00f1a de Casas Nuevas. Para participar en el sorteo es necesario el cup\u00f3n de inscripci\u00f3n de <span lang=\"zxx\"><a href=\"http:\/\/www.murciaturistica.es\/\">www.murciaturistica.es<\/a><\/span>.<\/p>\n<p class=\"western\" style=\"text-align: justify;\">La V\u00eda Verde del Noroeste se puso en marcha hace m\u00e1s de una d\u00e9cada y se viene gestionando y reacondicionando por el Consorcio Tur\u00edstico, integrado por la Consejer\u00eda de Desarrollo Econ\u00f3mico, Turismo y Empleo y los Ayuntamientos de la traza. Transcurre por los municipios de Murcia, Molina de Segura, Alguazas, Campos del R\u00edo, Albudeite, Mula, Bullas, Ceheg\u00edn y Caravaca de la Cruz, pasando por una gran diversidad de paisajes que incluyen zonas agrarias tradicionales, paisajes des\u00e9rticos y paisajes de monta\u00f1a, todos ellos de gran calidad visual.<\/p>\n<p class=\"western\" style=\"text-align: justify;\">Las inscripciones, totalmente gratuitas, deben realizarse hasta el 6 de mayo a trav\u00e9s de:<\/p>\n<p class=\"western\" style=\"text-align: justify;\"><span lang=\"zxx\"><u><a href=\"http:\/\/www.murcituristica.es\/\">www.murcituristica.es<\/a><\/u><\/span><\/p>\n<p class=\"western\" style=\"text-align: justify;\">Tras la vuelta a Mula, los asistentes podr\u00e1n disfrutar de la \u201cRuta de la tapa y el combinado huertano\u201d que los establecimientos hosteleros de Mula han organizado para este fin de semana(7 y 8 de Mayo).<\/p>\n<p class=\"western\" style=\"text-align: justify;\">Ateneo Las Mulas<\/p>\n<p class=\"western\" style=\"text-align: justify;\">Tasca La Mara\u00f1a<\/p>\n<p class=\"western\" style=\"text-align: justify;\">Caferter\u00eda Salvador<\/p>\n<p class=\"western\" style=\"text-align: justify;\">Bar La Roja<\/p>\n<p class=\"western\" style=\"text-align: justify;\">Restaurante El Hogar<\/p>\n<p class=\"western\" style=\"text-align: justify;\">Mes\u00f3n La Morera<\/p>\n<p class=\"western\" style=\"text-align: justify;\">El Mes\u00f3n de la Gasolinera<\/p>\n<p class=\"western\" style=\"text-align: justify;\">Las Tapas de Isa<\/p>\n<p class=\"western\" style=\"text-align: justify;\">Helader\u00eda Picolo<\/p>\n<p class=\"western\" style=\"text-align: justify;\">Helader\u00eda Divinos Pecados La Duquesa<\/p>\n<p class=\"western\" style=\"text-align: justify;\">Cafeter\u00eda Saratoga<\/p>\n<p class=\"western\" style=\"text-align: justify;\">Bar el Alamo<\/p>\n<p class=\"western\" style=\"text-align: justify;\"><u>Programa<\/u>:<\/p>\n<p class=\"western\" style=\"text-align: justify;\">08:30 Recogida acreditaciones<\/p>\n<p class=\"western\" style=\"text-align: justify;\">09:00 Acto bienvenida, tras el cual se realizar\u00e1 el sorteo.<\/p>\n<p class=\"western\" style=\"text-align: justify;\">09:30 Salida<\/p>\n<p class=\"western\" style=\"text-align: justify;\">11:00 Hora estimada de llegada a El Ni\u00f1o de Mula.<\/p>\n<p class=\"western\" style=\"text-align: justify;\">12:30 Hora estimada de regreso a Mula.<\/p>\n<p class=\"western\" style=\"text-align: justify;\"><b>LOS INSCRITOS EN ESTA ACTIVIDAD DISPONDR\u00c1N DE UNA ZONA DE APARCAMIENTO DISUASORIO EN LA AVENIDA DE LA PAZ<\/b><\/p>\n<\/div><\/div><\/div><div class=\"fusion-layout-column fusion_builder_column fusion-builder-column-1 fusion_builder_column_1_1 1_1 fusion-flex-column\" style=\"--awb-bg-size:cover;--awb-width-large:100%;--awb-margin-top-large:0px;--awb-spacing-right-large:0px;--awb-margin-bottom-large:20px;--awb-spacing-left-large:0px;--awb-width-medium:100%;--awb-spacing-right-medium:0px;--awb-spacing-left-medium:0px;--awb-width-small:100%;--awb-spacing-right-small:0px;--awb-spacing-left-small:0px;\"><div class=\"fusion-column-wrapper fusion-flex-justify-content-flex-start fusion-content-layout-column\"><div class=\"fusion-text fusion-text-2\"><p><a href=\"https:\/\/mula.es\/web\/wp-content\/uploads\/2016\/04\/ChIcP4wWgAEL2O7.jpg\"><img data-attachment-id=\"15980\" data-permalink=\"https:\/\/mula.es\/web\/inscripcion-para-el-xviii-dia-nacional-de-las-vias-verdes-7-de-mayo\/chicp4wwgael2o7\/\" data-orig-file=\"https:\/\/mula.es\/web\/wp-content\/uploads\/2016\/04\/ChIcP4wWgAEL2O7.jpg\" data-orig-size=\"1024,724\" data-comments-opened=\"0\" data-image-meta=\"\" data-image-title=\"dia nacional vias verdes noroeste plano 2\" data-image-description=\"\n\n<p>dia nacional vias verdes noroeste plano 2<\/p>\n<p>\" data-image-caption=\"<\/p>\n<p>dia nacional vias verdes noroeste plano 2<\/p>\n<p>\" data-large-file=\"https:\/\/mula.es\/web\/wp-content\/uploads\/2016\/04\/ChIcP4wWgAEL2O7-1024x724.jpg\" class=\"aligncenter wp-image-15980 size-large\" src=\"https:\/\/mula.es\/web\/wp-content\/uploads\/2016\/04\/ChIcP4wWgAEL2O7-1024x724.jpg\" alt=\"dia nacional vias verdes noroeste plano 2\" width=\"669\" height=\"473\" \/><\/a><\/p>\n<\/div><\/div><\/div><\/div><\/div>\n","protected":false},"excerpt":{"rendered":"","protected":false},"author":1,"featured_media":15964,"comment_status":"closed","ping_status":"closed","sticky":false,"template":"","format":"standard","meta":{"jetpack_post_was_ever_published":false,"_jetpack_newsletter_access":"","_jetpack_dont_email_post_to_subs":false,"_jetpack_newsletter_tier_id":0,"_jetpack_memberships_contains_paywalled_content":false,"_jetpack_memberships_contains_paid_content":false,"footnotes":"","jetpack_publicize_message":"","jetpack_publicize_feature_enabled":true,"jetpack_social_post_already_shared":false,"jetpack_social_options":{"image_generator_settings":{"template":"highway","default_image_id":0,"font":"","enabled":false},"version":2}},"categories":[153,75,203],"tags":[],"class_list":["post-15963","post","type-post","status-publish","format-standard","has-post-thumbnail","hentry","category-medio-ambiente","category-turismo","category-vias-verdes"],"yoast_head":"<!-- This site is optimized with the Yoast SEO plugin v27.5 - https:\/\/yoast.com\/product\/yoast-seo-wordpress\/ -->\n<title>Inscripci\u00f3n para el XVIII D\u00eda nacional de las v\u00edas verdes - 7 de mayo - Ayuntamiento de Mula<\/title>\n<meta name=\"robots\" content=\"index, follow, max-snippet:-1, max-image-preview:large, max-video-preview:-1\" \/>\n<link rel=\"canonical\" href=\"https:\/\/mula.es\/web\/inscripcion-para-el-xviii-dia-nacional-de-las-vias-verdes-7-de-mayo\/\" \/>\n<meta property=\"og:locale\" content=\"es_ES\" \/>\n<meta property=\"og:type\" content=\"article\" \/>\n<meta property=\"og:title\" content=\"Inscripci\u00f3n para el XVIII D\u00eda nacional de las v\u00edas verdes - 7 de mayo - Ayuntamiento de Mula\" \/>\n<meta property=\"og:url\" content=\"https:\/\/mula.es\/web\/inscripcion-para-el-xviii-dia-nacional-de-las-vias-verdes-7-de-mayo\/\" \/>\n<meta property=\"og:site_name\" content=\"Ayuntamiento de Mula\" \/>\n<meta property=\"article:published_time\" content=\"2016-04-29T07:24:17+00:00\" \/>\n<meta property=\"article:modified_time\" content=\"2021-05-12T18:18:20+00:00\" \/>\n<meta property=\"og:image\" content=\"https:\/\/i0.wp.com\/mula.es\/web\/wp-content\/uploads\/2016\/04\/vias_verdes_2016.jpg?fit=600%2C849&ssl=1\" \/>\n\t<meta property=\"og:image:width\" content=\"600\" \/>\n\t<meta property=\"og:image:height\" content=\"849\" \/>\n\t<meta property=\"og:image:type\" content=\"image\/jpeg\" \/>\n<meta name=\"author\" content=\"admin\" \/>\n<meta name=\"twitter:card\" content=\"summary_large_image\" \/>\n<meta name=\"twitter:creator\" content=\"@AyuntamientMula\" \/>\n<meta name=\"twitter:site\" content=\"@AyuntamientMula\" \/>\n<meta name=\"twitter:label1\" content=\"Escrito por\" \/>\n\t<meta name=\"twitter:data1\" content=\"admin\" \/>\n\t<meta name=\"twitter:label2\" content=\"Tiempo de lectura\" \/>\n\t<meta name=\"twitter:data2\" content=\"3 minutos\" \/>\n<script type=\"application\/ld+json\" class=\"yoast-schema-graph\">{\"@context\":\"https:\\\/\\\/schema.org\",\"@graph\":[{\"@type\":\"Article\",\"@id\":\"https:\\\/\\\/mula.es\\\/web\\\/inscripcion-para-el-xviii-dia-nacional-de-las-vias-verdes-7-de-mayo\\\/#article\",\"isPartOf\":{\"@id\":\"https:\\\/\\\/mula.es\\\/web\\\/inscripcion-para-el-xviii-dia-nacional-de-las-vias-verdes-7-de-mayo\\\/\"},\"author\":{\"name\":\"admin\",\"@id\":\"https:\\\/\\\/mula.es\\\/web\\\/#\\\/schema\\\/person\\\/a0dbffe9f4a3ed4aaebedcfef02f71a1\"},\"headline\":\"Inscripci\u00f3n para el XVIII D\u00eda nacional de las v\u00edas verdes &#8211; 7 de mayo\",\"datePublished\":\"2016-04-29T07:24:17+00:00\",\"dateModified\":\"2021-05-12T18:18:20+00:00\",\"mainEntityOfPage\":{\"@id\":\"https:\\\/\\\/mula.es\\\/web\\\/inscripcion-para-el-xviii-dia-nacional-de-las-vias-verdes-7-de-mayo\\\/\"},\"wordCount\":662,\"image\":{\"@id\":\"https:\\\/\\\/mula.es\\\/web\\\/inscripcion-para-el-xviii-dia-nacional-de-las-vias-verdes-7-de-mayo\\\/#primaryimage\"},\"thumbnailUrl\":\"https:\\\/\\\/mula.es\\\/web\\\/wp-content\\\/uploads\\\/2016\\\/04\\\/vias_verdes_2016.jpg\",\"articleSection\":[\"medio ambiente\",\"turismo\",\"v\u00edas verdes\"],\"inLanguage\":\"es\"},{\"@type\":\"WebPage\",\"@id\":\"https:\\\/\\\/mula.es\\\/web\\\/inscripcion-para-el-xviii-dia-nacional-de-las-vias-verdes-7-de-mayo\\\/\",\"url\":\"https:\\\/\\\/mula.es\\\/web\\\/inscripcion-para-el-xviii-dia-nacional-de-las-vias-verdes-7-de-mayo\\\/\",\"name\":\"Inscripci\u00f3n para el XVIII D\u00eda nacional de las v\u00edas verdes - 7 de mayo - Ayuntamiento de Mula\",\"isPartOf\":{\"@id\":\"https:\\\/\\\/mula.es\\\/web\\\/#website\"},\"primaryImageOfPage\":{\"@id\":\"https:\\\/\\\/mula.es\\\/web\\\/inscripcion-para-el-xviii-dia-nacional-de-las-vias-verdes-7-de-mayo\\\/#primaryimage\"},\"image\":{\"@id\":\"https:\\\/\\\/mula.es\\\/web\\\/inscripcion-para-el-xviii-dia-nacional-de-las-vias-verdes-7-de-mayo\\\/#primaryimage\"},\"thumbnailUrl\":\"https:\\\/\\\/mula.es\\\/web\\\/wp-content\\\/uploads\\\/2016\\\/04\\\/vias_verdes_2016.jpg\",\"datePublished\":\"2016-04-29T07:24:17+00:00\",\"dateModified\":\"2021-05-12T18:18:20+00:00\",\"author\":{\"@id\":\"https:\\\/\\\/mula.es\\\/web\\\/#\\\/schema\\\/person\\\/a0dbffe9f4a3ed4aaebedcfef02f71a1\"},\"breadcrumb\":{\"@id\":\"https:\\\/\\\/mula.es\\\/web\\\/inscripcion-para-el-xviii-dia-nacional-de-las-vias-verdes-7-de-mayo\\\/#breadcrumb\"},\"inLanguage\":\"es\",\"potentialAction\":[{\"@type\":\"ReadAction\",\"target\":[\"https:\\\/\\\/mula.es\\\/web\\\/inscripcion-para-el-xviii-dia-nacional-de-las-vias-verdes-7-de-mayo\\\/\"]}]},{\"@type\":\"ImageObject\",\"inLanguage\":\"es\",\"@id\":\"https:\\\/\\\/mula.es\\\/web\\\/inscripcion-para-el-xviii-dia-nacional-de-las-vias-verdes-7-de-mayo\\\/#primaryimage\",\"url\":\"https:\\\/\\\/mula.es\\\/web\\\/wp-content\\\/uploads\\\/2016\\\/04\\\/vias_verdes_2016.jpg\",\"contentUrl\":\"https:\\\/\\\/mula.es\\\/web\\\/wp-content\\\/uploads\\\/2016\\\/04\\\/vias_verdes_2016.jpg\",\"width\":600,\"height\":849,\"caption\":\"dia nacional de las vias verdes 2016 noroeste\"},{\"@type\":\"BreadcrumbList\",\"@id\":\"https:\\\/\\\/mula.es\\\/web\\\/inscripcion-para-el-xviii-dia-nacional-de-las-vias-verdes-7-de-mayo\\\/#breadcrumb\",\"itemListElement\":[{\"@type\":\"ListItem\",\"position\":1,\"name\":\"Portada\",\"item\":\"https:\\\/\\\/mula.es\\\/web\\\/\"},{\"@type\":\"ListItem\",\"position\":2,\"name\":\"Inscripci\u00f3n para el XVIII D\u00eda nacional de las v\u00edas verdes &#8211; 7 de mayo\"}]},{\"@type\":\"WebSite\",\"@id\":\"https:\\\/\\\/mula.es\\\/web\\\/#website\",\"url\":\"https:\\\/\\\/mula.es\\\/web\\\/\",\"name\":\"Ayuntamiento de Mula\",\"description\":\"P\u00e1gina web del Ayuntamiento de Mula (Regi\u00f3n de Murcia)\",\"potentialAction\":[{\"@type\":\"SearchAction\",\"target\":{\"@type\":\"EntryPoint\",\"urlTemplate\":\"https:\\\/\\\/mula.es\\\/web\\\/?s={search_term_string}\"},\"query-input\":{\"@type\":\"PropertyValueSpecification\",\"valueRequired\":true,\"valueName\":\"search_term_string\"}}],\"inLanguage\":\"es\"},{\"@type\":\"Person\",\"@id\":\"https:\\\/\\\/mula.es\\\/web\\\/#\\\/schema\\\/person\\\/a0dbffe9f4a3ed4aaebedcfef02f71a1\",\"name\":\"admin\",\"image\":{\"@type\":\"ImageObject\",\"inLanguage\":\"es\",\"@id\":\"https:\\\/\\\/secure.gravatar.com\\\/avatar\\\/5423b9cd77f4c7f89a124365a268866f9dfee038c17fe9e37afd92b5920d810e?s=96&d=mm&r=g\",\"url\":\"https:\\\/\\\/secure.gravatar.com\\\/avatar\\\/5423b9cd77f4c7f89a124365a268866f9dfee038c17fe9e37afd92b5920d810e?s=96&d=mm&r=g\",\"contentUrl\":\"https:\\\/\\\/secure.gravatar.com\\\/avatar\\\/5423b9cd77f4c7f89a124365a268866f9dfee038c17fe9e37afd92b5920d810e?s=96&d=mm&r=g\",\"caption\":\"admin\"},\"description\":\"Lorem ipsum dolor sit amet, consectetur adipiscing elit. Nam viverra euismod odio, gravida pellentesque urna varius vitae. Sed dui lorem, adipiscing in adipiscing et, interdum nec metus. Mauris ultricies, justo eu convallis placerat, felis enim ornare nisi, vitae mattis nulla ante id dui. Ut lectus purus, commodo et tincidunt vel, interdum sed lectus. Vestibulum adipiscing tempor nisi id elementi.\",\"url\":\"https:\\\/\\\/mula.es\\\/web\\\/author\\\/jose-maria-boti\\\/\"}]}<\/script>\n<!-- \/ Yoast SEO plugin. -->","yoast_head_json":{"title":"Inscripci\u00f3n para el XVIII D\u00eda nacional de las v\u00edas verdes - 7 de mayo - Ayuntamiento de Mula","robots":{"index":"index","follow":"follow","max-snippet":"max-snippet:-1","max-image-preview":"max-image-preview:large","max-video-preview":"max-video-preview:-1"},"canonical":"https:\/\/mula.es\/web\/inscripcion-para-el-xviii-dia-nacional-de-las-vias-verdes-7-de-mayo\/","og_locale":"es_ES","og_type":"article","og_title":"Inscripci\u00f3n para el XVIII D\u00eda nacional de las v\u00edas verdes - 7 de mayo - Ayuntamiento de Mula","og_url":"https:\/\/mula.es\/web\/inscripcion-para-el-xviii-dia-nacional-de-las-vias-verdes-7-de-mayo\/","og_site_name":"Ayuntamiento de Mula","article_published_time":"2016-04-29T07:24:17+00:00","article_modified_time":"2021-05-12T18:18:20+00:00","og_image":[{"width":600,"height":849,"url":"https:\/\/i0.wp.com\/mula.es\/web\/wp-content\/uploads\/2016\/04\/vias_verdes_2016.jpg?fit=600%2C849&ssl=1","type":"image\/jpeg"}],"author":"admin","twitter_card":"summary_large_image","twitter_creator":"@AyuntamientMula","twitter_site":"@AyuntamientMula","twitter_misc":{"Escrito por":"admin","Tiempo de lectura":"3 minutos"},"schema":{"@context":"https:\/\/schema.org","@graph":[{"@type":"Article","@id":"https:\/\/mula.es\/web\/inscripcion-para-el-xviii-dia-nacional-de-las-vias-verdes-7-de-mayo\/#article","isPartOf":{"@id":"https:\/\/mula.es\/web\/inscripcion-para-el-xviii-dia-nacional-de-las-vias-verdes-7-de-mayo\/"},"author":{"name":"admin","@id":"https:\/\/mula.es\/web\/#\/schema\/person\/a0dbffe9f4a3ed4aaebedcfef02f71a1"},"headline":"Inscripci\u00f3n para el XVIII D\u00eda nacional de las v\u00edas verdes &#8211; 7 de mayo","datePublished":"2016-04-29T07:24:17+00:00","dateModified":"2021-05-12T18:18:20+00:00","mainEntityOfPage":{"@id":"https:\/\/mula.es\/web\/inscripcion-para-el-xviii-dia-nacional-de-las-vias-verdes-7-de-mayo\/"},"wordCount":662,"image":{"@id":"https:\/\/mula.es\/web\/inscripcion-para-el-xviii-dia-nacional-de-las-vias-verdes-7-de-mayo\/#primaryimage"},"thumbnailUrl":"https:\/\/mula.es\/web\/wp-content\/uploads\/2016\/04\/vias_verdes_2016.jpg","articleSection":["medio ambiente","turismo","v\u00edas verdes"],"inLanguage":"es"},{"@type":"WebPage","@id":"https:\/\/mula.es\/web\/inscripcion-para-el-xviii-dia-nacional-de-las-vias-verdes-7-de-mayo\/","url":"https:\/\/mula.es\/web\/inscripcion-para-el-xviii-dia-nacional-de-las-vias-verdes-7-de-mayo\/","name":"Inscripci\u00f3n para el XVIII D\u00eda nacional de las v\u00edas verdes - 7 de mayo - Ayuntamiento de Mula","isPartOf":{"@id":"https:\/\/mula.es\/web\/#website"},"primaryImageOfPage":{"@id":"https:\/\/mula.es\/web\/inscripcion-para-el-xviii-dia-nacional-de-las-vias-verdes-7-de-mayo\/#primaryimage"},"image":{"@id":"https:\/\/mula.es\/web\/inscripcion-para-el-xviii-dia-nacional-de-las-vias-verdes-7-de-mayo\/#primaryimage"},"thumbnailUrl":"https:\/\/mula.es\/web\/wp-content\/uploads\/2016\/04\/vias_verdes_2016.jpg","datePublished":"2016-04-29T07:24:17+00:00","dateModified":"2021-05-12T18:18:20+00:00","author":{"@id":"https:\/\/mula.es\/web\/#\/schema\/person\/a0dbffe9f4a3ed4aaebedcfef02f71a1"},"breadcrumb":{"@id":"https:\/\/mula.es\/web\/inscripcion-para-el-xviii-dia-nacional-de-las-vias-verdes-7-de-mayo\/#breadcrumb"},"inLanguage":"es","potentialAction":[{"@type":"ReadAction","target":["https:\/\/mula.es\/web\/inscripcion-para-el-xviii-dia-nacional-de-las-vias-verdes-7-de-mayo\/"]}]},{"@type":"ImageObject","inLanguage":"es","@id":"https:\/\/mula.es\/web\/inscripcion-para-el-xviii-dia-nacional-de-las-vias-verdes-7-de-mayo\/#primaryimage","url":"https:\/\/mula.es\/web\/wp-content\/uploads\/2016\/04\/vias_verdes_2016.jpg","contentUrl":"https:\/\/mula.es\/web\/wp-content\/uploads\/2016\/04\/vias_verdes_2016.jpg","width":600,"height":849,"caption":"dia nacional de las vias verdes 2016 noroeste"},{"@type":"BreadcrumbList","@id":"https:\/\/mula.es\/web\/inscripcion-para-el-xviii-dia-nacional-de-las-vias-verdes-7-de-mayo\/#breadcrumb","itemListElement":[{"@type":"ListItem","position":1,"name":"Portada","item":"https:\/\/mula.es\/web\/"},{"@type":"ListItem","position":2,"name":"Inscripci\u00f3n para el XVIII D\u00eda nacional de las v\u00edas verdes &#8211; 7 de mayo"}]},{"@type":"WebSite","@id":"https:\/\/mula.es\/web\/#website","url":"https:\/\/mula.es\/web\/","name":"Ayuntamiento de Mula","description":"P\u00e1gina web del Ayuntamiento de Mula (Regi\u00f3n de Murcia)","potentialAction":[{"@type":"SearchAction","target":{"@type":"EntryPoint","urlTemplate":"https:\/\/mula.es\/web\/?s={search_term_string}"},"query-input":{"@type":"PropertyValueSpecification","valueRequired":true,"valueName":"search_term_string"}}],"inLanguage":"es"},{"@type":"Person","@id":"https:\/\/mula.es\/web\/#\/schema\/person\/a0dbffe9f4a3ed4aaebedcfef02f71a1","name":"admin","image":{"@type":"ImageObject","inLanguage":"es","@id":"https:\/\/secure.gravatar.com\/avatar\/5423b9cd77f4c7f89a124365a268866f9dfee038c17fe9e37afd92b5920d810e?s=96&d=mm&r=g","url":"https:\/\/secure.gravatar.com\/avatar\/5423b9cd77f4c7f89a124365a268866f9dfee038c17fe9e37afd92b5920d810e?s=96&d=mm&r=g","contentUrl":"https:\/\/secure.gravatar.com\/avatar\/5423b9cd77f4c7f89a124365a268866f9dfee038c17fe9e37afd92b5920d810e?s=96&d=mm&r=g","caption":"admin"},"description":"Lorem ipsum dolor sit amet, consectetur adipiscing elit. Nam viverra euismod odio, gravida pellentesque urna varius vitae. Sed dui lorem, adipiscing in adipiscing et, interdum nec metus. Mauris ultricies, justo eu convallis placerat, felis enim ornare nisi, vitae mattis nulla ante id dui. Ut lectus purus, commodo et tincidunt vel, interdum sed lectus. Vestibulum adipiscing tempor nisi id elementi.","url":"https:\/\/mula.es\/web\/author\/jose-maria-boti\/"}]}},"jetpack_publicize_connections":[],"jetpack_featured_media_url":"https:\/\/mula.es\/web\/wp-content\/uploads\/2016\/04\/vias_verdes_2016.jpg","jetpack_sharing_enabled":true,"jetpack_shortlink":"https:\/\/wp.me\/pa9DMY-49t","jetpack-related-posts":[],"_links":{"self":[{"href":"https:\/\/mula.es\/web\/wp-json\/wp\/v2\/posts\/15963","targetHints":{"allow":["GET"]}}],"collection":[{"href":"https:\/\/mula.es\/web\/wp-json\/wp\/v2\/posts"}],"about":[{"href":"https:\/\/mula.es\/web\/wp-json\/wp\/v2\/types\/post"}],"author":[{"embeddable":true,"href":"https:\/\/mula.es\/web\/wp-json\/wp\/v2\/users\/1"}],"replies":[{"embeddable":true,"href":"https:\/\/mula.es\/web\/wp-json\/wp\/v2\/comments?post=15963"}],"version-history":[{"count":6,"href":"https:\/\/mula.es\/web\/wp-json\/wp\/v2\/posts\/15963\/revisions"}],"predecessor-version":[{"id":40118,"href":"https:\/\/mula.es\/web\/wp-json\/wp\/v2\/posts\/15963\/revisions\/40118"}],"wp:featuredmedia":[{"embeddable":true,"href":"https:\/\/mula.es\/web\/wp-json\/wp\/v2\/media\/15964"}],"wp:attachment":[{"href":"https:\/\/mula.es\/web\/wp-json\/wp\/v2\/media?parent=15963"}],"wp:term":[{"taxonomy":"category","embeddable":true,"href":"https:\/\/mula.es\/web\/wp-json\/wp\/v2\/categories?post=15963"},{"taxonomy":"post_tag","embeddable":true,"href":"https:\/\/mula.es\/web\/wp-json\/wp\/v2\/tags?post=15963"}],"curies":[{"name":"wp","href":"https:\/\/api.w.org\/{rel}","templated":true}]}}