{"id":16125,"date":"2016-05-04T12:14:34","date_gmt":"2016-05-04T10:14:34","guid":{"rendered":"http:\/\/mula.es\/web\/?p=16125"},"modified":"2021-05-12T20:18:16","modified_gmt":"2021-05-12T18:18:16","slug":"campos-de-trabajo-para-jovenes-de-entre-15-y-30-anos","status":"publish","type":"post","link":"https:\/\/mula.es\/web\/campos-de-trabajo-para-jovenes-de-entre-15-y-30-anos\/","title":{"rendered":"Campos de trabajo para j\u00f3venes de entre 15 y 30 a\u00f1os"},"content":{"rendered":"<div class=\"fusion-fullwidth fullwidth-box fusion-builder-row-1 fusion-flex-container hundred-percent-fullwidth non-hundred-percent-height-scrolling\" style=\"--awb-border-radius-top-left:0px;--awb-border-radius-top-right:0px;--awb-border-radius-bottom-right:0px;--awb-border-radius-bottom-left:0px;--awb-overflow:visible;--awb-flex-wrap:wrap;\" ><div class=\"fusion-builder-row fusion-row fusion-flex-align-items-flex-start fusion-flex-content-wrap\" style=\"width:calc( 100% + 0px ) !important;max-width:calc( 100% + 0px ) !important;margin-left: calc(-0px \/ 2 );margin-right: calc(-0px \/ 2 );\"><div class=\"fusion-layout-column fusion_builder_column fusion-builder-column-0 fusion_builder_column_1_1 1_1 fusion-flex-column\" style=\"--awb-bg-size:cover;--awb-width-large:100%;--awb-margin-top-large:0px;--awb-spacing-right-large:0px;--awb-margin-bottom-large:20px;--awb-spacing-left-large:0px;--awb-width-medium:100%;--awb-spacing-right-medium:0px;--awb-spacing-left-medium:0px;--awb-width-small:100%;--awb-spacing-right-small:0px;--awb-spacing-left-small:0px;\"><div class=\"fusion-column-wrapper fusion-flex-justify-content-flex-start fusion-content-layout-column\"><div class=\"fusion-text fusion-text-1\"><p style=\"text-align: justify;\">Es un programa de Juventud de la Regi\u00f3n de Murcia que se realiza en colaboraci\u00f3n con los Organismos de Juventud de las Comunidades Aut\u00f3nomas de Espa\u00f1a y Asociaciones internacionales que promueven el voluntariado.<\/p>\n<p style=\"text-align: justify;\">Los Campos de Trabajo son una forma de servicio voluntario, que consiste en la realizaci\u00f3n desinteresada de un trabajo que revierte en la comunidad en la que se desarrolla. Ofrecen la posibilidad de conocer lugares y formas de cultura, de contactar con otros j\u00f3venes con las mismas inquietudes de solidaridad, tolerancia y amistad, valores caracter\u00edsticos de los voluntarios.<\/p>\n<p style=\"text-align: justify;\">Destinado a j\u00f3venes de entre 15 y 30 a\u00f1os, este programa se oferta anualmente para los meses de verano, en la Regi\u00f3n de Murcia, en otras Comunidades Aut\u00f3nomas de Espa\u00f1a y en diferentes pa\u00edses.<\/p>\n<p style=\"text-align: justify;\">La tem\u00e1tica de los Campos de Trabajo es muy variada, pudiendo dedicarse, entre otras, a: Arqueolog\u00eda, investigaci\u00f3n y rehabilitaci\u00f3n del patrimonio hist\u00f3rico, etnograf\u00eda, medioambiente, intervenci\u00f3n social.<\/p>\n<p style=\"text-align: left;\">M\u00e1s informaci\u00f3n: <a href=\"http:\/\/www.mundojoven.org\/murcia\/campos_de_trabajo_-svi-\/\" target=\"_blank\" rel=\"noopener\">http:\/\/www.mundojoven.org\/murcia\/campos_de_trabajo_-svi-\/<\/a><\/p>\n<\/div><\/div><\/div><\/div><\/div>\n","protected":false},"excerpt":{"rendered":"","protected":false},"author":1,"featured_media":16126,"comment_status":"closed","ping_status":"closed","sticky":false,"template":"","format":"standard","meta":{"jetpack_post_was_ever_published":false,"_jetpack_newsletter_access":"","_jetpack_dont_email_post_to_subs":false,"_jetpack_newsletter_tier_id":0,"_jetpack_memberships_contains_paywalled_content":false,"_jetpack_memberships_contains_paid_content":false,"footnotes":"","jetpack_publicize_message":"","jetpack_publicize_feature_enabled":true,"jetpack_social_post_already_shared":false,"jetpack_social_options":{"image_generator_settings":{"template":"highway","default_image_id":0,"font":"","enabled":false},"version":2}},"categories":[87],"tags":[],"class_list":["post-16125","post","type-post","status-publish","format-standard","has-post-thumbnail","hentry","category-juventud-y-adolescencia"],"yoast_head":"<!-- This site is optimized with the Yoast SEO plugin v27.4 - https:\/\/yoast.com\/product\/yoast-seo-wordpress\/ -->\n<title>Campos de trabajo para j\u00f3venes de entre 15 y 30 a\u00f1os - Ayuntamiento de Mula<\/title>\n<meta name=\"robots\" content=\"index, follow, max-snippet:-1, max-image-preview:large, max-video-preview:-1\" \/>\n<link rel=\"canonical\" href=\"https:\/\/mula.es\/web\/campos-de-trabajo-para-jovenes-de-entre-15-y-30-anos\/\" \/>\n<meta property=\"og:locale\" content=\"es_ES\" \/>\n<meta property=\"og:type\" content=\"article\" \/>\n<meta property=\"og:title\" content=\"Campos de trabajo para j\u00f3venes de entre 15 y 30 a\u00f1os - Ayuntamiento de Mula\" \/>\n<meta property=\"og:url\" content=\"https:\/\/mula.es\/web\/campos-de-trabajo-para-jovenes-de-entre-15-y-30-anos\/\" \/>\n<meta property=\"og:site_name\" content=\"Ayuntamiento de Mula\" \/>\n<meta property=\"article:published_time\" content=\"2016-05-04T10:14:34+00:00\" \/>\n<meta property=\"article:modified_time\" content=\"2021-05-12T18:18:16+00:00\" \/>\n<meta property=\"og:image\" content=\"https:\/\/i0.wp.com\/mula.es\/web\/wp-content\/uploads\/2016\/05\/campotrabajo.png?fit=519%2C222&ssl=1\" \/>\n\t<meta property=\"og:image:width\" content=\"519\" \/>\n\t<meta property=\"og:image:height\" content=\"222\" \/>\n\t<meta property=\"og:image:type\" content=\"image\/png\" \/>\n<meta name=\"author\" content=\"admin\" \/>\n<meta name=\"twitter:card\" content=\"summary_large_image\" \/>\n<meta name=\"twitter:creator\" content=\"@AyuntamientMula\" \/>\n<meta name=\"twitter:site\" content=\"@AyuntamientMula\" \/>\n<meta name=\"twitter:label1\" content=\"Escrito por\" \/>\n\t<meta name=\"twitter:data1\" content=\"admin\" \/>\n\t<meta name=\"twitter:label2\" content=\"Tiempo de lectura\" \/>\n\t<meta name=\"twitter:data2\" content=\"1 minuto\" \/>\n<script type=\"application\/ld+json\" class=\"yoast-schema-graph\">{\"@context\":\"https:\\\/\\\/schema.org\",\"@graph\":[{\"@type\":\"Article\",\"@id\":\"https:\\\/\\\/mula.es\\\/web\\\/campos-de-trabajo-para-jovenes-de-entre-15-y-30-anos\\\/#article\",\"isPartOf\":{\"@id\":\"https:\\\/\\\/mula.es\\\/web\\\/campos-de-trabajo-para-jovenes-de-entre-15-y-30-anos\\\/\"},\"author\":{\"name\":\"admin\",\"@id\":\"https:\\\/\\\/mula.es\\\/web\\\/#\\\/schema\\\/person\\\/a0dbffe9f4a3ed4aaebedcfef02f71a1\"},\"headline\":\"Campos de trabajo para j\u00f3venes de entre 15 y 30 a\u00f1os\",\"datePublished\":\"2016-05-04T10:14:34+00:00\",\"dateModified\":\"2021-05-12T18:18:16+00:00\",\"mainEntityOfPage\":{\"@id\":\"https:\\\/\\\/mula.es\\\/web\\\/campos-de-trabajo-para-jovenes-de-entre-15-y-30-anos\\\/\"},\"wordCount\":263,\"image\":{\"@id\":\"https:\\\/\\\/mula.es\\\/web\\\/campos-de-trabajo-para-jovenes-de-entre-15-y-30-anos\\\/#primaryimage\"},\"thumbnailUrl\":\"https:\\\/\\\/mula.es\\\/web\\\/wp-content\\\/uploads\\\/2016\\\/05\\\/campotrabajo.png\",\"articleSection\":[\"juventud y adolescencia\"],\"inLanguage\":\"es\"},{\"@type\":\"WebPage\",\"@id\":\"https:\\\/\\\/mula.es\\\/web\\\/campos-de-trabajo-para-jovenes-de-entre-15-y-30-anos\\\/\",\"url\":\"https:\\\/\\\/mula.es\\\/web\\\/campos-de-trabajo-para-jovenes-de-entre-15-y-30-anos\\\/\",\"name\":\"Campos de trabajo para j\u00f3venes de entre 15 y 30 a\u00f1os - Ayuntamiento de Mula\",\"isPartOf\":{\"@id\":\"https:\\\/\\\/mula.es\\\/web\\\/#website\"},\"primaryImageOfPage\":{\"@id\":\"https:\\\/\\\/mula.es\\\/web\\\/campos-de-trabajo-para-jovenes-de-entre-15-y-30-anos\\\/#primaryimage\"},\"image\":{\"@id\":\"https:\\\/\\\/mula.es\\\/web\\\/campos-de-trabajo-para-jovenes-de-entre-15-y-30-anos\\\/#primaryimage\"},\"thumbnailUrl\":\"https:\\\/\\\/mula.es\\\/web\\\/wp-content\\\/uploads\\\/2016\\\/05\\\/campotrabajo.png\",\"datePublished\":\"2016-05-04T10:14:34+00:00\",\"dateModified\":\"2021-05-12T18:18:16+00:00\",\"author\":{\"@id\":\"https:\\\/\\\/mula.es\\\/web\\\/#\\\/schema\\\/person\\\/a0dbffe9f4a3ed4aaebedcfef02f71a1\"},\"breadcrumb\":{\"@id\":\"https:\\\/\\\/mula.es\\\/web\\\/campos-de-trabajo-para-jovenes-de-entre-15-y-30-anos\\\/#breadcrumb\"},\"inLanguage\":\"es\",\"potentialAction\":[{\"@type\":\"ReadAction\",\"target\":[\"https:\\\/\\\/mula.es\\\/web\\\/campos-de-trabajo-para-jovenes-de-entre-15-y-30-anos\\\/\"]}]},{\"@type\":\"ImageObject\",\"inLanguage\":\"es\",\"@id\":\"https:\\\/\\\/mula.es\\\/web\\\/campos-de-trabajo-para-jovenes-de-entre-15-y-30-anos\\\/#primaryimage\",\"url\":\"https:\\\/\\\/mula.es\\\/web\\\/wp-content\\\/uploads\\\/2016\\\/05\\\/campotrabajo.png\",\"contentUrl\":\"https:\\\/\\\/mula.es\\\/web\\\/wp-content\\\/uploads\\\/2016\\\/05\\\/campotrabajo.png\",\"width\":519,\"height\":222,\"caption\":\"imagen campo de trabajo\"},{\"@type\":\"BreadcrumbList\",\"@id\":\"https:\\\/\\\/mula.es\\\/web\\\/campos-de-trabajo-para-jovenes-de-entre-15-y-30-anos\\\/#breadcrumb\",\"itemListElement\":[{\"@type\":\"ListItem\",\"position\":1,\"name\":\"Portada\",\"item\":\"https:\\\/\\\/mula.es\\\/web\\\/\"},{\"@type\":\"ListItem\",\"position\":2,\"name\":\"Campos de trabajo para j\u00f3venes de entre 15 y 30 a\u00f1os\"}]},{\"@type\":\"WebSite\",\"@id\":\"https:\\\/\\\/mula.es\\\/web\\\/#website\",\"url\":\"https:\\\/\\\/mula.es\\\/web\\\/\",\"name\":\"Ayuntamiento de Mula\",\"description\":\"P\u00e1gina web del Ayuntamiento de Mula (Regi\u00f3n de Murcia)\",\"potentialAction\":[{\"@type\":\"SearchAction\",\"target\":{\"@type\":\"EntryPoint\",\"urlTemplate\":\"https:\\\/\\\/mula.es\\\/web\\\/?s={search_term_string}\"},\"query-input\":{\"@type\":\"PropertyValueSpecification\",\"valueRequired\":true,\"valueName\":\"search_term_string\"}}],\"inLanguage\":\"es\"},{\"@type\":\"Person\",\"@id\":\"https:\\\/\\\/mula.es\\\/web\\\/#\\\/schema\\\/person\\\/a0dbffe9f4a3ed4aaebedcfef02f71a1\",\"name\":\"admin\",\"image\":{\"@type\":\"ImageObject\",\"inLanguage\":\"es\",\"@id\":\"https:\\\/\\\/secure.gravatar.com\\\/avatar\\\/5423b9cd77f4c7f89a124365a268866f9dfee038c17fe9e37afd92b5920d810e?s=96&d=mm&r=g\",\"url\":\"https:\\\/\\\/secure.gravatar.com\\\/avatar\\\/5423b9cd77f4c7f89a124365a268866f9dfee038c17fe9e37afd92b5920d810e?s=96&d=mm&r=g\",\"contentUrl\":\"https:\\\/\\\/secure.gravatar.com\\\/avatar\\\/5423b9cd77f4c7f89a124365a268866f9dfee038c17fe9e37afd92b5920d810e?s=96&d=mm&r=g\",\"caption\":\"admin\"},\"description\":\"Lorem ipsum dolor sit amet, consectetur adipiscing elit. Nam viverra euismod odio, gravida pellentesque urna varius vitae. Sed dui lorem, adipiscing in adipiscing et, interdum nec metus. Mauris ultricies, justo eu convallis placerat, felis enim ornare nisi, vitae mattis nulla ante id dui. Ut lectus purus, commodo et tincidunt vel, interdum sed lectus. Vestibulum adipiscing tempor nisi id elementi.\",\"url\":\"https:\\\/\\\/mula.es\\\/web\\\/author\\\/jose-maria-boti\\\/\"}]}<\/script>\n<!-- \/ Yoast SEO plugin. -->","yoast_head_json":{"title":"Campos de trabajo para j\u00f3venes de entre 15 y 30 a\u00f1os - Ayuntamiento de Mula","robots":{"index":"index","follow":"follow","max-snippet":"max-snippet:-1","max-image-preview":"max-image-preview:large","max-video-preview":"max-video-preview:-1"},"canonical":"https:\/\/mula.es\/web\/campos-de-trabajo-para-jovenes-de-entre-15-y-30-anos\/","og_locale":"es_ES","og_type":"article","og_title":"Campos de trabajo para j\u00f3venes de entre 15 y 30 a\u00f1os - Ayuntamiento de Mula","og_url":"https:\/\/mula.es\/web\/campos-de-trabajo-para-jovenes-de-entre-15-y-30-anos\/","og_site_name":"Ayuntamiento de Mula","article_published_time":"2016-05-04T10:14:34+00:00","article_modified_time":"2021-05-12T18:18:16+00:00","og_image":[{"width":519,"height":222,"url":"https:\/\/i0.wp.com\/mula.es\/web\/wp-content\/uploads\/2016\/05\/campotrabajo.png?fit=519%2C222&ssl=1","type":"image\/png"}],"author":"admin","twitter_card":"summary_large_image","twitter_creator":"@AyuntamientMula","twitter_site":"@AyuntamientMula","twitter_misc":{"Escrito por":"admin","Tiempo de lectura":"1 minuto"},"schema":{"@context":"https:\/\/schema.org","@graph":[{"@type":"Article","@id":"https:\/\/mula.es\/web\/campos-de-trabajo-para-jovenes-de-entre-15-y-30-anos\/#article","isPartOf":{"@id":"https:\/\/mula.es\/web\/campos-de-trabajo-para-jovenes-de-entre-15-y-30-anos\/"},"author":{"name":"admin","@id":"https:\/\/mula.es\/web\/#\/schema\/person\/a0dbffe9f4a3ed4aaebedcfef02f71a1"},"headline":"Campos de trabajo para j\u00f3venes de entre 15 y 30 a\u00f1os","datePublished":"2016-05-04T10:14:34+00:00","dateModified":"2021-05-12T18:18:16+00:00","mainEntityOfPage":{"@id":"https:\/\/mula.es\/web\/campos-de-trabajo-para-jovenes-de-entre-15-y-30-anos\/"},"wordCount":263,"image":{"@id":"https:\/\/mula.es\/web\/campos-de-trabajo-para-jovenes-de-entre-15-y-30-anos\/#primaryimage"},"thumbnailUrl":"https:\/\/mula.es\/web\/wp-content\/uploads\/2016\/05\/campotrabajo.png","articleSection":["juventud y adolescencia"],"inLanguage":"es"},{"@type":"WebPage","@id":"https:\/\/mula.es\/web\/campos-de-trabajo-para-jovenes-de-entre-15-y-30-anos\/","url":"https:\/\/mula.es\/web\/campos-de-trabajo-para-jovenes-de-entre-15-y-30-anos\/","name":"Campos de trabajo para j\u00f3venes de entre 15 y 30 a\u00f1os - Ayuntamiento de Mula","isPartOf":{"@id":"https:\/\/mula.es\/web\/#website"},"primaryImageOfPage":{"@id":"https:\/\/mula.es\/web\/campos-de-trabajo-para-jovenes-de-entre-15-y-30-anos\/#primaryimage"},"image":{"@id":"https:\/\/mula.es\/web\/campos-de-trabajo-para-jovenes-de-entre-15-y-30-anos\/#primaryimage"},"thumbnailUrl":"https:\/\/mula.es\/web\/wp-content\/uploads\/2016\/05\/campotrabajo.png","datePublished":"2016-05-04T10:14:34+00:00","dateModified":"2021-05-12T18:18:16+00:00","author":{"@id":"https:\/\/mula.es\/web\/#\/schema\/person\/a0dbffe9f4a3ed4aaebedcfef02f71a1"},"breadcrumb":{"@id":"https:\/\/mula.es\/web\/campos-de-trabajo-para-jovenes-de-entre-15-y-30-anos\/#breadcrumb"},"inLanguage":"es","potentialAction":[{"@type":"ReadAction","target":["https:\/\/mula.es\/web\/campos-de-trabajo-para-jovenes-de-entre-15-y-30-anos\/"]}]},{"@type":"ImageObject","inLanguage":"es","@id":"https:\/\/mula.es\/web\/campos-de-trabajo-para-jovenes-de-entre-15-y-30-anos\/#primaryimage","url":"https:\/\/mula.es\/web\/wp-content\/uploads\/2016\/05\/campotrabajo.png","contentUrl":"https:\/\/mula.es\/web\/wp-content\/uploads\/2016\/05\/campotrabajo.png","width":519,"height":222,"caption":"imagen campo de trabajo"},{"@type":"BreadcrumbList","@id":"https:\/\/mula.es\/web\/campos-de-trabajo-para-jovenes-de-entre-15-y-30-anos\/#breadcrumb","itemListElement":[{"@type":"ListItem","position":1,"name":"Portada","item":"https:\/\/mula.es\/web\/"},{"@type":"ListItem","position":2,"name":"Campos de trabajo para j\u00f3venes de entre 15 y 30 a\u00f1os"}]},{"@type":"WebSite","@id":"https:\/\/mula.es\/web\/#website","url":"https:\/\/mula.es\/web\/","name":"Ayuntamiento de Mula","description":"P\u00e1gina web del Ayuntamiento de Mula (Regi\u00f3n de Murcia)","potentialAction":[{"@type":"SearchAction","target":{"@type":"EntryPoint","urlTemplate":"https:\/\/mula.es\/web\/?s={search_term_string}"},"query-input":{"@type":"PropertyValueSpecification","valueRequired":true,"valueName":"search_term_string"}}],"inLanguage":"es"},{"@type":"Person","@id":"https:\/\/mula.es\/web\/#\/schema\/person\/a0dbffe9f4a3ed4aaebedcfef02f71a1","name":"admin","image":{"@type":"ImageObject","inLanguage":"es","@id":"https:\/\/secure.gravatar.com\/avatar\/5423b9cd77f4c7f89a124365a268866f9dfee038c17fe9e37afd92b5920d810e?s=96&d=mm&r=g","url":"https:\/\/secure.gravatar.com\/avatar\/5423b9cd77f4c7f89a124365a268866f9dfee038c17fe9e37afd92b5920d810e?s=96&d=mm&r=g","contentUrl":"https:\/\/secure.gravatar.com\/avatar\/5423b9cd77f4c7f89a124365a268866f9dfee038c17fe9e37afd92b5920d810e?s=96&d=mm&r=g","caption":"admin"},"description":"Lorem ipsum dolor sit amet, consectetur adipiscing elit. Nam viverra euismod odio, gravida pellentesque urna varius vitae. Sed dui lorem, adipiscing in adipiscing et, interdum nec metus. Mauris ultricies, justo eu convallis placerat, felis enim ornare nisi, vitae mattis nulla ante id dui. Ut lectus purus, commodo et tincidunt vel, interdum sed lectus. Vestibulum adipiscing tempor nisi id elementi.","url":"https:\/\/mula.es\/web\/author\/jose-maria-boti\/"}]}},"jetpack_publicize_connections":[],"jetpack_featured_media_url":"https:\/\/mula.es\/web\/wp-content\/uploads\/2016\/05\/campotrabajo.png","jetpack_sharing_enabled":true,"jetpack_shortlink":"https:\/\/wp.me\/pa9DMY-4c5","jetpack-related-posts":[],"_links":{"self":[{"href":"https:\/\/mula.es\/web\/wp-json\/wp\/v2\/posts\/16125","targetHints":{"allow":["GET"]}}],"collection":[{"href":"https:\/\/mula.es\/web\/wp-json\/wp\/v2\/posts"}],"about":[{"href":"https:\/\/mula.es\/web\/wp-json\/wp\/v2\/types\/post"}],"author":[{"embeddable":true,"href":"https:\/\/mula.es\/web\/wp-json\/wp\/v2\/users\/1"}],"replies":[{"embeddable":true,"href":"https:\/\/mula.es\/web\/wp-json\/wp\/v2\/comments?post=16125"}],"version-history":[{"count":3,"href":"https:\/\/mula.es\/web\/wp-json\/wp\/v2\/posts\/16125\/revisions"}],"predecessor-version":[{"id":40104,"href":"https:\/\/mula.es\/web\/wp-json\/wp\/v2\/posts\/16125\/revisions\/40104"}],"wp:featuredmedia":[{"embeddable":true,"href":"https:\/\/mula.es\/web\/wp-json\/wp\/v2\/media\/16126"}],"wp:attachment":[{"href":"https:\/\/mula.es\/web\/wp-json\/wp\/v2\/media?parent=16125"}],"wp:term":[{"taxonomy":"category","embeddable":true,"href":"https:\/\/mula.es\/web\/wp-json\/wp\/v2\/categories?post=16125"},{"taxonomy":"post_tag","embeddable":true,"href":"https:\/\/mula.es\/web\/wp-json\/wp\/v2\/tags?post=16125"}],"curies":[{"name":"wp","href":"https:\/\/api.w.org\/{rel}","templated":true}]}}