{"id":16132,"date":"2016-05-06T08:17:44","date_gmt":"2016-05-06T06:17:44","guid":{"rendered":"http:\/\/mula.es\/web\/?p=16132"},"modified":"2021-05-12T20:18:16","modified_gmt":"2021-05-12T18:18:16","slug":"visita-de-la-consejera-de-sanidad-con-el-fin-de-iniciar-el-programa-activa-en-el-municipio","status":"publish","type":"post","link":"https:\/\/mula.es\/web\/visita-de-la-consejera-de-sanidad-con-el-fin-de-iniciar-el-programa-activa-en-el-municipio\/","title":{"rendered":"Visita de la Consejera de Sanidad con el fin de iniciar el \u00abPrograma Activa\u00bb en el municipio"},"content":{"rendered":"<div class=\"fusion-fullwidth fullwidth-box fusion-builder-row-1 fusion-flex-container hundred-percent-fullwidth non-hundred-percent-height-scrolling\" style=\"--awb-border-radius-top-left:0px;--awb-border-radius-top-right:0px;--awb-border-radius-bottom-right:0px;--awb-border-radius-bottom-left:0px;--awb-overflow:visible;--awb-flex-wrap:wrap;\" ><div class=\"fusion-builder-row fusion-row fusion-flex-align-items-flex-start fusion-flex-content-wrap\" style=\"width:104% !important;max-width:104% !important;margin-left: calc(-4% \/ 2 );margin-right: calc(-4% \/ 2 );\"><div class=\"fusion-layout-column fusion_builder_column fusion-builder-column-0 fusion_builder_column_1_1 1_1 fusion-flex-column\" style=\"--awb-bg-size:cover;--awb-width-large:100%;--awb-margin-top-large:0px;--awb-spacing-right-large:1.92%;--awb-margin-bottom-large:20px;--awb-spacing-left-large:1.92%;--awb-width-medium:100%;--awb-spacing-right-medium:1.92%;--awb-spacing-left-medium:1.92%;--awb-width-small:100%;--awb-spacing-right-small:1.92%;--awb-spacing-left-small:1.92%;\"><div class=\"fusion-column-wrapper fusion-flex-justify-content-flex-start fusion-content-layout-column\"><div class=\"fusion-text fusion-text-1\"><p style=\"text-align: justify;\">La Consejer\u00eda de Sanidad y el Excmo Ayuntamiento de Mula han suscrito, en la ma\u00f1ana de hoy, un acuerdo para iniciar el \u201cPrograma Activa\u201d en el municipio de Mula. Dicho acto ha contado con la presencia de la titular de Sanidad, Encarna Guill\u00e9n, y el Alcalde-Presidente del Excmo.<br \/>\nAyuntamiento de Mula, Juan Jes\u00fas Moreno.<\/p>\n<p style=\"text-align: justify;\">Este Programa se lleva a cabo bajo prescripci\u00f3n del facultativo o enfermero de atenci\u00f3n primaria para favorecer los autocuidados y promocionar los estilos de vida saludables.<\/p>\n<p style=\"text-align: justify;\">En concreto, en Mula, el Programa Activa comenzar\u00e1 a partir del mes de septiembre, tras el periodo estival, y tendr\u00e1 lugar en el Pabell\u00f3n Municipal, en horario de ma\u00f1ana; y en el Pabell\u00f3n \u201cJavi Garc\u00eda\u201d, en horario de tarde.<\/p>\n<p style=\"text-align: justify;\">Juan Jes\u00fas Moreno subray\u00f3 que se trata de una actividad muy importante para el municipio de Mula, impartida por profesionales de la actividad f\u00edsica y que permitir\u00e1 a pacientes sedentarios con ciertas enfermedades cr\u00f3nicas, como hipertensi\u00f3n arterial, alteraci\u00f3n de los l\u00edpidos, tabaquismo, obesidad o sobrepeso, iniciarse en la pr\u00e1ctica de la actividad f\u00edsica, a partir de la coordinaci\u00f3n entre m\u00e9dicos y enfermeros de Atenci\u00f3n Primaria y el Ayuntamiento.<\/p>\n<p style=\"text-align: justify;\">Durante la visita, Consejera y Alcalde han mantenido un encuentro con los profesionales sanitarios y no sanitarios del Centro de Salud de Mula, para compartir e intercambiar impresiones e inquietudes. Juan Jes\u00fas Moreno, resalt\u00f3, durante la vista al Centro de Salud, que la Zona B\u00e1sica de Salud 5-Mula, atiende a una poblaci\u00f3n de 24.000 habitantes con Tarjeta Sanitaria Individual que viven en Mula, Albudeite, Campos del R\u00edo, Casas Nuevas, Fuente Librila, Pliego, La Puebla de Mula y Y\u00e9char. Para concluir el Alcalde, Juan Jes\u00fas Moreno, destac\u00f3 y reiter\u00f3 la necesidad de dotar de vigilancia el Centro de Salud de Mula, tanto en el Centro de salud de Atenci\u00f3n Primaria, como en el Servicio de Urgencias (SUAP).<\/p>\n<\/div><\/div><\/div><div class=\"fusion-layout-column fusion_builder_column fusion-builder-column-1 fusion_builder_column_1_2 1_2 fusion-flex-column\" style=\"--awb-bg-size:cover;--awb-width-large:50%;--awb-margin-top-large:0px;--awb-spacing-right-large:3.84%;--awb-margin-bottom-large:20px;--awb-spacing-left-large:3.84%;--awb-width-medium:50%;--awb-spacing-right-medium:3.84%;--awb-spacing-left-medium:3.84%;--awb-width-small:100%;--awb-spacing-right-small:1.92%;--awb-spacing-left-small:1.92%;\"><div class=\"fusion-column-wrapper fusion-flex-justify-content-flex-start fusion-content-layout-column\"><div class=\"fusion-image-element \" style=\"--awb-caption-title-font-family:var(--h2_typography-font-family);--awb-caption-title-font-weight:var(--h2_typography-font-weight);--awb-caption-title-font-style:var(--h2_typography-font-style);--awb-caption-title-size:var(--h2_typography-font-size);--awb-caption-title-transform:var(--h2_typography-text-transform);--awb-caption-title-line-height:var(--h2_typography-line-height);--awb-caption-title-letter-spacing:var(--h2_typography-letter-spacing);\"><span class=\" fusion-imageframe imageframe-none imageframe-1 hover-type-none\"><a class=\"fusion-no-lightbox\" href=\"https:\/\/mula.es\/web\/wp-content\/uploads\/2016\/05\/DSC_0029.jpg\" target=\"_blank\" aria-label=\"visita consejera sanidad 2 05_05_2016\" rel=\"noopener noreferrer\"><img decoding=\"async\" width=\"300\" height=\"201\" alt=\"visita consejera sanidad 2 05_05_2016\" src=\"https:\/\/mula.es\/web\/wp-content\/uploads\/2016\/05\/DSC_0029-300x201.jpg\" class=\"img-responsive wp-image-16134\" srcset=\"https:\/\/mula.es\/web\/wp-content\/uploads\/2016\/05\/DSC_0029-200x134.jpg 200w, https:\/\/mula.es\/web\/wp-content\/uploads\/2016\/05\/DSC_0029-400x267.jpg 400w, https:\/\/mula.es\/web\/wp-content\/uploads\/2016\/05\/DSC_0029-600x401.jpg 600w, https:\/\/mula.es\/web\/wp-content\/uploads\/2016\/05\/DSC_0029-800x535.jpg 800w, https:\/\/mula.es\/web\/wp-content\/uploads\/2016\/05\/DSC_0029-1200x802.jpg 1200w\" sizes=\"(max-width: 640px) 100vw, 600px\" \/><\/a><\/span><\/div><\/div><\/div><div class=\"fusion-layout-column fusion_builder_column fusion-builder-column-2 fusion_builder_column_1_2 1_2 fusion-flex-column\" style=\"--awb-bg-size:cover;--awb-width-large:50%;--awb-margin-top-large:0px;--awb-spacing-right-large:3.84%;--awb-margin-bottom-large:20px;--awb-spacing-left-large:3.84%;--awb-width-medium:50%;--awb-spacing-right-medium:3.84%;--awb-spacing-left-medium:3.84%;--awb-width-small:100%;--awb-spacing-right-small:1.92%;--awb-spacing-left-small:1.92%;\"><div class=\"fusion-column-wrapper fusion-flex-justify-content-flex-start fusion-content-layout-column\"><div class=\"fusion-image-element \" style=\"--awb-caption-title-font-family:var(--h2_typography-font-family);--awb-caption-title-font-weight:var(--h2_typography-font-weight);--awb-caption-title-font-style:var(--h2_typography-font-style);--awb-caption-title-size:var(--h2_typography-font-size);--awb-caption-title-transform:var(--h2_typography-text-transform);--awb-caption-title-line-height:var(--h2_typography-line-height);--awb-caption-title-letter-spacing:var(--h2_typography-letter-spacing);\"><span class=\" fusion-imageframe imageframe-none imageframe-2 hover-type-none\"><a class=\"fusion-no-lightbox\" href=\"https:\/\/mula.es\/web\/wp-content\/uploads\/2016\/05\/DSC_0013.jpg\" target=\"_blank\" aria-label=\"visita consejera sanidad 3 05_05_2016\" rel=\"noopener noreferrer\"><img decoding=\"async\" width=\"300\" height=\"201\" alt=\"visita consejera sanidad 3 05_05_2016\" src=\"https:\/\/mula.es\/web\/wp-content\/uploads\/2016\/05\/DSC_0013-300x201.jpg\" class=\"img-responsive wp-image-16135\" srcset=\"https:\/\/mula.es\/web\/wp-content\/uploads\/2016\/05\/DSC_0013-200x134.jpg 200w, https:\/\/mula.es\/web\/wp-content\/uploads\/2016\/05\/DSC_0013-400x267.jpg 400w, https:\/\/mula.es\/web\/wp-content\/uploads\/2016\/05\/DSC_0013-600x401.jpg 600w, https:\/\/mula.es\/web\/wp-content\/uploads\/2016\/05\/DSC_0013-800x535.jpg 800w, https:\/\/mula.es\/web\/wp-content\/uploads\/2016\/05\/DSC_0013-1200x802.jpg 1200w\" sizes=\"(max-width: 640px) 100vw, 600px\" \/><\/a><\/span><\/div><\/div><\/div><div class=\"fusion-layout-column fusion_builder_column fusion-builder-column-3 fusion_builder_column_1_1 1_1 fusion-flex-column\" style=\"--awb-bg-size:cover;--awb-width-large:100%;--awb-margin-top-large:0px;--awb-spacing-right-large:1.92%;--awb-margin-bottom-large:20px;--awb-spacing-left-large:1.92%;--awb-width-medium:100%;--awb-spacing-right-medium:1.92%;--awb-spacing-left-medium:1.92%;--awb-width-small:100%;--awb-spacing-right-small:1.92%;--awb-spacing-left-small:1.92%;\"><div class=\"fusion-column-wrapper fusion-flex-justify-content-flex-start fusion-content-layout-column\"><div class=\"fusion-image-element \" style=\"text-align:center;--awb-caption-title-font-family:var(--h2_typography-font-family);--awb-caption-title-font-weight:var(--h2_typography-font-weight);--awb-caption-title-font-style:var(--h2_typography-font-style);--awb-caption-title-size:var(--h2_typography-font-size);--awb-caption-title-transform:var(--h2_typography-text-transform);--awb-caption-title-line-height:var(--h2_typography-line-height);--awb-caption-title-letter-spacing:var(--h2_typography-letter-spacing);\"><span class=\" fusion-imageframe imageframe-none imageframe-3 hover-type-none\"><a class=\"fusion-no-lightbox\" href=\"https:\/\/mula.es\/web\/wp-content\/uploads\/2016\/05\/DSC_0008.jpg\" target=\"_blank\" aria-label=\"visita consejera sanidad 4 05_05_2016\" rel=\"noopener noreferrer\"><img decoding=\"async\" width=\"300\" height=\"201\" alt=\"visita consejera sanidad 4 05_05_2016\" src=\"https:\/\/mula.es\/web\/wp-content\/uploads\/2016\/05\/DSC_0008-300x201.jpg\" class=\"img-responsive wp-image-16136\" srcset=\"https:\/\/mula.es\/web\/wp-content\/uploads\/2016\/05\/DSC_0008-200x134.jpg 200w, https:\/\/mula.es\/web\/wp-content\/uploads\/2016\/05\/DSC_0008-400x267.jpg 400w, https:\/\/mula.es\/web\/wp-content\/uploads\/2016\/05\/DSC_0008-600x401.jpg 600w, https:\/\/mula.es\/web\/wp-content\/uploads\/2016\/05\/DSC_0008-800x535.jpg 800w, https:\/\/mula.es\/web\/wp-content\/uploads\/2016\/05\/DSC_0008-1200x802.jpg 1200w\" sizes=\"(max-width: 640px) 100vw, 1200px\" \/><\/a><\/span><\/div><\/div><\/div><\/div><\/div>\n","protected":false},"excerpt":{"rendered":"","protected":false},"author":1,"featured_media":16133,"comment_status":"closed","ping_status":"closed","sticky":false,"template":"","format":"standard","meta":{"jetpack_post_was_ever_published":false,"_jetpack_newsletter_access":"","_jetpack_dont_email_post_to_subs":false,"_jetpack_newsletter_tier_id":0,"_jetpack_memberships_contains_paywalled_content":false,"_jetpack_memberships_contains_paid_content":false,"footnotes":"","jetpack_publicize_message":"","jetpack_publicize_feature_enabled":true,"jetpack_social_post_already_shared":false,"jetpack_social_options":{"image_generator_settings":{"template":"highway","default_image_id":0,"font":"","enabled":false},"version":2}},"categories":[90],"tags":[],"class_list":["post-16132","post","type-post","status-publish","format-standard","has-post-thumbnail","hentry","category-sanidad"],"yoast_head":"<!-- This site is optimized with the Yoast SEO plugin v27.4 - https:\/\/yoast.com\/product\/yoast-seo-wordpress\/ -->\n<title>Visita de la Consejera de Sanidad con el fin de iniciar el &quot;Programa Activa&quot; en el municipio - Ayuntamiento de Mula<\/title>\n<meta name=\"robots\" content=\"index, follow, max-snippet:-1, max-image-preview:large, max-video-preview:-1\" \/>\n<link rel=\"canonical\" href=\"https:\/\/mula.es\/web\/visita-de-la-consejera-de-sanidad-con-el-fin-de-iniciar-el-programa-activa-en-el-municipio\/\" \/>\n<meta property=\"og:locale\" content=\"es_ES\" \/>\n<meta property=\"og:type\" content=\"article\" \/>\n<meta property=\"og:title\" content=\"Visita de la Consejera de Sanidad con el fin de iniciar el &quot;Programa Activa&quot; en el municipio - Ayuntamiento de Mula\" \/>\n<meta property=\"og:url\" content=\"https:\/\/mula.es\/web\/visita-de-la-consejera-de-sanidad-con-el-fin-de-iniciar-el-programa-activa-en-el-municipio\/\" \/>\n<meta property=\"og:site_name\" content=\"Ayuntamiento de Mula\" \/>\n<meta property=\"article:published_time\" content=\"2016-05-06T06:17:44+00:00\" \/>\n<meta property=\"article:modified_time\" content=\"2021-05-12T18:18:16+00:00\" \/>\n<meta property=\"og:image\" content=\"https:\/\/mula.es\/web\/wp-content\/uploads\/2016\/05\/DSC_0030-1024x684.jpg\" \/>\n\t<meta property=\"og:image:width\" content=\"1024\" \/>\n\t<meta property=\"og:image:height\" content=\"684\" \/>\n\t<meta property=\"og:image:type\" content=\"image\/jpeg\" \/>\n<meta name=\"author\" content=\"admin\" \/>\n<meta name=\"twitter:card\" content=\"summary_large_image\" \/>\n<meta name=\"twitter:creator\" content=\"@AyuntamientMula\" \/>\n<meta name=\"twitter:site\" content=\"@AyuntamientMula\" \/>\n<meta name=\"twitter:label1\" content=\"Escrito por\" \/>\n\t<meta name=\"twitter:data1\" content=\"admin\" \/>\n\t<meta name=\"twitter:label2\" content=\"Tiempo de lectura\" \/>\n\t<meta name=\"twitter:data2\" content=\"4 minutos\" \/>\n<script type=\"application\/ld+json\" class=\"yoast-schema-graph\">{\"@context\":\"https:\\\/\\\/schema.org\",\"@graph\":[{\"@type\":\"Article\",\"@id\":\"https:\\\/\\\/mula.es\\\/web\\\/visita-de-la-consejera-de-sanidad-con-el-fin-de-iniciar-el-programa-activa-en-el-municipio\\\/#article\",\"isPartOf\":{\"@id\":\"https:\\\/\\\/mula.es\\\/web\\\/visita-de-la-consejera-de-sanidad-con-el-fin-de-iniciar-el-programa-activa-en-el-municipio\\\/\"},\"author\":{\"name\":\"admin\",\"@id\":\"https:\\\/\\\/mula.es\\\/web\\\/#\\\/schema\\\/person\\\/a0dbffe9f4a3ed4aaebedcfef02f71a1\"},\"headline\":\"Visita de la Consejera de Sanidad con el fin de iniciar el \u00abPrograma Activa\u00bb en el municipio\",\"datePublished\":\"2016-05-06T06:17:44+00:00\",\"dateModified\":\"2021-05-12T18:18:16+00:00\",\"mainEntityOfPage\":{\"@id\":\"https:\\\/\\\/mula.es\\\/web\\\/visita-de-la-consejera-de-sanidad-con-el-fin-de-iniciar-el-programa-activa-en-el-municipio\\\/\"},\"wordCount\":747,\"image\":{\"@id\":\"https:\\\/\\\/mula.es\\\/web\\\/visita-de-la-consejera-de-sanidad-con-el-fin-de-iniciar-el-programa-activa-en-el-municipio\\\/#primaryimage\"},\"thumbnailUrl\":\"https:\\\/\\\/mula.es\\\/web\\\/wp-content\\\/uploads\\\/2016\\\/05\\\/DSC_0030.jpg\",\"articleSection\":[\"sanidad\"],\"inLanguage\":\"es\"},{\"@type\":\"WebPage\",\"@id\":\"https:\\\/\\\/mula.es\\\/web\\\/visita-de-la-consejera-de-sanidad-con-el-fin-de-iniciar-el-programa-activa-en-el-municipio\\\/\",\"url\":\"https:\\\/\\\/mula.es\\\/web\\\/visita-de-la-consejera-de-sanidad-con-el-fin-de-iniciar-el-programa-activa-en-el-municipio\\\/\",\"name\":\"Visita de la Consejera de Sanidad con el fin de iniciar el \\\"Programa Activa\\\" en el municipio - Ayuntamiento de Mula\",\"isPartOf\":{\"@id\":\"https:\\\/\\\/mula.es\\\/web\\\/#website\"},\"primaryImageOfPage\":{\"@id\":\"https:\\\/\\\/mula.es\\\/web\\\/visita-de-la-consejera-de-sanidad-con-el-fin-de-iniciar-el-programa-activa-en-el-municipio\\\/#primaryimage\"},\"image\":{\"@id\":\"https:\\\/\\\/mula.es\\\/web\\\/visita-de-la-consejera-de-sanidad-con-el-fin-de-iniciar-el-programa-activa-en-el-municipio\\\/#primaryimage\"},\"thumbnailUrl\":\"https:\\\/\\\/mula.es\\\/web\\\/wp-content\\\/uploads\\\/2016\\\/05\\\/DSC_0030.jpg\",\"datePublished\":\"2016-05-06T06:17:44+00:00\",\"dateModified\":\"2021-05-12T18:18:16+00:00\",\"author\":{\"@id\":\"https:\\\/\\\/mula.es\\\/web\\\/#\\\/schema\\\/person\\\/a0dbffe9f4a3ed4aaebedcfef02f71a1\"},\"breadcrumb\":{\"@id\":\"https:\\\/\\\/mula.es\\\/web\\\/visita-de-la-consejera-de-sanidad-con-el-fin-de-iniciar-el-programa-activa-en-el-municipio\\\/#breadcrumb\"},\"inLanguage\":\"es\",\"potentialAction\":[{\"@type\":\"ReadAction\",\"target\":[\"https:\\\/\\\/mula.es\\\/web\\\/visita-de-la-consejera-de-sanidad-con-el-fin-de-iniciar-el-programa-activa-en-el-municipio\\\/\"]}]},{\"@type\":\"ImageObject\",\"inLanguage\":\"es\",\"@id\":\"https:\\\/\\\/mula.es\\\/web\\\/visita-de-la-consejera-de-sanidad-con-el-fin-de-iniciar-el-programa-activa-en-el-municipio\\\/#primaryimage\",\"url\":\"https:\\\/\\\/mula.es\\\/web\\\/wp-content\\\/uploads\\\/2016\\\/05\\\/DSC_0030.jpg\",\"contentUrl\":\"https:\\\/\\\/mula.es\\\/web\\\/wp-content\\\/uploads\\\/2016\\\/05\\\/DSC_0030.jpg\",\"width\":2992,\"height\":2000,\"caption\":\"visita consejera sanidad 1 05_05_2016\"},{\"@type\":\"BreadcrumbList\",\"@id\":\"https:\\\/\\\/mula.es\\\/web\\\/visita-de-la-consejera-de-sanidad-con-el-fin-de-iniciar-el-programa-activa-en-el-municipio\\\/#breadcrumb\",\"itemListElement\":[{\"@type\":\"ListItem\",\"position\":1,\"name\":\"Portada\",\"item\":\"https:\\\/\\\/mula.es\\\/web\\\/\"},{\"@type\":\"ListItem\",\"position\":2,\"name\":\"Visita de la Consejera de Sanidad con el fin de iniciar el \u00abPrograma Activa\u00bb en el municipio\"}]},{\"@type\":\"WebSite\",\"@id\":\"https:\\\/\\\/mula.es\\\/web\\\/#website\",\"url\":\"https:\\\/\\\/mula.es\\\/web\\\/\",\"name\":\"Ayuntamiento de Mula\",\"description\":\"P\u00e1gina web del Ayuntamiento de Mula (Regi\u00f3n de Murcia)\",\"potentialAction\":[{\"@type\":\"SearchAction\",\"target\":{\"@type\":\"EntryPoint\",\"urlTemplate\":\"https:\\\/\\\/mula.es\\\/web\\\/?s={search_term_string}\"},\"query-input\":{\"@type\":\"PropertyValueSpecification\",\"valueRequired\":true,\"valueName\":\"search_term_string\"}}],\"inLanguage\":\"es\"},{\"@type\":\"Person\",\"@id\":\"https:\\\/\\\/mula.es\\\/web\\\/#\\\/schema\\\/person\\\/a0dbffe9f4a3ed4aaebedcfef02f71a1\",\"name\":\"admin\",\"image\":{\"@type\":\"ImageObject\",\"inLanguage\":\"es\",\"@id\":\"https:\\\/\\\/secure.gravatar.com\\\/avatar\\\/5423b9cd77f4c7f89a124365a268866f9dfee038c17fe9e37afd92b5920d810e?s=96&d=mm&r=g\",\"url\":\"https:\\\/\\\/secure.gravatar.com\\\/avatar\\\/5423b9cd77f4c7f89a124365a268866f9dfee038c17fe9e37afd92b5920d810e?s=96&d=mm&r=g\",\"contentUrl\":\"https:\\\/\\\/secure.gravatar.com\\\/avatar\\\/5423b9cd77f4c7f89a124365a268866f9dfee038c17fe9e37afd92b5920d810e?s=96&d=mm&r=g\",\"caption\":\"admin\"},\"description\":\"Lorem ipsum dolor sit amet, consectetur adipiscing elit. Nam viverra euismod odio, gravida pellentesque urna varius vitae. Sed dui lorem, adipiscing in adipiscing et, interdum nec metus. Mauris ultricies, justo eu convallis placerat, felis enim ornare nisi, vitae mattis nulla ante id dui. Ut lectus purus, commodo et tincidunt vel, interdum sed lectus. Vestibulum adipiscing tempor nisi id elementi.\",\"url\":\"https:\\\/\\\/mula.es\\\/web\\\/author\\\/jose-maria-boti\\\/\"}]}<\/script>\n<!-- \/ Yoast SEO plugin. -->","yoast_head_json":{"title":"Visita de la Consejera de Sanidad con el fin de iniciar el \"Programa Activa\" en el municipio - Ayuntamiento de Mula","robots":{"index":"index","follow":"follow","max-snippet":"max-snippet:-1","max-image-preview":"max-image-preview:large","max-video-preview":"max-video-preview:-1"},"canonical":"https:\/\/mula.es\/web\/visita-de-la-consejera-de-sanidad-con-el-fin-de-iniciar-el-programa-activa-en-el-municipio\/","og_locale":"es_ES","og_type":"article","og_title":"Visita de la Consejera de Sanidad con el fin de iniciar el \"Programa Activa\" en el municipio - Ayuntamiento de Mula","og_url":"https:\/\/mula.es\/web\/visita-de-la-consejera-de-sanidad-con-el-fin-de-iniciar-el-programa-activa-en-el-municipio\/","og_site_name":"Ayuntamiento de Mula","article_published_time":"2016-05-06T06:17:44+00:00","article_modified_time":"2021-05-12T18:18:16+00:00","og_image":[{"width":1024,"height":684,"url":"https:\/\/mula.es\/web\/wp-content\/uploads\/2016\/05\/DSC_0030-1024x684.jpg","type":"image\/jpeg"}],"author":"admin","twitter_card":"summary_large_image","twitter_creator":"@AyuntamientMula","twitter_site":"@AyuntamientMula","twitter_misc":{"Escrito por":"admin","Tiempo de lectura":"4 minutos"},"schema":{"@context":"https:\/\/schema.org","@graph":[{"@type":"Article","@id":"https:\/\/mula.es\/web\/visita-de-la-consejera-de-sanidad-con-el-fin-de-iniciar-el-programa-activa-en-el-municipio\/#article","isPartOf":{"@id":"https:\/\/mula.es\/web\/visita-de-la-consejera-de-sanidad-con-el-fin-de-iniciar-el-programa-activa-en-el-municipio\/"},"author":{"name":"admin","@id":"https:\/\/mula.es\/web\/#\/schema\/person\/a0dbffe9f4a3ed4aaebedcfef02f71a1"},"headline":"Visita de la Consejera de Sanidad con el fin de iniciar el \u00abPrograma Activa\u00bb en el municipio","datePublished":"2016-05-06T06:17:44+00:00","dateModified":"2021-05-12T18:18:16+00:00","mainEntityOfPage":{"@id":"https:\/\/mula.es\/web\/visita-de-la-consejera-de-sanidad-con-el-fin-de-iniciar-el-programa-activa-en-el-municipio\/"},"wordCount":747,"image":{"@id":"https:\/\/mula.es\/web\/visita-de-la-consejera-de-sanidad-con-el-fin-de-iniciar-el-programa-activa-en-el-municipio\/#primaryimage"},"thumbnailUrl":"https:\/\/mula.es\/web\/wp-content\/uploads\/2016\/05\/DSC_0030.jpg","articleSection":["sanidad"],"inLanguage":"es"},{"@type":"WebPage","@id":"https:\/\/mula.es\/web\/visita-de-la-consejera-de-sanidad-con-el-fin-de-iniciar-el-programa-activa-en-el-municipio\/","url":"https:\/\/mula.es\/web\/visita-de-la-consejera-de-sanidad-con-el-fin-de-iniciar-el-programa-activa-en-el-municipio\/","name":"Visita de la Consejera de Sanidad con el fin de iniciar el \"Programa Activa\" en el municipio - Ayuntamiento de Mula","isPartOf":{"@id":"https:\/\/mula.es\/web\/#website"},"primaryImageOfPage":{"@id":"https:\/\/mula.es\/web\/visita-de-la-consejera-de-sanidad-con-el-fin-de-iniciar-el-programa-activa-en-el-municipio\/#primaryimage"},"image":{"@id":"https:\/\/mula.es\/web\/visita-de-la-consejera-de-sanidad-con-el-fin-de-iniciar-el-programa-activa-en-el-municipio\/#primaryimage"},"thumbnailUrl":"https:\/\/mula.es\/web\/wp-content\/uploads\/2016\/05\/DSC_0030.jpg","datePublished":"2016-05-06T06:17:44+00:00","dateModified":"2021-05-12T18:18:16+00:00","author":{"@id":"https:\/\/mula.es\/web\/#\/schema\/person\/a0dbffe9f4a3ed4aaebedcfef02f71a1"},"breadcrumb":{"@id":"https:\/\/mula.es\/web\/visita-de-la-consejera-de-sanidad-con-el-fin-de-iniciar-el-programa-activa-en-el-municipio\/#breadcrumb"},"inLanguage":"es","potentialAction":[{"@type":"ReadAction","target":["https:\/\/mula.es\/web\/visita-de-la-consejera-de-sanidad-con-el-fin-de-iniciar-el-programa-activa-en-el-municipio\/"]}]},{"@type":"ImageObject","inLanguage":"es","@id":"https:\/\/mula.es\/web\/visita-de-la-consejera-de-sanidad-con-el-fin-de-iniciar-el-programa-activa-en-el-municipio\/#primaryimage","url":"https:\/\/mula.es\/web\/wp-content\/uploads\/2016\/05\/DSC_0030.jpg","contentUrl":"https:\/\/mula.es\/web\/wp-content\/uploads\/2016\/05\/DSC_0030.jpg","width":2992,"height":2000,"caption":"visita consejera sanidad 1 05_05_2016"},{"@type":"BreadcrumbList","@id":"https:\/\/mula.es\/web\/visita-de-la-consejera-de-sanidad-con-el-fin-de-iniciar-el-programa-activa-en-el-municipio\/#breadcrumb","itemListElement":[{"@type":"ListItem","position":1,"name":"Portada","item":"https:\/\/mula.es\/web\/"},{"@type":"ListItem","position":2,"name":"Visita de la Consejera de Sanidad con el fin de iniciar el \u00abPrograma Activa\u00bb en el municipio"}]},{"@type":"WebSite","@id":"https:\/\/mula.es\/web\/#website","url":"https:\/\/mula.es\/web\/","name":"Ayuntamiento de Mula","description":"P\u00e1gina web del Ayuntamiento de Mula (Regi\u00f3n de Murcia)","potentialAction":[{"@type":"SearchAction","target":{"@type":"EntryPoint","urlTemplate":"https:\/\/mula.es\/web\/?s={search_term_string}"},"query-input":{"@type":"PropertyValueSpecification","valueRequired":true,"valueName":"search_term_string"}}],"inLanguage":"es"},{"@type":"Person","@id":"https:\/\/mula.es\/web\/#\/schema\/person\/a0dbffe9f4a3ed4aaebedcfef02f71a1","name":"admin","image":{"@type":"ImageObject","inLanguage":"es","@id":"https:\/\/secure.gravatar.com\/avatar\/5423b9cd77f4c7f89a124365a268866f9dfee038c17fe9e37afd92b5920d810e?s=96&d=mm&r=g","url":"https:\/\/secure.gravatar.com\/avatar\/5423b9cd77f4c7f89a124365a268866f9dfee038c17fe9e37afd92b5920d810e?s=96&d=mm&r=g","contentUrl":"https:\/\/secure.gravatar.com\/avatar\/5423b9cd77f4c7f89a124365a268866f9dfee038c17fe9e37afd92b5920d810e?s=96&d=mm&r=g","caption":"admin"},"description":"Lorem ipsum dolor sit amet, consectetur adipiscing elit. Nam viverra euismod odio, gravida pellentesque urna varius vitae. Sed dui lorem, adipiscing in adipiscing et, interdum nec metus. Mauris ultricies, justo eu convallis placerat, felis enim ornare nisi, vitae mattis nulla ante id dui. Ut lectus purus, commodo et tincidunt vel, interdum sed lectus. Vestibulum adipiscing tempor nisi id elementi.","url":"https:\/\/mula.es\/web\/author\/jose-maria-boti\/"}]}},"jetpack_publicize_connections":[],"jetpack_featured_media_url":"https:\/\/mula.es\/web\/wp-content\/uploads\/2016\/05\/DSC_0030.jpg","jetpack_sharing_enabled":true,"jetpack_shortlink":"https:\/\/wp.me\/pa9DMY-4cc","jetpack-related-posts":[],"_links":{"self":[{"href":"https:\/\/mula.es\/web\/wp-json\/wp\/v2\/posts\/16132","targetHints":{"allow":["GET"]}}],"collection":[{"href":"https:\/\/mula.es\/web\/wp-json\/wp\/v2\/posts"}],"about":[{"href":"https:\/\/mula.es\/web\/wp-json\/wp\/v2\/types\/post"}],"author":[{"embeddable":true,"href":"https:\/\/mula.es\/web\/wp-json\/wp\/v2\/users\/1"}],"replies":[{"embeddable":true,"href":"https:\/\/mula.es\/web\/wp-json\/wp\/v2\/comments?post=16132"}],"version-history":[{"count":3,"href":"https:\/\/mula.es\/web\/wp-json\/wp\/v2\/posts\/16132\/revisions"}],"predecessor-version":[{"id":40102,"href":"https:\/\/mula.es\/web\/wp-json\/wp\/v2\/posts\/16132\/revisions\/40102"}],"wp:featuredmedia":[{"embeddable":true,"href":"https:\/\/mula.es\/web\/wp-json\/wp\/v2\/media\/16133"}],"wp:attachment":[{"href":"https:\/\/mula.es\/web\/wp-json\/wp\/v2\/media?parent=16132"}],"wp:term":[{"taxonomy":"category","embeddable":true,"href":"https:\/\/mula.es\/web\/wp-json\/wp\/v2\/categories?post=16132"},{"taxonomy":"post_tag","embeddable":true,"href":"https:\/\/mula.es\/web\/wp-json\/wp\/v2\/tags?post=16132"}],"curies":[{"name":"wp","href":"https:\/\/api.w.org\/{rel}","templated":true}]}}