{"id":16139,"date":"2016-05-06T09:11:14","date_gmt":"2016-05-06T07:11:14","guid":{"rendered":"http:\/\/mula.es\/web\/?p=16139"},"modified":"2021-05-12T20:18:15","modified_gmt":"2021-05-12T18:18:15","slug":"clausura-de-la-liga-local-de-tenis-201516","status":"publish","type":"post","link":"https:\/\/mula.es\/web\/clausura-de-la-liga-local-de-tenis-201516\/","title":{"rendered":"Clausura de la Liga Local de Tenis 2015\/16"},"content":{"rendered":"<div class=\"fusion-fullwidth fullwidth-box fusion-builder-row-1 fusion-flex-container hundred-percent-fullwidth non-hundred-percent-height-scrolling\" style=\"--awb-border-radius-top-left:0px;--awb-border-radius-top-right:0px;--awb-border-radius-bottom-right:0px;--awb-border-radius-bottom-left:0px;--awb-overflow:visible;--awb-flex-wrap:wrap;\" ><div class=\"fusion-builder-row fusion-row fusion-flex-align-items-flex-start fusion-flex-content-wrap\" style=\"width:104% !important;max-width:104% !important;margin-left: calc(-4% \/ 2 );margin-right: calc(-4% \/ 2 );\"><div class=\"fusion-layout-column fusion_builder_column fusion-builder-column-0 fusion_builder_column_1_1 1_1 fusion-flex-column\" style=\"--awb-bg-size:cover;--awb-width-large:100%;--awb-margin-top-large:0px;--awb-spacing-right-large:1.92%;--awb-margin-bottom-large:20px;--awb-spacing-left-large:1.92%;--awb-width-medium:100%;--awb-spacing-right-medium:1.92%;--awb-spacing-left-medium:1.92%;--awb-width-small:100%;--awb-spacing-right-small:1.92%;--awb-spacing-left-small:1.92%;\"><div class=\"fusion-column-wrapper fusion-flex-justify-content-flex-start fusion-content-layout-column\"><div class=\"fusion-text fusion-text-1\"><p>Ayer, en el Polideportivo Municipal, tuvo lugar la Clausura de la Liga Local de Tenis 2015\/16<\/p>\n<div><\/div>\n<div><b>IV CLASIFICADO:<\/b><span class=\"Apple-converted-space\">\u00a0<\/span>Jos\u00e9 Luis F\u00e9rez D\u00edaz<\/div>\n<div><b>III CLASIFICADO:<\/b><span class=\"Apple-converted-space\">\u00a0<\/span>Jos\u00e9 del Amor Terrones<\/div>\n<div><b>SUBCAMPE\u00d3N:<\/b><span class=\"Apple-converted-space\">\u00a0<\/span>\u00a0 Juan Antonio Jim\u00e9nez Fern\u00e1ndez<\/div>\n<div><b>CAMPE\u00d3N: \u00a0<\/b><span class=\"Apple-converted-space\">\u00a0<\/span>\u00a0 \u00a0 \u00a0 \u00a0Francisco Jos\u00e9 Egea L\u00f3pez<\/div>\n<\/div><\/div><\/div><div class=\"fusion-layout-column fusion_builder_column fusion-builder-column-1 fusion_builder_column_1_2 1_2 fusion-flex-column\" style=\"--awb-bg-size:cover;--awb-width-large:50%;--awb-margin-top-large:0px;--awb-spacing-right-large:3.84%;--awb-margin-bottom-large:20px;--awb-spacing-left-large:3.84%;--awb-width-medium:50%;--awb-spacing-right-medium:3.84%;--awb-spacing-left-medium:3.84%;--awb-width-small:100%;--awb-spacing-right-small:1.92%;--awb-spacing-left-small:1.92%;\"><div class=\"fusion-column-wrapper fusion-flex-justify-content-flex-start fusion-content-layout-column\"><div class=\"fusion-image-element \" style=\"--awb-caption-title-font-family:var(--h2_typography-font-family);--awb-caption-title-font-weight:var(--h2_typography-font-weight);--awb-caption-title-font-style:var(--h2_typography-font-style);--awb-caption-title-size:var(--h2_typography-font-size);--awb-caption-title-transform:var(--h2_typography-text-transform);--awb-caption-title-line-height:var(--h2_typography-line-height);--awb-caption-title-letter-spacing:var(--h2_typography-letter-spacing);\"><span class=\" fusion-imageframe imageframe-none imageframe-1 hover-type-none\"><a class=\"fusion-no-lightbox\" href=\"https:\/\/mula.es\/web\/wp-content\/uploads\/2016\/05\/DSC_0073-e1462516351572.jpg\" target=\"_blank\" aria-label=\"liga local tenis 1516 1\" rel=\"noopener noreferrer\"><img decoding=\"async\" width=\"201\" height=\"300\" alt=\"liga local tenis 1516 1\" src=\"https:\/\/mula.es\/web\/wp-content\/uploads\/2016\/05\/DSC_0073-e1462516351572-201x300.jpg\" class=\"img-responsive wp-image-16140\" srcset=\"https:\/\/mula.es\/web\/wp-content\/uploads\/2016\/05\/DSC_0073-e1462516351572-200x299.jpg 200w, https:\/\/mula.es\/web\/wp-content\/uploads\/2016\/05\/DSC_0073-e1462516351572-400x598.jpg 400w, https:\/\/mula.es\/web\/wp-content\/uploads\/2016\/05\/DSC_0073-e1462516351572-600x898.jpg 600w, https:\/\/mula.es\/web\/wp-content\/uploads\/2016\/05\/DSC_0073-e1462516351572-800x1197.jpg 800w, https:\/\/mula.es\/web\/wp-content\/uploads\/2016\/05\/DSC_0073-e1462516351572-1200x1795.jpg 1200w\" sizes=\"(max-width: 640px) 100vw, 201px\" \/><\/a><\/span><\/div><\/div><\/div><div class=\"fusion-layout-column fusion_builder_column fusion-builder-column-2 fusion_builder_column_1_2 1_2 fusion-flex-column\" style=\"--awb-bg-size:cover;--awb-width-large:50%;--awb-margin-top-large:0px;--awb-spacing-right-large:3.84%;--awb-margin-bottom-large:20px;--awb-spacing-left-large:3.84%;--awb-width-medium:50%;--awb-spacing-right-medium:3.84%;--awb-spacing-left-medium:3.84%;--awb-width-small:100%;--awb-spacing-right-small:1.92%;--awb-spacing-left-small:1.92%;\"><div class=\"fusion-column-wrapper fusion-flex-justify-content-flex-start fusion-content-layout-column\"><div class=\"fusion-image-element \" style=\"--awb-caption-title-font-family:var(--h2_typography-font-family);--awb-caption-title-font-weight:var(--h2_typography-font-weight);--awb-caption-title-font-style:var(--h2_typography-font-style);--awb-caption-title-size:var(--h2_typography-font-size);--awb-caption-title-transform:var(--h2_typography-text-transform);--awb-caption-title-line-height:var(--h2_typography-line-height);--awb-caption-title-letter-spacing:var(--h2_typography-letter-spacing);\"><span class=\" fusion-imageframe imageframe-none imageframe-2 hover-type-none\"><a class=\"fusion-no-lightbox\" href=\"https:\/\/mula.es\/web\/wp-content\/uploads\/2016\/05\/DSC_0068.jpg\" target=\"_blank\" aria-label=\"liga local tenis 1516 2\" rel=\"noopener noreferrer\"><img decoding=\"async\" width=\"300\" height=\"201\" alt=\"liga local tenis 1516 2\" src=\"https:\/\/mula.es\/web\/wp-content\/uploads\/2016\/05\/DSC_0068-300x201.jpg\" class=\"img-responsive wp-image-16141\" srcset=\"https:\/\/mula.es\/web\/wp-content\/uploads\/2016\/05\/DSC_0068-200x134.jpg 200w, https:\/\/mula.es\/web\/wp-content\/uploads\/2016\/05\/DSC_0068-400x267.jpg 400w, https:\/\/mula.es\/web\/wp-content\/uploads\/2016\/05\/DSC_0068-600x401.jpg 600w, https:\/\/mula.es\/web\/wp-content\/uploads\/2016\/05\/DSC_0068-800x535.jpg 800w, https:\/\/mula.es\/web\/wp-content\/uploads\/2016\/05\/DSC_0068-1200x802.jpg 1200w\" sizes=\"(max-width: 640px) 100vw, 600px\" \/><\/a><\/span><\/div><\/div><\/div><div class=\"fusion-layout-column fusion_builder_column fusion-builder-column-3 fusion_builder_column_1_2 1_2 fusion-flex-column\" style=\"--awb-bg-size:cover;--awb-width-large:50%;--awb-margin-top-large:0px;--awb-spacing-right-large:3.84%;--awb-margin-bottom-large:20px;--awb-spacing-left-large:3.84%;--awb-width-medium:50%;--awb-spacing-right-medium:3.84%;--awb-spacing-left-medium:3.84%;--awb-width-small:100%;--awb-spacing-right-small:1.92%;--awb-spacing-left-small:1.92%;\"><div class=\"fusion-column-wrapper fusion-flex-justify-content-flex-start fusion-content-layout-column\"><div class=\"fusion-image-element \" style=\"--awb-caption-title-font-family:var(--h2_typography-font-family);--awb-caption-title-font-weight:var(--h2_typography-font-weight);--awb-caption-title-font-style:var(--h2_typography-font-style);--awb-caption-title-size:var(--h2_typography-font-size);--awb-caption-title-transform:var(--h2_typography-text-transform);--awb-caption-title-line-height:var(--h2_typography-line-height);--awb-caption-title-letter-spacing:var(--h2_typography-letter-spacing);\"><span class=\" fusion-imageframe imageframe-none imageframe-3 hover-type-none\"><a class=\"fusion-no-lightbox\" href=\"https:\/\/mula.es\/web\/wp-content\/uploads\/2016\/05\/DSC_0065.jpg\" target=\"_blank\" aria-label=\"liga local tenis 1516 3\" rel=\"noopener noreferrer\"><img decoding=\"async\" width=\"300\" height=\"201\" src=\"https:\/\/mula.es\/web\/wp-content\/uploads\/2016\/05\/DSC_0065-300x201.jpg\" alt class=\"img-responsive wp-image-16142\" srcset=\"https:\/\/mula.es\/web\/wp-content\/uploads\/2016\/05\/DSC_0065-200x134.jpg 200w, https:\/\/mula.es\/web\/wp-content\/uploads\/2016\/05\/DSC_0065-400x267.jpg 400w, https:\/\/mula.es\/web\/wp-content\/uploads\/2016\/05\/DSC_0065-600x401.jpg 600w, https:\/\/mula.es\/web\/wp-content\/uploads\/2016\/05\/DSC_0065-800x535.jpg 800w, https:\/\/mula.es\/web\/wp-content\/uploads\/2016\/05\/DSC_0065-1200x802.jpg 1200w\" sizes=\"(max-width: 640px) 100vw, 600px\" \/><\/a><\/span><\/div><\/div><\/div><div class=\"fusion-layout-column fusion_builder_column fusion-builder-column-4 fusion_builder_column_1_2 1_2 fusion-flex-column\" style=\"--awb-bg-size:cover;--awb-width-large:50%;--awb-margin-top-large:0px;--awb-spacing-right-large:3.84%;--awb-margin-bottom-large:20px;--awb-spacing-left-large:3.84%;--awb-width-medium:50%;--awb-spacing-right-medium:3.84%;--awb-spacing-left-medium:3.84%;--awb-width-small:100%;--awb-spacing-right-small:1.92%;--awb-spacing-left-small:1.92%;\"><div class=\"fusion-column-wrapper fusion-flex-justify-content-flex-start fusion-content-layout-column\"><div class=\"fusion-image-element \" style=\"--awb-caption-title-font-family:var(--h2_typography-font-family);--awb-caption-title-font-weight:var(--h2_typography-font-weight);--awb-caption-title-font-style:var(--h2_typography-font-style);--awb-caption-title-size:var(--h2_typography-font-size);--awb-caption-title-transform:var(--h2_typography-text-transform);--awb-caption-title-line-height:var(--h2_typography-line-height);--awb-caption-title-letter-spacing:var(--h2_typography-letter-spacing);\"><span class=\" fusion-imageframe imageframe-none imageframe-4 hover-type-none\"><a class=\"fusion-no-lightbox\" href=\"https:\/\/mula.es\/web\/wp-content\/uploads\/2016\/05\/DSC_0062.jpg\" target=\"_blank\" aria-label=\"liga local tenis 1516 4\" rel=\"noopener noreferrer\"><img decoding=\"async\" width=\"300\" height=\"201\" src=\"https:\/\/mula.es\/web\/wp-content\/uploads\/2016\/05\/DSC_0062-300x201.jpg\" alt class=\"img-responsive wp-image-16143\" srcset=\"https:\/\/mula.es\/web\/wp-content\/uploads\/2016\/05\/DSC_0062-200x134.jpg 200w, https:\/\/mula.es\/web\/wp-content\/uploads\/2016\/05\/DSC_0062-400x267.jpg 400w, https:\/\/mula.es\/web\/wp-content\/uploads\/2016\/05\/DSC_0062-600x401.jpg 600w, https:\/\/mula.es\/web\/wp-content\/uploads\/2016\/05\/DSC_0062-800x535.jpg 800w, https:\/\/mula.es\/web\/wp-content\/uploads\/2016\/05\/DSC_0062-1200x802.jpg 1200w\" sizes=\"(max-width: 640px) 100vw, 600px\" \/><\/a><\/span><\/div><\/div><\/div><\/div><\/div>\n","protected":false},"excerpt":{"rendered":"","protected":false},"author":1,"featured_media":16144,"comment_status":"closed","ping_status":"closed","sticky":false,"template":"","format":"standard","meta":{"jetpack_post_was_ever_published":false,"_jetpack_newsletter_access":"","_jetpack_dont_email_post_to_subs":false,"_jetpack_newsletter_tier_id":0,"_jetpack_memberships_contains_paywalled_content":false,"_jetpack_memberships_contains_paid_content":false,"footnotes":"","jetpack_publicize_message":"","jetpack_publicize_feature_enabled":true,"jetpack_social_post_already_shared":false,"jetpack_social_options":{"image_generator_settings":{"template":"highway","default_image_id":0,"font":"","enabled":false},"version":2}},"categories":[88,207],"tags":[],"class_list":["post-16139","post","type-post","status-publish","format-standard","has-post-thumbnail","hentry","category-deportes","category-tenis"],"yoast_head":"<!-- This site is optimized with the Yoast SEO plugin v27.4 - https:\/\/yoast.com\/product\/yoast-seo-wordpress\/ -->\n<title>Clausura de la Liga Local de Tenis 2015\/16 - Ayuntamiento de Mula<\/title>\n<meta name=\"robots\" content=\"index, follow, max-snippet:-1, max-image-preview:large, max-video-preview:-1\" \/>\n<link rel=\"canonical\" href=\"https:\/\/mula.es\/web\/clausura-de-la-liga-local-de-tenis-201516\/\" \/>\n<meta property=\"og:locale\" content=\"es_ES\" \/>\n<meta property=\"og:type\" content=\"article\" \/>\n<meta property=\"og:title\" content=\"Clausura de la Liga Local de Tenis 2015\/16 - Ayuntamiento de Mula\" \/>\n<meta property=\"og:url\" content=\"https:\/\/mula.es\/web\/clausura-de-la-liga-local-de-tenis-201516\/\" \/>\n<meta property=\"og:site_name\" content=\"Ayuntamiento de Mula\" \/>\n<meta property=\"article:published_time\" content=\"2016-05-06T07:11:14+00:00\" \/>\n<meta property=\"article:modified_time\" content=\"2021-05-12T18:18:15+00:00\" \/>\n<meta property=\"og:image\" content=\"https:\/\/mula.es\/web\/wp-content\/uploads\/2016\/05\/DSC_0077-1024x684.jpg\" \/>\n\t<meta property=\"og:image:width\" content=\"1024\" \/>\n\t<meta property=\"og:image:height\" content=\"684\" \/>\n\t<meta property=\"og:image:type\" content=\"image\/jpeg\" \/>\n<meta name=\"author\" content=\"admin\" \/>\n<meta name=\"twitter:card\" content=\"summary_large_image\" \/>\n<meta name=\"twitter:creator\" content=\"@AyuntamientMula\" \/>\n<meta name=\"twitter:site\" content=\"@AyuntamientMula\" \/>\n<meta name=\"twitter:label1\" content=\"Escrito por\" \/>\n\t<meta name=\"twitter:data1\" content=\"admin\" \/>\n\t<meta name=\"twitter:label2\" content=\"Tiempo de lectura\" \/>\n\t<meta name=\"twitter:data2\" content=\"3 minutos\" \/>\n<script type=\"application\/ld+json\" class=\"yoast-schema-graph\">{\"@context\":\"https:\\\/\\\/schema.org\",\"@graph\":[{\"@type\":\"Article\",\"@id\":\"https:\\\/\\\/mula.es\\\/web\\\/clausura-de-la-liga-local-de-tenis-201516\\\/#article\",\"isPartOf\":{\"@id\":\"https:\\\/\\\/mula.es\\\/web\\\/clausura-de-la-liga-local-de-tenis-201516\\\/\"},\"author\":{\"name\":\"admin\",\"@id\":\"https:\\\/\\\/mula.es\\\/web\\\/#\\\/schema\\\/person\\\/a0dbffe9f4a3ed4aaebedcfef02f71a1\"},\"headline\":\"Clausura de la Liga Local de Tenis 2015\\\/16\",\"datePublished\":\"2016-05-06T07:11:14+00:00\",\"dateModified\":\"2021-05-12T18:18:15+00:00\",\"mainEntityOfPage\":{\"@id\":\"https:\\\/\\\/mula.es\\\/web\\\/clausura-de-la-liga-local-de-tenis-201516\\\/\"},\"wordCount\":559,\"image\":{\"@id\":\"https:\\\/\\\/mula.es\\\/web\\\/clausura-de-la-liga-local-de-tenis-201516\\\/#primaryimage\"},\"thumbnailUrl\":\"https:\\\/\\\/mula.es\\\/web\\\/wp-content\\\/uploads\\\/2016\\\/05\\\/DSC_0077.jpg\",\"articleSection\":[\"deportes\",\"tenis\"],\"inLanguage\":\"es\"},{\"@type\":\"WebPage\",\"@id\":\"https:\\\/\\\/mula.es\\\/web\\\/clausura-de-la-liga-local-de-tenis-201516\\\/\",\"url\":\"https:\\\/\\\/mula.es\\\/web\\\/clausura-de-la-liga-local-de-tenis-201516\\\/\",\"name\":\"Clausura de la Liga Local de Tenis 2015\\\/16 - Ayuntamiento de Mula\",\"isPartOf\":{\"@id\":\"https:\\\/\\\/mula.es\\\/web\\\/#website\"},\"primaryImageOfPage\":{\"@id\":\"https:\\\/\\\/mula.es\\\/web\\\/clausura-de-la-liga-local-de-tenis-201516\\\/#primaryimage\"},\"image\":{\"@id\":\"https:\\\/\\\/mula.es\\\/web\\\/clausura-de-la-liga-local-de-tenis-201516\\\/#primaryimage\"},\"thumbnailUrl\":\"https:\\\/\\\/mula.es\\\/web\\\/wp-content\\\/uploads\\\/2016\\\/05\\\/DSC_0077.jpg\",\"datePublished\":\"2016-05-06T07:11:14+00:00\",\"dateModified\":\"2021-05-12T18:18:15+00:00\",\"author\":{\"@id\":\"https:\\\/\\\/mula.es\\\/web\\\/#\\\/schema\\\/person\\\/a0dbffe9f4a3ed4aaebedcfef02f71a1\"},\"breadcrumb\":{\"@id\":\"https:\\\/\\\/mula.es\\\/web\\\/clausura-de-la-liga-local-de-tenis-201516\\\/#breadcrumb\"},\"inLanguage\":\"es\",\"potentialAction\":[{\"@type\":\"ReadAction\",\"target\":[\"https:\\\/\\\/mula.es\\\/web\\\/clausura-de-la-liga-local-de-tenis-201516\\\/\"]}]},{\"@type\":\"ImageObject\",\"inLanguage\":\"es\",\"@id\":\"https:\\\/\\\/mula.es\\\/web\\\/clausura-de-la-liga-local-de-tenis-201516\\\/#primaryimage\",\"url\":\"https:\\\/\\\/mula.es\\\/web\\\/wp-content\\\/uploads\\\/2016\\\/05\\\/DSC_0077.jpg\",\"contentUrl\":\"https:\\\/\\\/mula.es\\\/web\\\/wp-content\\\/uploads\\\/2016\\\/05\\\/DSC_0077.jpg\",\"width\":2992,\"height\":2000,\"caption\":\"liga local tenis 1516 5\"},{\"@type\":\"BreadcrumbList\",\"@id\":\"https:\\\/\\\/mula.es\\\/web\\\/clausura-de-la-liga-local-de-tenis-201516\\\/#breadcrumb\",\"itemListElement\":[{\"@type\":\"ListItem\",\"position\":1,\"name\":\"Portada\",\"item\":\"https:\\\/\\\/mula.es\\\/web\\\/\"},{\"@type\":\"ListItem\",\"position\":2,\"name\":\"Clausura de la Liga Local de Tenis 2015\\\/16\"}]},{\"@type\":\"WebSite\",\"@id\":\"https:\\\/\\\/mula.es\\\/web\\\/#website\",\"url\":\"https:\\\/\\\/mula.es\\\/web\\\/\",\"name\":\"Ayuntamiento de Mula\",\"description\":\"P\u00e1gina web del Ayuntamiento de Mula (Regi\u00f3n de Murcia)\",\"potentialAction\":[{\"@type\":\"SearchAction\",\"target\":{\"@type\":\"EntryPoint\",\"urlTemplate\":\"https:\\\/\\\/mula.es\\\/web\\\/?s={search_term_string}\"},\"query-input\":{\"@type\":\"PropertyValueSpecification\",\"valueRequired\":true,\"valueName\":\"search_term_string\"}}],\"inLanguage\":\"es\"},{\"@type\":\"Person\",\"@id\":\"https:\\\/\\\/mula.es\\\/web\\\/#\\\/schema\\\/person\\\/a0dbffe9f4a3ed4aaebedcfef02f71a1\",\"name\":\"admin\",\"image\":{\"@type\":\"ImageObject\",\"inLanguage\":\"es\",\"@id\":\"https:\\\/\\\/secure.gravatar.com\\\/avatar\\\/5423b9cd77f4c7f89a124365a268866f9dfee038c17fe9e37afd92b5920d810e?s=96&d=mm&r=g\",\"url\":\"https:\\\/\\\/secure.gravatar.com\\\/avatar\\\/5423b9cd77f4c7f89a124365a268866f9dfee038c17fe9e37afd92b5920d810e?s=96&d=mm&r=g\",\"contentUrl\":\"https:\\\/\\\/secure.gravatar.com\\\/avatar\\\/5423b9cd77f4c7f89a124365a268866f9dfee038c17fe9e37afd92b5920d810e?s=96&d=mm&r=g\",\"caption\":\"admin\"},\"description\":\"Lorem ipsum dolor sit amet, consectetur adipiscing elit. Nam viverra euismod odio, gravida pellentesque urna varius vitae. Sed dui lorem, adipiscing in adipiscing et, interdum nec metus. Mauris ultricies, justo eu convallis placerat, felis enim ornare nisi, vitae mattis nulla ante id dui. Ut lectus purus, commodo et tincidunt vel, interdum sed lectus. Vestibulum adipiscing tempor nisi id elementi.\",\"url\":\"https:\\\/\\\/mula.es\\\/web\\\/author\\\/jose-maria-boti\\\/\"}]}<\/script>\n<!-- \/ Yoast SEO plugin. -->","yoast_head_json":{"title":"Clausura de la Liga Local de Tenis 2015\/16 - Ayuntamiento de Mula","robots":{"index":"index","follow":"follow","max-snippet":"max-snippet:-1","max-image-preview":"max-image-preview:large","max-video-preview":"max-video-preview:-1"},"canonical":"https:\/\/mula.es\/web\/clausura-de-la-liga-local-de-tenis-201516\/","og_locale":"es_ES","og_type":"article","og_title":"Clausura de la Liga Local de Tenis 2015\/16 - Ayuntamiento de Mula","og_url":"https:\/\/mula.es\/web\/clausura-de-la-liga-local-de-tenis-201516\/","og_site_name":"Ayuntamiento de Mula","article_published_time":"2016-05-06T07:11:14+00:00","article_modified_time":"2021-05-12T18:18:15+00:00","og_image":[{"width":1024,"height":684,"url":"https:\/\/mula.es\/web\/wp-content\/uploads\/2016\/05\/DSC_0077-1024x684.jpg","type":"image\/jpeg"}],"author":"admin","twitter_card":"summary_large_image","twitter_creator":"@AyuntamientMula","twitter_site":"@AyuntamientMula","twitter_misc":{"Escrito por":"admin","Tiempo de lectura":"3 minutos"},"schema":{"@context":"https:\/\/schema.org","@graph":[{"@type":"Article","@id":"https:\/\/mula.es\/web\/clausura-de-la-liga-local-de-tenis-201516\/#article","isPartOf":{"@id":"https:\/\/mula.es\/web\/clausura-de-la-liga-local-de-tenis-201516\/"},"author":{"name":"admin","@id":"https:\/\/mula.es\/web\/#\/schema\/person\/a0dbffe9f4a3ed4aaebedcfef02f71a1"},"headline":"Clausura de la Liga Local de Tenis 2015\/16","datePublished":"2016-05-06T07:11:14+00:00","dateModified":"2021-05-12T18:18:15+00:00","mainEntityOfPage":{"@id":"https:\/\/mula.es\/web\/clausura-de-la-liga-local-de-tenis-201516\/"},"wordCount":559,"image":{"@id":"https:\/\/mula.es\/web\/clausura-de-la-liga-local-de-tenis-201516\/#primaryimage"},"thumbnailUrl":"https:\/\/mula.es\/web\/wp-content\/uploads\/2016\/05\/DSC_0077.jpg","articleSection":["deportes","tenis"],"inLanguage":"es"},{"@type":"WebPage","@id":"https:\/\/mula.es\/web\/clausura-de-la-liga-local-de-tenis-201516\/","url":"https:\/\/mula.es\/web\/clausura-de-la-liga-local-de-tenis-201516\/","name":"Clausura de la Liga Local de Tenis 2015\/16 - Ayuntamiento de Mula","isPartOf":{"@id":"https:\/\/mula.es\/web\/#website"},"primaryImageOfPage":{"@id":"https:\/\/mula.es\/web\/clausura-de-la-liga-local-de-tenis-201516\/#primaryimage"},"image":{"@id":"https:\/\/mula.es\/web\/clausura-de-la-liga-local-de-tenis-201516\/#primaryimage"},"thumbnailUrl":"https:\/\/mula.es\/web\/wp-content\/uploads\/2016\/05\/DSC_0077.jpg","datePublished":"2016-05-06T07:11:14+00:00","dateModified":"2021-05-12T18:18:15+00:00","author":{"@id":"https:\/\/mula.es\/web\/#\/schema\/person\/a0dbffe9f4a3ed4aaebedcfef02f71a1"},"breadcrumb":{"@id":"https:\/\/mula.es\/web\/clausura-de-la-liga-local-de-tenis-201516\/#breadcrumb"},"inLanguage":"es","potentialAction":[{"@type":"ReadAction","target":["https:\/\/mula.es\/web\/clausura-de-la-liga-local-de-tenis-201516\/"]}]},{"@type":"ImageObject","inLanguage":"es","@id":"https:\/\/mula.es\/web\/clausura-de-la-liga-local-de-tenis-201516\/#primaryimage","url":"https:\/\/mula.es\/web\/wp-content\/uploads\/2016\/05\/DSC_0077.jpg","contentUrl":"https:\/\/mula.es\/web\/wp-content\/uploads\/2016\/05\/DSC_0077.jpg","width":2992,"height":2000,"caption":"liga local tenis 1516 5"},{"@type":"BreadcrumbList","@id":"https:\/\/mula.es\/web\/clausura-de-la-liga-local-de-tenis-201516\/#breadcrumb","itemListElement":[{"@type":"ListItem","position":1,"name":"Portada","item":"https:\/\/mula.es\/web\/"},{"@type":"ListItem","position":2,"name":"Clausura de la Liga Local de Tenis 2015\/16"}]},{"@type":"WebSite","@id":"https:\/\/mula.es\/web\/#website","url":"https:\/\/mula.es\/web\/","name":"Ayuntamiento de Mula","description":"P\u00e1gina web del Ayuntamiento de Mula (Regi\u00f3n de Murcia)","potentialAction":[{"@type":"SearchAction","target":{"@type":"EntryPoint","urlTemplate":"https:\/\/mula.es\/web\/?s={search_term_string}"},"query-input":{"@type":"PropertyValueSpecification","valueRequired":true,"valueName":"search_term_string"}}],"inLanguage":"es"},{"@type":"Person","@id":"https:\/\/mula.es\/web\/#\/schema\/person\/a0dbffe9f4a3ed4aaebedcfef02f71a1","name":"admin","image":{"@type":"ImageObject","inLanguage":"es","@id":"https:\/\/secure.gravatar.com\/avatar\/5423b9cd77f4c7f89a124365a268866f9dfee038c17fe9e37afd92b5920d810e?s=96&d=mm&r=g","url":"https:\/\/secure.gravatar.com\/avatar\/5423b9cd77f4c7f89a124365a268866f9dfee038c17fe9e37afd92b5920d810e?s=96&d=mm&r=g","contentUrl":"https:\/\/secure.gravatar.com\/avatar\/5423b9cd77f4c7f89a124365a268866f9dfee038c17fe9e37afd92b5920d810e?s=96&d=mm&r=g","caption":"admin"},"description":"Lorem ipsum dolor sit amet, consectetur adipiscing elit. Nam viverra euismod odio, gravida pellentesque urna varius vitae. Sed dui lorem, adipiscing in adipiscing et, interdum nec metus. Mauris ultricies, justo eu convallis placerat, felis enim ornare nisi, vitae mattis nulla ante id dui. Ut lectus purus, commodo et tincidunt vel, interdum sed lectus. Vestibulum adipiscing tempor nisi id elementi.","url":"https:\/\/mula.es\/web\/author\/jose-maria-boti\/"}]}},"jetpack_publicize_connections":[],"jetpack_featured_media_url":"https:\/\/mula.es\/web\/wp-content\/uploads\/2016\/05\/DSC_0077.jpg","jetpack_sharing_enabled":true,"jetpack_shortlink":"https:\/\/wp.me\/pa9DMY-4cj","jetpack-related-posts":[],"_links":{"self":[{"href":"https:\/\/mula.es\/web\/wp-json\/wp\/v2\/posts\/16139","targetHints":{"allow":["GET"]}}],"collection":[{"href":"https:\/\/mula.es\/web\/wp-json\/wp\/v2\/posts"}],"about":[{"href":"https:\/\/mula.es\/web\/wp-json\/wp\/v2\/types\/post"}],"author":[{"embeddable":true,"href":"https:\/\/mula.es\/web\/wp-json\/wp\/v2\/users\/1"}],"replies":[{"embeddable":true,"href":"https:\/\/mula.es\/web\/wp-json\/wp\/v2\/comments?post=16139"}],"version-history":[{"count":2,"href":"https:\/\/mula.es\/web\/wp-json\/wp\/v2\/posts\/16139\/revisions"}],"predecessor-version":[{"id":40101,"href":"https:\/\/mula.es\/web\/wp-json\/wp\/v2\/posts\/16139\/revisions\/40101"}],"wp:featuredmedia":[{"embeddable":true,"href":"https:\/\/mula.es\/web\/wp-json\/wp\/v2\/media\/16144"}],"wp:attachment":[{"href":"https:\/\/mula.es\/web\/wp-json\/wp\/v2\/media?parent=16139"}],"wp:term":[{"taxonomy":"category","embeddable":true,"href":"https:\/\/mula.es\/web\/wp-json\/wp\/v2\/categories?post=16139"},{"taxonomy":"post_tag","embeddable":true,"href":"https:\/\/mula.es\/web\/wp-json\/wp\/v2\/tags?post=16139"}],"curies":[{"name":"wp","href":"https:\/\/api.w.org\/{rel}","templated":true}]}}