{"id":19079,"date":"2016-06-30T09:18:33","date_gmt":"2016-06-30T07:18:33","guid":{"rendered":"http:\/\/mula.es\/web\/?p=19079"},"modified":"2021-05-12T20:17:40","modified_gmt":"2021-05-12T18:17:40","slug":"francisco-jose-romero-moreno-a-los-campeonatos-de-espana-de-natacion-alevin","status":"publish","type":"post","link":"https:\/\/mula.es\/web\/francisco-jose-romero-moreno-a-los-campeonatos-de-espana-de-natacion-alevin\/","title":{"rendered":"Francisco Jos\u00e9 Romero Moreno a los Campeonatos de Espa\u00f1a de nataci\u00f3n alev\u00edn"},"content":{"rendered":"<div class=\"fusion-fullwidth fullwidth-box fusion-builder-row-1 fusion-flex-container hundred-percent-fullwidth non-hundred-percent-height-scrolling\" style=\"--awb-border-radius-top-left:0px;--awb-border-radius-top-right:0px;--awb-border-radius-bottom-right:0px;--awb-border-radius-bottom-left:0px;--awb-overflow:visible;--awb-flex-wrap:wrap;\" ><div class=\"fusion-builder-row fusion-row fusion-flex-align-items-flex-start fusion-flex-content-wrap\" style=\"width:calc( 100% + 0px ) !important;max-width:calc( 100% + 0px ) !important;margin-left: calc(-0px \/ 2 );margin-right: calc(-0px \/ 2 );\"><div class=\"fusion-layout-column fusion_builder_column fusion-builder-column-0 fusion_builder_column_1_1 1_1 fusion-flex-column\" style=\"--awb-bg-size:cover;--awb-width-large:100%;--awb-margin-top-large:0px;--awb-spacing-right-large:0px;--awb-margin-bottom-large:20px;--awb-spacing-left-large:0px;--awb-width-medium:100%;--awb-spacing-right-medium:0px;--awb-spacing-left-medium:0px;--awb-width-small:100%;--awb-spacing-right-small:0px;--awb-spacing-left-small:0px;\"><div class=\"fusion-column-wrapper fusion-flex-justify-content-flex-start fusion-content-layout-column\"><div class=\"fusion-text fusion-text-1\"><p>El nadador mule\u00f1o Francisco Jos\u00e9\u00a0 Romero Moreno, nadador del Club Nataci\u00f3n Murcia San Jorge, ha obtenido la m\u00ednima para participar en cinco pruebas de los Campeonatos de Espa\u00f1a de Nataci\u00f3n\u00a0 Alev\u00edn que se celebrar\u00e1n en Madrid del 21 al 24 de julio.<\/p>\n<p>Se trata de las modalidades de 200 estilos,200 libres,200,espalda,400 libres y 400 estilos.<\/p>\n<p>Este fin de semana intentar\u00e1 conseguir la m\u00ednima para los 200 mariposa.<\/p>\n<p>Buena suerte Francisco y a disfrutar de los Campeonatos.<\/p>\n<\/div><div class=\"fusion-text fusion-text-2\"><p><a href=\"https:\/\/mula.es\/web\/wp-content\/uploads\/2016\/06\/Jos\u00e9-Romero-Moreno-1.jpg\"><img data-attachment-id=\"19081\" data-permalink=\"https:\/\/mula.es\/web\/francisco-jose-romero-moreno-a-los-campeonatos-de-espana-de-natacion-alevin\/jose-romero-moreno-1\/\" data-orig-file=\"https:\/\/mula.es\/web\/wp-content\/uploads\/2016\/06\/Jos\u00e9-Romero-Moreno-1.jpg\" data-orig-size=\"537,1600\" data-comments-opened=\"0\" data-image-meta=\"\" data-image-title=\"Jos\u00e9 Romero Moreno 1\" data-image-description=\"\" data-image-caption=\"\n\n<p>Jos\u00e9 Romero Moreno 1<\/p>\n<p>\" data-large-file=\"https:\/\/mula.es\/web\/wp-content\/uploads\/2016\/06\/Jos\u00e9-Romero-Moreno-1-344x1024.jpg\" class=\"aligncenter wp-image-19081 size-large\" src=\"https:\/\/mula.es\/web\/wp-content\/uploads\/2016\/06\/Jos\u00e9-Romero-Moreno-1-344x1024.jpg\" alt=\"Jos\u00e9 Romero Moreno 1\" width=\"344\" height=\"1024\" \/><\/a><\/p>\n<\/div><\/div><\/div><\/div><\/div>\n","protected":false},"excerpt":{"rendered":"","protected":false},"author":1,"featured_media":19080,"comment_status":"closed","ping_status":"closed","sticky":false,"template":"","format":"standard","meta":{"jetpack_post_was_ever_published":false,"_jetpack_newsletter_access":"","_jetpack_dont_email_post_to_subs":false,"_jetpack_newsletter_tier_id":0,"_jetpack_memberships_contains_paywalled_content":false,"_jetpack_memberships_contains_paid_content":false,"footnotes":"","jetpack_publicize_message":"","jetpack_publicize_feature_enabled":true,"jetpack_social_post_already_shared":false,"jetpack_social_options":{"image_generator_settings":{"template":"highway","default_image_id":0,"font":"","enabled":false},"version":2}},"categories":[88],"tags":[],"class_list":["post-19079","post","type-post","status-publish","format-standard","has-post-thumbnail","hentry","category-deportes"],"yoast_head":"<!-- This site is optimized with the Yoast SEO plugin v27.5 - https:\/\/yoast.com\/product\/yoast-seo-wordpress\/ -->\n<title>Francisco Jos\u00e9 Romero Moreno a los Campeonatos de Espa\u00f1a de nataci\u00f3n alev\u00edn - Ayuntamiento de Mula<\/title>\n<meta name=\"robots\" content=\"index, follow, max-snippet:-1, max-image-preview:large, max-video-preview:-1\" \/>\n<link rel=\"canonical\" href=\"https:\/\/mula.es\/web\/francisco-jose-romero-moreno-a-los-campeonatos-de-espana-de-natacion-alevin\/\" \/>\n<meta property=\"og:locale\" content=\"es_ES\" \/>\n<meta property=\"og:type\" content=\"article\" \/>\n<meta property=\"og:title\" content=\"Francisco Jos\u00e9 Romero Moreno a los Campeonatos de Espa\u00f1a de nataci\u00f3n alev\u00edn - Ayuntamiento de Mula\" \/>\n<meta property=\"og:url\" content=\"https:\/\/mula.es\/web\/francisco-jose-romero-moreno-a-los-campeonatos-de-espana-de-natacion-alevin\/\" \/>\n<meta property=\"og:site_name\" content=\"Ayuntamiento de Mula\" \/>\n<meta property=\"article:published_time\" content=\"2016-06-30T07:18:33+00:00\" \/>\n<meta property=\"article:modified_time\" content=\"2021-05-12T18:17:40+00:00\" \/>\n<meta property=\"og:image\" content=\"https:\/\/i0.wp.com\/mula.es\/web\/wp-content\/uploads\/2016\/06\/Jos\u00e9-Romero-Moreno.jpg?fit=429%2C389&ssl=1\" \/>\n\t<meta property=\"og:image:width\" content=\"429\" \/>\n\t<meta property=\"og:image:height\" content=\"389\" \/>\n\t<meta property=\"og:image:type\" content=\"image\/jpeg\" \/>\n<meta name=\"author\" content=\"admin\" \/>\n<meta name=\"twitter:card\" content=\"summary_large_image\" \/>\n<meta name=\"twitter:creator\" content=\"@AyuntamientMula\" \/>\n<meta name=\"twitter:site\" content=\"@AyuntamientMula\" \/>\n<meta name=\"twitter:label1\" content=\"Escrito por\" \/>\n\t<meta name=\"twitter:data1\" content=\"admin\" \/>\n\t<meta name=\"twitter:label2\" content=\"Tiempo de lectura\" \/>\n\t<meta name=\"twitter:data2\" content=\"1 minuto\" \/>\n<script type=\"application\/ld+json\" class=\"yoast-schema-graph\">{\"@context\":\"https:\\\/\\\/schema.org\",\"@graph\":[{\"@type\":\"Article\",\"@id\":\"https:\\\/\\\/mula.es\\\/web\\\/francisco-jose-romero-moreno-a-los-campeonatos-de-espana-de-natacion-alevin\\\/#article\",\"isPartOf\":{\"@id\":\"https:\\\/\\\/mula.es\\\/web\\\/francisco-jose-romero-moreno-a-los-campeonatos-de-espana-de-natacion-alevin\\\/\"},\"author\":{\"name\":\"admin\",\"@id\":\"https:\\\/\\\/mula.es\\\/web\\\/#\\\/schema\\\/person\\\/a0dbffe9f4a3ed4aaebedcfef02f71a1\"},\"headline\":\"Francisco Jos\u00e9 Romero Moreno a los Campeonatos de Espa\u00f1a de nataci\u00f3n alev\u00edn\",\"datePublished\":\"2016-06-30T07:18:33+00:00\",\"dateModified\":\"2021-05-12T18:17:40+00:00\",\"mainEntityOfPage\":{\"@id\":\"https:\\\/\\\/mula.es\\\/web\\\/francisco-jose-romero-moreno-a-los-campeonatos-de-espana-de-natacion-alevin\\\/\"},\"wordCount\":178,\"image\":{\"@id\":\"https:\\\/\\\/mula.es\\\/web\\\/francisco-jose-romero-moreno-a-los-campeonatos-de-espana-de-natacion-alevin\\\/#primaryimage\"},\"thumbnailUrl\":\"https:\\\/\\\/mula.es\\\/web\\\/wp-content\\\/uploads\\\/2016\\\/06\\\/Jos\u00e9-Romero-Moreno.jpg\",\"articleSection\":[\"deportes\"],\"inLanguage\":\"es\"},{\"@type\":\"WebPage\",\"@id\":\"https:\\\/\\\/mula.es\\\/web\\\/francisco-jose-romero-moreno-a-los-campeonatos-de-espana-de-natacion-alevin\\\/\",\"url\":\"https:\\\/\\\/mula.es\\\/web\\\/francisco-jose-romero-moreno-a-los-campeonatos-de-espana-de-natacion-alevin\\\/\",\"name\":\"Francisco Jos\u00e9 Romero Moreno a los Campeonatos de Espa\u00f1a de nataci\u00f3n alev\u00edn - Ayuntamiento de Mula\",\"isPartOf\":{\"@id\":\"https:\\\/\\\/mula.es\\\/web\\\/#website\"},\"primaryImageOfPage\":{\"@id\":\"https:\\\/\\\/mula.es\\\/web\\\/francisco-jose-romero-moreno-a-los-campeonatos-de-espana-de-natacion-alevin\\\/#primaryimage\"},\"image\":{\"@id\":\"https:\\\/\\\/mula.es\\\/web\\\/francisco-jose-romero-moreno-a-los-campeonatos-de-espana-de-natacion-alevin\\\/#primaryimage\"},\"thumbnailUrl\":\"https:\\\/\\\/mula.es\\\/web\\\/wp-content\\\/uploads\\\/2016\\\/06\\\/Jos\u00e9-Romero-Moreno.jpg\",\"datePublished\":\"2016-06-30T07:18:33+00:00\",\"dateModified\":\"2021-05-12T18:17:40+00:00\",\"author\":{\"@id\":\"https:\\\/\\\/mula.es\\\/web\\\/#\\\/schema\\\/person\\\/a0dbffe9f4a3ed4aaebedcfef02f71a1\"},\"breadcrumb\":{\"@id\":\"https:\\\/\\\/mula.es\\\/web\\\/francisco-jose-romero-moreno-a-los-campeonatos-de-espana-de-natacion-alevin\\\/#breadcrumb\"},\"inLanguage\":\"es\",\"potentialAction\":[{\"@type\":\"ReadAction\",\"target\":[\"https:\\\/\\\/mula.es\\\/web\\\/francisco-jose-romero-moreno-a-los-campeonatos-de-espana-de-natacion-alevin\\\/\"]}]},{\"@type\":\"ImageObject\",\"inLanguage\":\"es\",\"@id\":\"https:\\\/\\\/mula.es\\\/web\\\/francisco-jose-romero-moreno-a-los-campeonatos-de-espana-de-natacion-alevin\\\/#primaryimage\",\"url\":\"https:\\\/\\\/mula.es\\\/web\\\/wp-content\\\/uploads\\\/2016\\\/06\\\/Jos\u00e9-Romero-Moreno.jpg\",\"contentUrl\":\"https:\\\/\\\/mula.es\\\/web\\\/wp-content\\\/uploads\\\/2016\\\/06\\\/Jos\u00e9-Romero-Moreno.jpg\",\"width\":429,\"height\":389,\"caption\":\"Jos\u00e9 Romero Moreno\"},{\"@type\":\"BreadcrumbList\",\"@id\":\"https:\\\/\\\/mula.es\\\/web\\\/francisco-jose-romero-moreno-a-los-campeonatos-de-espana-de-natacion-alevin\\\/#breadcrumb\",\"itemListElement\":[{\"@type\":\"ListItem\",\"position\":1,\"name\":\"Portada\",\"item\":\"https:\\\/\\\/mula.es\\\/web\\\/\"},{\"@type\":\"ListItem\",\"position\":2,\"name\":\"Francisco Jos\u00e9 Romero Moreno a los Campeonatos de Espa\u00f1a de nataci\u00f3n alev\u00edn\"}]},{\"@type\":\"WebSite\",\"@id\":\"https:\\\/\\\/mula.es\\\/web\\\/#website\",\"url\":\"https:\\\/\\\/mula.es\\\/web\\\/\",\"name\":\"Ayuntamiento de Mula\",\"description\":\"P\u00e1gina web del Ayuntamiento de Mula (Regi\u00f3n de Murcia)\",\"potentialAction\":[{\"@type\":\"SearchAction\",\"target\":{\"@type\":\"EntryPoint\",\"urlTemplate\":\"https:\\\/\\\/mula.es\\\/web\\\/?s={search_term_string}\"},\"query-input\":{\"@type\":\"PropertyValueSpecification\",\"valueRequired\":true,\"valueName\":\"search_term_string\"}}],\"inLanguage\":\"es\"},{\"@type\":\"Person\",\"@id\":\"https:\\\/\\\/mula.es\\\/web\\\/#\\\/schema\\\/person\\\/a0dbffe9f4a3ed4aaebedcfef02f71a1\",\"name\":\"admin\",\"image\":{\"@type\":\"ImageObject\",\"inLanguage\":\"es\",\"@id\":\"https:\\\/\\\/secure.gravatar.com\\\/avatar\\\/5423b9cd77f4c7f89a124365a268866f9dfee038c17fe9e37afd92b5920d810e?s=96&d=mm&r=g\",\"url\":\"https:\\\/\\\/secure.gravatar.com\\\/avatar\\\/5423b9cd77f4c7f89a124365a268866f9dfee038c17fe9e37afd92b5920d810e?s=96&d=mm&r=g\",\"contentUrl\":\"https:\\\/\\\/secure.gravatar.com\\\/avatar\\\/5423b9cd77f4c7f89a124365a268866f9dfee038c17fe9e37afd92b5920d810e?s=96&d=mm&r=g\",\"caption\":\"admin\"},\"description\":\"Lorem ipsum dolor sit amet, consectetur adipiscing elit. Nam viverra euismod odio, gravida pellentesque urna varius vitae. Sed dui lorem, adipiscing in adipiscing et, interdum nec metus. Mauris ultricies, justo eu convallis placerat, felis enim ornare nisi, vitae mattis nulla ante id dui. Ut lectus purus, commodo et tincidunt vel, interdum sed lectus. Vestibulum adipiscing tempor nisi id elementi.\",\"url\":\"https:\\\/\\\/mula.es\\\/web\\\/author\\\/jose-maria-boti\\\/\"}]}<\/script>\n<!-- \/ Yoast SEO plugin. -->","yoast_head_json":{"title":"Francisco Jos\u00e9 Romero Moreno a los Campeonatos de Espa\u00f1a de nataci\u00f3n alev\u00edn - Ayuntamiento de Mula","robots":{"index":"index","follow":"follow","max-snippet":"max-snippet:-1","max-image-preview":"max-image-preview:large","max-video-preview":"max-video-preview:-1"},"canonical":"https:\/\/mula.es\/web\/francisco-jose-romero-moreno-a-los-campeonatos-de-espana-de-natacion-alevin\/","og_locale":"es_ES","og_type":"article","og_title":"Francisco Jos\u00e9 Romero Moreno a los Campeonatos de Espa\u00f1a de nataci\u00f3n alev\u00edn - Ayuntamiento de Mula","og_url":"https:\/\/mula.es\/web\/francisco-jose-romero-moreno-a-los-campeonatos-de-espana-de-natacion-alevin\/","og_site_name":"Ayuntamiento de Mula","article_published_time":"2016-06-30T07:18:33+00:00","article_modified_time":"2021-05-12T18:17:40+00:00","og_image":[{"width":429,"height":389,"url":"https:\/\/i0.wp.com\/mula.es\/web\/wp-content\/uploads\/2016\/06\/Jos\u00e9-Romero-Moreno.jpg?fit=429%2C389&ssl=1","type":"image\/jpeg"}],"author":"admin","twitter_card":"summary_large_image","twitter_creator":"@AyuntamientMula","twitter_site":"@AyuntamientMula","twitter_misc":{"Escrito por":"admin","Tiempo de lectura":"1 minuto"},"schema":{"@context":"https:\/\/schema.org","@graph":[{"@type":"Article","@id":"https:\/\/mula.es\/web\/francisco-jose-romero-moreno-a-los-campeonatos-de-espana-de-natacion-alevin\/#article","isPartOf":{"@id":"https:\/\/mula.es\/web\/francisco-jose-romero-moreno-a-los-campeonatos-de-espana-de-natacion-alevin\/"},"author":{"name":"admin","@id":"https:\/\/mula.es\/web\/#\/schema\/person\/a0dbffe9f4a3ed4aaebedcfef02f71a1"},"headline":"Francisco Jos\u00e9 Romero Moreno a los Campeonatos de Espa\u00f1a de nataci\u00f3n alev\u00edn","datePublished":"2016-06-30T07:18:33+00:00","dateModified":"2021-05-12T18:17:40+00:00","mainEntityOfPage":{"@id":"https:\/\/mula.es\/web\/francisco-jose-romero-moreno-a-los-campeonatos-de-espana-de-natacion-alevin\/"},"wordCount":178,"image":{"@id":"https:\/\/mula.es\/web\/francisco-jose-romero-moreno-a-los-campeonatos-de-espana-de-natacion-alevin\/#primaryimage"},"thumbnailUrl":"https:\/\/mula.es\/web\/wp-content\/uploads\/2016\/06\/Jos\u00e9-Romero-Moreno.jpg","articleSection":["deportes"],"inLanguage":"es"},{"@type":"WebPage","@id":"https:\/\/mula.es\/web\/francisco-jose-romero-moreno-a-los-campeonatos-de-espana-de-natacion-alevin\/","url":"https:\/\/mula.es\/web\/francisco-jose-romero-moreno-a-los-campeonatos-de-espana-de-natacion-alevin\/","name":"Francisco Jos\u00e9 Romero Moreno a los Campeonatos de Espa\u00f1a de nataci\u00f3n alev\u00edn - Ayuntamiento de Mula","isPartOf":{"@id":"https:\/\/mula.es\/web\/#website"},"primaryImageOfPage":{"@id":"https:\/\/mula.es\/web\/francisco-jose-romero-moreno-a-los-campeonatos-de-espana-de-natacion-alevin\/#primaryimage"},"image":{"@id":"https:\/\/mula.es\/web\/francisco-jose-romero-moreno-a-los-campeonatos-de-espana-de-natacion-alevin\/#primaryimage"},"thumbnailUrl":"https:\/\/mula.es\/web\/wp-content\/uploads\/2016\/06\/Jos\u00e9-Romero-Moreno.jpg","datePublished":"2016-06-30T07:18:33+00:00","dateModified":"2021-05-12T18:17:40+00:00","author":{"@id":"https:\/\/mula.es\/web\/#\/schema\/person\/a0dbffe9f4a3ed4aaebedcfef02f71a1"},"breadcrumb":{"@id":"https:\/\/mula.es\/web\/francisco-jose-romero-moreno-a-los-campeonatos-de-espana-de-natacion-alevin\/#breadcrumb"},"inLanguage":"es","potentialAction":[{"@type":"ReadAction","target":["https:\/\/mula.es\/web\/francisco-jose-romero-moreno-a-los-campeonatos-de-espana-de-natacion-alevin\/"]}]},{"@type":"ImageObject","inLanguage":"es","@id":"https:\/\/mula.es\/web\/francisco-jose-romero-moreno-a-los-campeonatos-de-espana-de-natacion-alevin\/#primaryimage","url":"https:\/\/mula.es\/web\/wp-content\/uploads\/2016\/06\/Jos\u00e9-Romero-Moreno.jpg","contentUrl":"https:\/\/mula.es\/web\/wp-content\/uploads\/2016\/06\/Jos\u00e9-Romero-Moreno.jpg","width":429,"height":389,"caption":"Jos\u00e9 Romero Moreno"},{"@type":"BreadcrumbList","@id":"https:\/\/mula.es\/web\/francisco-jose-romero-moreno-a-los-campeonatos-de-espana-de-natacion-alevin\/#breadcrumb","itemListElement":[{"@type":"ListItem","position":1,"name":"Portada","item":"https:\/\/mula.es\/web\/"},{"@type":"ListItem","position":2,"name":"Francisco Jos\u00e9 Romero Moreno a los Campeonatos de Espa\u00f1a de nataci\u00f3n alev\u00edn"}]},{"@type":"WebSite","@id":"https:\/\/mula.es\/web\/#website","url":"https:\/\/mula.es\/web\/","name":"Ayuntamiento de Mula","description":"P\u00e1gina web del Ayuntamiento de Mula (Regi\u00f3n de Murcia)","potentialAction":[{"@type":"SearchAction","target":{"@type":"EntryPoint","urlTemplate":"https:\/\/mula.es\/web\/?s={search_term_string}"},"query-input":{"@type":"PropertyValueSpecification","valueRequired":true,"valueName":"search_term_string"}}],"inLanguage":"es"},{"@type":"Person","@id":"https:\/\/mula.es\/web\/#\/schema\/person\/a0dbffe9f4a3ed4aaebedcfef02f71a1","name":"admin","image":{"@type":"ImageObject","inLanguage":"es","@id":"https:\/\/secure.gravatar.com\/avatar\/5423b9cd77f4c7f89a124365a268866f9dfee038c17fe9e37afd92b5920d810e?s=96&d=mm&r=g","url":"https:\/\/secure.gravatar.com\/avatar\/5423b9cd77f4c7f89a124365a268866f9dfee038c17fe9e37afd92b5920d810e?s=96&d=mm&r=g","contentUrl":"https:\/\/secure.gravatar.com\/avatar\/5423b9cd77f4c7f89a124365a268866f9dfee038c17fe9e37afd92b5920d810e?s=96&d=mm&r=g","caption":"admin"},"description":"Lorem ipsum dolor sit amet, consectetur adipiscing elit. Nam viverra euismod odio, gravida pellentesque urna varius vitae. Sed dui lorem, adipiscing in adipiscing et, interdum nec metus. Mauris ultricies, justo eu convallis placerat, felis enim ornare nisi, vitae mattis nulla ante id dui. Ut lectus purus, commodo et tincidunt vel, interdum sed lectus. Vestibulum adipiscing tempor nisi id elementi.","url":"https:\/\/mula.es\/web\/author\/jose-maria-boti\/"}]}},"jetpack_publicize_connections":[],"jetpack_featured_media_url":"https:\/\/mula.es\/web\/wp-content\/uploads\/2016\/06\/Jos\u00e9-Romero-Moreno.jpg","jetpack_sharing_enabled":true,"jetpack_shortlink":"https:\/\/wp.me\/pa9DMY-4XJ","jetpack-related-posts":[],"_links":{"self":[{"href":"https:\/\/mula.es\/web\/wp-json\/wp\/v2\/posts\/19079","targetHints":{"allow":["GET"]}}],"collection":[{"href":"https:\/\/mula.es\/web\/wp-json\/wp\/v2\/posts"}],"about":[{"href":"https:\/\/mula.es\/web\/wp-json\/wp\/v2\/types\/post"}],"author":[{"embeddable":true,"href":"https:\/\/mula.es\/web\/wp-json\/wp\/v2\/users\/1"}],"replies":[{"embeddable":true,"href":"https:\/\/mula.es\/web\/wp-json\/wp\/v2\/comments?post=19079"}],"version-history":[{"count":2,"href":"https:\/\/mula.es\/web\/wp-json\/wp\/v2\/posts\/19079\/revisions"}],"predecessor-version":[{"id":40013,"href":"https:\/\/mula.es\/web\/wp-json\/wp\/v2\/posts\/19079\/revisions\/40013"}],"wp:featuredmedia":[{"embeddable":true,"href":"https:\/\/mula.es\/web\/wp-json\/wp\/v2\/media\/19080"}],"wp:attachment":[{"href":"https:\/\/mula.es\/web\/wp-json\/wp\/v2\/media?parent=19079"}],"wp:term":[{"taxonomy":"category","embeddable":true,"href":"https:\/\/mula.es\/web\/wp-json\/wp\/v2\/categories?post=19079"},{"taxonomy":"post_tag","embeddable":true,"href":"https:\/\/mula.es\/web\/wp-json\/wp\/v2\/tags?post=19079"}],"curies":[{"name":"wp","href":"https:\/\/api.w.org\/{rel}","templated":true}]}}