{"id":19125,"date":"2016-06-30T15:35:04","date_gmt":"2016-06-30T13:35:04","guid":{"rendered":"http:\/\/mula.es\/web\/?p=19125"},"modified":"2021-05-12T20:17:38","modified_gmt":"2021-05-12T18:17:38","slug":"reunion-del-alcalde-con-el-presidente-de-la-comunidad-autonoma-de-la-region-de-murcia","status":"publish","type":"post","link":"https:\/\/mula.es\/web\/reunion-del-alcalde-con-el-presidente-de-la-comunidad-autonoma-de-la-region-de-murcia\/","title":{"rendered":"Reuni\u00f3n del Alcalde con el Presidente de la Comunidad Aut\u00f3noma de la Regi\u00f3n de Murcia"},"content":{"rendered":"<div class=\"fusion-fullwidth fullwidth-box fusion-builder-row-1 fusion-flex-container hundred-percent-fullwidth non-hundred-percent-height-scrolling\" style=\"--awb-border-radius-top-left:0px;--awb-border-radius-top-right:0px;--awb-border-radius-bottom-right:0px;--awb-border-radius-bottom-left:0px;--awb-overflow:visible;--awb-flex-wrap:wrap;\" ><div class=\"fusion-builder-row fusion-row fusion-flex-align-items-flex-start fusion-flex-content-wrap\" style=\"width:104% !important;max-width:104% !important;margin-left: calc(-4% \/ 2 );margin-right: calc(-4% \/ 2 );\"><div class=\"fusion-layout-column fusion_builder_column fusion-builder-column-0 fusion_builder_column_1_1 1_1 fusion-flex-column\" style=\"--awb-bg-size:cover;--awb-width-large:100%;--awb-margin-top-large:0px;--awb-spacing-right-large:1.92%;--awb-margin-bottom-large:20px;--awb-spacing-left-large:1.92%;--awb-width-medium:100%;--awb-spacing-right-medium:1.92%;--awb-spacing-left-medium:1.92%;--awb-width-small:100%;--awb-spacing-right-small:1.92%;--awb-spacing-left-small:1.92%;\"><div class=\"fusion-column-wrapper fusion-flex-justify-content-flex-start fusion-content-layout-column\"><div class=\"fusion-text fusion-text-1\"><p style=\"text-align: justify;\" align=\"LEFT\">El Alcalde-Presidente del Excmo. Ayuntamiento de Mula, Juan Jes\u00fas Moreno Garc\u00eda, se reuni\u00f3 hoy en el Palacio de San Esteban con el Presidente de la Comunidad Aut\u00f3noma, Pedro Antonio S\u00e1nchez, con quien analiz\u00f3 diversos asuntos de importancia para el municipio relacionados con el turismo, la sanidad o el castillo de Mula.<\/p>\n<p style=\"text-align: justify;\" align=\"LEFT\">Presidente y Alcalde hicieron un balance muy positivo sobre la colaboraci\u00f3n que, desde ambas instituciones, se est\u00e1 llevando a cabo, a lo largo de este primer a\u00f1o de legislatura, en las diferentes actuaciones y proyectos previstas para el municipio de Mula.<\/p>\n<p style=\"text-align: justify;\" align=\"LEFT\">Pedro Antonio S\u00e1nchez mostr\u00f3 al alcalde de Mula el apoyo del Gobierno regional a las \u2018Jornadas nacionales de la exaltaci\u00f3n del tambor y el bombo\u2019 que tendr\u00e1n lugar en Mula en el a\u00f1o 2018 y que contribuir\u00e1n a la llegada de un mayor n\u00famero de turistas a este municipio y al conjunto de la Regi\u00f3n. Adem\u00e1s, se ha previsto la posibilidad de que para el a\u00f1o 2017, este evento sea expuesto en la XXXVII Feria Internacional de Turismo (FITUR).<\/p>\n<p style=\"text-align: justify;\" align=\"LEFT\">Por otro lado, el primer edil mule\u00f1o, subray\u00f3 la importancia del turismo religioso para Mula y destac\u00f3 el Relicario de la Santa Espina del Real Convento de la Encarnaci\u00f3n como foco de atracci\u00f3n de ese turismo en el pr\u00f3ximo A\u00f1o Jubilar. Entre otros asuntos, abordaron tambi\u00e9n las obras que se est\u00e1n acometiendo en el convento de San Francisco, con la elaboraci\u00f3n de un plan de financiaci\u00f3n para la ejecuci\u00f3n de las obras pendientes, para los pr\u00f3ximos dos a\u00f1os.<\/p>\n<p style=\"text-align: justify;\" align=\"LEFT\">La situaci\u00f3n en la que se encuentra el proceso relativo al castillo de Mula tambi\u00e9n se abord\u00f3 en dicha reuni\u00f3n, ya que el Alcalde pidi\u00f3 encarecidamente al Presidente, agilizar el expediente sancionador a los propietarios del mismo. Adem\u00e1s, Juan Jes\u00fas Moreno le inform\u00f3 de que en los pr\u00f3ximos d\u00edas, el Ayuntamiento de Mula se va hacer con otro 12 por ciento de la titularidad del Castillo. Pedro Antonio S\u00e1nchez subray\u00f3 su compromiso para realizar las actuaciones pertinentes en lo relativo a dicho expediente.<\/p>\n<p style=\"text-align: justify;\" align=\"LEFT\">Por \u00faltimo, el Alcalde mule\u00f1o ha solicitado al Presidente del Gobierno Regional, la celebraci\u00f3n de un Consejo de Gobierno en el Municipio de Mula. Pedro Antonio S\u00e1nchez ha mostrado la total disposici\u00f3n de su Gobierno para la celebraci\u00f3n del mismo en los meses venideros.<\/p>\n<p style=\"text-align: justify;\" align=\"LEFT\">Juan Jes\u00fas Moreno agradeci\u00f3 el bonito gesto del Presidente, por la presencia de la bandera de Mula en su despacho para la celebraci\u00f3n de dicha reuni\u00f3n.<\/p>\n<p>\u00a0<\/p>\n<\/div><\/div><\/div><div class=\"fusion-layout-column fusion_builder_column fusion-builder-column-1 fusion_builder_column_1_2 1_2 fusion-flex-column\" style=\"--awb-bg-size:cover;--awb-width-large:50%;--awb-margin-top-large:0px;--awb-spacing-right-large:3.84%;--awb-margin-bottom-large:20px;--awb-spacing-left-large:3.84%;--awb-width-medium:50%;--awb-spacing-right-medium:3.84%;--awb-spacing-left-medium:3.84%;--awb-width-small:100%;--awb-spacing-right-small:1.92%;--awb-spacing-left-small:1.92%;\"><div class=\"fusion-column-wrapper fusion-flex-justify-content-flex-start fusion-content-layout-column\"><div class=\"fusion-text fusion-text-2\"><p><a href=\"https:\/\/mula.es\/web\/wp-content\/uploads\/2016\/06\/DSC_0026.jpg\"><img data-attachment-id=\"19127\" data-permalink=\"https:\/\/mula.es\/web\/reunion-del-alcalde-con-el-presidente-de-la-comunidad-autonoma-de-la-region-de-murcia\/dsc_0026\/\" data-orig-file=\"https:\/\/mula.es\/web\/wp-content\/uploads\/2016\/06\/DSC_0026.jpg\" data-orig-size=\"2992,2000\" data-comments-opened=\"0\" data-image-meta=\"\" data-image-title=\"reunion alcalde presidente comunidad 2\" data-image-description=\"\n\n<p>reunion alcalde presidente comunidad 2<\/p>\n<p>\" data-image-caption=\"\" data-large-file=\"https:\/\/mula.es\/web\/wp-content\/uploads\/2016\/06\/DSC_0026-1024x684.jpg\" class=\"aligncenter wp-image-19127 size-medium\" src=\"https:\/\/mula.es\/web\/wp-content\/uploads\/2016\/06\/DSC_0026-300x201.jpg\" alt=\"reunion alcalde presidente comunidad 2\" width=\"300\" height=\"201\" \/><\/a><\/p>\n<\/div><\/div><\/div><div class=\"fusion-layout-column fusion_builder_column fusion-builder-column-2 fusion_builder_column_1_2 1_2 fusion-flex-column\" style=\"--awb-bg-size:cover;--awb-width-large:50%;--awb-margin-top-large:0px;--awb-spacing-right-large:3.84%;--awb-margin-bottom-large:20px;--awb-spacing-left-large:3.84%;--awb-width-medium:50%;--awb-spacing-right-medium:3.84%;--awb-spacing-left-medium:3.84%;--awb-width-small:100%;--awb-spacing-right-small:1.92%;--awb-spacing-left-small:1.92%;\"><div class=\"fusion-column-wrapper fusion-flex-justify-content-flex-start fusion-content-layout-column\"><div class=\"fusion-text fusion-text-3\"><p><a href=\"https:\/\/mula.es\/web\/wp-content\/uploads\/2016\/06\/Foto-Alcalde-en-Palacio-San-Esteban-junio-2016.jpg\"><img data-attachment-id=\"19128\" data-permalink=\"https:\/\/mula.es\/web\/reunion-del-alcalde-con-el-presidente-de-la-comunidad-autonoma-de-la-region-de-murcia\/foto-alcalde-en-palacio-san-esteban-junio-2016\/\" data-orig-file=\"https:\/\/mula.es\/web\/wp-content\/uploads\/2016\/06\/Foto-Alcalde-en-Palacio-San-Esteban-junio-2016.jpg\" data-orig-size=\"1200,1600\" data-comments-opened=\"0\" data-image-meta=\"\" data-image-title=\"Foto Alcalde en Palacio San Esteban junio 2016\" data-image-description=\"\" data-image-caption=\"\n\n<p>Foto Alcalde en Palacio San Esteban junio 2016<\/p>\n<p>\" data-large-file=\"https:\/\/mula.es\/web\/wp-content\/uploads\/2016\/06\/Foto-Alcalde-en-Palacio-San-Esteban-junio-2016-768x1024.jpg\" class=\"wp-image-19128 size-medium\" src=\"https:\/\/mula.es\/web\/wp-content\/uploads\/2016\/06\/Foto-Alcalde-en-Palacio-San-Esteban-junio-2016-225x300.jpg\" alt=\"Foto Alcalde en Palacio San Esteban junio 2016\" width=\"225\" height=\"300\" \/><\/a><\/p>\n<\/div><\/div><\/div><\/div><\/div>\n","protected":false},"excerpt":{"rendered":"","protected":false},"author":1,"featured_media":19126,"comment_status":"closed","ping_status":"closed","sticky":false,"template":"","format":"standard","meta":{"jetpack_post_was_ever_published":false,"_jetpack_newsletter_access":"","_jetpack_dont_email_post_to_subs":false,"_jetpack_newsletter_tier_id":0,"_jetpack_memberships_contains_paywalled_content":false,"_jetpack_memberships_contains_paid_content":false,"footnotes":"","jetpack_publicize_message":"","jetpack_publicize_feature_enabled":true,"jetpack_social_post_already_shared":false,"jetpack_social_options":{"image_generator_settings":{"template":"highway","default_image_id":0,"font":"","enabled":false},"version":2}},"categories":[127],"tags":[217],"class_list":["post-19125","post","type-post","status-publish","format-standard","has-post-thumbnail","hentry","category-alcalde","tag-reunion"],"yoast_head":"<!-- This site is optimized with the Yoast SEO plugin v27.5 - https:\/\/yoast.com\/product\/yoast-seo-wordpress\/ -->\n<title>Reuni\u00f3n del Alcalde con el Presidente de la Comunidad Aut\u00f3noma de la Regi\u00f3n de Murcia - Ayuntamiento de Mula<\/title>\n<meta name=\"robots\" content=\"index, follow, max-snippet:-1, max-image-preview:large, max-video-preview:-1\" \/>\n<link rel=\"canonical\" href=\"https:\/\/mula.es\/web\/reunion-del-alcalde-con-el-presidente-de-la-comunidad-autonoma-de-la-region-de-murcia\/\" \/>\n<meta property=\"og:locale\" content=\"es_ES\" \/>\n<meta property=\"og:type\" content=\"article\" \/>\n<meta property=\"og:title\" content=\"Reuni\u00f3n del Alcalde con el Presidente de la Comunidad Aut\u00f3noma de la Regi\u00f3n de Murcia - Ayuntamiento de Mula\" \/>\n<meta property=\"og:url\" content=\"https:\/\/mula.es\/web\/reunion-del-alcalde-con-el-presidente-de-la-comunidad-autonoma-de-la-region-de-murcia\/\" \/>\n<meta property=\"og:site_name\" content=\"Ayuntamiento de Mula\" \/>\n<meta property=\"article:published_time\" content=\"2016-06-30T13:35:04+00:00\" \/>\n<meta property=\"article:modified_time\" content=\"2021-05-12T18:17:38+00:00\" \/>\n<meta property=\"og:image\" content=\"https:\/\/mula.es\/web\/wp-content\/uploads\/2016\/06\/DSC_0006-1-1024x684.jpg\" \/>\n\t<meta property=\"og:image:width\" content=\"1024\" \/>\n\t<meta property=\"og:image:height\" content=\"684\" \/>\n\t<meta property=\"og:image:type\" content=\"image\/jpeg\" \/>\n<meta name=\"author\" content=\"admin\" \/>\n<meta name=\"twitter:card\" content=\"summary_large_image\" \/>\n<meta name=\"twitter:creator\" content=\"@AyuntamientMula\" \/>\n<meta name=\"twitter:site\" content=\"@AyuntamientMula\" \/>\n<meta name=\"twitter:label1\" content=\"Escrito por\" \/>\n\t<meta name=\"twitter:data1\" content=\"admin\" \/>\n\t<meta name=\"twitter:label2\" content=\"Tiempo de lectura\" \/>\n\t<meta name=\"twitter:data2\" content=\"3 minutos\" \/>\n<script type=\"application\/ld+json\" class=\"yoast-schema-graph\">{\"@context\":\"https:\\\/\\\/schema.org\",\"@graph\":[{\"@type\":\"Article\",\"@id\":\"https:\\\/\\\/mula.es\\\/web\\\/reunion-del-alcalde-con-el-presidente-de-la-comunidad-autonoma-de-la-region-de-murcia\\\/#article\",\"isPartOf\":{\"@id\":\"https:\\\/\\\/mula.es\\\/web\\\/reunion-del-alcalde-con-el-presidente-de-la-comunidad-autonoma-de-la-region-de-murcia\\\/\"},\"author\":{\"name\":\"admin\",\"@id\":\"https:\\\/\\\/mula.es\\\/web\\\/#\\\/schema\\\/person\\\/a0dbffe9f4a3ed4aaebedcfef02f71a1\"},\"headline\":\"Reuni\u00f3n del Alcalde con el Presidente de la Comunidad Aut\u00f3noma de la Regi\u00f3n de Murcia\",\"datePublished\":\"2016-06-30T13:35:04+00:00\",\"dateModified\":\"2021-05-12T18:17:38+00:00\",\"mainEntityOfPage\":{\"@id\":\"https:\\\/\\\/mula.es\\\/web\\\/reunion-del-alcalde-con-el-presidente-de-la-comunidad-autonoma-de-la-region-de-murcia\\\/\"},\"wordCount\":663,\"image\":{\"@id\":\"https:\\\/\\\/mula.es\\\/web\\\/reunion-del-alcalde-con-el-presidente-de-la-comunidad-autonoma-de-la-region-de-murcia\\\/#primaryimage\"},\"thumbnailUrl\":\"https:\\\/\\\/mula.es\\\/web\\\/wp-content\\\/uploads\\\/2016\\\/06\\\/DSC_0006-1.jpg\",\"keywords\":[\"reuni\u00f3n\"],\"articleSection\":[\"alcalde\"],\"inLanguage\":\"es\"},{\"@type\":\"WebPage\",\"@id\":\"https:\\\/\\\/mula.es\\\/web\\\/reunion-del-alcalde-con-el-presidente-de-la-comunidad-autonoma-de-la-region-de-murcia\\\/\",\"url\":\"https:\\\/\\\/mula.es\\\/web\\\/reunion-del-alcalde-con-el-presidente-de-la-comunidad-autonoma-de-la-region-de-murcia\\\/\",\"name\":\"Reuni\u00f3n del Alcalde con el Presidente de la Comunidad Aut\u00f3noma de la Regi\u00f3n de Murcia - Ayuntamiento de Mula\",\"isPartOf\":{\"@id\":\"https:\\\/\\\/mula.es\\\/web\\\/#website\"},\"primaryImageOfPage\":{\"@id\":\"https:\\\/\\\/mula.es\\\/web\\\/reunion-del-alcalde-con-el-presidente-de-la-comunidad-autonoma-de-la-region-de-murcia\\\/#primaryimage\"},\"image\":{\"@id\":\"https:\\\/\\\/mula.es\\\/web\\\/reunion-del-alcalde-con-el-presidente-de-la-comunidad-autonoma-de-la-region-de-murcia\\\/#primaryimage\"},\"thumbnailUrl\":\"https:\\\/\\\/mula.es\\\/web\\\/wp-content\\\/uploads\\\/2016\\\/06\\\/DSC_0006-1.jpg\",\"datePublished\":\"2016-06-30T13:35:04+00:00\",\"dateModified\":\"2021-05-12T18:17:38+00:00\",\"author\":{\"@id\":\"https:\\\/\\\/mula.es\\\/web\\\/#\\\/schema\\\/person\\\/a0dbffe9f4a3ed4aaebedcfef02f71a1\"},\"breadcrumb\":{\"@id\":\"https:\\\/\\\/mula.es\\\/web\\\/reunion-del-alcalde-con-el-presidente-de-la-comunidad-autonoma-de-la-region-de-murcia\\\/#breadcrumb\"},\"inLanguage\":\"es\",\"potentialAction\":[{\"@type\":\"ReadAction\",\"target\":[\"https:\\\/\\\/mula.es\\\/web\\\/reunion-del-alcalde-con-el-presidente-de-la-comunidad-autonoma-de-la-region-de-murcia\\\/\"]}]},{\"@type\":\"ImageObject\",\"inLanguage\":\"es\",\"@id\":\"https:\\\/\\\/mula.es\\\/web\\\/reunion-del-alcalde-con-el-presidente-de-la-comunidad-autonoma-de-la-region-de-murcia\\\/#primaryimage\",\"url\":\"https:\\\/\\\/mula.es\\\/web\\\/wp-content\\\/uploads\\\/2016\\\/06\\\/DSC_0006-1.jpg\",\"contentUrl\":\"https:\\\/\\\/mula.es\\\/web\\\/wp-content\\\/uploads\\\/2016\\\/06\\\/DSC_0006-1.jpg\",\"width\":2992,\"height\":2000,\"caption\":\"reunion alcalde presidente comunidad 1\"},{\"@type\":\"BreadcrumbList\",\"@id\":\"https:\\\/\\\/mula.es\\\/web\\\/reunion-del-alcalde-con-el-presidente-de-la-comunidad-autonoma-de-la-region-de-murcia\\\/#breadcrumb\",\"itemListElement\":[{\"@type\":\"ListItem\",\"position\":1,\"name\":\"Portada\",\"item\":\"https:\\\/\\\/mula.es\\\/web\\\/\"},{\"@type\":\"ListItem\",\"position\":2,\"name\":\"Reuni\u00f3n del Alcalde con el Presidente de la Comunidad Aut\u00f3noma de la Regi\u00f3n de Murcia\"}]},{\"@type\":\"WebSite\",\"@id\":\"https:\\\/\\\/mula.es\\\/web\\\/#website\",\"url\":\"https:\\\/\\\/mula.es\\\/web\\\/\",\"name\":\"Ayuntamiento de Mula\",\"description\":\"P\u00e1gina web del Ayuntamiento de Mula (Regi\u00f3n de Murcia)\",\"potentialAction\":[{\"@type\":\"SearchAction\",\"target\":{\"@type\":\"EntryPoint\",\"urlTemplate\":\"https:\\\/\\\/mula.es\\\/web\\\/?s={search_term_string}\"},\"query-input\":{\"@type\":\"PropertyValueSpecification\",\"valueRequired\":true,\"valueName\":\"search_term_string\"}}],\"inLanguage\":\"es\"},{\"@type\":\"Person\",\"@id\":\"https:\\\/\\\/mula.es\\\/web\\\/#\\\/schema\\\/person\\\/a0dbffe9f4a3ed4aaebedcfef02f71a1\",\"name\":\"admin\",\"image\":{\"@type\":\"ImageObject\",\"inLanguage\":\"es\",\"@id\":\"https:\\\/\\\/secure.gravatar.com\\\/avatar\\\/5423b9cd77f4c7f89a124365a268866f9dfee038c17fe9e37afd92b5920d810e?s=96&d=mm&r=g\",\"url\":\"https:\\\/\\\/secure.gravatar.com\\\/avatar\\\/5423b9cd77f4c7f89a124365a268866f9dfee038c17fe9e37afd92b5920d810e?s=96&d=mm&r=g\",\"contentUrl\":\"https:\\\/\\\/secure.gravatar.com\\\/avatar\\\/5423b9cd77f4c7f89a124365a268866f9dfee038c17fe9e37afd92b5920d810e?s=96&d=mm&r=g\",\"caption\":\"admin\"},\"description\":\"Lorem ipsum dolor sit amet, consectetur adipiscing elit. Nam viverra euismod odio, gravida pellentesque urna varius vitae. Sed dui lorem, adipiscing in adipiscing et, interdum nec metus. Mauris ultricies, justo eu convallis placerat, felis enim ornare nisi, vitae mattis nulla ante id dui. Ut lectus purus, commodo et tincidunt vel, interdum sed lectus. Vestibulum adipiscing tempor nisi id elementi.\",\"url\":\"https:\\\/\\\/mula.es\\\/web\\\/author\\\/jose-maria-boti\\\/\"}]}<\/script>\n<!-- \/ Yoast SEO plugin. -->","yoast_head_json":{"title":"Reuni\u00f3n del Alcalde con el Presidente de la Comunidad Aut\u00f3noma de la Regi\u00f3n de Murcia - Ayuntamiento de Mula","robots":{"index":"index","follow":"follow","max-snippet":"max-snippet:-1","max-image-preview":"max-image-preview:large","max-video-preview":"max-video-preview:-1"},"canonical":"https:\/\/mula.es\/web\/reunion-del-alcalde-con-el-presidente-de-la-comunidad-autonoma-de-la-region-de-murcia\/","og_locale":"es_ES","og_type":"article","og_title":"Reuni\u00f3n del Alcalde con el Presidente de la Comunidad Aut\u00f3noma de la Regi\u00f3n de Murcia - Ayuntamiento de Mula","og_url":"https:\/\/mula.es\/web\/reunion-del-alcalde-con-el-presidente-de-la-comunidad-autonoma-de-la-region-de-murcia\/","og_site_name":"Ayuntamiento de Mula","article_published_time":"2016-06-30T13:35:04+00:00","article_modified_time":"2021-05-12T18:17:38+00:00","og_image":[{"width":1024,"height":684,"url":"https:\/\/mula.es\/web\/wp-content\/uploads\/2016\/06\/DSC_0006-1-1024x684.jpg","type":"image\/jpeg"}],"author":"admin","twitter_card":"summary_large_image","twitter_creator":"@AyuntamientMula","twitter_site":"@AyuntamientMula","twitter_misc":{"Escrito por":"admin","Tiempo de lectura":"3 minutos"},"schema":{"@context":"https:\/\/schema.org","@graph":[{"@type":"Article","@id":"https:\/\/mula.es\/web\/reunion-del-alcalde-con-el-presidente-de-la-comunidad-autonoma-de-la-region-de-murcia\/#article","isPartOf":{"@id":"https:\/\/mula.es\/web\/reunion-del-alcalde-con-el-presidente-de-la-comunidad-autonoma-de-la-region-de-murcia\/"},"author":{"name":"admin","@id":"https:\/\/mula.es\/web\/#\/schema\/person\/a0dbffe9f4a3ed4aaebedcfef02f71a1"},"headline":"Reuni\u00f3n del Alcalde con el Presidente de la Comunidad Aut\u00f3noma de la Regi\u00f3n de Murcia","datePublished":"2016-06-30T13:35:04+00:00","dateModified":"2021-05-12T18:17:38+00:00","mainEntityOfPage":{"@id":"https:\/\/mula.es\/web\/reunion-del-alcalde-con-el-presidente-de-la-comunidad-autonoma-de-la-region-de-murcia\/"},"wordCount":663,"image":{"@id":"https:\/\/mula.es\/web\/reunion-del-alcalde-con-el-presidente-de-la-comunidad-autonoma-de-la-region-de-murcia\/#primaryimage"},"thumbnailUrl":"https:\/\/mula.es\/web\/wp-content\/uploads\/2016\/06\/DSC_0006-1.jpg","keywords":["reuni\u00f3n"],"articleSection":["alcalde"],"inLanguage":"es"},{"@type":"WebPage","@id":"https:\/\/mula.es\/web\/reunion-del-alcalde-con-el-presidente-de-la-comunidad-autonoma-de-la-region-de-murcia\/","url":"https:\/\/mula.es\/web\/reunion-del-alcalde-con-el-presidente-de-la-comunidad-autonoma-de-la-region-de-murcia\/","name":"Reuni\u00f3n del Alcalde con el Presidente de la Comunidad Aut\u00f3noma de la Regi\u00f3n de Murcia - Ayuntamiento de Mula","isPartOf":{"@id":"https:\/\/mula.es\/web\/#website"},"primaryImageOfPage":{"@id":"https:\/\/mula.es\/web\/reunion-del-alcalde-con-el-presidente-de-la-comunidad-autonoma-de-la-region-de-murcia\/#primaryimage"},"image":{"@id":"https:\/\/mula.es\/web\/reunion-del-alcalde-con-el-presidente-de-la-comunidad-autonoma-de-la-region-de-murcia\/#primaryimage"},"thumbnailUrl":"https:\/\/mula.es\/web\/wp-content\/uploads\/2016\/06\/DSC_0006-1.jpg","datePublished":"2016-06-30T13:35:04+00:00","dateModified":"2021-05-12T18:17:38+00:00","author":{"@id":"https:\/\/mula.es\/web\/#\/schema\/person\/a0dbffe9f4a3ed4aaebedcfef02f71a1"},"breadcrumb":{"@id":"https:\/\/mula.es\/web\/reunion-del-alcalde-con-el-presidente-de-la-comunidad-autonoma-de-la-region-de-murcia\/#breadcrumb"},"inLanguage":"es","potentialAction":[{"@type":"ReadAction","target":["https:\/\/mula.es\/web\/reunion-del-alcalde-con-el-presidente-de-la-comunidad-autonoma-de-la-region-de-murcia\/"]}]},{"@type":"ImageObject","inLanguage":"es","@id":"https:\/\/mula.es\/web\/reunion-del-alcalde-con-el-presidente-de-la-comunidad-autonoma-de-la-region-de-murcia\/#primaryimage","url":"https:\/\/mula.es\/web\/wp-content\/uploads\/2016\/06\/DSC_0006-1.jpg","contentUrl":"https:\/\/mula.es\/web\/wp-content\/uploads\/2016\/06\/DSC_0006-1.jpg","width":2992,"height":2000,"caption":"reunion alcalde presidente comunidad 1"},{"@type":"BreadcrumbList","@id":"https:\/\/mula.es\/web\/reunion-del-alcalde-con-el-presidente-de-la-comunidad-autonoma-de-la-region-de-murcia\/#breadcrumb","itemListElement":[{"@type":"ListItem","position":1,"name":"Portada","item":"https:\/\/mula.es\/web\/"},{"@type":"ListItem","position":2,"name":"Reuni\u00f3n del Alcalde con el Presidente de la Comunidad Aut\u00f3noma de la Regi\u00f3n de Murcia"}]},{"@type":"WebSite","@id":"https:\/\/mula.es\/web\/#website","url":"https:\/\/mula.es\/web\/","name":"Ayuntamiento de Mula","description":"P\u00e1gina web del Ayuntamiento de Mula (Regi\u00f3n de Murcia)","potentialAction":[{"@type":"SearchAction","target":{"@type":"EntryPoint","urlTemplate":"https:\/\/mula.es\/web\/?s={search_term_string}"},"query-input":{"@type":"PropertyValueSpecification","valueRequired":true,"valueName":"search_term_string"}}],"inLanguage":"es"},{"@type":"Person","@id":"https:\/\/mula.es\/web\/#\/schema\/person\/a0dbffe9f4a3ed4aaebedcfef02f71a1","name":"admin","image":{"@type":"ImageObject","inLanguage":"es","@id":"https:\/\/secure.gravatar.com\/avatar\/5423b9cd77f4c7f89a124365a268866f9dfee038c17fe9e37afd92b5920d810e?s=96&d=mm&r=g","url":"https:\/\/secure.gravatar.com\/avatar\/5423b9cd77f4c7f89a124365a268866f9dfee038c17fe9e37afd92b5920d810e?s=96&d=mm&r=g","contentUrl":"https:\/\/secure.gravatar.com\/avatar\/5423b9cd77f4c7f89a124365a268866f9dfee038c17fe9e37afd92b5920d810e?s=96&d=mm&r=g","caption":"admin"},"description":"Lorem ipsum dolor sit amet, consectetur adipiscing elit. Nam viverra euismod odio, gravida pellentesque urna varius vitae. Sed dui lorem, adipiscing in adipiscing et, interdum nec metus. Mauris ultricies, justo eu convallis placerat, felis enim ornare nisi, vitae mattis nulla ante id dui. Ut lectus purus, commodo et tincidunt vel, interdum sed lectus. Vestibulum adipiscing tempor nisi id elementi.","url":"https:\/\/mula.es\/web\/author\/jose-maria-boti\/"}]}},"jetpack_publicize_connections":[],"jetpack_featured_media_url":"https:\/\/mula.es\/web\/wp-content\/uploads\/2016\/06\/DSC_0006-1.jpg","jetpack_sharing_enabled":true,"jetpack_shortlink":"https:\/\/wp.me\/pa9DMY-4Yt","jetpack-related-posts":[],"_links":{"self":[{"href":"https:\/\/mula.es\/web\/wp-json\/wp\/v2\/posts\/19125","targetHints":{"allow":["GET"]}}],"collection":[{"href":"https:\/\/mula.es\/web\/wp-json\/wp\/v2\/posts"}],"about":[{"href":"https:\/\/mula.es\/web\/wp-json\/wp\/v2\/types\/post"}],"author":[{"embeddable":true,"href":"https:\/\/mula.es\/web\/wp-json\/wp\/v2\/users\/1"}],"replies":[{"embeddable":true,"href":"https:\/\/mula.es\/web\/wp-json\/wp\/v2\/comments?post=19125"}],"version-history":[{"count":3,"href":"https:\/\/mula.es\/web\/wp-json\/wp\/v2\/posts\/19125\/revisions"}],"predecessor-version":[{"id":40011,"href":"https:\/\/mula.es\/web\/wp-json\/wp\/v2\/posts\/19125\/revisions\/40011"}],"wp:featuredmedia":[{"embeddable":true,"href":"https:\/\/mula.es\/web\/wp-json\/wp\/v2\/media\/19126"}],"wp:attachment":[{"href":"https:\/\/mula.es\/web\/wp-json\/wp\/v2\/media?parent=19125"}],"wp:term":[{"taxonomy":"category","embeddable":true,"href":"https:\/\/mula.es\/web\/wp-json\/wp\/v2\/categories?post=19125"},{"taxonomy":"post_tag","embeddable":true,"href":"https:\/\/mula.es\/web\/wp-json\/wp\/v2\/tags?post=19125"}],"curies":[{"name":"wp","href":"https:\/\/api.w.org\/{rel}","templated":true}]}}