{"id":21528,"date":"2016-10-04T14:26:32","date_gmt":"2016-10-04T12:26:32","guid":{"rendered":"http:\/\/mula.es\/web\/?p=21528"},"modified":"2021-05-12T20:17:04","modified_gmt":"2021-05-12T18:17:04","slug":"programa-de-fiestas-de-fuente-librilla-2016-en-honor-a-la-virgen-del-rosario-del-7-al-12-de-octubre","status":"publish","type":"post","link":"https:\/\/mula.es\/web\/programa-de-fiestas-de-fuente-librilla-2016-en-honor-a-la-virgen-del-rosario-del-7-al-12-de-octubre\/","title":{"rendered":"Programa de fiestas de Fuente Librilla 2016, en Honor a la Virgen del Rosario &#8211; del 7 al 12 de octubre"},"content":{"rendered":"<div class=\"fusion-fullwidth fullwidth-box fusion-builder-row-1 fusion-flex-container hundred-percent-fullwidth non-hundred-percent-height-scrolling\" style=\"--awb-border-radius-top-left:0px;--awb-border-radius-top-right:0px;--awb-border-radius-bottom-right:0px;--awb-border-radius-bottom-left:0px;--awb-overflow:visible;--awb-flex-wrap:wrap;\" ><div class=\"fusion-builder-row fusion-row fusion-flex-align-items-flex-start fusion-flex-content-wrap\" style=\"width:calc( 100% + 0px ) !important;max-width:calc( 100% + 0px ) !important;margin-left: calc(-0px \/ 2 );margin-right: calc(-0px \/ 2 );\"><div class=\"fusion-layout-column fusion_builder_column fusion-builder-column-0 fusion_builder_column_1_1 1_1 fusion-flex-column\" style=\"--awb-bg-size:cover;--awb-width-large:100%;--awb-margin-top-large:0px;--awb-spacing-right-large:0px;--awb-margin-bottom-large:20px;--awb-spacing-left-large:0px;--awb-width-medium:100%;--awb-spacing-right-medium:0px;--awb-spacing-left-medium:0px;--awb-width-small:100%;--awb-spacing-right-small:0px;--awb-spacing-left-small:0px;\"><div class=\"fusion-column-wrapper fusion-flex-justify-content-flex-start fusion-content-layout-column\"><div class=\"fusion-title title fusion-title-1 fusion-title-text fusion-title-size-two\" style=\"--awb-margin-top-small:0px;--awb-margin-right-small:0px;--awb-margin-bottom-small:20px;--awb-margin-left-small:0px;\"><div class=\"title-sep-container title-sep-container-left fusion-no-large-visibility fusion-no-medium-visibility fusion-no-small-visibility\"><div class=\"title-sep sep-double sep-solid\" style=\"border-color:#e0dede;\"><\/div><\/div><span class=\"awb-title-spacer fusion-no-large-visibility fusion-no-medium-visibility fusion-no-small-visibility\"><\/span><h2 class=\"fusion-title-heading title-heading-left\" style=\"margin:0;\"><strong>Viernes, 7 de octubre &#8211; Festividad de Ntra. Sra. del Rosario<\/strong><\/h2><span class=\"awb-title-spacer\"><\/span><div class=\"title-sep-container title-sep-container-right\"><div class=\"title-sep sep-double sep-solid\" style=\"border-color:#e0dede;\"><\/div><\/div><\/div><div class=\"fusion-text fusion-text-1\"><p style=\"text-align: justify;\"><strong>16:00h. Inicio de Fiestas.<\/strong> Chupinazo y cohetes por un tubo.<\/p>\n<p style=\"text-align: justify;\"><strong>16:30h. Subida en Romer\u00eda de nuestra patrona a Los Cortijos<\/strong>, acompa\u00f1ada por Charanga \u00abLa Hucha\u00bb.<\/p>\n<p style=\"text-align: justify;\"><strong>18:30h. Misa de Campa\u00f1a en Honor a La Virgen del Rosario.<\/strong><\/p>\n<p style=\"text-align: justify;\"><strong>19:00h. Merienda Cortijera<\/strong> para todos los asistentes.<\/p>\n<p style=\"text-align: justify;\"><strong>20:00h. Gran masclet\u00e1,<\/strong> para que Nuestra Patrona se despida hasta el a\u00f1o que viene.<\/p>\n<p style=\"text-align: justify;\"><strong>23:00h. Presentaci\u00f3n de la Comisi\u00f3n de Fiestas y Homenaje a la Virgen del Rosario en su d\u00eda.<\/strong><br \/>\nPreg\u00f3n de inicio de fiestas a cargo de Gin\u00e9s Rubio.<br \/>\nLa presentaci\u00f3n como siempre, a cargo del inigualable Julio Navarro.<\/p>\n<p style=\"text-align: justify;\"><strong>00:00h. Magic Show &#8211; Sandra Bruman &#8211; El hombre del mill\u00f3n de voces<\/strong> (Tu si que vales).<\/p>\n<p style=\"text-align: justify;\"><strong>02:00h. El Koala.<\/strong><\/p>\n<p style=\"text-align: justify;\"><strong>03:00h. DJ Jaro<\/strong>, m\u00fasica hasta qu el cuerpo aguante.<\/p>\n<p style=\"text-align: justify;\"><strong>04:00h. Traca kilom\u00e9trica.<\/strong><\/p>\n<\/div><\/div><\/div><div class=\"fusion-layout-column fusion_builder_column fusion-builder-column-1 fusion_builder_column_1_1 1_1 fusion-flex-column\" style=\"--awb-bg-size:cover;--awb-width-large:100%;--awb-margin-top-large:0px;--awb-spacing-right-large:0px;--awb-margin-bottom-large:20px;--awb-spacing-left-large:0px;--awb-width-medium:100%;--awb-spacing-right-medium:0px;--awb-spacing-left-medium:0px;--awb-width-small:100%;--awb-spacing-right-small:0px;--awb-spacing-left-small:0px;\"><div class=\"fusion-column-wrapper fusion-flex-justify-content-flex-start fusion-content-layout-column\"><div class=\"fusion-title title fusion-title-2 fusion-title-text fusion-title-size-two\" style=\"--awb-margin-top-small:0px;--awb-margin-right-small:0px;--awb-margin-bottom-small:20px;--awb-margin-left-small:0px;\"><div class=\"title-sep-container title-sep-container-left fusion-no-large-visibility fusion-no-medium-visibility fusion-no-small-visibility\"><div class=\"title-sep sep-double sep-solid\" style=\"border-color:#e0dede;\"><\/div><\/div><span class=\"awb-title-spacer fusion-no-large-visibility fusion-no-medium-visibility fusion-no-small-visibility\"><\/span><h2 class=\"fusion-title-heading title-heading-left\" style=\"margin:0;\"><strong>S\u00e1bado, 8 de octubre<\/strong><\/h2><span class=\"awb-title-spacer\"><\/span><div class=\"title-sep-container title-sep-container-right\"><div class=\"title-sep sep-double sep-solid\" style=\"border-color:#e0dede;\"><\/div><\/div><\/div><div class=\"fusion-text fusion-text-2\"><p style=\"text-align: justify;\"><strong>09:00h. Pasacalles musical con nuestra Charanga \u00abLa Hucha\u00bb.<\/strong> Para empezar el d\u00eda con alegr\u00eda.<\/p>\n<p style=\"text-align: justify;\"><strong>10:00h. Concurso de Domin\u00f3<\/strong>, en el lugar de siempre \u00abAca Jos\u00e9 el Librillano\u00bb.<\/p>\n<p style=\"text-align: justify;\"><strong>11:00h. Parque Infantil en calle Garc\u00eda Hurtado.<\/strong><\/p>\n<p style=\"text-align: justify;\"><strong>13:30h. Jam\u00f3n y cerveca gratis en el parque.<\/strong><\/p>\n<p style=\"text-align: justify;\"><strong>14:00h. Concurso de Paellas<\/strong> (mixta, marisco, verduras o lo que sea). El arroz, pan y bebida, donado por la Comisi\u00f3n.<br \/>\nLa Charanga La Hucha estar\u00e1 presente para que no falte la m\u00fasica.<\/p>\n<p style=\"text-align: justify;\"><strong>16:00h. Tradicional Carrera de Cintas,<\/strong> con corredores espectaculares. Nuestras mozas y ni\u00f1as como siempre, preocupadas por qui\u00e9n se llevar\u00e1 su cinta. Este a\u00f1o nos trasladamos a la calle de Miguel \u00abEl Litricista\u00bb. Nos acampa\u00f1ar\u00e1 la Charanga La Hucha.<\/p>\n<p style=\"text-align: justify;\"><strong>18:00h. Rodaje de un Cortometraje<\/strong>, por primera vez en Fuente Librilla, <strong>\u00abArmas para Pelis\u00bb<\/strong>. Lugar: Calle la Vereda.<\/p>\n<p style=\"text-align: justify;\"><strong>20:00h. Ofrenda Floral a nuestra Virgen del Rosario<\/strong>, donde veremos a nuestras chicas vestidas de Huertanas.<\/p>\n<p style=\"text-align: justify;\"><strong>23:30h. Variedad de Actuaciones Musicales:<\/strong><br \/>\n<strong>Salva Ortega.<\/strong><br \/>\n<strong>El regreso de la D\u00e9cada.<\/strong><br \/>\n<strong>Photocall<\/strong>: al final de cada actuaci\u00f3n podr\u00e9is haceros un selfie con ellos y tener un buen recuerdo.<\/p>\n<p style=\"text-align: justify;\"><strong>02:30h. Discoteca M\u00f3vil<\/strong>, terminamos la noche con el gran DJ Vinilo.<\/p>\n<p style=\"text-align: justify;\"><strong>05:00h. Traca kilom\u00e9trica.<\/strong> Anto\u00f1ico, Orca y Ran\u00edn..os concedemos el honor.<\/p>\n<\/div><\/div><\/div><div class=\"fusion-layout-column fusion_builder_column fusion-builder-column-2 fusion_builder_column_1_1 1_1 fusion-flex-column\" style=\"--awb-bg-size:cover;--awb-width-large:100%;--awb-margin-top-large:0px;--awb-spacing-right-large:0px;--awb-margin-bottom-large:20px;--awb-spacing-left-large:0px;--awb-width-medium:100%;--awb-spacing-right-medium:0px;--awb-spacing-left-medium:0px;--awb-width-small:100%;--awb-spacing-right-small:0px;--awb-spacing-left-small:0px;\"><div class=\"fusion-column-wrapper fusion-flex-justify-content-flex-start fusion-content-layout-column\"><div class=\"fusion-title title fusion-title-3 fusion-title-text fusion-title-size-two\" style=\"--awb-margin-top-small:0px;--awb-margin-right-small:0px;--awb-margin-bottom-small:20px;--awb-margin-left-small:0px;\"><div class=\"title-sep-container title-sep-container-left fusion-no-large-visibility fusion-no-medium-visibility fusion-no-small-visibility\"><div class=\"title-sep sep-double sep-solid\" style=\"border-color:#e0dede;\"><\/div><\/div><span class=\"awb-title-spacer fusion-no-large-visibility fusion-no-medium-visibility fusion-no-small-visibility\"><\/span><h2 class=\"fusion-title-heading title-heading-left\" style=\"margin:0;\"><strong>Domingo, 9 de octubre<\/strong><\/h2><span class=\"awb-title-spacer\"><\/span><div class=\"title-sep-container title-sep-container-right\"><div class=\"title-sep sep-double sep-solid\" style=\"border-color:#e0dede;\"><\/div><\/div><\/div><div class=\"fusion-text fusion-text-3\"><p style=\"text-align: justify;\"><strong>10:00h. Pasacalles musical con nuestra Charanga \u00abLa Hucha\u00bb.<\/strong><\/p>\n<p style=\"text-align: justify;\"><strong>10:00h. Concurso de Truque<\/strong>, en el Bar de \u00abla Ana\u00bb.<\/p>\n<p style=\"text-align: justify;\"><strong>12:30h.\u00a0Solemne Misa cantada, en honor a Nuestra Virgen del Rosario.<\/strong><\/p>\n<p style=\"text-align: justify;\">A la salida, la comisi\u00f3n invita a unas cervezas y algo para picar, mientras que bailamos con la charanga unas piezas.<\/p>\n<p style=\"text-align: justify;\"><strong>16:30h. <\/strong>Despu\u00e9s de una buena comida familiar y el caf\u00e9, os esperamos en la plaza de la iglesia<strong> con la actuaci\u00f3n \u00abThe circus is coming\u00bb, y la \u00abPandilla Canina\u00bb que har\u00e1 las delicias de los peques y los mayores.<\/strong><\/p>\n<p style=\"text-align: justify;\"><strong>19:30h.\u00a0A arreglarnos que viene la Procesi\u00f3n.<\/strong><\/p>\n<p style=\"text-align: justify;\"><strong>20:00h. Solemne Procesi\u00f3n,<\/strong>\u00a0en honor a Ntra. Virgen del Rosario, acompa\u00f1ada por la banda municipal de Mula y la banda de cornetas de la Hermandad de Ntro. Padre Jes\u00fas Nazareno (Los Moraos de Pliego).<\/p>\n<p style=\"text-align: justify;\"><strong>21:30h. Gran y espectacular Castillo de fuegos artificiales,<\/strong>\u00a0a cargo de Pirotecnia Murciana.<\/p>\n<p style=\"text-align: justify;\"><strong>00:00h. Orquesta Pekado<\/strong>,\u00a0chicos a darlo todo.<\/p>\n<p style=\"text-align: justify;\"><strong>04:00h.\u00a0Traca Machaquera. <\/strong>Le prender\u00e1 fuego la Pe\u00f1a \u00abLos Machacas\u00bb.<\/p>\n<\/div><\/div><\/div><div class=\"fusion-layout-column fusion_builder_column fusion-builder-column-3 fusion_builder_column_1_1 1_1 fusion-flex-column\" style=\"--awb-bg-size:cover;--awb-width-large:100%;--awb-margin-top-large:0px;--awb-spacing-right-large:0px;--awb-margin-bottom-large:20px;--awb-spacing-left-large:0px;--awb-width-medium:100%;--awb-spacing-right-medium:0px;--awb-spacing-left-medium:0px;--awb-width-small:100%;--awb-spacing-right-small:0px;--awb-spacing-left-small:0px;\"><div class=\"fusion-column-wrapper fusion-flex-justify-content-flex-start fusion-content-layout-column\"><div class=\"fusion-title title fusion-title-4 fusion-title-text fusion-title-size-two\" style=\"--awb-margin-top-small:0px;--awb-margin-right-small:0px;--awb-margin-bottom-small:20px;--awb-margin-left-small:0px;\"><div class=\"title-sep-container title-sep-container-left fusion-no-large-visibility fusion-no-medium-visibility fusion-no-small-visibility\"><div class=\"title-sep sep-double sep-solid\" style=\"border-color:#e0dede;\"><\/div><\/div><span class=\"awb-title-spacer fusion-no-large-visibility fusion-no-medium-visibility fusion-no-small-visibility\"><\/span><h2 class=\"fusion-title-heading title-heading-left\" style=\"margin:0;\"><strong>Lunes, 10 de octubre<\/strong><\/h2><span class=\"awb-title-spacer\"><\/span><div class=\"title-sep-container title-sep-container-right\"><div class=\"title-sep sep-double sep-solid\" style=\"border-color:#e0dede;\"><\/div><\/div><\/div><div class=\"fusion-text fusion-text-4\"><p style=\"text-align: justify;\"><strong>10:00h. Pasacalles musical con nuestra Charanga \u00abLa Hucha\u00bb.<\/strong><\/p>\n<p style=\"text-align: justify;\"><strong>11:00h.\u00a0Es el momento de los \u00f1i\u00f1os: \u00a1<\/strong><strong>A disfrutar hasta la hora de comer! En la calle Garc\u00eda Hurtado, hinchables y juegos para pasar una divertida ma\u00f1ana. <\/strong>Los padres mientras que se tomen la cerveza que la Comisi\u00f3n cuida de sus ni\u00f1os. \u00a1Gratis!<\/p>\n<p style=\"text-align: justify;\"><strong>14:00h.\u00a0Cerdo a la brasa para todos, <\/strong>donado por CEFUSA. Lugar: el Parque. El Tirol os la har\u00e1 a vuestro gusto, el pan y la bebida corren a cargo de la Comisi\u00f3n.<\/p>\n<p style=\"text-align: justify;\"><strong>16:00h.\u00a0El D\u00fao Caramelo, <\/strong>nos har\u00e1 disfrutar de un buen rato, que no pare la m\u00fasica, ni la fiesta.<strong><br \/>\nBarra de la Comisi\u00f3n enel parque para tomar nuestros cubatillas. Juegos para mujeres.<br \/>\n<\/strong>Peloto, organiza algo, pero sin peleas, todo muy light.<\/p>\n<p style=\"text-align: justify;\"><strong>18:00h.\u00a0Merienda para nuestros Mayores, <\/strong>que har\u00edamos sin ellos.<\/p>\n<p style=\"text-align: justify;\"><strong>20:00h.\u00a0<\/strong>Descansar un poco, ducharse, cenar..y ropa y calzado c\u00f3modo, que viene<strong> EL TR\u00c1ILER.<\/strong><\/p>\n<p style=\"text-align: justify;\"><strong>23:30h. Grupo Marengo. Tr\u00e1iler escenario para todas las edades y hasta que el cuerpo diga \u00abno puedo m\u00e1s\u00bb. Lugar: Avda. de los Cortijos (Calle Vereda).<\/strong><\/p>\n<p style=\"text-align: justify;\"><strong>04:00h.\u00a0Traca menos kilom\u00e9trica.\u00a0<\/strong><\/p>\n<\/div><\/div><\/div><div class=\"fusion-layout-column fusion_builder_column fusion-builder-column-4 fusion_builder_column_1_1 1_1 fusion-flex-column\" style=\"--awb-bg-size:cover;--awb-width-large:100%;--awb-margin-top-large:0px;--awb-spacing-right-large:0px;--awb-margin-bottom-large:20px;--awb-spacing-left-large:0px;--awb-width-medium:100%;--awb-spacing-right-medium:0px;--awb-spacing-left-medium:0px;--awb-width-small:100%;--awb-spacing-right-small:0px;--awb-spacing-left-small:0px;\"><div class=\"fusion-column-wrapper fusion-flex-justify-content-flex-start fusion-content-layout-column\"><div class=\"fusion-title title fusion-title-5 fusion-title-text fusion-title-size-two\" style=\"--awb-margin-top-small:0px;--awb-margin-right-small:0px;--awb-margin-bottom-small:20px;--awb-margin-left-small:0px;\"><div class=\"title-sep-container title-sep-container-left fusion-no-large-visibility fusion-no-medium-visibility fusion-no-small-visibility\"><div class=\"title-sep sep-double sep-solid\" style=\"border-color:#e0dede;\"><\/div><\/div><span class=\"awb-title-spacer fusion-no-large-visibility fusion-no-medium-visibility fusion-no-small-visibility\"><\/span><h2 class=\"fusion-title-heading title-heading-left\" style=\"margin:0;\"><strong>Martes, 11 de octubre<\/strong><\/h2><span class=\"awb-title-spacer\"><\/span><div class=\"title-sep-container title-sep-container-right\"><div class=\"title-sep sep-double sep-solid\" style=\"border-color:#e0dede;\"><\/div><\/div><\/div><div class=\"fusion-text fusion-text-5\"><p style=\"text-align: justify;\"><strong>10:00h. Pasacalles.. <\/strong>Hoy no hay, vendr\u00e1n despu\u00e9s.<\/p>\n<p style=\"text-align: justify;\"><strong>14:00h.\u00a0Concurso de Migas,\u00a0en el lugar de siempre. Harina donada por \u00abPanader\u00eda Salvik\u00bb.<\/strong><\/p>\n<p style=\"text-align: justify;\"><strong>17:00h. Desfile de Carrozas, acompa\u00f1ado por la comparsa \u00abNuevo Encanto\u00bb y<\/strong> por nuestros amigos de<strong> La Charanga La Hucha, <\/strong>acabaremos como siempre en la plaza de la iglesia.<\/p>\n<p style=\"text-align: justify;\"><strong>20:30h.\u00a0Espectacular cabina 3D, con DJ Vinilo y Gog\u00f3s.<\/strong><\/p>\n<p style=\"text-align: justify;\"><strong>22:30h.\u00a0Entrega de trofeos y premios de la fiestas y pre-fiestas.<br \/>\n<\/strong>Presentaci\u00f3n de la nueva comisi\u00f3n, si hay.<br \/>\nContinuamos con la m\u00fasica hasta que vosotros quer\u00e1is, ma\u00f1ana no hay que madrugar.<\/p>\n<p style=\"text-align: justify;\"><strong>00:00h.\u00a0Peque\u00f1o Castillo de fuegos artificiales y traca <\/strong>para dar por finalizada nuestra labor como comisi\u00f3n 2016, esperamos que todo sea de vuestro agrado.<\/p>\n<\/div><\/div><\/div><div class=\"fusion-layout-column fusion_builder_column fusion-builder-column-5 fusion_builder_column_1_1 1_1 fusion-flex-column\" style=\"--awb-bg-size:cover;--awb-width-large:100%;--awb-margin-top-large:0px;--awb-spacing-right-large:0px;--awb-margin-bottom-large:20px;--awb-spacing-left-large:0px;--awb-width-medium:100%;--awb-spacing-right-medium:0px;--awb-spacing-left-medium:0px;--awb-width-small:100%;--awb-spacing-right-small:0px;--awb-spacing-left-small:0px;\"><div class=\"fusion-column-wrapper fusion-flex-justify-content-flex-start fusion-content-layout-column\"><div class=\"fusion-title title fusion-title-6 fusion-title-text fusion-title-size-two\" style=\"--awb-margin-top-small:0px;--awb-margin-right-small:0px;--awb-margin-bottom-small:20px;--awb-margin-left-small:0px;\"><div class=\"title-sep-container title-sep-container-left fusion-no-large-visibility fusion-no-medium-visibility fusion-no-small-visibility\"><div class=\"title-sep sep-double sep-solid\" style=\"border-color:#e0dede;\"><\/div><\/div><span class=\"awb-title-spacer fusion-no-large-visibility fusion-no-medium-visibility fusion-no-small-visibility\"><\/span><h2 class=\"fusion-title-heading title-heading-left\" style=\"margin:0;\"><strong>Mi\u00e9rcoles, 12 de octubre<\/strong><\/h2><span class=\"awb-title-spacer\"><\/span><div class=\"title-sep-container title-sep-container-right\"><div class=\"title-sep sep-double sep-solid\" style=\"border-color:#e0dede;\"><\/div><\/div><\/div><div class=\"fusion-text fusion-text-6\"><p style=\"text-align: justify;\"><strong>21:00 &#8211; 00:00h.\u00a0M\u00fasica para j\u00f3venes: Juan Alberto y su \u00f3rgano.<\/strong><\/p>\n<\/div><\/div><\/div><\/div><\/div>\n","protected":false},"excerpt":{"rendered":"","protected":false},"author":1,"featured_media":21537,"comment_status":"closed","ping_status":"closed","sticky":false,"template":"","format":"standard","meta":{"jetpack_post_was_ever_published":false,"_jetpack_newsletter_access":"","_jetpack_dont_email_post_to_subs":false,"_jetpack_newsletter_tier_id":0,"_jetpack_memberships_contains_paywalled_content":false,"_jetpack_memberships_contains_paid_content":false,"footnotes":"","jetpack_publicize_message":"","jetpack_publicize_feature_enabled":true,"jetpack_social_post_already_shared":false,"jetpack_social_options":{"image_generator_settings":{"template":"highway","default_image_id":0,"font":"","enabled":false},"version":2}},"categories":[171],"tags":[296],"class_list":["post-21528","post","type-post","status-publish","format-standard","has-post-thumbnail","hentry","category-festejos","tag-fuente-librilla"],"yoast_head":"<!-- This site is optimized with the Yoast SEO plugin v27.4 - https:\/\/yoast.com\/product\/yoast-seo-wordpress\/ -->\n<title>Programa de fiestas de Fuente Librilla 2016, en Honor a la Virgen del Rosario - del 7 al 12 de octubre - Ayuntamiento de Mula<\/title>\n<meta name=\"robots\" content=\"index, follow, max-snippet:-1, max-image-preview:large, max-video-preview:-1\" \/>\n<link rel=\"canonical\" href=\"https:\/\/mula.es\/web\/programa-de-fiestas-de-fuente-librilla-2016-en-honor-a-la-virgen-del-rosario-del-7-al-12-de-octubre\/\" \/>\n<meta property=\"og:locale\" content=\"es_ES\" \/>\n<meta property=\"og:type\" content=\"article\" \/>\n<meta property=\"og:title\" content=\"Programa de fiestas de Fuente Librilla 2016, en Honor a la Virgen del Rosario - del 7 al 12 de octubre - Ayuntamiento de Mula\" \/>\n<meta property=\"og:url\" content=\"https:\/\/mula.es\/web\/programa-de-fiestas-de-fuente-librilla-2016-en-honor-a-la-virgen-del-rosario-del-7-al-12-de-octubre\/\" \/>\n<meta property=\"og:site_name\" content=\"Ayuntamiento de Mula\" \/>\n<meta property=\"article:published_time\" content=\"2016-10-04T12:26:32+00:00\" \/>\n<meta property=\"article:modified_time\" content=\"2021-05-12T18:17:04+00:00\" \/>\n<meta property=\"og:image\" content=\"https:\/\/i0.wp.com\/mula.es\/web\/wp-content\/uploads\/2016\/10\/fiestas_fuente_librilla_2016.jpg?fit=2480%2C2528&ssl=1\" \/>\n\t<meta property=\"og:image:width\" content=\"2480\" \/>\n\t<meta property=\"og:image:height\" content=\"2528\" \/>\n\t<meta property=\"og:image:type\" content=\"image\/jpeg\" \/>\n<meta name=\"author\" content=\"admin\" \/>\n<meta name=\"twitter:card\" content=\"summary_large_image\" \/>\n<meta name=\"twitter:creator\" content=\"@AyuntamientMula\" \/>\n<meta name=\"twitter:site\" content=\"@AyuntamientMula\" \/>\n<meta name=\"twitter:label1\" content=\"Escrito por\" \/>\n\t<meta name=\"twitter:data1\" content=\"admin\" \/>\n\t<meta name=\"twitter:label2\" content=\"Tiempo de lectura\" \/>\n\t<meta name=\"twitter:data2\" content=\"7 minutos\" \/>\n<script type=\"application\/ld+json\" class=\"yoast-schema-graph\">{\"@context\":\"https:\\\/\\\/schema.org\",\"@graph\":[{\"@type\":\"Article\",\"@id\":\"https:\\\/\\\/mula.es\\\/web\\\/programa-de-fiestas-de-fuente-librilla-2016-en-honor-a-la-virgen-del-rosario-del-7-al-12-de-octubre\\\/#article\",\"isPartOf\":{\"@id\":\"https:\\\/\\\/mula.es\\\/web\\\/programa-de-fiestas-de-fuente-librilla-2016-en-honor-a-la-virgen-del-rosario-del-7-al-12-de-octubre\\\/\"},\"author\":{\"name\":\"admin\",\"@id\":\"https:\\\/\\\/mula.es\\\/web\\\/#\\\/schema\\\/person\\\/a0dbffe9f4a3ed4aaebedcfef02f71a1\"},\"headline\":\"Programa de fiestas de Fuente Librilla 2016, en Honor a la Virgen del Rosario &#8211; del 7 al 12 de octubre\",\"datePublished\":\"2016-10-04T12:26:32+00:00\",\"dateModified\":\"2021-05-12T18:17:04+00:00\",\"mainEntityOfPage\":{\"@id\":\"https:\\\/\\\/mula.es\\\/web\\\/programa-de-fiestas-de-fuente-librilla-2016-en-honor-a-la-virgen-del-rosario-del-7-al-12-de-octubre\\\/\"},\"wordCount\":1397,\"image\":{\"@id\":\"https:\\\/\\\/mula.es\\\/web\\\/programa-de-fiestas-de-fuente-librilla-2016-en-honor-a-la-virgen-del-rosario-del-7-al-12-de-octubre\\\/#primaryimage\"},\"thumbnailUrl\":\"https:\\\/\\\/mula.es\\\/web\\\/wp-content\\\/uploads\\\/2016\\\/10\\\/fiestas_fuente_librilla_2016.jpg\",\"keywords\":[\"fuente librilla\"],\"articleSection\":[\"festejos\"],\"inLanguage\":\"es\"},{\"@type\":\"WebPage\",\"@id\":\"https:\\\/\\\/mula.es\\\/web\\\/programa-de-fiestas-de-fuente-librilla-2016-en-honor-a-la-virgen-del-rosario-del-7-al-12-de-octubre\\\/\",\"url\":\"https:\\\/\\\/mula.es\\\/web\\\/programa-de-fiestas-de-fuente-librilla-2016-en-honor-a-la-virgen-del-rosario-del-7-al-12-de-octubre\\\/\",\"name\":\"Programa de fiestas de Fuente Librilla 2016, en Honor a la Virgen del Rosario - del 7 al 12 de octubre - Ayuntamiento de Mula\",\"isPartOf\":{\"@id\":\"https:\\\/\\\/mula.es\\\/web\\\/#website\"},\"primaryImageOfPage\":{\"@id\":\"https:\\\/\\\/mula.es\\\/web\\\/programa-de-fiestas-de-fuente-librilla-2016-en-honor-a-la-virgen-del-rosario-del-7-al-12-de-octubre\\\/#primaryimage\"},\"image\":{\"@id\":\"https:\\\/\\\/mula.es\\\/web\\\/programa-de-fiestas-de-fuente-librilla-2016-en-honor-a-la-virgen-del-rosario-del-7-al-12-de-octubre\\\/#primaryimage\"},\"thumbnailUrl\":\"https:\\\/\\\/mula.es\\\/web\\\/wp-content\\\/uploads\\\/2016\\\/10\\\/fiestas_fuente_librilla_2016.jpg\",\"datePublished\":\"2016-10-04T12:26:32+00:00\",\"dateModified\":\"2021-05-12T18:17:04+00:00\",\"author\":{\"@id\":\"https:\\\/\\\/mula.es\\\/web\\\/#\\\/schema\\\/person\\\/a0dbffe9f4a3ed4aaebedcfef02f71a1\"},\"breadcrumb\":{\"@id\":\"https:\\\/\\\/mula.es\\\/web\\\/programa-de-fiestas-de-fuente-librilla-2016-en-honor-a-la-virgen-del-rosario-del-7-al-12-de-octubre\\\/#breadcrumb\"},\"inLanguage\":\"es\",\"potentialAction\":[{\"@type\":\"ReadAction\",\"target\":[\"https:\\\/\\\/mula.es\\\/web\\\/programa-de-fiestas-de-fuente-librilla-2016-en-honor-a-la-virgen-del-rosario-del-7-al-12-de-octubre\\\/\"]}]},{\"@type\":\"ImageObject\",\"inLanguage\":\"es\",\"@id\":\"https:\\\/\\\/mula.es\\\/web\\\/programa-de-fiestas-de-fuente-librilla-2016-en-honor-a-la-virgen-del-rosario-del-7-al-12-de-octubre\\\/#primaryimage\",\"url\":\"https:\\\/\\\/mula.es\\\/web\\\/wp-content\\\/uploads\\\/2016\\\/10\\\/fiestas_fuente_librilla_2016.jpg\",\"contentUrl\":\"https:\\\/\\\/mula.es\\\/web\\\/wp-content\\\/uploads\\\/2016\\\/10\\\/fiestas_fuente_librilla_2016.jpg\",\"width\":2480,\"height\":2528,\"caption\":\"fiestas fuente librilla 2016\"},{\"@type\":\"BreadcrumbList\",\"@id\":\"https:\\\/\\\/mula.es\\\/web\\\/programa-de-fiestas-de-fuente-librilla-2016-en-honor-a-la-virgen-del-rosario-del-7-al-12-de-octubre\\\/#breadcrumb\",\"itemListElement\":[{\"@type\":\"ListItem\",\"position\":1,\"name\":\"Portada\",\"item\":\"https:\\\/\\\/mula.es\\\/web\\\/\"},{\"@type\":\"ListItem\",\"position\":2,\"name\":\"Programa de fiestas de Fuente Librilla 2016, en Honor a la Virgen del Rosario &#8211; del 7 al 12 de octubre\"}]},{\"@type\":\"WebSite\",\"@id\":\"https:\\\/\\\/mula.es\\\/web\\\/#website\",\"url\":\"https:\\\/\\\/mula.es\\\/web\\\/\",\"name\":\"Ayuntamiento de Mula\",\"description\":\"P\u00e1gina web del Ayuntamiento de Mula (Regi\u00f3n de Murcia)\",\"potentialAction\":[{\"@type\":\"SearchAction\",\"target\":{\"@type\":\"EntryPoint\",\"urlTemplate\":\"https:\\\/\\\/mula.es\\\/web\\\/?s={search_term_string}\"},\"query-input\":{\"@type\":\"PropertyValueSpecification\",\"valueRequired\":true,\"valueName\":\"search_term_string\"}}],\"inLanguage\":\"es\"},{\"@type\":\"Person\",\"@id\":\"https:\\\/\\\/mula.es\\\/web\\\/#\\\/schema\\\/person\\\/a0dbffe9f4a3ed4aaebedcfef02f71a1\",\"name\":\"admin\",\"image\":{\"@type\":\"ImageObject\",\"inLanguage\":\"es\",\"@id\":\"https:\\\/\\\/secure.gravatar.com\\\/avatar\\\/5423b9cd77f4c7f89a124365a268866f9dfee038c17fe9e37afd92b5920d810e?s=96&d=mm&r=g\",\"url\":\"https:\\\/\\\/secure.gravatar.com\\\/avatar\\\/5423b9cd77f4c7f89a124365a268866f9dfee038c17fe9e37afd92b5920d810e?s=96&d=mm&r=g\",\"contentUrl\":\"https:\\\/\\\/secure.gravatar.com\\\/avatar\\\/5423b9cd77f4c7f89a124365a268866f9dfee038c17fe9e37afd92b5920d810e?s=96&d=mm&r=g\",\"caption\":\"admin\"},\"description\":\"Lorem ipsum dolor sit amet, consectetur adipiscing elit. Nam viverra euismod odio, gravida pellentesque urna varius vitae. Sed dui lorem, adipiscing in adipiscing et, interdum nec metus. Mauris ultricies, justo eu convallis placerat, felis enim ornare nisi, vitae mattis nulla ante id dui. Ut lectus purus, commodo et tincidunt vel, interdum sed lectus. Vestibulum adipiscing tempor nisi id elementi.\",\"url\":\"https:\\\/\\\/mula.es\\\/web\\\/author\\\/jose-maria-boti\\\/\"}]}<\/script>\n<!-- \/ Yoast SEO plugin. -->","yoast_head_json":{"title":"Programa de fiestas de Fuente Librilla 2016, en Honor a la Virgen del Rosario - del 7 al 12 de octubre - Ayuntamiento de Mula","robots":{"index":"index","follow":"follow","max-snippet":"max-snippet:-1","max-image-preview":"max-image-preview:large","max-video-preview":"max-video-preview:-1"},"canonical":"https:\/\/mula.es\/web\/programa-de-fiestas-de-fuente-librilla-2016-en-honor-a-la-virgen-del-rosario-del-7-al-12-de-octubre\/","og_locale":"es_ES","og_type":"article","og_title":"Programa de fiestas de Fuente Librilla 2016, en Honor a la Virgen del Rosario - del 7 al 12 de octubre - Ayuntamiento de Mula","og_url":"https:\/\/mula.es\/web\/programa-de-fiestas-de-fuente-librilla-2016-en-honor-a-la-virgen-del-rosario-del-7-al-12-de-octubre\/","og_site_name":"Ayuntamiento de Mula","article_published_time":"2016-10-04T12:26:32+00:00","article_modified_time":"2021-05-12T18:17:04+00:00","og_image":[{"width":2480,"height":2528,"url":"https:\/\/i0.wp.com\/mula.es\/web\/wp-content\/uploads\/2016\/10\/fiestas_fuente_librilla_2016.jpg?fit=2480%2C2528&ssl=1","type":"image\/jpeg"}],"author":"admin","twitter_card":"summary_large_image","twitter_creator":"@AyuntamientMula","twitter_site":"@AyuntamientMula","twitter_misc":{"Escrito por":"admin","Tiempo de lectura":"7 minutos"},"schema":{"@context":"https:\/\/schema.org","@graph":[{"@type":"Article","@id":"https:\/\/mula.es\/web\/programa-de-fiestas-de-fuente-librilla-2016-en-honor-a-la-virgen-del-rosario-del-7-al-12-de-octubre\/#article","isPartOf":{"@id":"https:\/\/mula.es\/web\/programa-de-fiestas-de-fuente-librilla-2016-en-honor-a-la-virgen-del-rosario-del-7-al-12-de-octubre\/"},"author":{"name":"admin","@id":"https:\/\/mula.es\/web\/#\/schema\/person\/a0dbffe9f4a3ed4aaebedcfef02f71a1"},"headline":"Programa de fiestas de Fuente Librilla 2016, en Honor a la Virgen del Rosario &#8211; del 7 al 12 de octubre","datePublished":"2016-10-04T12:26:32+00:00","dateModified":"2021-05-12T18:17:04+00:00","mainEntityOfPage":{"@id":"https:\/\/mula.es\/web\/programa-de-fiestas-de-fuente-librilla-2016-en-honor-a-la-virgen-del-rosario-del-7-al-12-de-octubre\/"},"wordCount":1397,"image":{"@id":"https:\/\/mula.es\/web\/programa-de-fiestas-de-fuente-librilla-2016-en-honor-a-la-virgen-del-rosario-del-7-al-12-de-octubre\/#primaryimage"},"thumbnailUrl":"https:\/\/mula.es\/web\/wp-content\/uploads\/2016\/10\/fiestas_fuente_librilla_2016.jpg","keywords":["fuente librilla"],"articleSection":["festejos"],"inLanguage":"es"},{"@type":"WebPage","@id":"https:\/\/mula.es\/web\/programa-de-fiestas-de-fuente-librilla-2016-en-honor-a-la-virgen-del-rosario-del-7-al-12-de-octubre\/","url":"https:\/\/mula.es\/web\/programa-de-fiestas-de-fuente-librilla-2016-en-honor-a-la-virgen-del-rosario-del-7-al-12-de-octubre\/","name":"Programa de fiestas de Fuente Librilla 2016, en Honor a la Virgen del Rosario - del 7 al 12 de octubre - Ayuntamiento de Mula","isPartOf":{"@id":"https:\/\/mula.es\/web\/#website"},"primaryImageOfPage":{"@id":"https:\/\/mula.es\/web\/programa-de-fiestas-de-fuente-librilla-2016-en-honor-a-la-virgen-del-rosario-del-7-al-12-de-octubre\/#primaryimage"},"image":{"@id":"https:\/\/mula.es\/web\/programa-de-fiestas-de-fuente-librilla-2016-en-honor-a-la-virgen-del-rosario-del-7-al-12-de-octubre\/#primaryimage"},"thumbnailUrl":"https:\/\/mula.es\/web\/wp-content\/uploads\/2016\/10\/fiestas_fuente_librilla_2016.jpg","datePublished":"2016-10-04T12:26:32+00:00","dateModified":"2021-05-12T18:17:04+00:00","author":{"@id":"https:\/\/mula.es\/web\/#\/schema\/person\/a0dbffe9f4a3ed4aaebedcfef02f71a1"},"breadcrumb":{"@id":"https:\/\/mula.es\/web\/programa-de-fiestas-de-fuente-librilla-2016-en-honor-a-la-virgen-del-rosario-del-7-al-12-de-octubre\/#breadcrumb"},"inLanguage":"es","potentialAction":[{"@type":"ReadAction","target":["https:\/\/mula.es\/web\/programa-de-fiestas-de-fuente-librilla-2016-en-honor-a-la-virgen-del-rosario-del-7-al-12-de-octubre\/"]}]},{"@type":"ImageObject","inLanguage":"es","@id":"https:\/\/mula.es\/web\/programa-de-fiestas-de-fuente-librilla-2016-en-honor-a-la-virgen-del-rosario-del-7-al-12-de-octubre\/#primaryimage","url":"https:\/\/mula.es\/web\/wp-content\/uploads\/2016\/10\/fiestas_fuente_librilla_2016.jpg","contentUrl":"https:\/\/mula.es\/web\/wp-content\/uploads\/2016\/10\/fiestas_fuente_librilla_2016.jpg","width":2480,"height":2528,"caption":"fiestas fuente librilla 2016"},{"@type":"BreadcrumbList","@id":"https:\/\/mula.es\/web\/programa-de-fiestas-de-fuente-librilla-2016-en-honor-a-la-virgen-del-rosario-del-7-al-12-de-octubre\/#breadcrumb","itemListElement":[{"@type":"ListItem","position":1,"name":"Portada","item":"https:\/\/mula.es\/web\/"},{"@type":"ListItem","position":2,"name":"Programa de fiestas de Fuente Librilla 2016, en Honor a la Virgen del Rosario &#8211; del 7 al 12 de octubre"}]},{"@type":"WebSite","@id":"https:\/\/mula.es\/web\/#website","url":"https:\/\/mula.es\/web\/","name":"Ayuntamiento de Mula","description":"P\u00e1gina web del Ayuntamiento de Mula (Regi\u00f3n de Murcia)","potentialAction":[{"@type":"SearchAction","target":{"@type":"EntryPoint","urlTemplate":"https:\/\/mula.es\/web\/?s={search_term_string}"},"query-input":{"@type":"PropertyValueSpecification","valueRequired":true,"valueName":"search_term_string"}}],"inLanguage":"es"},{"@type":"Person","@id":"https:\/\/mula.es\/web\/#\/schema\/person\/a0dbffe9f4a3ed4aaebedcfef02f71a1","name":"admin","image":{"@type":"ImageObject","inLanguage":"es","@id":"https:\/\/secure.gravatar.com\/avatar\/5423b9cd77f4c7f89a124365a268866f9dfee038c17fe9e37afd92b5920d810e?s=96&d=mm&r=g","url":"https:\/\/secure.gravatar.com\/avatar\/5423b9cd77f4c7f89a124365a268866f9dfee038c17fe9e37afd92b5920d810e?s=96&d=mm&r=g","contentUrl":"https:\/\/secure.gravatar.com\/avatar\/5423b9cd77f4c7f89a124365a268866f9dfee038c17fe9e37afd92b5920d810e?s=96&d=mm&r=g","caption":"admin"},"description":"Lorem ipsum dolor sit amet, consectetur adipiscing elit. Nam viverra euismod odio, gravida pellentesque urna varius vitae. Sed dui lorem, adipiscing in adipiscing et, interdum nec metus. Mauris ultricies, justo eu convallis placerat, felis enim ornare nisi, vitae mattis nulla ante id dui. Ut lectus purus, commodo et tincidunt vel, interdum sed lectus. Vestibulum adipiscing tempor nisi id elementi.","url":"https:\/\/mula.es\/web\/author\/jose-maria-boti\/"}]}},"jetpack_publicize_connections":[],"jetpack_featured_media_url":"https:\/\/mula.es\/web\/wp-content\/uploads\/2016\/10\/fiestas_fuente_librilla_2016.jpg","jetpack_sharing_enabled":true,"jetpack_shortlink":"https:\/\/wp.me\/pa9DMY-5Be","jetpack-related-posts":[],"_links":{"self":[{"href":"https:\/\/mula.es\/web\/wp-json\/wp\/v2\/posts\/21528","targetHints":{"allow":["GET"]}}],"collection":[{"href":"https:\/\/mula.es\/web\/wp-json\/wp\/v2\/posts"}],"about":[{"href":"https:\/\/mula.es\/web\/wp-json\/wp\/v2\/types\/post"}],"author":[{"embeddable":true,"href":"https:\/\/mula.es\/web\/wp-json\/wp\/v2\/users\/1"}],"replies":[{"embeddable":true,"href":"https:\/\/mula.es\/web\/wp-json\/wp\/v2\/comments?post=21528"}],"version-history":[{"count":10,"href":"https:\/\/mula.es\/web\/wp-json\/wp\/v2\/posts\/21528\/revisions"}],"predecessor-version":[{"id":39959,"href":"https:\/\/mula.es\/web\/wp-json\/wp\/v2\/posts\/21528\/revisions\/39959"}],"wp:featuredmedia":[{"embeddable":true,"href":"https:\/\/mula.es\/web\/wp-json\/wp\/v2\/media\/21537"}],"wp:attachment":[{"href":"https:\/\/mula.es\/web\/wp-json\/wp\/v2\/media?parent=21528"}],"wp:term":[{"taxonomy":"category","embeddable":true,"href":"https:\/\/mula.es\/web\/wp-json\/wp\/v2\/categories?post=21528"},{"taxonomy":"post_tag","embeddable":true,"href":"https:\/\/mula.es\/web\/wp-json\/wp\/v2\/tags?post=21528"}],"curies":[{"name":"wp","href":"https:\/\/api.w.org\/{rel}","templated":true}]}}