{"id":21539,"date":"2016-10-04T13:20:42","date_gmt":"2016-10-04T11:20:42","guid":{"rendered":"http:\/\/mula.es\/web\/?p=21539"},"modified":"2021-05-12T20:17:05","modified_gmt":"2021-05-12T18:17:05","slug":"programa-de-fiestas-de-la-puebla-de-mula-en-honor-a-la-virgen-del-rosario-del-6-al-10-de-octubre","status":"publish","type":"post","link":"https:\/\/mula.es\/web\/programa-de-fiestas-de-la-puebla-de-mula-en-honor-a-la-virgen-del-rosario-del-6-al-10-de-octubre\/","title":{"rendered":"Programa de fiestas de la Puebla de Mula en Honor a la Virgen del Rosario &#8211; del 6 al 10 de octubre"},"content":{"rendered":"<div class=\"fusion-fullwidth fullwidth-box fusion-builder-row-1 fusion-flex-container hundred-percent-fullwidth non-hundred-percent-height-scrolling\" style=\"--awb-border-radius-top-left:0px;--awb-border-radius-top-right:0px;--awb-border-radius-bottom-right:0px;--awb-border-radius-bottom-left:0px;--awb-overflow:visible;--awb-flex-wrap:wrap;\" ><div class=\"fusion-builder-row fusion-row fusion-flex-align-items-flex-start fusion-flex-content-wrap\" style=\"width:calc( 100% + 0px ) !important;max-width:calc( 100% + 0px ) !important;margin-left: calc(-0px \/ 2 );margin-right: calc(-0px \/ 2 );\"><div class=\"fusion-layout-column fusion_builder_column fusion-builder-column-0 fusion_builder_column_1_1 1_1 fusion-flex-column\" style=\"--awb-bg-size:cover;--awb-width-large:100%;--awb-margin-top-large:0px;--awb-spacing-right-large:0px;--awb-margin-bottom-large:20px;--awb-spacing-left-large:0px;--awb-width-medium:100%;--awb-spacing-right-medium:0px;--awb-spacing-left-medium:0px;--awb-width-small:100%;--awb-spacing-right-small:0px;--awb-spacing-left-small:0px;\"><div class=\"fusion-column-wrapper fusion-flex-justify-content-flex-start fusion-content-layout-column\"><div class=\"fusion-title title fusion-title-1 fusion-title-text fusion-title-size-two\" style=\"--awb-margin-top-small:0px;--awb-margin-right-small:0px;--awb-margin-bottom-small:20px;--awb-margin-left-small:0px;\"><div class=\"title-sep-container title-sep-container-left fusion-no-large-visibility fusion-no-medium-visibility fusion-no-small-visibility\"><div class=\"title-sep sep-double sep-solid\" style=\"border-color:#e0dede;\"><\/div><\/div><span class=\"awb-title-spacer fusion-no-large-visibility fusion-no-medium-visibility fusion-no-small-visibility\"><\/span><h2 class=\"fusion-title-heading title-heading-left\" style=\"margin:0;\"><strong>Jueves, 6 de octubre<\/strong><\/h2><span class=\"awb-title-spacer\"><\/span><div class=\"title-sep-container title-sep-container-right\"><div class=\"title-sep sep-double sep-solid\" style=\"border-color:#e0dede;\"><\/div><\/div><\/div><div class=\"fusion-text fusion-text-1\"><p><strong>20:00h. Torneo Fiestas de F\u00fatbol Sala 2016.<\/strong><\/p>\n<p><strong>22:00h. Engalanamiento del recinto ferial y calles adyacentes con la tradicional verbena.<\/strong><\/p>\n<\/div><\/div><\/div><div class=\"fusion-layout-column fusion_builder_column fusion-builder-column-1 fusion_builder_column_1_1 1_1 fusion-flex-column\" style=\"--awb-bg-size:cover;--awb-width-large:100%;--awb-margin-top-large:0px;--awb-spacing-right-large:0px;--awb-margin-bottom-large:20px;--awb-spacing-left-large:0px;--awb-width-medium:100%;--awb-spacing-right-medium:0px;--awb-spacing-left-medium:0px;--awb-width-small:100%;--awb-spacing-right-small:0px;--awb-spacing-left-small:0px;\"><div class=\"fusion-column-wrapper fusion-flex-justify-content-flex-start fusion-content-layout-column\"><div class=\"fusion-title title fusion-title-2 fusion-title-text fusion-title-size-two\" style=\"--awb-margin-top-small:0px;--awb-margin-right-small:0px;--awb-margin-bottom-small:20px;--awb-margin-left-small:0px;\"><div class=\"title-sep-container title-sep-container-left fusion-no-large-visibility fusion-no-medium-visibility fusion-no-small-visibility\"><div class=\"title-sep sep-double sep-solid\" style=\"border-color:#e0dede;\"><\/div><\/div><span class=\"awb-title-spacer fusion-no-large-visibility fusion-no-medium-visibility fusion-no-small-visibility\"><\/span><h2 class=\"fusion-title-heading title-heading-left\" style=\"margin:0;\"><strong>Viernes, 7 de octubre &#8211; Festividad de la Virgen del Rosario<\/strong><\/h2><span class=\"awb-title-spacer\"><\/span><div class=\"title-sep-container title-sep-container-right\"><div class=\"title-sep sep-double sep-solid\" style=\"border-color:#e0dede;\"><\/div><\/div><\/div><div class=\"fusion-text fusion-text-2\"><p><strong>19:00h. \u00daltimo Triduo en honor a nuestros Patronos la Sant\u00edsima Virgen del Rosario y San Juan Bautista.<\/strong><\/p>\n<p><strong>22:30h. Inauguraci\u00f3n Oficial de las Fiestas con la Corporaci\u00f3n Municipal y homenaje al presidente de la Asociaci\u00f3n de Fiestas de la Puebla de Mula, Juan Mar\u00eda Fajardo Monreal.<\/strong><\/p>\n<p><strong>23:00h. Actuaci\u00f3n de la Batucada \u00abPercussao\u00bb<\/strong>, para calentar el cuerpo..<\/p>\n<p><strong>00:00h. Gran Concierto con \u00abDavid Andreu\u00bb<\/strong> y continuamos con marcha hasta que el cuerpo aguante con<strong> \u00abDiscom\u00f3vil Rec\u00bb.<\/strong><\/p>\n<\/div><\/div><\/div><div class=\"fusion-layout-column fusion_builder_column fusion-builder-column-2 fusion_builder_column_1_1 1_1 fusion-flex-column\" style=\"--awb-bg-size:cover;--awb-width-large:100%;--awb-margin-top-large:0px;--awb-spacing-right-large:0px;--awb-margin-bottom-large:20px;--awb-spacing-left-large:0px;--awb-width-medium:100%;--awb-spacing-right-medium:0px;--awb-spacing-left-medium:0px;--awb-width-small:100%;--awb-spacing-right-small:0px;--awb-spacing-left-small:0px;\"><div class=\"fusion-column-wrapper fusion-flex-justify-content-flex-start fusion-content-layout-column\"><div class=\"fusion-title title fusion-title-3 fusion-title-text fusion-title-size-two\" style=\"--awb-margin-top-small:0px;--awb-margin-right-small:0px;--awb-margin-bottom-small:20px;--awb-margin-left-small:0px;\"><div class=\"title-sep-container title-sep-container-left fusion-no-large-visibility fusion-no-medium-visibility fusion-no-small-visibility\"><div class=\"title-sep sep-double sep-solid\" style=\"border-color:#e0dede;\"><\/div><\/div><span class=\"awb-title-spacer fusion-no-large-visibility fusion-no-medium-visibility fusion-no-small-visibility\"><\/span><h2 class=\"fusion-title-heading title-heading-left\" style=\"margin:0;\"><strong>S\u00e1bado, 8 de octubre<\/strong><\/h2><span class=\"awb-title-spacer\"><\/span><div class=\"title-sep-container title-sep-container-right\"><div class=\"title-sep sep-double sep-solid\" style=\"border-color:#e0dede;\"><\/div><\/div><\/div><div class=\"fusion-text fusion-text-3\"><p style=\"text-align: justify;\"><strong>09:00h. Diana floreada con disparo de cohetes y tracas.<\/strong><\/p>\n<p style=\"text-align: justify;\"><strong>10:00h. Parque Infantil a cargo del Grupo \u00abAtalaya\u00bb.<\/strong> Patrocina \u00abComunidad de Regantes de la Puebla de Mula\u00bb.<\/p>\n<p style=\"text-align: justify;\"><strong>13:00h. Verbena de d\u00eda con la buena m\u00fasica de \u00abDJ Gacebo\u00bb<\/strong> y la actuaci\u00f3n de nuestro gran grupo de <strong>\u00abSevillanas de la Puebla de Mula\u00bb.<\/strong><\/p>\n<p style=\"text-align: justify;\"><strong>18:30h. Desfile de pe\u00f1as festeras animado con la charanga \u00abTal como suena\u00bb.<\/strong><\/p>\n<p style=\"text-align: justify;\"><strong>00:00h. Gran Verbena con la Orquesta \u00abRoyal-Music\u00bb.<\/strong><\/p>\n<\/div><\/div><\/div><div class=\"fusion-layout-column fusion_builder_column fusion-builder-column-3 fusion_builder_column_1_1 1_1 fusion-flex-column\" style=\"--awb-bg-size:cover;--awb-width-large:100%;--awb-margin-top-large:0px;--awb-spacing-right-large:0px;--awb-margin-bottom-large:20px;--awb-spacing-left-large:0px;--awb-width-medium:100%;--awb-spacing-right-medium:0px;--awb-spacing-left-medium:0px;--awb-width-small:100%;--awb-spacing-right-small:0px;--awb-spacing-left-small:0px;\"><div class=\"fusion-column-wrapper fusion-flex-justify-content-flex-start fusion-content-layout-column\"><div class=\"fusion-title title fusion-title-4 fusion-title-text fusion-title-size-two\" style=\"--awb-margin-top-small:0px;--awb-margin-right-small:0px;--awb-margin-bottom-small:20px;--awb-margin-left-small:0px;\"><div class=\"title-sep-container title-sep-container-left fusion-no-large-visibility fusion-no-medium-visibility fusion-no-small-visibility\"><div class=\"title-sep sep-double sep-solid\" style=\"border-color:#e0dede;\"><\/div><\/div><span class=\"awb-title-spacer fusion-no-large-visibility fusion-no-medium-visibility fusion-no-small-visibility\"><\/span><h2 class=\"fusion-title-heading title-heading-left\" style=\"margin:0;\"><strong>Domingo, 9 de octubre<\/strong><\/h2><span class=\"awb-title-spacer\"><\/span><div class=\"title-sep-container title-sep-container-right\"><div class=\"title-sep sep-double sep-solid\" style=\"border-color:#e0dede;\"><\/div><\/div><\/div><div class=\"fusion-text fusion-text-4\"><p style=\"text-align: justify;\"><strong>09:00h.\u00a0Pasacalles con la Agrupaci\u00f3n Musical Mule\u00f1a y disparo de tracas y cohetes.<\/strong><\/p>\n<p style=\"text-align: justify;\"><strong>12:00h.\u00a0Misa huertana en Honor a Nuestros Patronos la Sant\u00edsima Virgen del Rosario y San Juan Bautista. Amenizada por el coro \u00abAlegr\u00eda Mule\u00f1a\u00bb.<\/strong><\/p>\n<p style=\"text-align: justify;\"><strong>13:00h. Verbena de d\u00eda con\u00a0la actuaci\u00f3n de \u00abFiliu &amp; C\u00eda\u00bb.<\/strong><\/p>\n<p style=\"text-align: justify;\"><strong>14:30h. Paella para todos.<\/strong> (1\u20ac\/raci\u00f3n). Patrocina \u00abFrugarva, S.A.\u00bb<\/p>\n<p style=\"text-align: justify;\"><strong>18:00h. Tradicional Carrera de Cintas en bicicleta, con trofeo para el que m\u00e1s cintas saque.<\/strong><\/p>\n<p style=\"text-align: justify;\"><strong>21:30h. Procesi\u00f3n con las im\u00e1genes de Nuestros Patronos acompa\u00f1ados por la \u00abAgrupaci\u00f3n Musical Mule\u00f1a\u00bb.<\/strong> Durante el recorrido se disparar\u00e1 un castillo de fuegos artificiales a cargo de \u00abPirodex\u00bb.<\/p>\n<p style=\"text-align: justify;\"><strong>23:00h. Concierto con la gran cantante \u00abLa Espartera\u00bb.<\/strong><\/p>\n<\/div><\/div><\/div><div class=\"fusion-layout-column fusion_builder_column fusion-builder-column-4 fusion_builder_column_1_1 1_1 fusion-flex-column\" style=\"--awb-bg-size:cover;--awb-width-large:100%;--awb-margin-top-large:0px;--awb-spacing-right-large:0px;--awb-margin-bottom-large:20px;--awb-spacing-left-large:0px;--awb-width-medium:100%;--awb-spacing-right-medium:0px;--awb-spacing-left-medium:0px;--awb-width-small:100%;--awb-spacing-right-small:0px;--awb-spacing-left-small:0px;\"><div class=\"fusion-column-wrapper fusion-flex-justify-content-flex-start fusion-content-layout-column\"><div class=\"fusion-title title fusion-title-5 fusion-title-text fusion-title-size-two\" style=\"--awb-margin-top-small:0px;--awb-margin-right-small:0px;--awb-margin-bottom-small:20px;--awb-margin-left-small:0px;\"><div class=\"title-sep-container title-sep-container-left fusion-no-large-visibility fusion-no-medium-visibility fusion-no-small-visibility\"><div class=\"title-sep sep-double sep-solid\" style=\"border-color:#e0dede;\"><\/div><\/div><span class=\"awb-title-spacer fusion-no-large-visibility fusion-no-medium-visibility fusion-no-small-visibility\"><\/span><h2 class=\"fusion-title-heading title-heading-left\" style=\"margin:0;\"><strong>Lunes, 10 de octubre<\/strong><\/h2><span class=\"awb-title-spacer\"><\/span><div class=\"title-sep-container title-sep-container-right\"><div class=\"title-sep sep-double sep-solid\" style=\"border-color:#e0dede;\"><\/div><\/div><\/div><div class=\"fusion-text fusion-text-5\"><p style=\"text-align: justify;\"><strong>17:30h.\u00a0A mover el esqueleto con el grupo de baile \u00abDiazul\u00bb, <\/strong>que nos har\u00e1 una muestra de toda su marcha.<\/p>\n<p style=\"text-align: justify;\"><strong>18:00h. Tarde Infantil con carrera de cintas y regalos para todos.<\/strong><\/p>\n<p style=\"text-align: justify;\"><strong>21:00h.\u00a0Tradicional Merienda Vecinal. (1\u20ac\/raci\u00f3n).<\/strong><\/p>\n<p style=\"text-align: justify;\"><strong>00:00h.\u00a0Traca \u00abFin de Fiestas 2016\u00bb.<\/strong><\/p>\n<\/div><\/div><\/div><\/div><\/div>\n","protected":false},"excerpt":{"rendered":"","protected":false},"author":1,"featured_media":21545,"comment_status":"closed","ping_status":"closed","sticky":false,"template":"","format":"standard","meta":{"jetpack_post_was_ever_published":false,"_jetpack_newsletter_access":"","_jetpack_dont_email_post_to_subs":false,"_jetpack_newsletter_tier_id":0,"_jetpack_memberships_contains_paywalled_content":false,"_jetpack_memberships_contains_paid_content":false,"footnotes":"","jetpack_publicize_message":"","jetpack_publicize_feature_enabled":true,"jetpack_social_post_already_shared":false,"jetpack_social_options":{"image_generator_settings":{"template":"highway","default_image_id":0,"font":"","enabled":false},"version":2}},"categories":[171],"tags":[297],"class_list":["post-21539","post","type-post","status-publish","format-standard","has-post-thumbnail","hentry","category-festejos","tag-puebla-de-mula"],"yoast_head":"<!-- This site is optimized with the Yoast SEO plugin v27.4 - https:\/\/yoast.com\/product\/yoast-seo-wordpress\/ -->\n<title>Programa de fiestas de la Puebla de Mula en Honor a la Virgen del Rosario - del 6 al 10 de octubre - Ayuntamiento de Mula<\/title>\n<meta name=\"robots\" content=\"index, follow, max-snippet:-1, max-image-preview:large, max-video-preview:-1\" \/>\n<link rel=\"canonical\" href=\"https:\/\/mula.es\/web\/programa-de-fiestas-de-la-puebla-de-mula-en-honor-a-la-virgen-del-rosario-del-6-al-10-de-octubre\/\" \/>\n<meta property=\"og:locale\" content=\"es_ES\" \/>\n<meta property=\"og:type\" content=\"article\" \/>\n<meta property=\"og:title\" content=\"Programa de fiestas de la Puebla de Mula en Honor a la Virgen del Rosario - del 6 al 10 de octubre - Ayuntamiento de Mula\" \/>\n<meta property=\"og:url\" content=\"https:\/\/mula.es\/web\/programa-de-fiestas-de-la-puebla-de-mula-en-honor-a-la-virgen-del-rosario-del-6-al-10-de-octubre\/\" \/>\n<meta property=\"og:site_name\" content=\"Ayuntamiento de Mula\" \/>\n<meta property=\"article:published_time\" content=\"2016-10-04T11:20:42+00:00\" \/>\n<meta property=\"article:modified_time\" content=\"2021-05-12T18:17:05+00:00\" \/>\n<meta property=\"og:image\" content=\"https:\/\/i0.wp.com\/mula.es\/web\/wp-content\/uploads\/2016\/10\/fiestas_puebla_mula_2016.jpg?fit=2221%2C2428&ssl=1\" \/>\n\t<meta property=\"og:image:width\" content=\"2221\" \/>\n\t<meta property=\"og:image:height\" content=\"2428\" \/>\n\t<meta property=\"og:image:type\" content=\"image\/jpeg\" \/>\n<meta name=\"author\" content=\"admin\" \/>\n<meta name=\"twitter:card\" content=\"summary_large_image\" \/>\n<meta name=\"twitter:creator\" content=\"@AyuntamientMula\" \/>\n<meta name=\"twitter:site\" content=\"@AyuntamientMula\" \/>\n<meta name=\"twitter:label1\" content=\"Escrito por\" \/>\n\t<meta name=\"twitter:data1\" content=\"admin\" \/>\n\t<meta name=\"twitter:label2\" content=\"Tiempo de lectura\" \/>\n\t<meta name=\"twitter:data2\" content=\"4 minutos\" \/>\n<script type=\"application\/ld+json\" class=\"yoast-schema-graph\">{\"@context\":\"https:\\\/\\\/schema.org\",\"@graph\":[{\"@type\":\"Article\",\"@id\":\"https:\\\/\\\/mula.es\\\/web\\\/programa-de-fiestas-de-la-puebla-de-mula-en-honor-a-la-virgen-del-rosario-del-6-al-10-de-octubre\\\/#article\",\"isPartOf\":{\"@id\":\"https:\\\/\\\/mula.es\\\/web\\\/programa-de-fiestas-de-la-puebla-de-mula-en-honor-a-la-virgen-del-rosario-del-6-al-10-de-octubre\\\/\"},\"author\":{\"name\":\"admin\",\"@id\":\"https:\\\/\\\/mula.es\\\/web\\\/#\\\/schema\\\/person\\\/a0dbffe9f4a3ed4aaebedcfef02f71a1\"},\"headline\":\"Programa de fiestas de la Puebla de Mula en Honor a la Virgen del Rosario &#8211; del 6 al 10 de octubre\",\"datePublished\":\"2016-10-04T11:20:42+00:00\",\"dateModified\":\"2021-05-12T18:17:05+00:00\",\"mainEntityOfPage\":{\"@id\":\"https:\\\/\\\/mula.es\\\/web\\\/programa-de-fiestas-de-la-puebla-de-mula-en-honor-a-la-virgen-del-rosario-del-6-al-10-de-octubre\\\/\"},\"wordCount\":802,\"image\":{\"@id\":\"https:\\\/\\\/mula.es\\\/web\\\/programa-de-fiestas-de-la-puebla-de-mula-en-honor-a-la-virgen-del-rosario-del-6-al-10-de-octubre\\\/#primaryimage\"},\"thumbnailUrl\":\"https:\\\/\\\/mula.es\\\/web\\\/wp-content\\\/uploads\\\/2016\\\/10\\\/fiestas_puebla_mula_2016.jpg\",\"keywords\":[\"puebla de mula\"],\"articleSection\":[\"festejos\"],\"inLanguage\":\"es\"},{\"@type\":\"WebPage\",\"@id\":\"https:\\\/\\\/mula.es\\\/web\\\/programa-de-fiestas-de-la-puebla-de-mula-en-honor-a-la-virgen-del-rosario-del-6-al-10-de-octubre\\\/\",\"url\":\"https:\\\/\\\/mula.es\\\/web\\\/programa-de-fiestas-de-la-puebla-de-mula-en-honor-a-la-virgen-del-rosario-del-6-al-10-de-octubre\\\/\",\"name\":\"Programa de fiestas de la Puebla de Mula en Honor a la Virgen del Rosario - del 6 al 10 de octubre - Ayuntamiento de Mula\",\"isPartOf\":{\"@id\":\"https:\\\/\\\/mula.es\\\/web\\\/#website\"},\"primaryImageOfPage\":{\"@id\":\"https:\\\/\\\/mula.es\\\/web\\\/programa-de-fiestas-de-la-puebla-de-mula-en-honor-a-la-virgen-del-rosario-del-6-al-10-de-octubre\\\/#primaryimage\"},\"image\":{\"@id\":\"https:\\\/\\\/mula.es\\\/web\\\/programa-de-fiestas-de-la-puebla-de-mula-en-honor-a-la-virgen-del-rosario-del-6-al-10-de-octubre\\\/#primaryimage\"},\"thumbnailUrl\":\"https:\\\/\\\/mula.es\\\/web\\\/wp-content\\\/uploads\\\/2016\\\/10\\\/fiestas_puebla_mula_2016.jpg\",\"datePublished\":\"2016-10-04T11:20:42+00:00\",\"dateModified\":\"2021-05-12T18:17:05+00:00\",\"author\":{\"@id\":\"https:\\\/\\\/mula.es\\\/web\\\/#\\\/schema\\\/person\\\/a0dbffe9f4a3ed4aaebedcfef02f71a1\"},\"breadcrumb\":{\"@id\":\"https:\\\/\\\/mula.es\\\/web\\\/programa-de-fiestas-de-la-puebla-de-mula-en-honor-a-la-virgen-del-rosario-del-6-al-10-de-octubre\\\/#breadcrumb\"},\"inLanguage\":\"es\",\"potentialAction\":[{\"@type\":\"ReadAction\",\"target\":[\"https:\\\/\\\/mula.es\\\/web\\\/programa-de-fiestas-de-la-puebla-de-mula-en-honor-a-la-virgen-del-rosario-del-6-al-10-de-octubre\\\/\"]}]},{\"@type\":\"ImageObject\",\"inLanguage\":\"es\",\"@id\":\"https:\\\/\\\/mula.es\\\/web\\\/programa-de-fiestas-de-la-puebla-de-mula-en-honor-a-la-virgen-del-rosario-del-6-al-10-de-octubre\\\/#primaryimage\",\"url\":\"https:\\\/\\\/mula.es\\\/web\\\/wp-content\\\/uploads\\\/2016\\\/10\\\/fiestas_puebla_mula_2016.jpg\",\"contentUrl\":\"https:\\\/\\\/mula.es\\\/web\\\/wp-content\\\/uploads\\\/2016\\\/10\\\/fiestas_puebla_mula_2016.jpg\",\"width\":2221,\"height\":2428,\"caption\":\"fiestas puebla de mula 2016\"},{\"@type\":\"BreadcrumbList\",\"@id\":\"https:\\\/\\\/mula.es\\\/web\\\/programa-de-fiestas-de-la-puebla-de-mula-en-honor-a-la-virgen-del-rosario-del-6-al-10-de-octubre\\\/#breadcrumb\",\"itemListElement\":[{\"@type\":\"ListItem\",\"position\":1,\"name\":\"Portada\",\"item\":\"https:\\\/\\\/mula.es\\\/web\\\/\"},{\"@type\":\"ListItem\",\"position\":2,\"name\":\"Programa de fiestas de la Puebla de Mula en Honor a la Virgen del Rosario &#8211; del 6 al 10 de octubre\"}]},{\"@type\":\"WebSite\",\"@id\":\"https:\\\/\\\/mula.es\\\/web\\\/#website\",\"url\":\"https:\\\/\\\/mula.es\\\/web\\\/\",\"name\":\"Ayuntamiento de Mula\",\"description\":\"P\u00e1gina web del Ayuntamiento de Mula (Regi\u00f3n de Murcia)\",\"potentialAction\":[{\"@type\":\"SearchAction\",\"target\":{\"@type\":\"EntryPoint\",\"urlTemplate\":\"https:\\\/\\\/mula.es\\\/web\\\/?s={search_term_string}\"},\"query-input\":{\"@type\":\"PropertyValueSpecification\",\"valueRequired\":true,\"valueName\":\"search_term_string\"}}],\"inLanguage\":\"es\"},{\"@type\":\"Person\",\"@id\":\"https:\\\/\\\/mula.es\\\/web\\\/#\\\/schema\\\/person\\\/a0dbffe9f4a3ed4aaebedcfef02f71a1\",\"name\":\"admin\",\"image\":{\"@type\":\"ImageObject\",\"inLanguage\":\"es\",\"@id\":\"https:\\\/\\\/secure.gravatar.com\\\/avatar\\\/5423b9cd77f4c7f89a124365a268866f9dfee038c17fe9e37afd92b5920d810e?s=96&d=mm&r=g\",\"url\":\"https:\\\/\\\/secure.gravatar.com\\\/avatar\\\/5423b9cd77f4c7f89a124365a268866f9dfee038c17fe9e37afd92b5920d810e?s=96&d=mm&r=g\",\"contentUrl\":\"https:\\\/\\\/secure.gravatar.com\\\/avatar\\\/5423b9cd77f4c7f89a124365a268866f9dfee038c17fe9e37afd92b5920d810e?s=96&d=mm&r=g\",\"caption\":\"admin\"},\"description\":\"Lorem ipsum dolor sit amet, consectetur adipiscing elit. Nam viverra euismod odio, gravida pellentesque urna varius vitae. Sed dui lorem, adipiscing in adipiscing et, interdum nec metus. Mauris ultricies, justo eu convallis placerat, felis enim ornare nisi, vitae mattis nulla ante id dui. Ut lectus purus, commodo et tincidunt vel, interdum sed lectus. Vestibulum adipiscing tempor nisi id elementi.\",\"url\":\"https:\\\/\\\/mula.es\\\/web\\\/author\\\/jose-maria-boti\\\/\"}]}<\/script>\n<!-- \/ Yoast SEO plugin. -->","yoast_head_json":{"title":"Programa de fiestas de la Puebla de Mula en Honor a la Virgen del Rosario - del 6 al 10 de octubre - Ayuntamiento de Mula","robots":{"index":"index","follow":"follow","max-snippet":"max-snippet:-1","max-image-preview":"max-image-preview:large","max-video-preview":"max-video-preview:-1"},"canonical":"https:\/\/mula.es\/web\/programa-de-fiestas-de-la-puebla-de-mula-en-honor-a-la-virgen-del-rosario-del-6-al-10-de-octubre\/","og_locale":"es_ES","og_type":"article","og_title":"Programa de fiestas de la Puebla de Mula en Honor a la Virgen del Rosario - del 6 al 10 de octubre - Ayuntamiento de Mula","og_url":"https:\/\/mula.es\/web\/programa-de-fiestas-de-la-puebla-de-mula-en-honor-a-la-virgen-del-rosario-del-6-al-10-de-octubre\/","og_site_name":"Ayuntamiento de Mula","article_published_time":"2016-10-04T11:20:42+00:00","article_modified_time":"2021-05-12T18:17:05+00:00","og_image":[{"width":2221,"height":2428,"url":"https:\/\/i0.wp.com\/mula.es\/web\/wp-content\/uploads\/2016\/10\/fiestas_puebla_mula_2016.jpg?fit=2221%2C2428&ssl=1","type":"image\/jpeg"}],"author":"admin","twitter_card":"summary_large_image","twitter_creator":"@AyuntamientMula","twitter_site":"@AyuntamientMula","twitter_misc":{"Escrito por":"admin","Tiempo de lectura":"4 minutos"},"schema":{"@context":"https:\/\/schema.org","@graph":[{"@type":"Article","@id":"https:\/\/mula.es\/web\/programa-de-fiestas-de-la-puebla-de-mula-en-honor-a-la-virgen-del-rosario-del-6-al-10-de-octubre\/#article","isPartOf":{"@id":"https:\/\/mula.es\/web\/programa-de-fiestas-de-la-puebla-de-mula-en-honor-a-la-virgen-del-rosario-del-6-al-10-de-octubre\/"},"author":{"name":"admin","@id":"https:\/\/mula.es\/web\/#\/schema\/person\/a0dbffe9f4a3ed4aaebedcfef02f71a1"},"headline":"Programa de fiestas de la Puebla de Mula en Honor a la Virgen del Rosario &#8211; del 6 al 10 de octubre","datePublished":"2016-10-04T11:20:42+00:00","dateModified":"2021-05-12T18:17:05+00:00","mainEntityOfPage":{"@id":"https:\/\/mula.es\/web\/programa-de-fiestas-de-la-puebla-de-mula-en-honor-a-la-virgen-del-rosario-del-6-al-10-de-octubre\/"},"wordCount":802,"image":{"@id":"https:\/\/mula.es\/web\/programa-de-fiestas-de-la-puebla-de-mula-en-honor-a-la-virgen-del-rosario-del-6-al-10-de-octubre\/#primaryimage"},"thumbnailUrl":"https:\/\/mula.es\/web\/wp-content\/uploads\/2016\/10\/fiestas_puebla_mula_2016.jpg","keywords":["puebla de mula"],"articleSection":["festejos"],"inLanguage":"es"},{"@type":"WebPage","@id":"https:\/\/mula.es\/web\/programa-de-fiestas-de-la-puebla-de-mula-en-honor-a-la-virgen-del-rosario-del-6-al-10-de-octubre\/","url":"https:\/\/mula.es\/web\/programa-de-fiestas-de-la-puebla-de-mula-en-honor-a-la-virgen-del-rosario-del-6-al-10-de-octubre\/","name":"Programa de fiestas de la Puebla de Mula en Honor a la Virgen del Rosario - del 6 al 10 de octubre - Ayuntamiento de Mula","isPartOf":{"@id":"https:\/\/mula.es\/web\/#website"},"primaryImageOfPage":{"@id":"https:\/\/mula.es\/web\/programa-de-fiestas-de-la-puebla-de-mula-en-honor-a-la-virgen-del-rosario-del-6-al-10-de-octubre\/#primaryimage"},"image":{"@id":"https:\/\/mula.es\/web\/programa-de-fiestas-de-la-puebla-de-mula-en-honor-a-la-virgen-del-rosario-del-6-al-10-de-octubre\/#primaryimage"},"thumbnailUrl":"https:\/\/mula.es\/web\/wp-content\/uploads\/2016\/10\/fiestas_puebla_mula_2016.jpg","datePublished":"2016-10-04T11:20:42+00:00","dateModified":"2021-05-12T18:17:05+00:00","author":{"@id":"https:\/\/mula.es\/web\/#\/schema\/person\/a0dbffe9f4a3ed4aaebedcfef02f71a1"},"breadcrumb":{"@id":"https:\/\/mula.es\/web\/programa-de-fiestas-de-la-puebla-de-mula-en-honor-a-la-virgen-del-rosario-del-6-al-10-de-octubre\/#breadcrumb"},"inLanguage":"es","potentialAction":[{"@type":"ReadAction","target":["https:\/\/mula.es\/web\/programa-de-fiestas-de-la-puebla-de-mula-en-honor-a-la-virgen-del-rosario-del-6-al-10-de-octubre\/"]}]},{"@type":"ImageObject","inLanguage":"es","@id":"https:\/\/mula.es\/web\/programa-de-fiestas-de-la-puebla-de-mula-en-honor-a-la-virgen-del-rosario-del-6-al-10-de-octubre\/#primaryimage","url":"https:\/\/mula.es\/web\/wp-content\/uploads\/2016\/10\/fiestas_puebla_mula_2016.jpg","contentUrl":"https:\/\/mula.es\/web\/wp-content\/uploads\/2016\/10\/fiestas_puebla_mula_2016.jpg","width":2221,"height":2428,"caption":"fiestas puebla de mula 2016"},{"@type":"BreadcrumbList","@id":"https:\/\/mula.es\/web\/programa-de-fiestas-de-la-puebla-de-mula-en-honor-a-la-virgen-del-rosario-del-6-al-10-de-octubre\/#breadcrumb","itemListElement":[{"@type":"ListItem","position":1,"name":"Portada","item":"https:\/\/mula.es\/web\/"},{"@type":"ListItem","position":2,"name":"Programa de fiestas de la Puebla de Mula en Honor a la Virgen del Rosario &#8211; del 6 al 10 de octubre"}]},{"@type":"WebSite","@id":"https:\/\/mula.es\/web\/#website","url":"https:\/\/mula.es\/web\/","name":"Ayuntamiento de Mula","description":"P\u00e1gina web del Ayuntamiento de Mula (Regi\u00f3n de Murcia)","potentialAction":[{"@type":"SearchAction","target":{"@type":"EntryPoint","urlTemplate":"https:\/\/mula.es\/web\/?s={search_term_string}"},"query-input":{"@type":"PropertyValueSpecification","valueRequired":true,"valueName":"search_term_string"}}],"inLanguage":"es"},{"@type":"Person","@id":"https:\/\/mula.es\/web\/#\/schema\/person\/a0dbffe9f4a3ed4aaebedcfef02f71a1","name":"admin","image":{"@type":"ImageObject","inLanguage":"es","@id":"https:\/\/secure.gravatar.com\/avatar\/5423b9cd77f4c7f89a124365a268866f9dfee038c17fe9e37afd92b5920d810e?s=96&d=mm&r=g","url":"https:\/\/secure.gravatar.com\/avatar\/5423b9cd77f4c7f89a124365a268866f9dfee038c17fe9e37afd92b5920d810e?s=96&d=mm&r=g","contentUrl":"https:\/\/secure.gravatar.com\/avatar\/5423b9cd77f4c7f89a124365a268866f9dfee038c17fe9e37afd92b5920d810e?s=96&d=mm&r=g","caption":"admin"},"description":"Lorem ipsum dolor sit amet, consectetur adipiscing elit. Nam viverra euismod odio, gravida pellentesque urna varius vitae. Sed dui lorem, adipiscing in adipiscing et, interdum nec metus. Mauris ultricies, justo eu convallis placerat, felis enim ornare nisi, vitae mattis nulla ante id dui. Ut lectus purus, commodo et tincidunt vel, interdum sed lectus. Vestibulum adipiscing tempor nisi id elementi.","url":"https:\/\/mula.es\/web\/author\/jose-maria-boti\/"}]}},"jetpack_publicize_connections":[],"jetpack_featured_media_url":"https:\/\/mula.es\/web\/wp-content\/uploads\/2016\/10\/fiestas_puebla_mula_2016.jpg","jetpack_sharing_enabled":true,"jetpack_shortlink":"https:\/\/wp.me\/pa9DMY-5Bp","jetpack-related-posts":[],"_links":{"self":[{"href":"https:\/\/mula.es\/web\/wp-json\/wp\/v2\/posts\/21539","targetHints":{"allow":["GET"]}}],"collection":[{"href":"https:\/\/mula.es\/web\/wp-json\/wp\/v2\/posts"}],"about":[{"href":"https:\/\/mula.es\/web\/wp-json\/wp\/v2\/types\/post"}],"author":[{"embeddable":true,"href":"https:\/\/mula.es\/web\/wp-json\/wp\/v2\/users\/1"}],"replies":[{"embeddable":true,"href":"https:\/\/mula.es\/web\/wp-json\/wp\/v2\/comments?post=21539"}],"version-history":[{"count":8,"href":"https:\/\/mula.es\/web\/wp-json\/wp\/v2\/posts\/21539\/revisions"}],"predecessor-version":[{"id":39960,"href":"https:\/\/mula.es\/web\/wp-json\/wp\/v2\/posts\/21539\/revisions\/39960"}],"wp:featuredmedia":[{"embeddable":true,"href":"https:\/\/mula.es\/web\/wp-json\/wp\/v2\/media\/21545"}],"wp:attachment":[{"href":"https:\/\/mula.es\/web\/wp-json\/wp\/v2\/media?parent=21539"}],"wp:term":[{"taxonomy":"category","embeddable":true,"href":"https:\/\/mula.es\/web\/wp-json\/wp\/v2\/categories?post=21539"},{"taxonomy":"post_tag","embeddable":true,"href":"https:\/\/mula.es\/web\/wp-json\/wp\/v2\/tags?post=21539"}],"curies":[{"name":"wp","href":"https:\/\/api.w.org\/{rel}","templated":true}]}}