{"id":21578,"date":"2016-10-06T10:16:07","date_gmt":"2016-10-06T08:16:07","guid":{"rendered":"http:\/\/mula.es\/web\/?p=21578"},"modified":"2021-05-12T20:17:02","modified_gmt":"2021-05-12T18:17:02","slug":"mercadillo-de-artesania-las-4-plazas-9-de-octubre","status":"publish","type":"post","link":"https:\/\/mula.es\/web\/mercadillo-de-artesania-las-4-plazas-9-de-octubre\/","title":{"rendered":"Mercadillo de Artesan\u00eda \u00abLas 4 Plazas\u00bb &#8211; 9 de octubre"},"content":{"rendered":"<div class=\"fusion-fullwidth fullwidth-box fusion-builder-row-1 fusion-flex-container hundred-percent-fullwidth non-hundred-percent-height-scrolling\" style=\"--awb-border-radius-top-left:0px;--awb-border-radius-top-right:0px;--awb-border-radius-bottom-right:0px;--awb-border-radius-bottom-left:0px;--awb-overflow:visible;--awb-flex-wrap:wrap;\" ><div class=\"fusion-builder-row fusion-row fusion-flex-align-items-flex-start fusion-flex-content-wrap\" style=\"width:calc( 100% + 0px ) !important;max-width:calc( 100% + 0px ) !important;margin-left: calc(-0px \/ 2 );margin-right: calc(-0px \/ 2 );\"><div class=\"fusion-layout-column fusion_builder_column fusion-builder-column-0 fusion_builder_column_1_1 1_1 fusion-flex-column\" style=\"--awb-bg-size:cover;--awb-width-large:100%;--awb-margin-top-large:0px;--awb-spacing-right-large:0px;--awb-margin-bottom-large:20px;--awb-spacing-left-large:0px;--awb-width-medium:100%;--awb-spacing-right-medium:0px;--awb-spacing-left-medium:0px;--awb-width-small:100%;--awb-spacing-right-small:0px;--awb-spacing-left-small:0px;\"><div class=\"fusion-column-wrapper fusion-flex-justify-content-flex-start fusion-content-layout-column\"><div class=\"fusion-text fusion-text-1\"><h3 style=\"text-align: justify;\">\u00bfQuien extra\u00f1a el verano cuando el oto\u00f1o viene cargado de actividades para\u00a0todos y todas? En familia, con amigos o solo\/a, en Mula te proponemos para este\u00a0domingo 9 de octubre una ma\u00f1ana repleta de actividades.<\/h3>\n<p style=\"text-align: justify;\">Con motivo de la celebraci\u00f3n del tradicional mercadillo de artesan\u00eda \u201cLas 4\u00a0Plazas\u201d, la Concejal\u00eda de Turismo en colaboraci\u00f3n con la Asociaci\u00f3n de Artesanos\u00a0Las 4 Plazas, Grupo Scout Balate y Club Monta\u00f1ero Mula, han organizado una serie\u00a0de actividades deportivas para todos los p\u00fablicos como exhibici\u00f3n de rapel y tirolina, a\u00a0partir de 7 a\u00f1os, y para los menos atrevidos un juego de ciudad por las calles de Mula.<\/p>\n<p style=\"text-align: justify;\">Adem\u00e1s hay prevista una visita guiada gratuita al Casco Antiguo y otra a la villa\u00a0romana de Los Villaricos, previa reserva en la Oficina de Turismo.\u00a0En el museo de arte ib\u00e9rico El Cigarralejo se llevar\u00e1 a cabo un taller llamado\u00a0\u201cLuminaria\u201d. En esta actividad se muestran diversos sistemas de iluminaci\u00f3n\u00a0empleados por el ser humano desde la Prehistoria hasta bien entrado el s. XX. Desde\u00a0lucernas y l\u00e1mparas de grasa hasta velas o l\u00e1mparas de petr\u00f3leo. La domesticaci\u00f3n\u00a0del fuego en la Prehistoria supuso la dominaci\u00f3n del medio y de la materia. Gracias al\u00a0fuego, el hombre dispone de un primer medio eficaz para iluminarse. Tambi\u00e9n,en la\u00a0ma\u00f1ana del domingo 9 de octubre, el museo ha organizado visitas guiadas gratuitas\u00a0durante toda la ma\u00f1ana.<\/p>\n<ul style=\"text-align: justify;\">\n<li><strong>Programa:<\/strong><\/li>\n<\/ul>\n<p style=\"padding-left: 60px; text-align: justify;\">10:00 h. Apertura Mercadillo. Plaza del Ayuntamiento.<br \/>\n10:30 h. Juego de ciudad \u201cHollywood Game City\u201d. Punto de encuentro: puerta de la\u00a0Iglesia de San Miguel.<br \/>\n10:30 h. Visita guiada Los Villaricos. Punto de partida el propio yacimiento. Previa\u00a0reserva.<br \/>\n10:30 h. Tirolina.<br \/>\n11:00 h. Apertura Museo de Arte Ib\u00e9rico \u00abEl Cigarralejo\u00bb. Taller \u201cLuminaria\u201d.<br \/>\n11:30 h. Visita guiada gratuita al Casco Antiguo. Salida desde la puerta de la Oficina de\u00a0Turismo. Convento de San Francisco. Previa Reserva.<br \/>\n12:00 h. Exhibici\u00f3n rapel.<br \/>\n14:00 h. Cierre Mercadillo.<\/p>\n<p style=\"text-align: justify;\"><strong><a href=\"https:\/\/mula.es\/web\/wp-content\/uploads\/2016\/10\/Folleto_mercadillo_octubre_2016.pdf\" target=\"_blank\" rel=\"noopener\">Descarga el folleto del Mercadillo de Artesan\u00eda \u00abLas 4 Plazas\u00bb en formato .pdf<\/a><\/strong><\/p>\n<\/div><\/div><\/div><\/div><\/div>\n","protected":false},"excerpt":{"rendered":"","protected":false},"author":1,"featured_media":21580,"comment_status":"closed","ping_status":"closed","sticky":false,"template":"","format":"standard","meta":{"jetpack_post_was_ever_published":false,"_jetpack_newsletter_access":"","_jetpack_dont_email_post_to_subs":false,"_jetpack_newsletter_tier_id":0,"_jetpack_memberships_contains_paywalled_content":false,"_jetpack_memberships_contains_paid_content":false,"footnotes":"","jetpack_publicize_message":"","jetpack_publicize_feature_enabled":true,"jetpack_social_post_already_shared":false,"jetpack_social_options":{"image_generator_settings":{"template":"highway","default_image_id":0,"font":"","enabled":false},"version":2}},"categories":[75],"tags":[301],"class_list":["post-21578","post","type-post","status-publish","format-standard","has-post-thumbnail","hentry","category-turismo","tag-mercadillo-artesania"],"yoast_head":"<!-- This site is optimized with the Yoast SEO plugin v27.4 - https:\/\/yoast.com\/product\/yoast-seo-wordpress\/ -->\n<title>Mercadillo de Artesan\u00eda &quot;Las 4 Plazas&quot; - 9 de octubre - Ayuntamiento de Mula<\/title>\n<meta name=\"robots\" content=\"index, follow, max-snippet:-1, max-image-preview:large, max-video-preview:-1\" \/>\n<link rel=\"canonical\" href=\"https:\/\/mula.es\/web\/mercadillo-de-artesania-las-4-plazas-9-de-octubre\/\" \/>\n<meta property=\"og:locale\" content=\"es_ES\" \/>\n<meta property=\"og:type\" content=\"article\" \/>\n<meta property=\"og:title\" content=\"Mercadillo de Artesan\u00eda &quot;Las 4 Plazas&quot; - 9 de octubre - Ayuntamiento de Mula\" \/>\n<meta property=\"og:url\" content=\"https:\/\/mula.es\/web\/mercadillo-de-artesania-las-4-plazas-9-de-octubre\/\" \/>\n<meta property=\"og:site_name\" content=\"Ayuntamiento de Mula\" \/>\n<meta property=\"article:published_time\" content=\"2016-10-06T08:16:07+00:00\" \/>\n<meta property=\"article:modified_time\" content=\"2021-05-12T18:17:02+00:00\" \/>\n<meta property=\"og:image\" content=\"https:\/\/i0.wp.com\/mula.es\/web\/wp-content\/uploads\/2016\/10\/Mercadillo-octubre.jpg?fit=584%2C589&ssl=1\" \/>\n\t<meta property=\"og:image:width\" content=\"584\" \/>\n\t<meta property=\"og:image:height\" content=\"589\" \/>\n\t<meta property=\"og:image:type\" content=\"image\/jpeg\" \/>\n<meta name=\"author\" content=\"admin\" \/>\n<meta name=\"twitter:card\" content=\"summary_large_image\" \/>\n<meta name=\"twitter:creator\" content=\"@AyuntamientMula\" \/>\n<meta name=\"twitter:site\" content=\"@AyuntamientMula\" \/>\n<meta name=\"twitter:label1\" content=\"Escrito por\" \/>\n\t<meta name=\"twitter:data1\" content=\"admin\" \/>\n\t<meta name=\"twitter:label2\" content=\"Tiempo de lectura\" \/>\n\t<meta name=\"twitter:data2\" content=\"2 minutos\" \/>\n<script type=\"application\/ld+json\" class=\"yoast-schema-graph\">{\"@context\":\"https:\\\/\\\/schema.org\",\"@graph\":[{\"@type\":\"Article\",\"@id\":\"https:\\\/\\\/mula.es\\\/web\\\/mercadillo-de-artesania-las-4-plazas-9-de-octubre\\\/#article\",\"isPartOf\":{\"@id\":\"https:\\\/\\\/mula.es\\\/web\\\/mercadillo-de-artesania-las-4-plazas-9-de-octubre\\\/\"},\"author\":{\"name\":\"admin\",\"@id\":\"https:\\\/\\\/mula.es\\\/web\\\/#\\\/schema\\\/person\\\/a0dbffe9f4a3ed4aaebedcfef02f71a1\"},\"headline\":\"Mercadillo de Artesan\u00eda \u00abLas 4 Plazas\u00bb &#8211; 9 de octubre\",\"datePublished\":\"2016-10-06T08:16:07+00:00\",\"dateModified\":\"2021-05-12T18:17:02+00:00\",\"mainEntityOfPage\":{\"@id\":\"https:\\\/\\\/mula.es\\\/web\\\/mercadillo-de-artesania-las-4-plazas-9-de-octubre\\\/\"},\"wordCount\":431,\"image\":{\"@id\":\"https:\\\/\\\/mula.es\\\/web\\\/mercadillo-de-artesania-las-4-plazas-9-de-octubre\\\/#primaryimage\"},\"thumbnailUrl\":\"https:\\\/\\\/mula.es\\\/web\\\/wp-content\\\/uploads\\\/2016\\\/10\\\/Mercadillo-octubre.jpg\",\"keywords\":[\"mercadillo artesan\u00eda\"],\"articleSection\":[\"turismo\"],\"inLanguage\":\"es\"},{\"@type\":\"WebPage\",\"@id\":\"https:\\\/\\\/mula.es\\\/web\\\/mercadillo-de-artesania-las-4-plazas-9-de-octubre\\\/\",\"url\":\"https:\\\/\\\/mula.es\\\/web\\\/mercadillo-de-artesania-las-4-plazas-9-de-octubre\\\/\",\"name\":\"Mercadillo de Artesan\u00eda \\\"Las 4 Plazas\\\" - 9 de octubre - Ayuntamiento de Mula\",\"isPartOf\":{\"@id\":\"https:\\\/\\\/mula.es\\\/web\\\/#website\"},\"primaryImageOfPage\":{\"@id\":\"https:\\\/\\\/mula.es\\\/web\\\/mercadillo-de-artesania-las-4-plazas-9-de-octubre\\\/#primaryimage\"},\"image\":{\"@id\":\"https:\\\/\\\/mula.es\\\/web\\\/mercadillo-de-artesania-las-4-plazas-9-de-octubre\\\/#primaryimage\"},\"thumbnailUrl\":\"https:\\\/\\\/mula.es\\\/web\\\/wp-content\\\/uploads\\\/2016\\\/10\\\/Mercadillo-octubre.jpg\",\"datePublished\":\"2016-10-06T08:16:07+00:00\",\"dateModified\":\"2021-05-12T18:17:02+00:00\",\"author\":{\"@id\":\"https:\\\/\\\/mula.es\\\/web\\\/#\\\/schema\\\/person\\\/a0dbffe9f4a3ed4aaebedcfef02f71a1\"},\"breadcrumb\":{\"@id\":\"https:\\\/\\\/mula.es\\\/web\\\/mercadillo-de-artesania-las-4-plazas-9-de-octubre\\\/#breadcrumb\"},\"inLanguage\":\"es\",\"potentialAction\":[{\"@type\":\"ReadAction\",\"target\":[\"https:\\\/\\\/mula.es\\\/web\\\/mercadillo-de-artesania-las-4-plazas-9-de-octubre\\\/\"]}]},{\"@type\":\"ImageObject\",\"inLanguage\":\"es\",\"@id\":\"https:\\\/\\\/mula.es\\\/web\\\/mercadillo-de-artesania-las-4-plazas-9-de-octubre\\\/#primaryimage\",\"url\":\"https:\\\/\\\/mula.es\\\/web\\\/wp-content\\\/uploads\\\/2016\\\/10\\\/Mercadillo-octubre.jpg\",\"contentUrl\":\"https:\\\/\\\/mula.es\\\/web\\\/wp-content\\\/uploads\\\/2016\\\/10\\\/Mercadillo-octubre.jpg\",\"width\":584,\"height\":589,\"caption\":\"mercadillo octubre 2016\"},{\"@type\":\"BreadcrumbList\",\"@id\":\"https:\\\/\\\/mula.es\\\/web\\\/mercadillo-de-artesania-las-4-plazas-9-de-octubre\\\/#breadcrumb\",\"itemListElement\":[{\"@type\":\"ListItem\",\"position\":1,\"name\":\"Portada\",\"item\":\"https:\\\/\\\/mula.es\\\/web\\\/\"},{\"@type\":\"ListItem\",\"position\":2,\"name\":\"Mercadillo de Artesan\u00eda \u00abLas 4 Plazas\u00bb &#8211; 9 de octubre\"}]},{\"@type\":\"WebSite\",\"@id\":\"https:\\\/\\\/mula.es\\\/web\\\/#website\",\"url\":\"https:\\\/\\\/mula.es\\\/web\\\/\",\"name\":\"Ayuntamiento de Mula\",\"description\":\"P\u00e1gina web del Ayuntamiento de Mula (Regi\u00f3n de Murcia)\",\"potentialAction\":[{\"@type\":\"SearchAction\",\"target\":{\"@type\":\"EntryPoint\",\"urlTemplate\":\"https:\\\/\\\/mula.es\\\/web\\\/?s={search_term_string}\"},\"query-input\":{\"@type\":\"PropertyValueSpecification\",\"valueRequired\":true,\"valueName\":\"search_term_string\"}}],\"inLanguage\":\"es\"},{\"@type\":\"Person\",\"@id\":\"https:\\\/\\\/mula.es\\\/web\\\/#\\\/schema\\\/person\\\/a0dbffe9f4a3ed4aaebedcfef02f71a1\",\"name\":\"admin\",\"image\":{\"@type\":\"ImageObject\",\"inLanguage\":\"es\",\"@id\":\"https:\\\/\\\/secure.gravatar.com\\\/avatar\\\/5423b9cd77f4c7f89a124365a268866f9dfee038c17fe9e37afd92b5920d810e?s=96&d=mm&r=g\",\"url\":\"https:\\\/\\\/secure.gravatar.com\\\/avatar\\\/5423b9cd77f4c7f89a124365a268866f9dfee038c17fe9e37afd92b5920d810e?s=96&d=mm&r=g\",\"contentUrl\":\"https:\\\/\\\/secure.gravatar.com\\\/avatar\\\/5423b9cd77f4c7f89a124365a268866f9dfee038c17fe9e37afd92b5920d810e?s=96&d=mm&r=g\",\"caption\":\"admin\"},\"description\":\"Lorem ipsum dolor sit amet, consectetur adipiscing elit. Nam viverra euismod odio, gravida pellentesque urna varius vitae. Sed dui lorem, adipiscing in adipiscing et, interdum nec metus. Mauris ultricies, justo eu convallis placerat, felis enim ornare nisi, vitae mattis nulla ante id dui. Ut lectus purus, commodo et tincidunt vel, interdum sed lectus. Vestibulum adipiscing tempor nisi id elementi.\",\"url\":\"https:\\\/\\\/mula.es\\\/web\\\/author\\\/jose-maria-boti\\\/\"}]}<\/script>\n<!-- \/ Yoast SEO plugin. -->","yoast_head_json":{"title":"Mercadillo de Artesan\u00eda \"Las 4 Plazas\" - 9 de octubre - Ayuntamiento de Mula","robots":{"index":"index","follow":"follow","max-snippet":"max-snippet:-1","max-image-preview":"max-image-preview:large","max-video-preview":"max-video-preview:-1"},"canonical":"https:\/\/mula.es\/web\/mercadillo-de-artesania-las-4-plazas-9-de-octubre\/","og_locale":"es_ES","og_type":"article","og_title":"Mercadillo de Artesan\u00eda \"Las 4 Plazas\" - 9 de octubre - Ayuntamiento de Mula","og_url":"https:\/\/mula.es\/web\/mercadillo-de-artesania-las-4-plazas-9-de-octubre\/","og_site_name":"Ayuntamiento de Mula","article_published_time":"2016-10-06T08:16:07+00:00","article_modified_time":"2021-05-12T18:17:02+00:00","og_image":[{"width":584,"height":589,"url":"https:\/\/i0.wp.com\/mula.es\/web\/wp-content\/uploads\/2016\/10\/Mercadillo-octubre.jpg?fit=584%2C589&ssl=1","type":"image\/jpeg"}],"author":"admin","twitter_card":"summary_large_image","twitter_creator":"@AyuntamientMula","twitter_site":"@AyuntamientMula","twitter_misc":{"Escrito por":"admin","Tiempo de lectura":"2 minutos"},"schema":{"@context":"https:\/\/schema.org","@graph":[{"@type":"Article","@id":"https:\/\/mula.es\/web\/mercadillo-de-artesania-las-4-plazas-9-de-octubre\/#article","isPartOf":{"@id":"https:\/\/mula.es\/web\/mercadillo-de-artesania-las-4-plazas-9-de-octubre\/"},"author":{"name":"admin","@id":"https:\/\/mula.es\/web\/#\/schema\/person\/a0dbffe9f4a3ed4aaebedcfef02f71a1"},"headline":"Mercadillo de Artesan\u00eda \u00abLas 4 Plazas\u00bb &#8211; 9 de octubre","datePublished":"2016-10-06T08:16:07+00:00","dateModified":"2021-05-12T18:17:02+00:00","mainEntityOfPage":{"@id":"https:\/\/mula.es\/web\/mercadillo-de-artesania-las-4-plazas-9-de-octubre\/"},"wordCount":431,"image":{"@id":"https:\/\/mula.es\/web\/mercadillo-de-artesania-las-4-plazas-9-de-octubre\/#primaryimage"},"thumbnailUrl":"https:\/\/mula.es\/web\/wp-content\/uploads\/2016\/10\/Mercadillo-octubre.jpg","keywords":["mercadillo artesan\u00eda"],"articleSection":["turismo"],"inLanguage":"es"},{"@type":"WebPage","@id":"https:\/\/mula.es\/web\/mercadillo-de-artesania-las-4-plazas-9-de-octubre\/","url":"https:\/\/mula.es\/web\/mercadillo-de-artesania-las-4-plazas-9-de-octubre\/","name":"Mercadillo de Artesan\u00eda \"Las 4 Plazas\" - 9 de octubre - Ayuntamiento de Mula","isPartOf":{"@id":"https:\/\/mula.es\/web\/#website"},"primaryImageOfPage":{"@id":"https:\/\/mula.es\/web\/mercadillo-de-artesania-las-4-plazas-9-de-octubre\/#primaryimage"},"image":{"@id":"https:\/\/mula.es\/web\/mercadillo-de-artesania-las-4-plazas-9-de-octubre\/#primaryimage"},"thumbnailUrl":"https:\/\/mula.es\/web\/wp-content\/uploads\/2016\/10\/Mercadillo-octubre.jpg","datePublished":"2016-10-06T08:16:07+00:00","dateModified":"2021-05-12T18:17:02+00:00","author":{"@id":"https:\/\/mula.es\/web\/#\/schema\/person\/a0dbffe9f4a3ed4aaebedcfef02f71a1"},"breadcrumb":{"@id":"https:\/\/mula.es\/web\/mercadillo-de-artesania-las-4-plazas-9-de-octubre\/#breadcrumb"},"inLanguage":"es","potentialAction":[{"@type":"ReadAction","target":["https:\/\/mula.es\/web\/mercadillo-de-artesania-las-4-plazas-9-de-octubre\/"]}]},{"@type":"ImageObject","inLanguage":"es","@id":"https:\/\/mula.es\/web\/mercadillo-de-artesania-las-4-plazas-9-de-octubre\/#primaryimage","url":"https:\/\/mula.es\/web\/wp-content\/uploads\/2016\/10\/Mercadillo-octubre.jpg","contentUrl":"https:\/\/mula.es\/web\/wp-content\/uploads\/2016\/10\/Mercadillo-octubre.jpg","width":584,"height":589,"caption":"mercadillo octubre 2016"},{"@type":"BreadcrumbList","@id":"https:\/\/mula.es\/web\/mercadillo-de-artesania-las-4-plazas-9-de-octubre\/#breadcrumb","itemListElement":[{"@type":"ListItem","position":1,"name":"Portada","item":"https:\/\/mula.es\/web\/"},{"@type":"ListItem","position":2,"name":"Mercadillo de Artesan\u00eda \u00abLas 4 Plazas\u00bb &#8211; 9 de octubre"}]},{"@type":"WebSite","@id":"https:\/\/mula.es\/web\/#website","url":"https:\/\/mula.es\/web\/","name":"Ayuntamiento de Mula","description":"P\u00e1gina web del Ayuntamiento de Mula (Regi\u00f3n de Murcia)","potentialAction":[{"@type":"SearchAction","target":{"@type":"EntryPoint","urlTemplate":"https:\/\/mula.es\/web\/?s={search_term_string}"},"query-input":{"@type":"PropertyValueSpecification","valueRequired":true,"valueName":"search_term_string"}}],"inLanguage":"es"},{"@type":"Person","@id":"https:\/\/mula.es\/web\/#\/schema\/person\/a0dbffe9f4a3ed4aaebedcfef02f71a1","name":"admin","image":{"@type":"ImageObject","inLanguage":"es","@id":"https:\/\/secure.gravatar.com\/avatar\/5423b9cd77f4c7f89a124365a268866f9dfee038c17fe9e37afd92b5920d810e?s=96&d=mm&r=g","url":"https:\/\/secure.gravatar.com\/avatar\/5423b9cd77f4c7f89a124365a268866f9dfee038c17fe9e37afd92b5920d810e?s=96&d=mm&r=g","contentUrl":"https:\/\/secure.gravatar.com\/avatar\/5423b9cd77f4c7f89a124365a268866f9dfee038c17fe9e37afd92b5920d810e?s=96&d=mm&r=g","caption":"admin"},"description":"Lorem ipsum dolor sit amet, consectetur adipiscing elit. Nam viverra euismod odio, gravida pellentesque urna varius vitae. Sed dui lorem, adipiscing in adipiscing et, interdum nec metus. Mauris ultricies, justo eu convallis placerat, felis enim ornare nisi, vitae mattis nulla ante id dui. Ut lectus purus, commodo et tincidunt vel, interdum sed lectus. Vestibulum adipiscing tempor nisi id elementi.","url":"https:\/\/mula.es\/web\/author\/jose-maria-boti\/"}]}},"jetpack_publicize_connections":[],"jetpack_featured_media_url":"https:\/\/mula.es\/web\/wp-content\/uploads\/2016\/10\/Mercadillo-octubre.jpg","jetpack_sharing_enabled":true,"jetpack_shortlink":"https:\/\/wp.me\/pa9DMY-5C2","jetpack-related-posts":[],"_links":{"self":[{"href":"https:\/\/mula.es\/web\/wp-json\/wp\/v2\/posts\/21578","targetHints":{"allow":["GET"]}}],"collection":[{"href":"https:\/\/mula.es\/web\/wp-json\/wp\/v2\/posts"}],"about":[{"href":"https:\/\/mula.es\/web\/wp-json\/wp\/v2\/types\/post"}],"author":[{"embeddable":true,"href":"https:\/\/mula.es\/web\/wp-json\/wp\/v2\/users\/1"}],"replies":[{"embeddable":true,"href":"https:\/\/mula.es\/web\/wp-json\/wp\/v2\/comments?post=21578"}],"version-history":[{"count":2,"href":"https:\/\/mula.es\/web\/wp-json\/wp\/v2\/posts\/21578\/revisions"}],"predecessor-version":[{"id":39955,"href":"https:\/\/mula.es\/web\/wp-json\/wp\/v2\/posts\/21578\/revisions\/39955"}],"wp:featuredmedia":[{"embeddable":true,"href":"https:\/\/mula.es\/web\/wp-json\/wp\/v2\/media\/21580"}],"wp:attachment":[{"href":"https:\/\/mula.es\/web\/wp-json\/wp\/v2\/media?parent=21578"}],"wp:term":[{"taxonomy":"category","embeddable":true,"href":"https:\/\/mula.es\/web\/wp-json\/wp\/v2\/categories?post=21578"},{"taxonomy":"post_tag","embeddable":true,"href":"https:\/\/mula.es\/web\/wp-json\/wp\/v2\/tags?post=21578"}],"curies":[{"name":"wp","href":"https:\/\/api.w.org\/{rel}","templated":true}]}}