{"id":21725,"date":"2016-10-17T15:19:56","date_gmt":"2016-10-17T13:19:56","guid":{"rendered":"http:\/\/mula.es\/web\/?p=21725"},"modified":"2021-05-12T20:16:56","modified_gmt":"2021-05-12T18:16:56","slug":"la-consejera-de-cultura-visita-el-real-monasterio-de-la-encarnacion","status":"publish","type":"post","link":"https:\/\/mula.es\/web\/la-consejera-de-cultura-visita-el-real-monasterio-de-la-encarnacion\/","title":{"rendered":"La Consejera de Cultura visita el Real Monasterio de la Encarnaci\u00f3n"},"content":{"rendered":"<div class=\"fusion-fullwidth fullwidth-box fusion-builder-row-1 fusion-flex-container hundred-percent-fullwidth non-hundred-percent-height-scrolling\" style=\"--awb-border-radius-top-left:0px;--awb-border-radius-top-right:0px;--awb-border-radius-bottom-right:0px;--awb-border-radius-bottom-left:0px;--awb-overflow:visible;--awb-flex-wrap:wrap;\" ><div class=\"fusion-builder-row fusion-row fusion-flex-align-items-flex-start fusion-flex-content-wrap\" style=\"width:calc( 100% + 0px ) !important;max-width:calc( 100% + 0px ) !important;margin-left: calc(-0px \/ 2 );margin-right: calc(-0px \/ 2 );\"><div class=\"fusion-layout-column fusion_builder_column fusion-builder-column-0 fusion_builder_column_1_1 1_1 fusion-flex-column\" style=\"--awb-bg-size:cover;--awb-width-large:100%;--awb-margin-top-large:0px;--awb-spacing-right-large:0px;--awb-margin-bottom-large:20px;--awb-spacing-left-large:0px;--awb-width-medium:100%;--awb-spacing-right-medium:0px;--awb-spacing-left-medium:0px;--awb-width-small:100%;--awb-spacing-right-small:0px;--awb-spacing-left-small:0px;\"><div class=\"fusion-column-wrapper fusion-flex-justify-content-flex-start fusion-content-layout-column\"><div class=\"fusion-text fusion-text-1\"><p style=\"text-align: justify;\">La Consejera de Cultura, Noelia Arroyo y el Alcalde de Mula Juan Jes\u00fas Moreno Garc\u00eda han visitado esta ma\u00f1ana el Real Monasterio de la Encarnaci\u00f3n de Hermanas Clarisas de Mula, con el fin de poder visitar el lugar exacto donde podr\u00e1 ser contemplado \u00a0el relicario de la Santa Espina.<\/p>\n<p style=\"text-align: justify;\">La actuaci\u00f3n se enmarca formando parte de la conmemoraci\u00f3n del A\u00f1o Jubilar de Caravaca de la Cruz 2017.<\/p>\n<\/div><\/div><\/div><\/div><\/div>\n","protected":false},"excerpt":{"rendered":"","protected":false},"author":1,"featured_media":21727,"comment_status":"closed","ping_status":"closed","sticky":false,"template":"","format":"standard","meta":{"jetpack_post_was_ever_published":false,"_jetpack_newsletter_access":"","_jetpack_dont_email_post_to_subs":false,"_jetpack_newsletter_tier_id":0,"_jetpack_memberships_contains_paywalled_content":false,"_jetpack_memberships_contains_paid_content":false,"footnotes":"","jetpack_publicize_message":"","jetpack_publicize_feature_enabled":true,"jetpack_social_post_already_shared":false,"jetpack_social_options":{"image_generator_settings":{"template":"highway","default_image_id":0,"font":"","enabled":false},"version":2}},"categories":[97],"tags":[],"class_list":["post-21725","post","type-post","status-publish","format-standard","has-post-thumbnail","hentry","category-cultura"],"yoast_head":"<!-- This site is optimized with the Yoast SEO plugin v27.5 - https:\/\/yoast.com\/product\/yoast-seo-wordpress\/ -->\n<title>La Consejera de Cultura visita el Real Monasterio de la Encarnaci\u00f3n - Ayuntamiento de Mula<\/title>\n<meta name=\"robots\" content=\"index, follow, max-snippet:-1, max-image-preview:large, max-video-preview:-1\" \/>\n<link rel=\"canonical\" href=\"https:\/\/mula.es\/web\/la-consejera-de-cultura-visita-el-real-monasterio-de-la-encarnacion\/\" \/>\n<meta property=\"og:locale\" content=\"es_ES\" \/>\n<meta property=\"og:type\" content=\"article\" \/>\n<meta property=\"og:title\" content=\"La Consejera de Cultura visita el Real Monasterio de la Encarnaci\u00f3n - Ayuntamiento de Mula\" \/>\n<meta property=\"og:url\" content=\"https:\/\/mula.es\/web\/la-consejera-de-cultura-visita-el-real-monasterio-de-la-encarnacion\/\" \/>\n<meta property=\"og:site_name\" content=\"Ayuntamiento de Mula\" \/>\n<meta property=\"article:published_time\" content=\"2016-10-17T13:19:56+00:00\" \/>\n<meta property=\"article:modified_time\" content=\"2021-05-12T18:16:56+00:00\" \/>\n<meta property=\"og:image\" content=\"https:\/\/i0.wp.com\/mula.es\/web\/wp-content\/uploads\/2016\/10\/14712634_10154154756733802_1496875573706837373_o.jpg?fit=1600%2C1200&ssl=1\" \/>\n\t<meta property=\"og:image:width\" content=\"1600\" \/>\n\t<meta property=\"og:image:height\" content=\"1200\" \/>\n\t<meta property=\"og:image:type\" content=\"image\/jpeg\" \/>\n<meta name=\"author\" content=\"admin\" \/>\n<meta name=\"twitter:card\" content=\"summary_large_image\" \/>\n<meta name=\"twitter:creator\" content=\"@AyuntamientMula\" \/>\n<meta name=\"twitter:site\" content=\"@AyuntamientMula\" \/>\n<meta name=\"twitter:label1\" content=\"Escrito por\" \/>\n\t<meta name=\"twitter:data1\" content=\"admin\" \/>\n\t<meta name=\"twitter:label2\" content=\"Tiempo de lectura\" \/>\n\t<meta name=\"twitter:data2\" content=\"1 minuto\" \/>\n<script type=\"application\/ld+json\" class=\"yoast-schema-graph\">{\"@context\":\"https:\\\/\\\/schema.org\",\"@graph\":[{\"@type\":\"Article\",\"@id\":\"https:\\\/\\\/mula.es\\\/web\\\/la-consejera-de-cultura-visita-el-real-monasterio-de-la-encarnacion\\\/#article\",\"isPartOf\":{\"@id\":\"https:\\\/\\\/mula.es\\\/web\\\/la-consejera-de-cultura-visita-el-real-monasterio-de-la-encarnacion\\\/\"},\"author\":{\"name\":\"admin\",\"@id\":\"https:\\\/\\\/mula.es\\\/web\\\/#\\\/schema\\\/person\\\/a0dbffe9f4a3ed4aaebedcfef02f71a1\"},\"headline\":\"La Consejera de Cultura visita el Real Monasterio de la Encarnaci\u00f3n\",\"datePublished\":\"2016-10-17T13:19:56+00:00\",\"dateModified\":\"2021-05-12T18:16:56+00:00\",\"mainEntityOfPage\":{\"@id\":\"https:\\\/\\\/mula.es\\\/web\\\/la-consejera-de-cultura-visita-el-real-monasterio-de-la-encarnacion\\\/\"},\"wordCount\":164,\"image\":{\"@id\":\"https:\\\/\\\/mula.es\\\/web\\\/la-consejera-de-cultura-visita-el-real-monasterio-de-la-encarnacion\\\/#primaryimage\"},\"thumbnailUrl\":\"https:\\\/\\\/mula.es\\\/web\\\/wp-content\\\/uploads\\\/2016\\\/10\\\/14712634_10154154756733802_1496875573706837373_o.jpg\",\"articleSection\":[\"cultura\"],\"inLanguage\":\"es\"},{\"@type\":\"WebPage\",\"@id\":\"https:\\\/\\\/mula.es\\\/web\\\/la-consejera-de-cultura-visita-el-real-monasterio-de-la-encarnacion\\\/\",\"url\":\"https:\\\/\\\/mula.es\\\/web\\\/la-consejera-de-cultura-visita-el-real-monasterio-de-la-encarnacion\\\/\",\"name\":\"La Consejera de Cultura visita el Real Monasterio de la Encarnaci\u00f3n - Ayuntamiento de Mula\",\"isPartOf\":{\"@id\":\"https:\\\/\\\/mula.es\\\/web\\\/#website\"},\"primaryImageOfPage\":{\"@id\":\"https:\\\/\\\/mula.es\\\/web\\\/la-consejera-de-cultura-visita-el-real-monasterio-de-la-encarnacion\\\/#primaryimage\"},\"image\":{\"@id\":\"https:\\\/\\\/mula.es\\\/web\\\/la-consejera-de-cultura-visita-el-real-monasterio-de-la-encarnacion\\\/#primaryimage\"},\"thumbnailUrl\":\"https:\\\/\\\/mula.es\\\/web\\\/wp-content\\\/uploads\\\/2016\\\/10\\\/14712634_10154154756733802_1496875573706837373_o.jpg\",\"datePublished\":\"2016-10-17T13:19:56+00:00\",\"dateModified\":\"2021-05-12T18:16:56+00:00\",\"author\":{\"@id\":\"https:\\\/\\\/mula.es\\\/web\\\/#\\\/schema\\\/person\\\/a0dbffe9f4a3ed4aaebedcfef02f71a1\"},\"breadcrumb\":{\"@id\":\"https:\\\/\\\/mula.es\\\/web\\\/la-consejera-de-cultura-visita-el-real-monasterio-de-la-encarnacion\\\/#breadcrumb\"},\"inLanguage\":\"es\",\"potentialAction\":[{\"@type\":\"ReadAction\",\"target\":[\"https:\\\/\\\/mula.es\\\/web\\\/la-consejera-de-cultura-visita-el-real-monasterio-de-la-encarnacion\\\/\"]}]},{\"@type\":\"ImageObject\",\"inLanguage\":\"es\",\"@id\":\"https:\\\/\\\/mula.es\\\/web\\\/la-consejera-de-cultura-visita-el-real-monasterio-de-la-encarnacion\\\/#primaryimage\",\"url\":\"https:\\\/\\\/mula.es\\\/web\\\/wp-content\\\/uploads\\\/2016\\\/10\\\/14712634_10154154756733802_1496875573706837373_o.jpg\",\"contentUrl\":\"https:\\\/\\\/mula.es\\\/web\\\/wp-content\\\/uploads\\\/2016\\\/10\\\/14712634_10154154756733802_1496875573706837373_o.jpg\",\"width\":1600,\"height\":1200,\"caption\":\"consejera cultura visita monasterio encarnaci\u00f3n\"},{\"@type\":\"BreadcrumbList\",\"@id\":\"https:\\\/\\\/mula.es\\\/web\\\/la-consejera-de-cultura-visita-el-real-monasterio-de-la-encarnacion\\\/#breadcrumb\",\"itemListElement\":[{\"@type\":\"ListItem\",\"position\":1,\"name\":\"Portada\",\"item\":\"https:\\\/\\\/mula.es\\\/web\\\/\"},{\"@type\":\"ListItem\",\"position\":2,\"name\":\"La Consejera de Cultura visita el Real Monasterio de la Encarnaci\u00f3n\"}]},{\"@type\":\"WebSite\",\"@id\":\"https:\\\/\\\/mula.es\\\/web\\\/#website\",\"url\":\"https:\\\/\\\/mula.es\\\/web\\\/\",\"name\":\"Ayuntamiento de Mula\",\"description\":\"P\u00e1gina web del Ayuntamiento de Mula (Regi\u00f3n de Murcia)\",\"potentialAction\":[{\"@type\":\"SearchAction\",\"target\":{\"@type\":\"EntryPoint\",\"urlTemplate\":\"https:\\\/\\\/mula.es\\\/web\\\/?s={search_term_string}\"},\"query-input\":{\"@type\":\"PropertyValueSpecification\",\"valueRequired\":true,\"valueName\":\"search_term_string\"}}],\"inLanguage\":\"es\"},{\"@type\":\"Person\",\"@id\":\"https:\\\/\\\/mula.es\\\/web\\\/#\\\/schema\\\/person\\\/a0dbffe9f4a3ed4aaebedcfef02f71a1\",\"name\":\"admin\",\"image\":{\"@type\":\"ImageObject\",\"inLanguage\":\"es\",\"@id\":\"https:\\\/\\\/secure.gravatar.com\\\/avatar\\\/5423b9cd77f4c7f89a124365a268866f9dfee038c17fe9e37afd92b5920d810e?s=96&d=mm&r=g\",\"url\":\"https:\\\/\\\/secure.gravatar.com\\\/avatar\\\/5423b9cd77f4c7f89a124365a268866f9dfee038c17fe9e37afd92b5920d810e?s=96&d=mm&r=g\",\"contentUrl\":\"https:\\\/\\\/secure.gravatar.com\\\/avatar\\\/5423b9cd77f4c7f89a124365a268866f9dfee038c17fe9e37afd92b5920d810e?s=96&d=mm&r=g\",\"caption\":\"admin\"},\"description\":\"Lorem ipsum dolor sit amet, consectetur adipiscing elit. Nam viverra euismod odio, gravida pellentesque urna varius vitae. Sed dui lorem, adipiscing in adipiscing et, interdum nec metus. Mauris ultricies, justo eu convallis placerat, felis enim ornare nisi, vitae mattis nulla ante id dui. Ut lectus purus, commodo et tincidunt vel, interdum sed lectus. Vestibulum adipiscing tempor nisi id elementi.\",\"url\":\"https:\\\/\\\/mula.es\\\/web\\\/author\\\/jose-maria-boti\\\/\"}]}<\/script>\n<!-- \/ Yoast SEO plugin. -->","yoast_head_json":{"title":"La Consejera de Cultura visita el Real Monasterio de la Encarnaci\u00f3n - Ayuntamiento de Mula","robots":{"index":"index","follow":"follow","max-snippet":"max-snippet:-1","max-image-preview":"max-image-preview:large","max-video-preview":"max-video-preview:-1"},"canonical":"https:\/\/mula.es\/web\/la-consejera-de-cultura-visita-el-real-monasterio-de-la-encarnacion\/","og_locale":"es_ES","og_type":"article","og_title":"La Consejera de Cultura visita el Real Monasterio de la Encarnaci\u00f3n - Ayuntamiento de Mula","og_url":"https:\/\/mula.es\/web\/la-consejera-de-cultura-visita-el-real-monasterio-de-la-encarnacion\/","og_site_name":"Ayuntamiento de Mula","article_published_time":"2016-10-17T13:19:56+00:00","article_modified_time":"2021-05-12T18:16:56+00:00","og_image":[{"width":1600,"height":1200,"url":"https:\/\/i0.wp.com\/mula.es\/web\/wp-content\/uploads\/2016\/10\/14712634_10154154756733802_1496875573706837373_o.jpg?fit=1600%2C1200&ssl=1","type":"image\/jpeg"}],"author":"admin","twitter_card":"summary_large_image","twitter_creator":"@AyuntamientMula","twitter_site":"@AyuntamientMula","twitter_misc":{"Escrito por":"admin","Tiempo de lectura":"1 minuto"},"schema":{"@context":"https:\/\/schema.org","@graph":[{"@type":"Article","@id":"https:\/\/mula.es\/web\/la-consejera-de-cultura-visita-el-real-monasterio-de-la-encarnacion\/#article","isPartOf":{"@id":"https:\/\/mula.es\/web\/la-consejera-de-cultura-visita-el-real-monasterio-de-la-encarnacion\/"},"author":{"name":"admin","@id":"https:\/\/mula.es\/web\/#\/schema\/person\/a0dbffe9f4a3ed4aaebedcfef02f71a1"},"headline":"La Consejera de Cultura visita el Real Monasterio de la Encarnaci\u00f3n","datePublished":"2016-10-17T13:19:56+00:00","dateModified":"2021-05-12T18:16:56+00:00","mainEntityOfPage":{"@id":"https:\/\/mula.es\/web\/la-consejera-de-cultura-visita-el-real-monasterio-de-la-encarnacion\/"},"wordCount":164,"image":{"@id":"https:\/\/mula.es\/web\/la-consejera-de-cultura-visita-el-real-monasterio-de-la-encarnacion\/#primaryimage"},"thumbnailUrl":"https:\/\/mula.es\/web\/wp-content\/uploads\/2016\/10\/14712634_10154154756733802_1496875573706837373_o.jpg","articleSection":["cultura"],"inLanguage":"es"},{"@type":"WebPage","@id":"https:\/\/mula.es\/web\/la-consejera-de-cultura-visita-el-real-monasterio-de-la-encarnacion\/","url":"https:\/\/mula.es\/web\/la-consejera-de-cultura-visita-el-real-monasterio-de-la-encarnacion\/","name":"La Consejera de Cultura visita el Real Monasterio de la Encarnaci\u00f3n - Ayuntamiento de Mula","isPartOf":{"@id":"https:\/\/mula.es\/web\/#website"},"primaryImageOfPage":{"@id":"https:\/\/mula.es\/web\/la-consejera-de-cultura-visita-el-real-monasterio-de-la-encarnacion\/#primaryimage"},"image":{"@id":"https:\/\/mula.es\/web\/la-consejera-de-cultura-visita-el-real-monasterio-de-la-encarnacion\/#primaryimage"},"thumbnailUrl":"https:\/\/mula.es\/web\/wp-content\/uploads\/2016\/10\/14712634_10154154756733802_1496875573706837373_o.jpg","datePublished":"2016-10-17T13:19:56+00:00","dateModified":"2021-05-12T18:16:56+00:00","author":{"@id":"https:\/\/mula.es\/web\/#\/schema\/person\/a0dbffe9f4a3ed4aaebedcfef02f71a1"},"breadcrumb":{"@id":"https:\/\/mula.es\/web\/la-consejera-de-cultura-visita-el-real-monasterio-de-la-encarnacion\/#breadcrumb"},"inLanguage":"es","potentialAction":[{"@type":"ReadAction","target":["https:\/\/mula.es\/web\/la-consejera-de-cultura-visita-el-real-monasterio-de-la-encarnacion\/"]}]},{"@type":"ImageObject","inLanguage":"es","@id":"https:\/\/mula.es\/web\/la-consejera-de-cultura-visita-el-real-monasterio-de-la-encarnacion\/#primaryimage","url":"https:\/\/mula.es\/web\/wp-content\/uploads\/2016\/10\/14712634_10154154756733802_1496875573706837373_o.jpg","contentUrl":"https:\/\/mula.es\/web\/wp-content\/uploads\/2016\/10\/14712634_10154154756733802_1496875573706837373_o.jpg","width":1600,"height":1200,"caption":"consejera cultura visita monasterio encarnaci\u00f3n"},{"@type":"BreadcrumbList","@id":"https:\/\/mula.es\/web\/la-consejera-de-cultura-visita-el-real-monasterio-de-la-encarnacion\/#breadcrumb","itemListElement":[{"@type":"ListItem","position":1,"name":"Portada","item":"https:\/\/mula.es\/web\/"},{"@type":"ListItem","position":2,"name":"La Consejera de Cultura visita el Real Monasterio de la Encarnaci\u00f3n"}]},{"@type":"WebSite","@id":"https:\/\/mula.es\/web\/#website","url":"https:\/\/mula.es\/web\/","name":"Ayuntamiento de Mula","description":"P\u00e1gina web del Ayuntamiento de Mula (Regi\u00f3n de Murcia)","potentialAction":[{"@type":"SearchAction","target":{"@type":"EntryPoint","urlTemplate":"https:\/\/mula.es\/web\/?s={search_term_string}"},"query-input":{"@type":"PropertyValueSpecification","valueRequired":true,"valueName":"search_term_string"}}],"inLanguage":"es"},{"@type":"Person","@id":"https:\/\/mula.es\/web\/#\/schema\/person\/a0dbffe9f4a3ed4aaebedcfef02f71a1","name":"admin","image":{"@type":"ImageObject","inLanguage":"es","@id":"https:\/\/secure.gravatar.com\/avatar\/5423b9cd77f4c7f89a124365a268866f9dfee038c17fe9e37afd92b5920d810e?s=96&d=mm&r=g","url":"https:\/\/secure.gravatar.com\/avatar\/5423b9cd77f4c7f89a124365a268866f9dfee038c17fe9e37afd92b5920d810e?s=96&d=mm&r=g","contentUrl":"https:\/\/secure.gravatar.com\/avatar\/5423b9cd77f4c7f89a124365a268866f9dfee038c17fe9e37afd92b5920d810e?s=96&d=mm&r=g","caption":"admin"},"description":"Lorem ipsum dolor sit amet, consectetur adipiscing elit. Nam viverra euismod odio, gravida pellentesque urna varius vitae. Sed dui lorem, adipiscing in adipiscing et, interdum nec metus. Mauris ultricies, justo eu convallis placerat, felis enim ornare nisi, vitae mattis nulla ante id dui. Ut lectus purus, commodo et tincidunt vel, interdum sed lectus. Vestibulum adipiscing tempor nisi id elementi.","url":"https:\/\/mula.es\/web\/author\/jose-maria-boti\/"}]}},"jetpack_publicize_connections":[],"jetpack_featured_media_url":"https:\/\/mula.es\/web\/wp-content\/uploads\/2016\/10\/14712634_10154154756733802_1496875573706837373_o.jpg","jetpack_sharing_enabled":true,"jetpack_shortlink":"https:\/\/wp.me\/pa9DMY-5Ep","jetpack-related-posts":[],"_links":{"self":[{"href":"https:\/\/mula.es\/web\/wp-json\/wp\/v2\/posts\/21725","targetHints":{"allow":["GET"]}}],"collection":[{"href":"https:\/\/mula.es\/web\/wp-json\/wp\/v2\/posts"}],"about":[{"href":"https:\/\/mula.es\/web\/wp-json\/wp\/v2\/types\/post"}],"author":[{"embeddable":true,"href":"https:\/\/mula.es\/web\/wp-json\/wp\/v2\/users\/1"}],"replies":[{"embeddable":true,"href":"https:\/\/mula.es\/web\/wp-json\/wp\/v2\/comments?post=21725"}],"version-history":[{"count":2,"href":"https:\/\/mula.es\/web\/wp-json\/wp\/v2\/posts\/21725\/revisions"}],"predecessor-version":[{"id":39939,"href":"https:\/\/mula.es\/web\/wp-json\/wp\/v2\/posts\/21725\/revisions\/39939"}],"wp:featuredmedia":[{"embeddable":true,"href":"https:\/\/mula.es\/web\/wp-json\/wp\/v2\/media\/21727"}],"wp:attachment":[{"href":"https:\/\/mula.es\/web\/wp-json\/wp\/v2\/media?parent=21725"}],"wp:term":[{"taxonomy":"category","embeddable":true,"href":"https:\/\/mula.es\/web\/wp-json\/wp\/v2\/categories?post=21725"},{"taxonomy":"post_tag","embeddable":true,"href":"https:\/\/mula.es\/web\/wp-json\/wp\/v2\/tags?post=21725"}],"curies":[{"name":"wp","href":"https:\/\/api.w.org\/{rel}","templated":true}]}}