{"id":21992,"date":"2016-10-31T14:22:01","date_gmt":"2016-10-31T13:22:01","guid":{"rendered":"http:\/\/mula.es\/web\/?p=21992"},"modified":"2021-05-12T20:16:49","modified_gmt":"2021-05-12T18:16:49","slug":"presentacion-del-libro-el-legado-de-mula-en-la-historia","status":"publish","type":"post","link":"https:\/\/mula.es\/web\/presentacion-del-libro-el-legado-de-mula-en-la-historia\/","title":{"rendered":"Presentaci\u00f3n del libro: \u00abEl Legado de Mula en la Historia\u00bb"},"content":{"rendered":"<div class=\"fusion-fullwidth fullwidth-box fusion-builder-row-1 fusion-flex-container hundred-percent-fullwidth non-hundred-percent-height-scrolling\" style=\"--awb-border-radius-top-left:0px;--awb-border-radius-top-right:0px;--awb-border-radius-bottom-right:0px;--awb-border-radius-bottom-left:0px;--awb-overflow:visible;--awb-flex-wrap:wrap;\" ><div class=\"fusion-builder-row fusion-row fusion-flex-align-items-flex-start fusion-flex-content-wrap\" style=\"width:104% !important;max-width:104% !important;margin-left: calc(-4% \/ 2 );margin-right: calc(-4% \/ 2 );\"><div class=\"fusion-layout-column fusion_builder_column fusion-builder-column-0 fusion_builder_column_1_1 1_1 fusion-flex-column\" style=\"--awb-bg-size:cover;--awb-width-large:100%;--awb-margin-top-large:0px;--awb-spacing-right-large:1.92%;--awb-margin-bottom-large:20px;--awb-spacing-left-large:1.92%;--awb-width-medium:100%;--awb-spacing-right-medium:1.92%;--awb-spacing-left-medium:1.92%;--awb-width-small:100%;--awb-spacing-right-small:1.92%;--awb-spacing-left-small:1.92%;\"><div class=\"fusion-column-wrapper fusion-flex-justify-content-flex-start fusion-content-layout-column\"><div class=\"fusion-text fusion-text-1\"><p style=\"text-align: justify;\">El pasado viernes fue presentado en el Museo Ciudad de Mula el libro \u201c<strong>El Legado de Mula en la Historia<\/strong>\u201d. El acto se llev\u00f3 a cabo en el recientemente restaurado patio del Convento de San Francisco, en cuyo edificio se alberga el Museo. La presentaci\u00f3n corri\u00f3 a cargo del Sr. Alcalde, Juan Jes\u00fas Moreno Garc\u00eda, del Sr. Concejal De Patrimonio Hist\u00f3rico, Francisco LLamazares y del Arque\u00f3logo Municipal, Jos\u00e9 Antonio Zapata Parra, editor cient\u00edfico del libro.<\/p>\n<p style=\"text-align: justify;\">El libro recoge la historia de Mula desde la prehistoria hasta a la actualidad, a trav\u00e9s de la visi\u00f3n de siete investigadores de primer orden a nivel nacional e internacional. En \u00e9l, han participado arque\u00f3logos e historiadores que han trabajado y trabajan en nuestro municipio, como Joao Zhilao (Rambla Perea Y Cueva Ant\u00f3n), el equipo de Vicente Lull (Almoloya), Virginia Page del Pozo (Cigarralejo), Rafael Gonz\u00e1lez (Almagra y Villaricos), Jos\u00e9 Antonio Zapata (Castillo , Murallas Medievales, Villaricos y en las excavaciones de nuestras Iglesias y Conventos), Juan Guti\u00e9rrez (amante y defensor del Castillo, as\u00ed como gran conocedor de la Familia Fajardo) y Juan Gonz\u00e1lez (Cronista Oficial de la Ciudad de Mulay Director de la Academia Alfonso X el Sabio). El libro se completa con un cat\u00e1logo de las piezas m\u00e1s significativas del Museo.<\/p>\n<p style=\"text-align: justify;\">El Acto asistieron aproximadamente 150 personas, a las que se le regal\u00f3 un ejemplar del libro.<\/p>\n<\/div><\/div><\/div><div class=\"fusion-layout-column fusion_builder_column fusion-builder-column-1 fusion_builder_column_1_2 1_2 fusion-flex-column\" style=\"--awb-bg-size:cover;--awb-width-large:50%;--awb-margin-top-large:0px;--awb-spacing-right-large:3.84%;--awb-margin-bottom-large:20px;--awb-spacing-left-large:3.84%;--awb-width-medium:50%;--awb-spacing-right-medium:3.84%;--awb-spacing-left-medium:3.84%;--awb-width-small:100%;--awb-spacing-right-small:1.92%;--awb-spacing-left-small:1.92%;\"><div class=\"fusion-column-wrapper fusion-flex-justify-content-flex-start fusion-content-layout-column\"><div class=\"fusion-text fusion-text-2\"><div id=\"attachment_21996\" style=\"width: 970px\" class=\"wp-caption aligncenter\"><a href=\"https:\/\/mula.es\/web\/wp-content\/uploads\/2016\/10\/14604837_1453501401345167_6697125083108612514_n.jpg\"><img decoding=\"async\" aria-describedby=\"caption-attachment-21996\" data-attachment-id=\"21996\" data-permalink=\"https:\/\/mula.es\/web\/presentacion-del-libro-el-legado-de-mula-en-la-historia\/14604837_1453501401345167_6697125083108612514_n\/\" data-orig-file=\"https:\/\/mula.es\/web\/wp-content\/uploads\/2016\/10\/14604837_1453501401345167_6697125083108612514_n.jpg\" data-orig-size=\"960,720\" data-comments-opened=\"0\" data-image-meta=\"\" data-image-title=\"14604837_1453501401345167_6697125083108612514_n\" data-image-description=\"\" data-image-caption=\"\" data-large-file=\"https:\/\/mula.es\/web\/wp-content\/uploads\/2016\/10\/14604837_1453501401345167_6697125083108612514_n.jpg\" class=\"wp-image-21996 size-full\" src=\"https:\/\/mula.es\/web\/wp-content\/uploads\/2016\/10\/14604837_1453501401345167_6697125083108612514_n.jpg\" width=\"960\" height=\"720\" srcset=\"https:\/\/mula.es\/web\/wp-content\/uploads\/2016\/10\/14604837_1453501401345167_6697125083108612514_n-200x150.jpg 200w, https:\/\/mula.es\/web\/wp-content\/uploads\/2016\/10\/14604837_1453501401345167_6697125083108612514_n-300x225.jpg 300w, https:\/\/mula.es\/web\/wp-content\/uploads\/2016\/10\/14604837_1453501401345167_6697125083108612514_n-400x300.jpg 400w, https:\/\/mula.es\/web\/wp-content\/uploads\/2016\/10\/14604837_1453501401345167_6697125083108612514_n-600x450.jpg 600w, https:\/\/mula.es\/web\/wp-content\/uploads\/2016\/10\/14604837_1453501401345167_6697125083108612514_n-768x576.jpg 768w, https:\/\/mula.es\/web\/wp-content\/uploads\/2016\/10\/14604837_1453501401345167_6697125083108612514_n-800x600.jpg 800w, https:\/\/mula.es\/web\/wp-content\/uploads\/2016\/10\/14604837_1453501401345167_6697125083108612514_n.jpg 960w\" sizes=\"(max-width: 960px) 100vw, 960px\" \/><\/a><p id=\"caption-attachment-21996\" class=\"wp-caption-text\">Fuente: Radio Mula<\/p><\/div>\n<\/div><\/div><\/div><div class=\"fusion-layout-column fusion_builder_column fusion-builder-column-2 fusion_builder_column_1_2 1_2 fusion-flex-column\" style=\"--awb-bg-size:cover;--awb-width-large:50%;--awb-margin-top-large:0px;--awb-spacing-right-large:3.84%;--awb-margin-bottom-large:20px;--awb-spacing-left-large:3.84%;--awb-width-medium:50%;--awb-spacing-right-medium:3.84%;--awb-spacing-left-medium:3.84%;--awb-width-small:100%;--awb-spacing-right-small:1.92%;--awb-spacing-left-small:1.92%;\"><div class=\"fusion-column-wrapper fusion-flex-justify-content-flex-start fusion-content-layout-column\"><div class=\"fusion-text fusion-text-3\"><div id=\"attachment_21994\" style=\"width: 970px\" class=\"wp-caption aligncenter\"><a href=\"https:\/\/mula.es\/web\/wp-content\/uploads\/2016\/10\/14720359_1453501354678505_6947086860884116875_n.jpg\"><img decoding=\"async\" aria-describedby=\"caption-attachment-21994\" data-attachment-id=\"21994\" data-permalink=\"https:\/\/mula.es\/web\/presentacion-del-libro-el-legado-de-mula-en-la-historia\/14720359_1453501354678505_6947086860884116875_n\/\" data-orig-file=\"https:\/\/mula.es\/web\/wp-content\/uploads\/2016\/10\/14720359_1453501354678505_6947086860884116875_n.jpg\" data-orig-size=\"960,720\" data-comments-opened=\"0\" data-image-meta=\"\" data-image-title=\"presentaci\u00f3n libro legado 2\" data-image-description=\"\" data-image-caption=\"\" data-large-file=\"https:\/\/mula.es\/web\/wp-content\/uploads\/2016\/10\/14720359_1453501354678505_6947086860884116875_n.jpg\" class=\"wp-image-21994 size-full\" src=\"https:\/\/mula.es\/web\/wp-content\/uploads\/2016\/10\/14720359_1453501354678505_6947086860884116875_n.jpg\" alt=\"presentaci\u00f3n libro legado 2\" width=\"960\" height=\"720\" srcset=\"https:\/\/mula.es\/web\/wp-content\/uploads\/2016\/10\/14720359_1453501354678505_6947086860884116875_n-200x150.jpg 200w, https:\/\/mula.es\/web\/wp-content\/uploads\/2016\/10\/14720359_1453501354678505_6947086860884116875_n-300x225.jpg 300w, https:\/\/mula.es\/web\/wp-content\/uploads\/2016\/10\/14720359_1453501354678505_6947086860884116875_n-400x300.jpg 400w, https:\/\/mula.es\/web\/wp-content\/uploads\/2016\/10\/14720359_1453501354678505_6947086860884116875_n-600x450.jpg 600w, https:\/\/mula.es\/web\/wp-content\/uploads\/2016\/10\/14720359_1453501354678505_6947086860884116875_n-768x576.jpg 768w, https:\/\/mula.es\/web\/wp-content\/uploads\/2016\/10\/14720359_1453501354678505_6947086860884116875_n-800x600.jpg 800w, https:\/\/mula.es\/web\/wp-content\/uploads\/2016\/10\/14720359_1453501354678505_6947086860884116875_n.jpg 960w\" sizes=\"(max-width: 960px) 100vw, 960px\" \/><\/a><p id=\"caption-attachment-21994\" class=\"wp-caption-text\">Fuente: Radio Mula<\/p><\/div>\n<\/div><\/div><\/div><div class=\"fusion-layout-column fusion_builder_column fusion-builder-column-3 fusion_builder_column_1_2 1_2 fusion-flex-column\" style=\"--awb-bg-size:cover;--awb-width-large:50%;--awb-margin-top-large:0px;--awb-spacing-right-large:3.84%;--awb-margin-bottom-large:20px;--awb-spacing-left-large:3.84%;--awb-width-medium:50%;--awb-spacing-right-medium:3.84%;--awb-spacing-left-medium:3.84%;--awb-width-small:100%;--awb-spacing-right-small:1.92%;--awb-spacing-left-small:1.92%;\"><div class=\"fusion-column-wrapper fusion-flex-justify-content-flex-start fusion-content-layout-column\"><div class=\"fusion-text fusion-text-4\"><div id=\"attachment_21997\" style=\"width: 970px\" class=\"wp-caption aligncenter\"><a href=\"https:\/\/mula.es\/web\/wp-content\/uploads\/2016\/10\/14595617_1453695054659135_7946507518695838117_n.jpg\"><img aria-describedby=\"caption-attachment-21997\" data-attachment-id=\"21997\" data-permalink=\"https:\/\/mula.es\/web\/presentacion-del-libro-el-legado-de-mula-en-la-historia\/14595617_1453695054659135_7946507518695838117_n\/\" data-orig-file=\"https:\/\/mula.es\/web\/wp-content\/uploads\/2016\/10\/14595617_1453695054659135_7946507518695838117_n.jpg\" data-orig-size=\"960,720\" data-comments-opened=\"0\" data-image-meta=\"\" data-image-title=\"presentaci\u00f3n libro legado 4\" data-image-description=\"\n\n<p><p id=\"caption-attachment-21997\" class=\"wp-caption-text\">presentaci\u00f3n libro legado 4<\/p>\n<p>\" data-image-caption=\"<\/p>\n<p>Fuente: Radio Mula<\/p>\n<p>\" data-large-file=\"https:\/\/mula.es\/web\/wp-content\/uploads\/2016\/10\/14595617_1453695054659135_7946507518695838117_n.jpg\" class=\"size-full wp-image-21997\" src=\"https:\/\/mula.es\/web\/wp-content\/uploads\/2016\/10\/14595617_1453695054659135_7946507518695838117_n.jpg\" alt=\"presentaci\u00f3n libro legado 4\" width=\"960\" height=\"720\" \/><\/a> Fuente: Radio Mula<\/p><\/div>\n<\/div><\/div><\/div><\/div><\/div>\n","protected":false},"excerpt":{"rendered":"","protected":false},"author":1,"featured_media":21993,"comment_status":"closed","ping_status":"closed","sticky":false,"template":"","format":"standard","meta":{"jetpack_post_was_ever_published":false,"_jetpack_newsletter_access":"","_jetpack_dont_email_post_to_subs":false,"_jetpack_newsletter_tier_id":0,"_jetpack_memberships_contains_paywalled_content":false,"_jetpack_memberships_contains_paid_content":false,"footnotes":"","jetpack_publicize_message":"","jetpack_publicize_feature_enabled":true,"jetpack_social_post_already_shared":false,"jetpack_social_options":{"image_generator_settings":{"template":"highway","default_image_id":0,"font":"","enabled":false},"version":2}},"categories":[112],"tags":[],"class_list":["post-21992","post","type-post","status-publish","format-standard","has-post-thumbnail","hentry","category-arqueologia"],"yoast_head":"<!-- This site is optimized with the Yoast SEO plugin v27.5 - https:\/\/yoast.com\/product\/yoast-seo-wordpress\/ -->\n<title>Presentaci\u00f3n del libro: &quot;El Legado de Mula en la Historia&quot; - Ayuntamiento de Mula<\/title>\n<meta name=\"robots\" content=\"index, follow, max-snippet:-1, max-image-preview:large, max-video-preview:-1\" \/>\n<link rel=\"canonical\" href=\"https:\/\/mula.es\/web\/presentacion-del-libro-el-legado-de-mula-en-la-historia\/\" \/>\n<meta property=\"og:locale\" content=\"es_ES\" \/>\n<meta property=\"og:type\" content=\"article\" \/>\n<meta property=\"og:title\" content=\"Presentaci\u00f3n del libro: &quot;El Legado de Mula en la Historia&quot; - Ayuntamiento de Mula\" \/>\n<meta property=\"og:url\" content=\"https:\/\/mula.es\/web\/presentacion-del-libro-el-legado-de-mula-en-la-historia\/\" \/>\n<meta property=\"og:site_name\" content=\"Ayuntamiento de Mula\" \/>\n<meta property=\"article:published_time\" content=\"2016-10-31T13:22:01+00:00\" \/>\n<meta property=\"article:modified_time\" content=\"2021-05-12T18:16:49+00:00\" \/>\n<meta property=\"og:image\" content=\"https:\/\/i0.wp.com\/mula.es\/web\/wp-content\/uploads\/2016\/10\/14900477_1453507964677844_7307224637922505941_n.jpg?fit=960%2C720&ssl=1\" \/>\n\t<meta property=\"og:image:width\" content=\"960\" \/>\n\t<meta property=\"og:image:height\" content=\"720\" \/>\n\t<meta property=\"og:image:type\" content=\"image\/jpeg\" \/>\n<meta name=\"author\" content=\"admin\" \/>\n<meta name=\"twitter:card\" content=\"summary_large_image\" \/>\n<meta name=\"twitter:creator\" content=\"@AyuntamientMula\" \/>\n<meta name=\"twitter:site\" content=\"@AyuntamientMula\" \/>\n<meta name=\"twitter:label1\" content=\"Escrito por\" \/>\n\t<meta name=\"twitter:data1\" content=\"admin\" \/>\n\t<meta name=\"twitter:label2\" content=\"Tiempo de lectura\" \/>\n\t<meta name=\"twitter:data2\" content=\"3 minutos\" \/>\n<script type=\"application\/ld+json\" class=\"yoast-schema-graph\">{\"@context\":\"https:\\\/\\\/schema.org\",\"@graph\":[{\"@type\":\"Article\",\"@id\":\"https:\\\/\\\/mula.es\\\/web\\\/presentacion-del-libro-el-legado-de-mula-en-la-historia\\\/#article\",\"isPartOf\":{\"@id\":\"https:\\\/\\\/mula.es\\\/web\\\/presentacion-del-libro-el-legado-de-mula-en-la-historia\\\/\"},\"author\":{\"name\":\"admin\",\"@id\":\"https:\\\/\\\/mula.es\\\/web\\\/#\\\/schema\\\/person\\\/a0dbffe9f4a3ed4aaebedcfef02f71a1\"},\"headline\":\"Presentaci\u00f3n del libro: \u00abEl Legado de Mula en la Historia\u00bb\",\"datePublished\":\"2016-10-31T13:22:01+00:00\",\"dateModified\":\"2021-05-12T18:16:49+00:00\",\"mainEntityOfPage\":{\"@id\":\"https:\\\/\\\/mula.es\\\/web\\\/presentacion-del-libro-el-legado-de-mula-en-la-historia\\\/\"},\"wordCount\":543,\"image\":{\"@id\":\"https:\\\/\\\/mula.es\\\/web\\\/presentacion-del-libro-el-legado-de-mula-en-la-historia\\\/#primaryimage\"},\"thumbnailUrl\":\"https:\\\/\\\/mula.es\\\/web\\\/wp-content\\\/uploads\\\/2016\\\/10\\\/14900477_1453507964677844_7307224637922505941_n.jpg\",\"articleSection\":[\"arqueolog\u00eda\"],\"inLanguage\":\"es\"},{\"@type\":\"WebPage\",\"@id\":\"https:\\\/\\\/mula.es\\\/web\\\/presentacion-del-libro-el-legado-de-mula-en-la-historia\\\/\",\"url\":\"https:\\\/\\\/mula.es\\\/web\\\/presentacion-del-libro-el-legado-de-mula-en-la-historia\\\/\",\"name\":\"Presentaci\u00f3n del libro: \\\"El Legado de Mula en la Historia\\\" - Ayuntamiento de Mula\",\"isPartOf\":{\"@id\":\"https:\\\/\\\/mula.es\\\/web\\\/#website\"},\"primaryImageOfPage\":{\"@id\":\"https:\\\/\\\/mula.es\\\/web\\\/presentacion-del-libro-el-legado-de-mula-en-la-historia\\\/#primaryimage\"},\"image\":{\"@id\":\"https:\\\/\\\/mula.es\\\/web\\\/presentacion-del-libro-el-legado-de-mula-en-la-historia\\\/#primaryimage\"},\"thumbnailUrl\":\"https:\\\/\\\/mula.es\\\/web\\\/wp-content\\\/uploads\\\/2016\\\/10\\\/14900477_1453507964677844_7307224637922505941_n.jpg\",\"datePublished\":\"2016-10-31T13:22:01+00:00\",\"dateModified\":\"2021-05-12T18:16:49+00:00\",\"author\":{\"@id\":\"https:\\\/\\\/mula.es\\\/web\\\/#\\\/schema\\\/person\\\/a0dbffe9f4a3ed4aaebedcfef02f71a1\"},\"breadcrumb\":{\"@id\":\"https:\\\/\\\/mula.es\\\/web\\\/presentacion-del-libro-el-legado-de-mula-en-la-historia\\\/#breadcrumb\"},\"inLanguage\":\"es\",\"potentialAction\":[{\"@type\":\"ReadAction\",\"target\":[\"https:\\\/\\\/mula.es\\\/web\\\/presentacion-del-libro-el-legado-de-mula-en-la-historia\\\/\"]}]},{\"@type\":\"ImageObject\",\"inLanguage\":\"es\",\"@id\":\"https:\\\/\\\/mula.es\\\/web\\\/presentacion-del-libro-el-legado-de-mula-en-la-historia\\\/#primaryimage\",\"url\":\"https:\\\/\\\/mula.es\\\/web\\\/wp-content\\\/uploads\\\/2016\\\/10\\\/14900477_1453507964677844_7307224637922505941_n.jpg\",\"contentUrl\":\"https:\\\/\\\/mula.es\\\/web\\\/wp-content\\\/uploads\\\/2016\\\/10\\\/14900477_1453507964677844_7307224637922505941_n.jpg\",\"width\":960,\"height\":720,\"caption\":\"presentaci\u00f3n libro legado 1\"},{\"@type\":\"BreadcrumbList\",\"@id\":\"https:\\\/\\\/mula.es\\\/web\\\/presentacion-del-libro-el-legado-de-mula-en-la-historia\\\/#breadcrumb\",\"itemListElement\":[{\"@type\":\"ListItem\",\"position\":1,\"name\":\"Portada\",\"item\":\"https:\\\/\\\/mula.es\\\/web\\\/\"},{\"@type\":\"ListItem\",\"position\":2,\"name\":\"Presentaci\u00f3n del libro: \u00abEl Legado de Mula en la Historia\u00bb\"}]},{\"@type\":\"WebSite\",\"@id\":\"https:\\\/\\\/mula.es\\\/web\\\/#website\",\"url\":\"https:\\\/\\\/mula.es\\\/web\\\/\",\"name\":\"Ayuntamiento de Mula\",\"description\":\"P\u00e1gina web del Ayuntamiento de Mula (Regi\u00f3n de Murcia)\",\"potentialAction\":[{\"@type\":\"SearchAction\",\"target\":{\"@type\":\"EntryPoint\",\"urlTemplate\":\"https:\\\/\\\/mula.es\\\/web\\\/?s={search_term_string}\"},\"query-input\":{\"@type\":\"PropertyValueSpecification\",\"valueRequired\":true,\"valueName\":\"search_term_string\"}}],\"inLanguage\":\"es\"},{\"@type\":\"Person\",\"@id\":\"https:\\\/\\\/mula.es\\\/web\\\/#\\\/schema\\\/person\\\/a0dbffe9f4a3ed4aaebedcfef02f71a1\",\"name\":\"admin\",\"image\":{\"@type\":\"ImageObject\",\"inLanguage\":\"es\",\"@id\":\"https:\\\/\\\/secure.gravatar.com\\\/avatar\\\/5423b9cd77f4c7f89a124365a268866f9dfee038c17fe9e37afd92b5920d810e?s=96&d=mm&r=g\",\"url\":\"https:\\\/\\\/secure.gravatar.com\\\/avatar\\\/5423b9cd77f4c7f89a124365a268866f9dfee038c17fe9e37afd92b5920d810e?s=96&d=mm&r=g\",\"contentUrl\":\"https:\\\/\\\/secure.gravatar.com\\\/avatar\\\/5423b9cd77f4c7f89a124365a268866f9dfee038c17fe9e37afd92b5920d810e?s=96&d=mm&r=g\",\"caption\":\"admin\"},\"description\":\"Lorem ipsum dolor sit amet, consectetur adipiscing elit. Nam viverra euismod odio, gravida pellentesque urna varius vitae. Sed dui lorem, adipiscing in adipiscing et, interdum nec metus. Mauris ultricies, justo eu convallis placerat, felis enim ornare nisi, vitae mattis nulla ante id dui. Ut lectus purus, commodo et tincidunt vel, interdum sed lectus. Vestibulum adipiscing tempor nisi id elementi.\",\"url\":\"https:\\\/\\\/mula.es\\\/web\\\/author\\\/jose-maria-boti\\\/\"}]}<\/script>\n<!-- \/ Yoast SEO plugin. -->","yoast_head_json":{"title":"Presentaci\u00f3n del libro: \"El Legado de Mula en la Historia\" - Ayuntamiento de Mula","robots":{"index":"index","follow":"follow","max-snippet":"max-snippet:-1","max-image-preview":"max-image-preview:large","max-video-preview":"max-video-preview:-1"},"canonical":"https:\/\/mula.es\/web\/presentacion-del-libro-el-legado-de-mula-en-la-historia\/","og_locale":"es_ES","og_type":"article","og_title":"Presentaci\u00f3n del libro: \"El Legado de Mula en la Historia\" - Ayuntamiento de Mula","og_url":"https:\/\/mula.es\/web\/presentacion-del-libro-el-legado-de-mula-en-la-historia\/","og_site_name":"Ayuntamiento de Mula","article_published_time":"2016-10-31T13:22:01+00:00","article_modified_time":"2021-05-12T18:16:49+00:00","og_image":[{"width":960,"height":720,"url":"https:\/\/i0.wp.com\/mula.es\/web\/wp-content\/uploads\/2016\/10\/14900477_1453507964677844_7307224637922505941_n.jpg?fit=960%2C720&ssl=1","type":"image\/jpeg"}],"author":"admin","twitter_card":"summary_large_image","twitter_creator":"@AyuntamientMula","twitter_site":"@AyuntamientMula","twitter_misc":{"Escrito por":"admin","Tiempo de lectura":"3 minutos"},"schema":{"@context":"https:\/\/schema.org","@graph":[{"@type":"Article","@id":"https:\/\/mula.es\/web\/presentacion-del-libro-el-legado-de-mula-en-la-historia\/#article","isPartOf":{"@id":"https:\/\/mula.es\/web\/presentacion-del-libro-el-legado-de-mula-en-la-historia\/"},"author":{"name":"admin","@id":"https:\/\/mula.es\/web\/#\/schema\/person\/a0dbffe9f4a3ed4aaebedcfef02f71a1"},"headline":"Presentaci\u00f3n del libro: \u00abEl Legado de Mula en la Historia\u00bb","datePublished":"2016-10-31T13:22:01+00:00","dateModified":"2021-05-12T18:16:49+00:00","mainEntityOfPage":{"@id":"https:\/\/mula.es\/web\/presentacion-del-libro-el-legado-de-mula-en-la-historia\/"},"wordCount":543,"image":{"@id":"https:\/\/mula.es\/web\/presentacion-del-libro-el-legado-de-mula-en-la-historia\/#primaryimage"},"thumbnailUrl":"https:\/\/mula.es\/web\/wp-content\/uploads\/2016\/10\/14900477_1453507964677844_7307224637922505941_n.jpg","articleSection":["arqueolog\u00eda"],"inLanguage":"es"},{"@type":"WebPage","@id":"https:\/\/mula.es\/web\/presentacion-del-libro-el-legado-de-mula-en-la-historia\/","url":"https:\/\/mula.es\/web\/presentacion-del-libro-el-legado-de-mula-en-la-historia\/","name":"Presentaci\u00f3n del libro: \"El Legado de Mula en la Historia\" - Ayuntamiento de Mula","isPartOf":{"@id":"https:\/\/mula.es\/web\/#website"},"primaryImageOfPage":{"@id":"https:\/\/mula.es\/web\/presentacion-del-libro-el-legado-de-mula-en-la-historia\/#primaryimage"},"image":{"@id":"https:\/\/mula.es\/web\/presentacion-del-libro-el-legado-de-mula-en-la-historia\/#primaryimage"},"thumbnailUrl":"https:\/\/mula.es\/web\/wp-content\/uploads\/2016\/10\/14900477_1453507964677844_7307224637922505941_n.jpg","datePublished":"2016-10-31T13:22:01+00:00","dateModified":"2021-05-12T18:16:49+00:00","author":{"@id":"https:\/\/mula.es\/web\/#\/schema\/person\/a0dbffe9f4a3ed4aaebedcfef02f71a1"},"breadcrumb":{"@id":"https:\/\/mula.es\/web\/presentacion-del-libro-el-legado-de-mula-en-la-historia\/#breadcrumb"},"inLanguage":"es","potentialAction":[{"@type":"ReadAction","target":["https:\/\/mula.es\/web\/presentacion-del-libro-el-legado-de-mula-en-la-historia\/"]}]},{"@type":"ImageObject","inLanguage":"es","@id":"https:\/\/mula.es\/web\/presentacion-del-libro-el-legado-de-mula-en-la-historia\/#primaryimage","url":"https:\/\/mula.es\/web\/wp-content\/uploads\/2016\/10\/14900477_1453507964677844_7307224637922505941_n.jpg","contentUrl":"https:\/\/mula.es\/web\/wp-content\/uploads\/2016\/10\/14900477_1453507964677844_7307224637922505941_n.jpg","width":960,"height":720,"caption":"presentaci\u00f3n libro legado 1"},{"@type":"BreadcrumbList","@id":"https:\/\/mula.es\/web\/presentacion-del-libro-el-legado-de-mula-en-la-historia\/#breadcrumb","itemListElement":[{"@type":"ListItem","position":1,"name":"Portada","item":"https:\/\/mula.es\/web\/"},{"@type":"ListItem","position":2,"name":"Presentaci\u00f3n del libro: \u00abEl Legado de Mula en la Historia\u00bb"}]},{"@type":"WebSite","@id":"https:\/\/mula.es\/web\/#website","url":"https:\/\/mula.es\/web\/","name":"Ayuntamiento de Mula","description":"P\u00e1gina web del Ayuntamiento de Mula (Regi\u00f3n de Murcia)","potentialAction":[{"@type":"SearchAction","target":{"@type":"EntryPoint","urlTemplate":"https:\/\/mula.es\/web\/?s={search_term_string}"},"query-input":{"@type":"PropertyValueSpecification","valueRequired":true,"valueName":"search_term_string"}}],"inLanguage":"es"},{"@type":"Person","@id":"https:\/\/mula.es\/web\/#\/schema\/person\/a0dbffe9f4a3ed4aaebedcfef02f71a1","name":"admin","image":{"@type":"ImageObject","inLanguage":"es","@id":"https:\/\/secure.gravatar.com\/avatar\/5423b9cd77f4c7f89a124365a268866f9dfee038c17fe9e37afd92b5920d810e?s=96&d=mm&r=g","url":"https:\/\/secure.gravatar.com\/avatar\/5423b9cd77f4c7f89a124365a268866f9dfee038c17fe9e37afd92b5920d810e?s=96&d=mm&r=g","contentUrl":"https:\/\/secure.gravatar.com\/avatar\/5423b9cd77f4c7f89a124365a268866f9dfee038c17fe9e37afd92b5920d810e?s=96&d=mm&r=g","caption":"admin"},"description":"Lorem ipsum dolor sit amet, consectetur adipiscing elit. Nam viverra euismod odio, gravida pellentesque urna varius vitae. Sed dui lorem, adipiscing in adipiscing et, interdum nec metus. Mauris ultricies, justo eu convallis placerat, felis enim ornare nisi, vitae mattis nulla ante id dui. Ut lectus purus, commodo et tincidunt vel, interdum sed lectus. Vestibulum adipiscing tempor nisi id elementi.","url":"https:\/\/mula.es\/web\/author\/jose-maria-boti\/"}]}},"jetpack_publicize_connections":[],"jetpack_featured_media_url":"https:\/\/mula.es\/web\/wp-content\/uploads\/2016\/10\/14900477_1453507964677844_7307224637922505941_n.jpg","jetpack_sharing_enabled":true,"jetpack_shortlink":"https:\/\/wp.me\/pa9DMY-5II","jetpack-related-posts":[],"_links":{"self":[{"href":"https:\/\/mula.es\/web\/wp-json\/wp\/v2\/posts\/21992","targetHints":{"allow":["GET"]}}],"collection":[{"href":"https:\/\/mula.es\/web\/wp-json\/wp\/v2\/posts"}],"about":[{"href":"https:\/\/mula.es\/web\/wp-json\/wp\/v2\/types\/post"}],"author":[{"embeddable":true,"href":"https:\/\/mula.es\/web\/wp-json\/wp\/v2\/users\/1"}],"replies":[{"embeddable":true,"href":"https:\/\/mula.es\/web\/wp-json\/wp\/v2\/comments?post=21992"}],"version-history":[{"count":3,"href":"https:\/\/mula.es\/web\/wp-json\/wp\/v2\/posts\/21992\/revisions"}],"predecessor-version":[{"id":39914,"href":"https:\/\/mula.es\/web\/wp-json\/wp\/v2\/posts\/21992\/revisions\/39914"}],"wp:featuredmedia":[{"embeddable":true,"href":"https:\/\/mula.es\/web\/wp-json\/wp\/v2\/media\/21993"}],"wp:attachment":[{"href":"https:\/\/mula.es\/web\/wp-json\/wp\/v2\/media?parent=21992"}],"wp:term":[{"taxonomy":"category","embeddable":true,"href":"https:\/\/mula.es\/web\/wp-json\/wp\/v2\/categories?post=21992"},{"taxonomy":"post_tag","embeddable":true,"href":"https:\/\/mula.es\/web\/wp-json\/wp\/v2\/tags?post=21992"}],"curies":[{"name":"wp","href":"https:\/\/api.w.org\/{rel}","templated":true}]}}