{"id":22313,"date":"2016-12-19T14:50:27","date_gmt":"2016-12-19T13:50:27","guid":{"rendered":"http:\/\/mula.es\/web\/?p=22313"},"modified":"2021-05-12T20:16:32","modified_gmt":"2021-05-12T18:16:32","slug":"visita-alcalde-de-zonas-afectadas-por-lluvias","status":"publish","type":"post","link":"https:\/\/mula.es\/web\/visita-alcalde-de-zonas-afectadas-por-lluvias\/","title":{"rendered":"Visita del Alcalde a zonas m\u00e1s afectadas por lluvias"},"content":{"rendered":"<div class=\"fusion-fullwidth fullwidth-box fusion-builder-row-1 fusion-flex-container hundred-percent-fullwidth non-hundred-percent-height-scrolling\" style=\"--awb-border-radius-top-left:0px;--awb-border-radius-top-right:0px;--awb-border-radius-bottom-right:0px;--awb-border-radius-bottom-left:0px;--awb-overflow:visible;--awb-flex-wrap:wrap;\" ><div class=\"fusion-builder-row fusion-row fusion-flex-align-items-flex-start fusion-flex-content-wrap\" style=\"width:104% !important;max-width:104% !important;margin-left: calc(-4% \/ 2 );margin-right: calc(-4% \/ 2 );\"><div class=\"fusion-layout-column fusion_builder_column fusion-builder-column-0 fusion_builder_column_1_1 1_1 fusion-flex-column fusion-flex-align-self-flex-start fusion-column-no-min-height\" style=\"--awb-bg-size:cover;--awb-width-large:100%;--awb-margin-top-large:0px;--awb-spacing-right-large:1.92%;--awb-margin-bottom-large:0px;--awb-spacing-left-large:1.92%;--awb-width-medium:100%;--awb-spacing-right-medium:1.92%;--awb-spacing-left-medium:1.92%;--awb-width-small:100%;--awb-spacing-right-small:1.92%;--awb-spacing-left-small:1.92%;\"><div class=\"fusion-column-wrapper fusion-flex-justify-content-flex-start fusion-content-layout-column\"><div class=\"fusion-text fusion-text-1\"><p>El Alcalde-Presidente del Excmo. Ayuntamiento de Mula, Juan Jes\u00fas Moreno Garc\u00eda, y el Concejal de Obras y Servicios, Francisco Javier Llamazares, han visitado, durante la ma\u00f1ana de hoy, las zonas m\u00e1s afectadas por el temporal de lluvias que ha afectado al municipio de Mula.<\/p>\n<p>El primer edil ha se\u00f1alado que salvo algunos despedimientos en muros y diversos arrastres, no se han producido da\u00f1os de consideraci\u00f3n en el Municipio. Adem\u00e1s, ha se\u00f1alado que una vez desactivada la alerta por fuertes lluvias en la Regi\u00f3n de Murcia, la situaci\u00f3n es de tranquilidad.<\/p>\n<p>Juan Jes\u00fas Moreno, acompa\u00f1ado por t\u00e9cnicos municipales durante la visita, ha agradecido a Polic\u00eda Local, Protecci\u00f3n Civil y Servicio de Mantenimiento, el gran trabajo desarrollado durante todo el fin de semana, para la seguridad y tranquilidad de todos los mule\u00f1os.<\/p>\n<\/div><\/div><\/div><div class=\"fusion-layout-column fusion_builder_column fusion-builder-column-1 fusion_builder_column_1_3 1_3 fusion-flex-column\" style=\"--awb-bg-size:cover;--awb-width-large:33.333333333333%;--awb-margin-top-large:0px;--awb-spacing-right-large:5.76%;--awb-margin-bottom-large:20px;--awb-spacing-left-large:5.76%;--awb-width-medium:33.333333333333%;--awb-spacing-right-medium:5.76%;--awb-spacing-left-medium:5.76%;--awb-width-small:100%;--awb-spacing-right-small:1.92%;--awb-spacing-left-small:1.92%;\"><div class=\"fusion-column-wrapper fusion-flex-justify-content-flex-start fusion-content-layout-column\"><div class=\"fusion-text fusion-text-2\"><p><a href=\"https:\/\/mula.es\/web\/wp-content\/uploads\/2016\/12\/Alerta-2.jpg\"><img decoding=\"async\" data-attachment-id=\"22319\" data-permalink=\"https:\/\/mula.es\/web\/visita-alcalde-de-zonas-afectadas-por-lluvias\/alerta-2\/\" data-orig-file=\"https:\/\/mula.es\/web\/wp-content\/uploads\/2016\/12\/Alerta-2.jpg\" data-orig-size=\"1600,900\" data-comments-opened=\"0\" data-image-meta=\"\" data-image-title=\"Visita lluvias 1\" data-image-description=\"\" data-image-caption=\"\" data-large-file=\"https:\/\/mula.es\/web\/wp-content\/uploads\/2016\/12\/Alerta-2-1024x576.jpg\" class=\"aligncenter size-large wp-image-22319\" src=\"https:\/\/mula.es\/web\/wp-content\/uploads\/2016\/12\/Alerta-2-1024x576.jpg\" alt=\"Visita lluvias 1\" width=\"1024\" height=\"576\" srcset=\"https:\/\/mula.es\/web\/wp-content\/uploads\/2016\/12\/Alerta-2-200x113.jpg 200w, https:\/\/mula.es\/web\/wp-content\/uploads\/2016\/12\/Alerta-2-300x169.jpg 300w, https:\/\/mula.es\/web\/wp-content\/uploads\/2016\/12\/Alerta-2-400x225.jpg 400w, https:\/\/mula.es\/web\/wp-content\/uploads\/2016\/12\/Alerta-2-600x338.jpg 600w, https:\/\/mula.es\/web\/wp-content\/uploads\/2016\/12\/Alerta-2-768x432.jpg 768w, https:\/\/mula.es\/web\/wp-content\/uploads\/2016\/12\/Alerta-2-800x450.jpg 800w, https:\/\/mula.es\/web\/wp-content\/uploads\/2016\/12\/Alerta-2-1024x576.jpg 1024w, https:\/\/mula.es\/web\/wp-content\/uploads\/2016\/12\/Alerta-2-1200x675.jpg 1200w, https:\/\/mula.es\/web\/wp-content\/uploads\/2016\/12\/Alerta-2.jpg 1600w\" sizes=\"(max-width: 1024px) 100vw, 1024px\" \/><\/a><\/p>\n<\/div><\/div><\/div><div class=\"fusion-layout-column fusion_builder_column fusion-builder-column-2 fusion_builder_column_1_3 1_3 fusion-flex-column\" style=\"--awb-bg-size:cover;--awb-width-large:33.333333333333%;--awb-margin-top-large:0px;--awb-spacing-right-large:5.76%;--awb-margin-bottom-large:20px;--awb-spacing-left-large:5.76%;--awb-width-medium:33.333333333333%;--awb-spacing-right-medium:5.76%;--awb-spacing-left-medium:5.76%;--awb-width-small:100%;--awb-spacing-right-small:1.92%;--awb-spacing-left-small:1.92%;\"><div class=\"fusion-column-wrapper fusion-flex-justify-content-flex-start fusion-content-layout-column\"><div class=\"fusion-text fusion-text-3\"><p><a href=\"https:\/\/mula.es\/web\/wp-content\/uploads\/2016\/12\/Alerta-1.jpg\"><img decoding=\"async\" data-attachment-id=\"22320\" data-permalink=\"https:\/\/mula.es\/web\/visita-alcalde-de-zonas-afectadas-por-lluvias\/alerta-1\/\" data-orig-file=\"https:\/\/mula.es\/web\/wp-content\/uploads\/2016\/12\/Alerta-1.jpg\" data-orig-size=\"1600,900\" data-comments-opened=\"0\" data-image-meta=\"\" data-image-title=\"Visita lluvias 2\" data-image-description=\"\" data-image-caption=\"\" data-large-file=\"https:\/\/mula.es\/web\/wp-content\/uploads\/2016\/12\/Alerta-1-1024x576.jpg\" class=\"aligncenter size-large wp-image-22320\" src=\"https:\/\/mula.es\/web\/wp-content\/uploads\/2016\/12\/Alerta-1-1024x576.jpg\" alt=\"Visita lluvias 2\" width=\"1024\" height=\"576\" srcset=\"https:\/\/mula.es\/web\/wp-content\/uploads\/2016\/12\/Alerta-1-200x113.jpg 200w, https:\/\/mula.es\/web\/wp-content\/uploads\/2016\/12\/Alerta-1-300x169.jpg 300w, https:\/\/mula.es\/web\/wp-content\/uploads\/2016\/12\/Alerta-1-400x225.jpg 400w, https:\/\/mula.es\/web\/wp-content\/uploads\/2016\/12\/Alerta-1-600x338.jpg 600w, https:\/\/mula.es\/web\/wp-content\/uploads\/2016\/12\/Alerta-1-768x432.jpg 768w, https:\/\/mula.es\/web\/wp-content\/uploads\/2016\/12\/Alerta-1-800x450.jpg 800w, https:\/\/mula.es\/web\/wp-content\/uploads\/2016\/12\/Alerta-1-1024x576.jpg 1024w, https:\/\/mula.es\/web\/wp-content\/uploads\/2016\/12\/Alerta-1-1200x675.jpg 1200w, https:\/\/mula.es\/web\/wp-content\/uploads\/2016\/12\/Alerta-1.jpg 1600w\" sizes=\"(max-width: 1024px) 100vw, 1024px\" \/><\/a><\/p>\n<\/div><\/div><\/div><div class=\"fusion-layout-column fusion_builder_column fusion-builder-column-3 fusion_builder_column_1_3 1_3 fusion-flex-column\" style=\"--awb-bg-size:cover;--awb-width-large:33.333333333333%;--awb-margin-top-large:0px;--awb-spacing-right-large:5.76%;--awb-margin-bottom-large:20px;--awb-spacing-left-large:5.76%;--awb-width-medium:33.333333333333%;--awb-spacing-right-medium:5.76%;--awb-spacing-left-medium:5.76%;--awb-width-small:100%;--awb-spacing-right-small:1.92%;--awb-spacing-left-small:1.92%;\"><div class=\"fusion-column-wrapper fusion-flex-justify-content-flex-start fusion-content-layout-column\"><div class=\"fusion-text fusion-text-4\"><p><a href=\"https:\/\/mula.es\/web\/wp-content\/uploads\/2016\/12\/Alerta-4.jpg\"><img decoding=\"async\" data-attachment-id=\"22321\" data-permalink=\"https:\/\/mula.es\/web\/visita-alcalde-de-zonas-afectadas-por-lluvias\/alerta-4\/\" data-orig-file=\"https:\/\/mula.es\/web\/wp-content\/uploads\/2016\/12\/Alerta-4.jpg\" data-orig-size=\"1600,900\" data-comments-opened=\"0\" data-image-meta=\"\" data-image-title=\"Visita lluvias 4\" data-image-description=\"\" data-image-caption=\"\" data-large-file=\"https:\/\/mula.es\/web\/wp-content\/uploads\/2016\/12\/Alerta-4-1024x576.jpg\" class=\"aligncenter size-large wp-image-22321\" src=\"https:\/\/mula.es\/web\/wp-content\/uploads\/2016\/12\/Alerta-4-1024x576.jpg\" alt=\"Visita lluvias 4\" width=\"1024\" height=\"576\" srcset=\"https:\/\/mula.es\/web\/wp-content\/uploads\/2016\/12\/Alerta-4-200x113.jpg 200w, https:\/\/mula.es\/web\/wp-content\/uploads\/2016\/12\/Alerta-4-300x169.jpg 300w, https:\/\/mula.es\/web\/wp-content\/uploads\/2016\/12\/Alerta-4-400x225.jpg 400w, https:\/\/mula.es\/web\/wp-content\/uploads\/2016\/12\/Alerta-4-600x338.jpg 600w, https:\/\/mula.es\/web\/wp-content\/uploads\/2016\/12\/Alerta-4-768x432.jpg 768w, https:\/\/mula.es\/web\/wp-content\/uploads\/2016\/12\/Alerta-4-800x450.jpg 800w, https:\/\/mula.es\/web\/wp-content\/uploads\/2016\/12\/Alerta-4-1024x576.jpg 1024w, https:\/\/mula.es\/web\/wp-content\/uploads\/2016\/12\/Alerta-4-1200x675.jpg 1200w, https:\/\/mula.es\/web\/wp-content\/uploads\/2016\/12\/Alerta-4.jpg 1600w\" sizes=\"(max-width: 1024px) 100vw, 1024px\" \/><\/a><\/p>\n<\/div><\/div><\/div><\/div><\/div>\n","protected":false},"excerpt":{"rendered":"","protected":false},"author":1,"featured_media":22315,"comment_status":"closed","ping_status":"closed","sticky":false,"template":"","format":"standard","meta":{"jetpack_post_was_ever_published":false,"_jetpack_newsletter_access":"","_jetpack_dont_email_post_to_subs":false,"_jetpack_newsletter_tier_id":0,"_jetpack_memberships_contains_paywalled_content":false,"_jetpack_memberships_contains_paid_content":false,"footnotes":"","jetpack_publicize_message":"","jetpack_publicize_feature_enabled":true,"jetpack_social_post_already_shared":false,"jetpack_social_options":{"image_generator_settings":{"template":"highway","default_image_id":0,"font":"","enabled":false},"version":2}},"categories":[127,338,130],"tags":[],"class_list":["post-22313","post","type-post","status-publish","format-standard","has-post-thumbnail","hentry","category-alcalde","category-obras-y-servicios","category-seguridad-ciudadana"],"yoast_head":"<!-- This site is optimized with the Yoast SEO plugin v27.5 - https:\/\/yoast.com\/product\/yoast-seo-wordpress\/ -->\n<title>Visita del Alcalde a zonas m\u00e1s afectadas por lluvias - Ayuntamiento de Mula<\/title>\n<meta name=\"robots\" content=\"index, follow, max-snippet:-1, max-image-preview:large, max-video-preview:-1\" \/>\n<link rel=\"canonical\" href=\"https:\/\/mula.es\/web\/visita-alcalde-de-zonas-afectadas-por-lluvias\/\" \/>\n<meta property=\"og:locale\" content=\"es_ES\" \/>\n<meta property=\"og:type\" content=\"article\" \/>\n<meta property=\"og:title\" content=\"Visita del Alcalde a zonas m\u00e1s afectadas por lluvias - Ayuntamiento de Mula\" \/>\n<meta property=\"og:url\" content=\"https:\/\/mula.es\/web\/visita-alcalde-de-zonas-afectadas-por-lluvias\/\" \/>\n<meta property=\"og:site_name\" content=\"Ayuntamiento de Mula\" \/>\n<meta property=\"article:published_time\" content=\"2016-12-19T13:50:27+00:00\" \/>\n<meta property=\"article:modified_time\" content=\"2021-05-12T18:16:32+00:00\" \/>\n<meta property=\"og:image\" content=\"https:\/\/i0.wp.com\/mula.es\/web\/wp-content\/uploads\/2016\/12\/Alerta-3.jpg?fit=1600%2C900&ssl=1\" \/>\n\t<meta property=\"og:image:width\" content=\"1600\" \/>\n\t<meta property=\"og:image:height\" content=\"900\" \/>\n\t<meta property=\"og:image:type\" content=\"image\/jpeg\" \/>\n<meta name=\"author\" content=\"admin\" \/>\n<meta name=\"twitter:card\" content=\"summary_large_image\" \/>\n<meta name=\"twitter:creator\" content=\"@AyuntamientMula\" \/>\n<meta name=\"twitter:site\" content=\"@AyuntamientMula\" \/>\n<meta name=\"twitter:label1\" content=\"Escrito por\" \/>\n\t<meta name=\"twitter:data1\" content=\"admin\" \/>\n\t<meta name=\"twitter:label2\" content=\"Tiempo de lectura\" \/>\n\t<meta name=\"twitter:data2\" content=\"2 minutos\" \/>\n<script type=\"application\/ld+json\" class=\"yoast-schema-graph\">{\"@context\":\"https:\\\/\\\/schema.org\",\"@graph\":[{\"@type\":\"Article\",\"@id\":\"https:\\\/\\\/mula.es\\\/web\\\/visita-alcalde-de-zonas-afectadas-por-lluvias\\\/#article\",\"isPartOf\":{\"@id\":\"https:\\\/\\\/mula.es\\\/web\\\/visita-alcalde-de-zonas-afectadas-por-lluvias\\\/\"},\"author\":{\"name\":\"admin\",\"@id\":\"https:\\\/\\\/mula.es\\\/web\\\/#\\\/schema\\\/person\\\/a0dbffe9f4a3ed4aaebedcfef02f71a1\"},\"headline\":\"Visita del Alcalde a zonas m\u00e1s afectadas por lluvias\",\"datePublished\":\"2016-12-19T13:50:27+00:00\",\"dateModified\":\"2021-05-12T18:16:32+00:00\",\"mainEntityOfPage\":{\"@id\":\"https:\\\/\\\/mula.es\\\/web\\\/visita-alcalde-de-zonas-afectadas-por-lluvias\\\/\"},\"wordCount\":417,\"image\":{\"@id\":\"https:\\\/\\\/mula.es\\\/web\\\/visita-alcalde-de-zonas-afectadas-por-lluvias\\\/#primaryimage\"},\"thumbnailUrl\":\"https:\\\/\\\/mula.es\\\/web\\\/wp-content\\\/uploads\\\/2016\\\/12\\\/Alerta-3.jpg\",\"articleSection\":[\"alcalde\",\"obras y servicios\",\"seguridad ciudadana\"],\"inLanguage\":\"es\"},{\"@type\":\"WebPage\",\"@id\":\"https:\\\/\\\/mula.es\\\/web\\\/visita-alcalde-de-zonas-afectadas-por-lluvias\\\/\",\"url\":\"https:\\\/\\\/mula.es\\\/web\\\/visita-alcalde-de-zonas-afectadas-por-lluvias\\\/\",\"name\":\"Visita del Alcalde a zonas m\u00e1s afectadas por lluvias - Ayuntamiento de Mula\",\"isPartOf\":{\"@id\":\"https:\\\/\\\/mula.es\\\/web\\\/#website\"},\"primaryImageOfPage\":{\"@id\":\"https:\\\/\\\/mula.es\\\/web\\\/visita-alcalde-de-zonas-afectadas-por-lluvias\\\/#primaryimage\"},\"image\":{\"@id\":\"https:\\\/\\\/mula.es\\\/web\\\/visita-alcalde-de-zonas-afectadas-por-lluvias\\\/#primaryimage\"},\"thumbnailUrl\":\"https:\\\/\\\/mula.es\\\/web\\\/wp-content\\\/uploads\\\/2016\\\/12\\\/Alerta-3.jpg\",\"datePublished\":\"2016-12-19T13:50:27+00:00\",\"dateModified\":\"2021-05-12T18:16:32+00:00\",\"author\":{\"@id\":\"https:\\\/\\\/mula.es\\\/web\\\/#\\\/schema\\\/person\\\/a0dbffe9f4a3ed4aaebedcfef02f71a1\"},\"breadcrumb\":{\"@id\":\"https:\\\/\\\/mula.es\\\/web\\\/visita-alcalde-de-zonas-afectadas-por-lluvias\\\/#breadcrumb\"},\"inLanguage\":\"es\",\"potentialAction\":[{\"@type\":\"ReadAction\",\"target\":[\"https:\\\/\\\/mula.es\\\/web\\\/visita-alcalde-de-zonas-afectadas-por-lluvias\\\/\"]}]},{\"@type\":\"ImageObject\",\"inLanguage\":\"es\",\"@id\":\"https:\\\/\\\/mula.es\\\/web\\\/visita-alcalde-de-zonas-afectadas-por-lluvias\\\/#primaryimage\",\"url\":\"https:\\\/\\\/mula.es\\\/web\\\/wp-content\\\/uploads\\\/2016\\\/12\\\/Alerta-3.jpg\",\"contentUrl\":\"https:\\\/\\\/mula.es\\\/web\\\/wp-content\\\/uploads\\\/2016\\\/12\\\/Alerta-3.jpg\",\"width\":1600,\"height\":900},{\"@type\":\"BreadcrumbList\",\"@id\":\"https:\\\/\\\/mula.es\\\/web\\\/visita-alcalde-de-zonas-afectadas-por-lluvias\\\/#breadcrumb\",\"itemListElement\":[{\"@type\":\"ListItem\",\"position\":1,\"name\":\"Portada\",\"item\":\"https:\\\/\\\/mula.es\\\/web\\\/\"},{\"@type\":\"ListItem\",\"position\":2,\"name\":\"Visita del Alcalde a zonas m\u00e1s afectadas por lluvias\"}]},{\"@type\":\"WebSite\",\"@id\":\"https:\\\/\\\/mula.es\\\/web\\\/#website\",\"url\":\"https:\\\/\\\/mula.es\\\/web\\\/\",\"name\":\"Ayuntamiento de Mula\",\"description\":\"P\u00e1gina web del Ayuntamiento de Mula (Regi\u00f3n de Murcia)\",\"potentialAction\":[{\"@type\":\"SearchAction\",\"target\":{\"@type\":\"EntryPoint\",\"urlTemplate\":\"https:\\\/\\\/mula.es\\\/web\\\/?s={search_term_string}\"},\"query-input\":{\"@type\":\"PropertyValueSpecification\",\"valueRequired\":true,\"valueName\":\"search_term_string\"}}],\"inLanguage\":\"es\"},{\"@type\":\"Person\",\"@id\":\"https:\\\/\\\/mula.es\\\/web\\\/#\\\/schema\\\/person\\\/a0dbffe9f4a3ed4aaebedcfef02f71a1\",\"name\":\"admin\",\"image\":{\"@type\":\"ImageObject\",\"inLanguage\":\"es\",\"@id\":\"https:\\\/\\\/secure.gravatar.com\\\/avatar\\\/5423b9cd77f4c7f89a124365a268866f9dfee038c17fe9e37afd92b5920d810e?s=96&d=mm&r=g\",\"url\":\"https:\\\/\\\/secure.gravatar.com\\\/avatar\\\/5423b9cd77f4c7f89a124365a268866f9dfee038c17fe9e37afd92b5920d810e?s=96&d=mm&r=g\",\"contentUrl\":\"https:\\\/\\\/secure.gravatar.com\\\/avatar\\\/5423b9cd77f4c7f89a124365a268866f9dfee038c17fe9e37afd92b5920d810e?s=96&d=mm&r=g\",\"caption\":\"admin\"},\"description\":\"Lorem ipsum dolor sit amet, consectetur adipiscing elit. Nam viverra euismod odio, gravida pellentesque urna varius vitae. Sed dui lorem, adipiscing in adipiscing et, interdum nec metus. Mauris ultricies, justo eu convallis placerat, felis enim ornare nisi, vitae mattis nulla ante id dui. Ut lectus purus, commodo et tincidunt vel, interdum sed lectus. Vestibulum adipiscing tempor nisi id elementi.\",\"url\":\"https:\\\/\\\/mula.es\\\/web\\\/author\\\/jose-maria-boti\\\/\"}]}<\/script>\n<!-- \/ Yoast SEO plugin. -->","yoast_head_json":{"title":"Visita del Alcalde a zonas m\u00e1s afectadas por lluvias - Ayuntamiento de Mula","robots":{"index":"index","follow":"follow","max-snippet":"max-snippet:-1","max-image-preview":"max-image-preview:large","max-video-preview":"max-video-preview:-1"},"canonical":"https:\/\/mula.es\/web\/visita-alcalde-de-zonas-afectadas-por-lluvias\/","og_locale":"es_ES","og_type":"article","og_title":"Visita del Alcalde a zonas m\u00e1s afectadas por lluvias - Ayuntamiento de Mula","og_url":"https:\/\/mula.es\/web\/visita-alcalde-de-zonas-afectadas-por-lluvias\/","og_site_name":"Ayuntamiento de Mula","article_published_time":"2016-12-19T13:50:27+00:00","article_modified_time":"2021-05-12T18:16:32+00:00","og_image":[{"width":1600,"height":900,"url":"https:\/\/i0.wp.com\/mula.es\/web\/wp-content\/uploads\/2016\/12\/Alerta-3.jpg?fit=1600%2C900&ssl=1","type":"image\/jpeg"}],"author":"admin","twitter_card":"summary_large_image","twitter_creator":"@AyuntamientMula","twitter_site":"@AyuntamientMula","twitter_misc":{"Escrito por":"admin","Tiempo de lectura":"2 minutos"},"schema":{"@context":"https:\/\/schema.org","@graph":[{"@type":"Article","@id":"https:\/\/mula.es\/web\/visita-alcalde-de-zonas-afectadas-por-lluvias\/#article","isPartOf":{"@id":"https:\/\/mula.es\/web\/visita-alcalde-de-zonas-afectadas-por-lluvias\/"},"author":{"name":"admin","@id":"https:\/\/mula.es\/web\/#\/schema\/person\/a0dbffe9f4a3ed4aaebedcfef02f71a1"},"headline":"Visita del Alcalde a zonas m\u00e1s afectadas por lluvias","datePublished":"2016-12-19T13:50:27+00:00","dateModified":"2021-05-12T18:16:32+00:00","mainEntityOfPage":{"@id":"https:\/\/mula.es\/web\/visita-alcalde-de-zonas-afectadas-por-lluvias\/"},"wordCount":417,"image":{"@id":"https:\/\/mula.es\/web\/visita-alcalde-de-zonas-afectadas-por-lluvias\/#primaryimage"},"thumbnailUrl":"https:\/\/mula.es\/web\/wp-content\/uploads\/2016\/12\/Alerta-3.jpg","articleSection":["alcalde","obras y servicios","seguridad ciudadana"],"inLanguage":"es"},{"@type":"WebPage","@id":"https:\/\/mula.es\/web\/visita-alcalde-de-zonas-afectadas-por-lluvias\/","url":"https:\/\/mula.es\/web\/visita-alcalde-de-zonas-afectadas-por-lluvias\/","name":"Visita del Alcalde a zonas m\u00e1s afectadas por lluvias - Ayuntamiento de Mula","isPartOf":{"@id":"https:\/\/mula.es\/web\/#website"},"primaryImageOfPage":{"@id":"https:\/\/mula.es\/web\/visita-alcalde-de-zonas-afectadas-por-lluvias\/#primaryimage"},"image":{"@id":"https:\/\/mula.es\/web\/visita-alcalde-de-zonas-afectadas-por-lluvias\/#primaryimage"},"thumbnailUrl":"https:\/\/mula.es\/web\/wp-content\/uploads\/2016\/12\/Alerta-3.jpg","datePublished":"2016-12-19T13:50:27+00:00","dateModified":"2021-05-12T18:16:32+00:00","author":{"@id":"https:\/\/mula.es\/web\/#\/schema\/person\/a0dbffe9f4a3ed4aaebedcfef02f71a1"},"breadcrumb":{"@id":"https:\/\/mula.es\/web\/visita-alcalde-de-zonas-afectadas-por-lluvias\/#breadcrumb"},"inLanguage":"es","potentialAction":[{"@type":"ReadAction","target":["https:\/\/mula.es\/web\/visita-alcalde-de-zonas-afectadas-por-lluvias\/"]}]},{"@type":"ImageObject","inLanguage":"es","@id":"https:\/\/mula.es\/web\/visita-alcalde-de-zonas-afectadas-por-lluvias\/#primaryimage","url":"https:\/\/mula.es\/web\/wp-content\/uploads\/2016\/12\/Alerta-3.jpg","contentUrl":"https:\/\/mula.es\/web\/wp-content\/uploads\/2016\/12\/Alerta-3.jpg","width":1600,"height":900},{"@type":"BreadcrumbList","@id":"https:\/\/mula.es\/web\/visita-alcalde-de-zonas-afectadas-por-lluvias\/#breadcrumb","itemListElement":[{"@type":"ListItem","position":1,"name":"Portada","item":"https:\/\/mula.es\/web\/"},{"@type":"ListItem","position":2,"name":"Visita del Alcalde a zonas m\u00e1s afectadas por lluvias"}]},{"@type":"WebSite","@id":"https:\/\/mula.es\/web\/#website","url":"https:\/\/mula.es\/web\/","name":"Ayuntamiento de Mula","description":"P\u00e1gina web del Ayuntamiento de Mula (Regi\u00f3n de Murcia)","potentialAction":[{"@type":"SearchAction","target":{"@type":"EntryPoint","urlTemplate":"https:\/\/mula.es\/web\/?s={search_term_string}"},"query-input":{"@type":"PropertyValueSpecification","valueRequired":true,"valueName":"search_term_string"}}],"inLanguage":"es"},{"@type":"Person","@id":"https:\/\/mula.es\/web\/#\/schema\/person\/a0dbffe9f4a3ed4aaebedcfef02f71a1","name":"admin","image":{"@type":"ImageObject","inLanguage":"es","@id":"https:\/\/secure.gravatar.com\/avatar\/5423b9cd77f4c7f89a124365a268866f9dfee038c17fe9e37afd92b5920d810e?s=96&d=mm&r=g","url":"https:\/\/secure.gravatar.com\/avatar\/5423b9cd77f4c7f89a124365a268866f9dfee038c17fe9e37afd92b5920d810e?s=96&d=mm&r=g","contentUrl":"https:\/\/secure.gravatar.com\/avatar\/5423b9cd77f4c7f89a124365a268866f9dfee038c17fe9e37afd92b5920d810e?s=96&d=mm&r=g","caption":"admin"},"description":"Lorem ipsum dolor sit amet, consectetur adipiscing elit. Nam viverra euismod odio, gravida pellentesque urna varius vitae. Sed dui lorem, adipiscing in adipiscing et, interdum nec metus. Mauris ultricies, justo eu convallis placerat, felis enim ornare nisi, vitae mattis nulla ante id dui. Ut lectus purus, commodo et tincidunt vel, interdum sed lectus. Vestibulum adipiscing tempor nisi id elementi.","url":"https:\/\/mula.es\/web\/author\/jose-maria-boti\/"}]}},"jetpack_publicize_connections":[],"jetpack_featured_media_url":"https:\/\/mula.es\/web\/wp-content\/uploads\/2016\/12\/Alerta-3.jpg","jetpack_sharing_enabled":true,"jetpack_shortlink":"https:\/\/wp.me\/pa9DMY-5NT","jetpack-related-posts":[],"_links":{"self":[{"href":"https:\/\/mula.es\/web\/wp-json\/wp\/v2\/posts\/22313","targetHints":{"allow":["GET"]}}],"collection":[{"href":"https:\/\/mula.es\/web\/wp-json\/wp\/v2\/posts"}],"about":[{"href":"https:\/\/mula.es\/web\/wp-json\/wp\/v2\/types\/post"}],"author":[{"embeddable":true,"href":"https:\/\/mula.es\/web\/wp-json\/wp\/v2\/users\/1"}],"replies":[{"embeddable":true,"href":"https:\/\/mula.es\/web\/wp-json\/wp\/v2\/comments?post=22313"}],"version-history":[{"count":6,"href":"https:\/\/mula.es\/web\/wp-json\/wp\/v2\/posts\/22313\/revisions"}],"predecessor-version":[{"id":39875,"href":"https:\/\/mula.es\/web\/wp-json\/wp\/v2\/posts\/22313\/revisions\/39875"}],"wp:featuredmedia":[{"embeddable":true,"href":"https:\/\/mula.es\/web\/wp-json\/wp\/v2\/media\/22315"}],"wp:attachment":[{"href":"https:\/\/mula.es\/web\/wp-json\/wp\/v2\/media?parent=22313"}],"wp:term":[{"taxonomy":"category","embeddable":true,"href":"https:\/\/mula.es\/web\/wp-json\/wp\/v2\/categories?post=22313"},{"taxonomy":"post_tag","embeddable":true,"href":"https:\/\/mula.es\/web\/wp-json\/wp\/v2\/tags?post=22313"}],"curies":[{"name":"wp","href":"https:\/\/api.w.org\/{rel}","templated":true}]}}