{"id":22335,"date":"2016-12-23T16:26:40","date_gmt":"2016-12-23T15:26:40","guid":{"rendered":"http:\/\/mula.es\/web\/?p=22335"},"modified":"2016-12-23T22:25:38","modified_gmt":"2016-12-23T21:25:38","slug":"el-alcalde-de-mula-juan-jesus-moreno-nuevo-presidente-de-la-mancomunidad-del-noroeste","status":"publish","type":"post","link":"https:\/\/mula.es\/web\/el-alcalde-de-mula-juan-jesus-moreno-nuevo-presidente-de-la-mancomunidad-del-noroeste\/","title":{"rendered":"El Alcalde de Mula, Juan Jes\u00fas Moreno, nuevo Presidente de la Mancomunidad del Noroeste."},"content":{"rendered":"<p lang=\"es-ES\" align=\"justify\">En la ma\u00f1ana del mi\u00e9rcoles 21, la Sala de Juntas del Ayuntamiento de Caravaca de la Cruz, acog\u00eda el Pleno de la Mancomunidad de Servicios Tur\u00edsticos del Noroeste, a la que pertenecen los municipios de Bullas, Calasparra, Caravaca de la Cruz, Ceheg\u00edn, Moratalla y Mula.<\/p>\n<p lang=\"es-ES\" align=\"justify\">A partir de este momento y durante un periodo de 8 meses ocupar\u00e1 el cargo de presidente de la Mancomunidad el alcalde de Mula , Juan Jes\u00fas, quien tom\u00f3 posesi\u00f3n ayer.<\/p>\n<p lang=\"es-ES\" align=\"justify\">Juan Jes\u00fas Moreno, asumi\u00f3 la presidencia con ilusi\u00f3n para este nuevo periodo. El presidente emplazo al resto de miembros del pleno a trabajar de forma conjunta para fortalecer las actuaciones y proyectos tanto en la Mancomunidad como en colaboraci\u00f3n con el Comunidad Aut\u00f3noma de la Regi\u00f3n Murcia Como.<\/p>\n","protected":false},"excerpt":{"rendered":"<p>En la ma\u00f1ana del mi\u00e9rcoles 21, la Sala de Juntas del Ayuntamiento de Caravaca de la Cruz, acog\u00eda el Pleno de la Mancomunidad de Servicios Tur\u00edsticos del Noroeste, a la que pertenecen los municipios de Bullas, Calasparra, Caravaca de la Cruz, Ceheg\u00edn, Moratalla y Mula. A partir de este momento y durante un periodo de  [&#8230;]<\/p>\n","protected":false},"author":1,"featured_media":22336,"comment_status":"closed","ping_status":"closed","sticky":false,"template":"","format":"standard","meta":{"jetpack_post_was_ever_published":false,"_jetpack_newsletter_access":"","_jetpack_dont_email_post_to_subs":false,"_jetpack_newsletter_tier_id":0,"_jetpack_memberships_contains_paywalled_content":false,"_jetpack_memberships_contains_paid_content":false,"footnotes":"","jetpack_publicize_message":"","jetpack_publicize_feature_enabled":true,"jetpack_social_post_already_shared":false,"jetpack_social_options":{"image_generator_settings":{"template":"highway","default_image_id":0,"font":"","enabled":false},"version":2}},"categories":[127,109],"tags":[],"class_list":["post-22335","post","type-post","status-publish","format-standard","has-post-thumbnail","hentry","category-alcalde","category-mancomunidad"],"yoast_head":"<!-- This site is optimized with the Yoast SEO plugin v27.4 - https:\/\/yoast.com\/product\/yoast-seo-wordpress\/ -->\n<title>El Alcalde de Mula, Juan Jes\u00fas Moreno, nuevo Presidente de la Mancomunidad del Noroeste. - Ayuntamiento de Mula<\/title>\n<meta name=\"robots\" content=\"index, follow, max-snippet:-1, max-image-preview:large, max-video-preview:-1\" \/>\n<link rel=\"canonical\" href=\"https:\/\/mula.es\/web\/el-alcalde-de-mula-juan-jesus-moreno-nuevo-presidente-de-la-mancomunidad-del-noroeste\/\" \/>\n<meta property=\"og:locale\" content=\"es_ES\" \/>\n<meta property=\"og:type\" content=\"article\" \/>\n<meta property=\"og:title\" content=\"El Alcalde de Mula, Juan Jes\u00fas Moreno, nuevo Presidente de la Mancomunidad del Noroeste. - Ayuntamiento de Mula\" \/>\n<meta property=\"og:description\" content=\"En la ma\u00f1ana del mi\u00e9rcoles 21, la Sala de Juntas del Ayuntamiento de Caravaca de la Cruz, acog\u00eda el Pleno de la Mancomunidad de Servicios Tur\u00edsticos del Noroeste, a la que pertenecen los municipios de Bullas, Calasparra, Caravaca de la Cruz, Ceheg\u00edn, Moratalla y Mula. A partir de este momento y durante un periodo de [...]\" \/>\n<meta property=\"og:url\" content=\"https:\/\/mula.es\/web\/el-alcalde-de-mula-juan-jesus-moreno-nuevo-presidente-de-la-mancomunidad-del-noroeste\/\" \/>\n<meta property=\"og:site_name\" content=\"Ayuntamiento de Mula\" \/>\n<meta property=\"article:published_time\" content=\"2016-12-23T15:26:40+00:00\" \/>\n<meta property=\"article:modified_time\" content=\"2016-12-23T21:25:38+00:00\" \/>\n<meta property=\"og:image\" content=\"https:\/\/i0.wp.com\/mula.es\/web\/wp-content\/uploads\/2016\/12\/IMG-20161221-WA0001.jpg?fit=1200%2C1600&ssl=1\" \/>\n\t<meta property=\"og:image:width\" content=\"1200\" \/>\n\t<meta property=\"og:image:height\" content=\"1600\" \/>\n\t<meta property=\"og:image:type\" content=\"image\/jpeg\" \/>\n<meta name=\"author\" content=\"admin\" \/>\n<meta name=\"twitter:card\" content=\"summary_large_image\" \/>\n<meta name=\"twitter:creator\" content=\"@AyuntamientMula\" \/>\n<meta name=\"twitter:site\" content=\"@AyuntamientMula\" \/>\n<meta name=\"twitter:label1\" content=\"Escrito por\" \/>\n\t<meta name=\"twitter:data1\" content=\"admin\" \/>\n\t<meta name=\"twitter:label2\" content=\"Tiempo de lectura\" \/>\n\t<meta name=\"twitter:data2\" content=\"1 minuto\" \/>\n<script type=\"application\/ld+json\" class=\"yoast-schema-graph\">{\"@context\":\"https:\\\/\\\/schema.org\",\"@graph\":[{\"@type\":\"Article\",\"@id\":\"https:\\\/\\\/mula.es\\\/web\\\/el-alcalde-de-mula-juan-jesus-moreno-nuevo-presidente-de-la-mancomunidad-del-noroeste\\\/#article\",\"isPartOf\":{\"@id\":\"https:\\\/\\\/mula.es\\\/web\\\/el-alcalde-de-mula-juan-jesus-moreno-nuevo-presidente-de-la-mancomunidad-del-noroeste\\\/\"},\"author\":{\"name\":\"admin\",\"@id\":\"https:\\\/\\\/mula.es\\\/web\\\/#\\\/schema\\\/person\\\/a0dbffe9f4a3ed4aaebedcfef02f71a1\"},\"headline\":\"El Alcalde de Mula, Juan Jes\u00fas Moreno, nuevo Presidente de la Mancomunidad del Noroeste.\",\"datePublished\":\"2016-12-23T15:26:40+00:00\",\"dateModified\":\"2016-12-23T21:25:38+00:00\",\"mainEntityOfPage\":{\"@id\":\"https:\\\/\\\/mula.es\\\/web\\\/el-alcalde-de-mula-juan-jesus-moreno-nuevo-presidente-de-la-mancomunidad-del-noroeste\\\/\"},\"wordCount\":148,\"image\":{\"@id\":\"https:\\\/\\\/mula.es\\\/web\\\/el-alcalde-de-mula-juan-jesus-moreno-nuevo-presidente-de-la-mancomunidad-del-noroeste\\\/#primaryimage\"},\"thumbnailUrl\":\"https:\\\/\\\/mula.es\\\/web\\\/wp-content\\\/uploads\\\/2016\\\/12\\\/IMG-20161221-WA0001.jpg\",\"articleSection\":[\"alcalde\",\"mancomunidad\"],\"inLanguage\":\"es\"},{\"@type\":\"WebPage\",\"@id\":\"https:\\\/\\\/mula.es\\\/web\\\/el-alcalde-de-mula-juan-jesus-moreno-nuevo-presidente-de-la-mancomunidad-del-noroeste\\\/\",\"url\":\"https:\\\/\\\/mula.es\\\/web\\\/el-alcalde-de-mula-juan-jesus-moreno-nuevo-presidente-de-la-mancomunidad-del-noroeste\\\/\",\"name\":\"El Alcalde de Mula, Juan Jes\u00fas Moreno, nuevo Presidente de la Mancomunidad del Noroeste. - Ayuntamiento de Mula\",\"isPartOf\":{\"@id\":\"https:\\\/\\\/mula.es\\\/web\\\/#website\"},\"primaryImageOfPage\":{\"@id\":\"https:\\\/\\\/mula.es\\\/web\\\/el-alcalde-de-mula-juan-jesus-moreno-nuevo-presidente-de-la-mancomunidad-del-noroeste\\\/#primaryimage\"},\"image\":{\"@id\":\"https:\\\/\\\/mula.es\\\/web\\\/el-alcalde-de-mula-juan-jesus-moreno-nuevo-presidente-de-la-mancomunidad-del-noroeste\\\/#primaryimage\"},\"thumbnailUrl\":\"https:\\\/\\\/mula.es\\\/web\\\/wp-content\\\/uploads\\\/2016\\\/12\\\/IMG-20161221-WA0001.jpg\",\"datePublished\":\"2016-12-23T15:26:40+00:00\",\"dateModified\":\"2016-12-23T21:25:38+00:00\",\"author\":{\"@id\":\"https:\\\/\\\/mula.es\\\/web\\\/#\\\/schema\\\/person\\\/a0dbffe9f4a3ed4aaebedcfef02f71a1\"},\"breadcrumb\":{\"@id\":\"https:\\\/\\\/mula.es\\\/web\\\/el-alcalde-de-mula-juan-jesus-moreno-nuevo-presidente-de-la-mancomunidad-del-noroeste\\\/#breadcrumb\"},\"inLanguage\":\"es\",\"potentialAction\":[{\"@type\":\"ReadAction\",\"target\":[\"https:\\\/\\\/mula.es\\\/web\\\/el-alcalde-de-mula-juan-jesus-moreno-nuevo-presidente-de-la-mancomunidad-del-noroeste\\\/\"]}]},{\"@type\":\"ImageObject\",\"inLanguage\":\"es\",\"@id\":\"https:\\\/\\\/mula.es\\\/web\\\/el-alcalde-de-mula-juan-jesus-moreno-nuevo-presidente-de-la-mancomunidad-del-noroeste\\\/#primaryimage\",\"url\":\"https:\\\/\\\/mula.es\\\/web\\\/wp-content\\\/uploads\\\/2016\\\/12\\\/IMG-20161221-WA0001.jpg\",\"contentUrl\":\"https:\\\/\\\/mula.es\\\/web\\\/wp-content\\\/uploads\\\/2016\\\/12\\\/IMG-20161221-WA0001.jpg\",\"width\":1200,\"height\":1600},{\"@type\":\"BreadcrumbList\",\"@id\":\"https:\\\/\\\/mula.es\\\/web\\\/el-alcalde-de-mula-juan-jesus-moreno-nuevo-presidente-de-la-mancomunidad-del-noroeste\\\/#breadcrumb\",\"itemListElement\":[{\"@type\":\"ListItem\",\"position\":1,\"name\":\"Portada\",\"item\":\"https:\\\/\\\/mula.es\\\/web\\\/\"},{\"@type\":\"ListItem\",\"position\":2,\"name\":\"El Alcalde de Mula, Juan Jes\u00fas Moreno, nuevo Presidente de la Mancomunidad del Noroeste.\"}]},{\"@type\":\"WebSite\",\"@id\":\"https:\\\/\\\/mula.es\\\/web\\\/#website\",\"url\":\"https:\\\/\\\/mula.es\\\/web\\\/\",\"name\":\"Ayuntamiento de Mula\",\"description\":\"P\u00e1gina web del Ayuntamiento de Mula (Regi\u00f3n de Murcia)\",\"potentialAction\":[{\"@type\":\"SearchAction\",\"target\":{\"@type\":\"EntryPoint\",\"urlTemplate\":\"https:\\\/\\\/mula.es\\\/web\\\/?s={search_term_string}\"},\"query-input\":{\"@type\":\"PropertyValueSpecification\",\"valueRequired\":true,\"valueName\":\"search_term_string\"}}],\"inLanguage\":\"es\"},{\"@type\":\"Person\",\"@id\":\"https:\\\/\\\/mula.es\\\/web\\\/#\\\/schema\\\/person\\\/a0dbffe9f4a3ed4aaebedcfef02f71a1\",\"name\":\"admin\",\"image\":{\"@type\":\"ImageObject\",\"inLanguage\":\"es\",\"@id\":\"https:\\\/\\\/secure.gravatar.com\\\/avatar\\\/5423b9cd77f4c7f89a124365a268866f9dfee038c17fe9e37afd92b5920d810e?s=96&d=mm&r=g\",\"url\":\"https:\\\/\\\/secure.gravatar.com\\\/avatar\\\/5423b9cd77f4c7f89a124365a268866f9dfee038c17fe9e37afd92b5920d810e?s=96&d=mm&r=g\",\"contentUrl\":\"https:\\\/\\\/secure.gravatar.com\\\/avatar\\\/5423b9cd77f4c7f89a124365a268866f9dfee038c17fe9e37afd92b5920d810e?s=96&d=mm&r=g\",\"caption\":\"admin\"},\"description\":\"Lorem ipsum dolor sit amet, consectetur adipiscing elit. Nam viverra euismod odio, gravida pellentesque urna varius vitae. Sed dui lorem, adipiscing in adipiscing et, interdum nec metus. Mauris ultricies, justo eu convallis placerat, felis enim ornare nisi, vitae mattis nulla ante id dui. Ut lectus purus, commodo et tincidunt vel, interdum sed lectus. Vestibulum adipiscing tempor nisi id elementi.\",\"url\":\"https:\\\/\\\/mula.es\\\/web\\\/author\\\/jose-maria-boti\\\/\"}]}<\/script>\n<!-- \/ Yoast SEO plugin. -->","yoast_head_json":{"title":"El Alcalde de Mula, Juan Jes\u00fas Moreno, nuevo Presidente de la Mancomunidad del Noroeste. - Ayuntamiento de Mula","robots":{"index":"index","follow":"follow","max-snippet":"max-snippet:-1","max-image-preview":"max-image-preview:large","max-video-preview":"max-video-preview:-1"},"canonical":"https:\/\/mula.es\/web\/el-alcalde-de-mula-juan-jesus-moreno-nuevo-presidente-de-la-mancomunidad-del-noroeste\/","og_locale":"es_ES","og_type":"article","og_title":"El Alcalde de Mula, Juan Jes\u00fas Moreno, nuevo Presidente de la Mancomunidad del Noroeste. - Ayuntamiento de Mula","og_description":"En la ma\u00f1ana del mi\u00e9rcoles 21, la Sala de Juntas del Ayuntamiento de Caravaca de la Cruz, acog\u00eda el Pleno de la Mancomunidad de Servicios Tur\u00edsticos del Noroeste, a la que pertenecen los municipios de Bullas, Calasparra, Caravaca de la Cruz, Ceheg\u00edn, Moratalla y Mula. A partir de este momento y durante un periodo de [...]","og_url":"https:\/\/mula.es\/web\/el-alcalde-de-mula-juan-jesus-moreno-nuevo-presidente-de-la-mancomunidad-del-noroeste\/","og_site_name":"Ayuntamiento de Mula","article_published_time":"2016-12-23T15:26:40+00:00","article_modified_time":"2016-12-23T21:25:38+00:00","og_image":[{"width":1200,"height":1600,"url":"https:\/\/i0.wp.com\/mula.es\/web\/wp-content\/uploads\/2016\/12\/IMG-20161221-WA0001.jpg?fit=1200%2C1600&ssl=1","type":"image\/jpeg"}],"author":"admin","twitter_card":"summary_large_image","twitter_creator":"@AyuntamientMula","twitter_site":"@AyuntamientMula","twitter_misc":{"Escrito por":"admin","Tiempo de lectura":"1 minuto"},"schema":{"@context":"https:\/\/schema.org","@graph":[{"@type":"Article","@id":"https:\/\/mula.es\/web\/el-alcalde-de-mula-juan-jesus-moreno-nuevo-presidente-de-la-mancomunidad-del-noroeste\/#article","isPartOf":{"@id":"https:\/\/mula.es\/web\/el-alcalde-de-mula-juan-jesus-moreno-nuevo-presidente-de-la-mancomunidad-del-noroeste\/"},"author":{"name":"admin","@id":"https:\/\/mula.es\/web\/#\/schema\/person\/a0dbffe9f4a3ed4aaebedcfef02f71a1"},"headline":"El Alcalde de Mula, Juan Jes\u00fas Moreno, nuevo Presidente de la Mancomunidad del Noroeste.","datePublished":"2016-12-23T15:26:40+00:00","dateModified":"2016-12-23T21:25:38+00:00","mainEntityOfPage":{"@id":"https:\/\/mula.es\/web\/el-alcalde-de-mula-juan-jesus-moreno-nuevo-presidente-de-la-mancomunidad-del-noroeste\/"},"wordCount":148,"image":{"@id":"https:\/\/mula.es\/web\/el-alcalde-de-mula-juan-jesus-moreno-nuevo-presidente-de-la-mancomunidad-del-noroeste\/#primaryimage"},"thumbnailUrl":"https:\/\/mula.es\/web\/wp-content\/uploads\/2016\/12\/IMG-20161221-WA0001.jpg","articleSection":["alcalde","mancomunidad"],"inLanguage":"es"},{"@type":"WebPage","@id":"https:\/\/mula.es\/web\/el-alcalde-de-mula-juan-jesus-moreno-nuevo-presidente-de-la-mancomunidad-del-noroeste\/","url":"https:\/\/mula.es\/web\/el-alcalde-de-mula-juan-jesus-moreno-nuevo-presidente-de-la-mancomunidad-del-noroeste\/","name":"El Alcalde de Mula, Juan Jes\u00fas Moreno, nuevo Presidente de la Mancomunidad del Noroeste. - Ayuntamiento de Mula","isPartOf":{"@id":"https:\/\/mula.es\/web\/#website"},"primaryImageOfPage":{"@id":"https:\/\/mula.es\/web\/el-alcalde-de-mula-juan-jesus-moreno-nuevo-presidente-de-la-mancomunidad-del-noroeste\/#primaryimage"},"image":{"@id":"https:\/\/mula.es\/web\/el-alcalde-de-mula-juan-jesus-moreno-nuevo-presidente-de-la-mancomunidad-del-noroeste\/#primaryimage"},"thumbnailUrl":"https:\/\/mula.es\/web\/wp-content\/uploads\/2016\/12\/IMG-20161221-WA0001.jpg","datePublished":"2016-12-23T15:26:40+00:00","dateModified":"2016-12-23T21:25:38+00:00","author":{"@id":"https:\/\/mula.es\/web\/#\/schema\/person\/a0dbffe9f4a3ed4aaebedcfef02f71a1"},"breadcrumb":{"@id":"https:\/\/mula.es\/web\/el-alcalde-de-mula-juan-jesus-moreno-nuevo-presidente-de-la-mancomunidad-del-noroeste\/#breadcrumb"},"inLanguage":"es","potentialAction":[{"@type":"ReadAction","target":["https:\/\/mula.es\/web\/el-alcalde-de-mula-juan-jesus-moreno-nuevo-presidente-de-la-mancomunidad-del-noroeste\/"]}]},{"@type":"ImageObject","inLanguage":"es","@id":"https:\/\/mula.es\/web\/el-alcalde-de-mula-juan-jesus-moreno-nuevo-presidente-de-la-mancomunidad-del-noroeste\/#primaryimage","url":"https:\/\/mula.es\/web\/wp-content\/uploads\/2016\/12\/IMG-20161221-WA0001.jpg","contentUrl":"https:\/\/mula.es\/web\/wp-content\/uploads\/2016\/12\/IMG-20161221-WA0001.jpg","width":1200,"height":1600},{"@type":"BreadcrumbList","@id":"https:\/\/mula.es\/web\/el-alcalde-de-mula-juan-jesus-moreno-nuevo-presidente-de-la-mancomunidad-del-noroeste\/#breadcrumb","itemListElement":[{"@type":"ListItem","position":1,"name":"Portada","item":"https:\/\/mula.es\/web\/"},{"@type":"ListItem","position":2,"name":"El Alcalde de Mula, Juan Jes\u00fas Moreno, nuevo Presidente de la Mancomunidad del Noroeste."}]},{"@type":"WebSite","@id":"https:\/\/mula.es\/web\/#website","url":"https:\/\/mula.es\/web\/","name":"Ayuntamiento de Mula","description":"P\u00e1gina web del Ayuntamiento de Mula (Regi\u00f3n de Murcia)","potentialAction":[{"@type":"SearchAction","target":{"@type":"EntryPoint","urlTemplate":"https:\/\/mula.es\/web\/?s={search_term_string}"},"query-input":{"@type":"PropertyValueSpecification","valueRequired":true,"valueName":"search_term_string"}}],"inLanguage":"es"},{"@type":"Person","@id":"https:\/\/mula.es\/web\/#\/schema\/person\/a0dbffe9f4a3ed4aaebedcfef02f71a1","name":"admin","image":{"@type":"ImageObject","inLanguage":"es","@id":"https:\/\/secure.gravatar.com\/avatar\/5423b9cd77f4c7f89a124365a268866f9dfee038c17fe9e37afd92b5920d810e?s=96&d=mm&r=g","url":"https:\/\/secure.gravatar.com\/avatar\/5423b9cd77f4c7f89a124365a268866f9dfee038c17fe9e37afd92b5920d810e?s=96&d=mm&r=g","contentUrl":"https:\/\/secure.gravatar.com\/avatar\/5423b9cd77f4c7f89a124365a268866f9dfee038c17fe9e37afd92b5920d810e?s=96&d=mm&r=g","caption":"admin"},"description":"Lorem ipsum dolor sit amet, consectetur adipiscing elit. Nam viverra euismod odio, gravida pellentesque urna varius vitae. Sed dui lorem, adipiscing in adipiscing et, interdum nec metus. Mauris ultricies, justo eu convallis placerat, felis enim ornare nisi, vitae mattis nulla ante id dui. Ut lectus purus, commodo et tincidunt vel, interdum sed lectus. Vestibulum adipiscing tempor nisi id elementi.","url":"https:\/\/mula.es\/web\/author\/jose-maria-boti\/"}]}},"jetpack_publicize_connections":[],"jetpack_featured_media_url":"https:\/\/mula.es\/web\/wp-content\/uploads\/2016\/12\/IMG-20161221-WA0001.jpg","jetpack_sharing_enabled":true,"jetpack_shortlink":"https:\/\/wp.me\/pa9DMY-5Of","jetpack-related-posts":[],"_links":{"self":[{"href":"https:\/\/mula.es\/web\/wp-json\/wp\/v2\/posts\/22335","targetHints":{"allow":["GET"]}}],"collection":[{"href":"https:\/\/mula.es\/web\/wp-json\/wp\/v2\/posts"}],"about":[{"href":"https:\/\/mula.es\/web\/wp-json\/wp\/v2\/types\/post"}],"author":[{"embeddable":true,"href":"https:\/\/mula.es\/web\/wp-json\/wp\/v2\/users\/1"}],"replies":[{"embeddable":true,"href":"https:\/\/mula.es\/web\/wp-json\/wp\/v2\/comments?post=22335"}],"version-history":[{"count":2,"href":"https:\/\/mula.es\/web\/wp-json\/wp\/v2\/posts\/22335\/revisions"}],"predecessor-version":[{"id":22345,"href":"https:\/\/mula.es\/web\/wp-json\/wp\/v2\/posts\/22335\/revisions\/22345"}],"wp:featuredmedia":[{"embeddable":true,"href":"https:\/\/mula.es\/web\/wp-json\/wp\/v2\/media\/22336"}],"wp:attachment":[{"href":"https:\/\/mula.es\/web\/wp-json\/wp\/v2\/media?parent=22335"}],"wp:term":[{"taxonomy":"category","embeddable":true,"href":"https:\/\/mula.es\/web\/wp-json\/wp\/v2\/categories?post=22335"},{"taxonomy":"post_tag","embeddable":true,"href":"https:\/\/mula.es\/web\/wp-json\/wp\/v2\/tags?post=22335"}],"curies":[{"name":"wp","href":"https:\/\/api.w.org\/{rel}","templated":true}]}}