{"id":22747,"date":"2017-02-24T09:10:39","date_gmt":"2017-02-24T08:10:39","guid":{"rendered":"http:\/\/mula.es\/web\/?p=22747"},"modified":"2017-02-24T09:18:29","modified_gmt":"2017-02-24T08:18:29","slug":"i-fiesta-de-la-historia","status":"publish","type":"post","link":"https:\/\/mula.es\/web\/i-fiesta-de-la-historia\/","title":{"rendered":"Fiesta de la Historia. I Edici\u00f3n &#8211; Mula"},"content":{"rendered":"<p>La Fiesta de la Historia es un proyecto cultural amplio y variado, que aspira a llevar la Historia a las calles y usarla como instrumento para afrontar presente y futuro. Se trata de una iniciativa con una vocaci\u00f3n plural, destinada, por un lado, a la divulgaci\u00f3n del conocimiento sobre el pasado; y, por otro lado, a fomentar la valorizaci\u00f3n del patrimonio hist\u00f3rico y de su int\u00e9rprete, la propia disciplina hist\u00f3rica, que potencia su funci\u00f3n social.<\/p>\n<p>La Fiesta de la Historia, cuya I Edici\u00f3n tiene lugar en el municipio de <strong>Mula en 2017<\/strong>, se articula como un proyecto integrador y plural.<\/p>\n<p>Organizando esta I Edici\u00f3n aspiramos a implantar e institucionalizar una Fiesta de la Historia en la Regi\u00f3n de Murcia, tomando como ejemplo inspirador y punto de partida la exitosa \u201cFesta Internazionale della Storia\u201d de la ciudad de Bolonia (Italia). Una Fiesta de la Historia es, en \u00faltima instancia, una Fiesta para la Historia: una historia para vivir el pasado, para comprender el presente, para proyectar el futuro.<\/p>\n<p>Una multitud de actores participan en la Fiesta. Entidades universitarias, juveniles y locales, estudiantes y profesores, habitantes de la localidad y la Regi\u00f3n son invitados a esta celebraci\u00f3n, Toda ayuda es esperada y bienvenida. Nos embarcamos juntos en un desaf\u00edo.<\/p>\n<p>M\u00e1s informaci\u00f3n en: <a href=\"http:\/\/www.um.es\/web\/fiestahistoria\">http:\/\/www.um.es\/web\/fiestahistoria<\/a> y fiestahistoria@um.es<\/p>\n<p><a href=\"https:\/\/mula.es\/web\/wp-content\/uploads\/2017\/02\/programa-fiesta.pdf\">Programa completo de la Fiesta de la Historia (Tr\u00edptico en PDF<\/a>)<\/p>\n<p><a href=\"https:\/\/mula.es\/web\/wp-content\/uploads\/2017\/02\/FOLLETO-JORNADAS.pdf\">Programa acad\u00e9mico reconocido con cr\u00e9ditos de libre configuraci\u00f3n y CRAU<\/a><\/p>\n<p>&nbsp;<\/p>\n<p>&nbsp;<\/p>\n","protected":false},"excerpt":{"rendered":"<p>La Fiesta de la Historia es un proyecto cultural amplio y variado, que aspira a llevar la Historia a las calles y usarla como instrumento para afrontar presente y futuro. Se trata de una iniciativa con una vocaci\u00f3n plural, destinada, por un lado, a la divulgaci\u00f3n del conocimiento sobre el pasado; y, por otro lado,  [&#8230;]<\/p>\n","protected":false},"author":1,"featured_media":22744,"comment_status":"closed","ping_status":"closed","sticky":false,"template":"","format":"standard","meta":{"jetpack_post_was_ever_published":false,"_jetpack_newsletter_access":"","_jetpack_dont_email_post_to_subs":false,"_jetpack_newsletter_tier_id":0,"_jetpack_memberships_contains_paywalled_content":false,"_jetpack_memberships_contains_paid_content":false,"footnotes":"","jetpack_publicize_message":"","jetpack_publicize_feature_enabled":true,"jetpack_social_post_already_shared":false,"jetpack_social_options":{"image_generator_settings":{"template":"highway","default_image_id":0,"font":"","enabled":false},"version":2}},"categories":[119,112,356,355,180],"tags":[],"class_list":["post-22747","post","type-post","status-publish","format-standard","has-post-thumbnail","hentry","category-actividades","category-arqueologia","category-fiesta-de-la-historia","category-historia","category-patrimonio-cultural"],"yoast_head":"<!-- This site is optimized with the Yoast SEO plugin v27.4 - https:\/\/yoast.com\/product\/yoast-seo-wordpress\/ -->\n<title>Fiesta de la Historia. I Edici\u00f3n - Mula - Ayuntamiento de Mula<\/title>\n<meta name=\"robots\" content=\"index, follow, max-snippet:-1, max-image-preview:large, max-video-preview:-1\" \/>\n<link rel=\"canonical\" href=\"https:\/\/mula.es\/web\/i-fiesta-de-la-historia\/\" \/>\n<meta property=\"og:locale\" content=\"es_ES\" \/>\n<meta property=\"og:type\" content=\"article\" \/>\n<meta property=\"og:title\" content=\"Fiesta de la Historia. I Edici\u00f3n - Mula - Ayuntamiento de Mula\" \/>\n<meta property=\"og:description\" content=\"La Fiesta de la Historia es un proyecto cultural amplio y variado, que aspira a llevar la Historia a las calles y usarla como instrumento para afrontar presente y futuro. Se trata de una iniciativa con una vocaci\u00f3n plural, destinada, por un lado, a la divulgaci\u00f3n del conocimiento sobre el pasado; y, por otro lado, [...]\" \/>\n<meta property=\"og:url\" content=\"https:\/\/mula.es\/web\/i-fiesta-de-la-historia\/\" \/>\n<meta property=\"og:site_name\" content=\"Ayuntamiento de Mula\" \/>\n<meta property=\"article:published_time\" content=\"2017-02-24T08:10:39+00:00\" \/>\n<meta property=\"article:modified_time\" content=\"2017-02-24T08:18:29+00:00\" \/>\n<meta property=\"og:image\" content=\"https:\/\/i0.wp.com\/mula.es\/web\/wp-content\/uploads\/2017\/02\/cartel-fiesta-historia.png?fit=723%2C1022&ssl=1\" \/>\n\t<meta property=\"og:image:width\" content=\"723\" \/>\n\t<meta property=\"og:image:height\" content=\"1022\" \/>\n\t<meta property=\"og:image:type\" content=\"image\/png\" \/>\n<meta name=\"author\" content=\"admin\" \/>\n<meta name=\"twitter:card\" content=\"summary_large_image\" \/>\n<meta name=\"twitter:creator\" content=\"@AyuntamientMula\" \/>\n<meta name=\"twitter:site\" content=\"@AyuntamientMula\" \/>\n<meta name=\"twitter:label1\" content=\"Escrito por\" \/>\n\t<meta name=\"twitter:data1\" content=\"admin\" \/>\n\t<meta name=\"twitter:label2\" content=\"Tiempo de lectura\" \/>\n\t<meta name=\"twitter:data2\" content=\"1 minuto\" \/>\n<script type=\"application\/ld+json\" class=\"yoast-schema-graph\">{\"@context\":\"https:\\\/\\\/schema.org\",\"@graph\":[{\"@type\":\"Article\",\"@id\":\"https:\\\/\\\/mula.es\\\/web\\\/i-fiesta-de-la-historia\\\/#article\",\"isPartOf\":{\"@id\":\"https:\\\/\\\/mula.es\\\/web\\\/i-fiesta-de-la-historia\\\/\"},\"author\":{\"name\":\"admin\",\"@id\":\"https:\\\/\\\/mula.es\\\/web\\\/#\\\/schema\\\/person\\\/a0dbffe9f4a3ed4aaebedcfef02f71a1\"},\"headline\":\"Fiesta de la Historia. I Edici\u00f3n &#8211; Mula\",\"datePublished\":\"2017-02-24T08:10:39+00:00\",\"dateModified\":\"2017-02-24T08:18:29+00:00\",\"mainEntityOfPage\":{\"@id\":\"https:\\\/\\\/mula.es\\\/web\\\/i-fiesta-de-la-historia\\\/\"},\"wordCount\":270,\"image\":{\"@id\":\"https:\\\/\\\/mula.es\\\/web\\\/i-fiesta-de-la-historia\\\/#primaryimage\"},\"thumbnailUrl\":\"https:\\\/\\\/mula.es\\\/web\\\/wp-content\\\/uploads\\\/2017\\\/02\\\/cartel-fiesta-historia.png\",\"articleSection\":[\"actividades\",\"arqueolog\u00eda\",\"fiesta de la historia\",\"historia\",\"patrimonio cultural\"],\"inLanguage\":\"es\"},{\"@type\":\"WebPage\",\"@id\":\"https:\\\/\\\/mula.es\\\/web\\\/i-fiesta-de-la-historia\\\/\",\"url\":\"https:\\\/\\\/mula.es\\\/web\\\/i-fiesta-de-la-historia\\\/\",\"name\":\"Fiesta de la Historia. I Edici\u00f3n - Mula - Ayuntamiento de Mula\",\"isPartOf\":{\"@id\":\"https:\\\/\\\/mula.es\\\/web\\\/#website\"},\"primaryImageOfPage\":{\"@id\":\"https:\\\/\\\/mula.es\\\/web\\\/i-fiesta-de-la-historia\\\/#primaryimage\"},\"image\":{\"@id\":\"https:\\\/\\\/mula.es\\\/web\\\/i-fiesta-de-la-historia\\\/#primaryimage\"},\"thumbnailUrl\":\"https:\\\/\\\/mula.es\\\/web\\\/wp-content\\\/uploads\\\/2017\\\/02\\\/cartel-fiesta-historia.png\",\"datePublished\":\"2017-02-24T08:10:39+00:00\",\"dateModified\":\"2017-02-24T08:18:29+00:00\",\"author\":{\"@id\":\"https:\\\/\\\/mula.es\\\/web\\\/#\\\/schema\\\/person\\\/a0dbffe9f4a3ed4aaebedcfef02f71a1\"},\"breadcrumb\":{\"@id\":\"https:\\\/\\\/mula.es\\\/web\\\/i-fiesta-de-la-historia\\\/#breadcrumb\"},\"inLanguage\":\"es\",\"potentialAction\":[{\"@type\":\"ReadAction\",\"target\":[\"https:\\\/\\\/mula.es\\\/web\\\/i-fiesta-de-la-historia\\\/\"]}]},{\"@type\":\"ImageObject\",\"inLanguage\":\"es\",\"@id\":\"https:\\\/\\\/mula.es\\\/web\\\/i-fiesta-de-la-historia\\\/#primaryimage\",\"url\":\"https:\\\/\\\/mula.es\\\/web\\\/wp-content\\\/uploads\\\/2017\\\/02\\\/cartel-fiesta-historia.png\",\"contentUrl\":\"https:\\\/\\\/mula.es\\\/web\\\/wp-content\\\/uploads\\\/2017\\\/02\\\/cartel-fiesta-historia.png\",\"width\":723,\"height\":1022},{\"@type\":\"BreadcrumbList\",\"@id\":\"https:\\\/\\\/mula.es\\\/web\\\/i-fiesta-de-la-historia\\\/#breadcrumb\",\"itemListElement\":[{\"@type\":\"ListItem\",\"position\":1,\"name\":\"Portada\",\"item\":\"https:\\\/\\\/mula.es\\\/web\\\/\"},{\"@type\":\"ListItem\",\"position\":2,\"name\":\"Fiesta de la Historia. I Edici\u00f3n &#8211; Mula\"}]},{\"@type\":\"WebSite\",\"@id\":\"https:\\\/\\\/mula.es\\\/web\\\/#website\",\"url\":\"https:\\\/\\\/mula.es\\\/web\\\/\",\"name\":\"Ayuntamiento de Mula\",\"description\":\"P\u00e1gina web del Ayuntamiento de Mula (Regi\u00f3n de Murcia)\",\"potentialAction\":[{\"@type\":\"SearchAction\",\"target\":{\"@type\":\"EntryPoint\",\"urlTemplate\":\"https:\\\/\\\/mula.es\\\/web\\\/?s={search_term_string}\"},\"query-input\":{\"@type\":\"PropertyValueSpecification\",\"valueRequired\":true,\"valueName\":\"search_term_string\"}}],\"inLanguage\":\"es\"},{\"@type\":\"Person\",\"@id\":\"https:\\\/\\\/mula.es\\\/web\\\/#\\\/schema\\\/person\\\/a0dbffe9f4a3ed4aaebedcfef02f71a1\",\"name\":\"admin\",\"image\":{\"@type\":\"ImageObject\",\"inLanguage\":\"es\",\"@id\":\"https:\\\/\\\/secure.gravatar.com\\\/avatar\\\/5423b9cd77f4c7f89a124365a268866f9dfee038c17fe9e37afd92b5920d810e?s=96&d=mm&r=g\",\"url\":\"https:\\\/\\\/secure.gravatar.com\\\/avatar\\\/5423b9cd77f4c7f89a124365a268866f9dfee038c17fe9e37afd92b5920d810e?s=96&d=mm&r=g\",\"contentUrl\":\"https:\\\/\\\/secure.gravatar.com\\\/avatar\\\/5423b9cd77f4c7f89a124365a268866f9dfee038c17fe9e37afd92b5920d810e?s=96&d=mm&r=g\",\"caption\":\"admin\"},\"description\":\"Lorem ipsum dolor sit amet, consectetur adipiscing elit. Nam viverra euismod odio, gravida pellentesque urna varius vitae. Sed dui lorem, adipiscing in adipiscing et, interdum nec metus. Mauris ultricies, justo eu convallis placerat, felis enim ornare nisi, vitae mattis nulla ante id dui. Ut lectus purus, commodo et tincidunt vel, interdum sed lectus. Vestibulum adipiscing tempor nisi id elementi.\",\"url\":\"https:\\\/\\\/mula.es\\\/web\\\/author\\\/jose-maria-boti\\\/\"}]}<\/script>\n<!-- \/ Yoast SEO plugin. -->","yoast_head_json":{"title":"Fiesta de la Historia. I Edici\u00f3n - Mula - Ayuntamiento de Mula","robots":{"index":"index","follow":"follow","max-snippet":"max-snippet:-1","max-image-preview":"max-image-preview:large","max-video-preview":"max-video-preview:-1"},"canonical":"https:\/\/mula.es\/web\/i-fiesta-de-la-historia\/","og_locale":"es_ES","og_type":"article","og_title":"Fiesta de la Historia. I Edici\u00f3n - Mula - Ayuntamiento de Mula","og_description":"La Fiesta de la Historia es un proyecto cultural amplio y variado, que aspira a llevar la Historia a las calles y usarla como instrumento para afrontar presente y futuro. Se trata de una iniciativa con una vocaci\u00f3n plural, destinada, por un lado, a la divulgaci\u00f3n del conocimiento sobre el pasado; y, por otro lado, [...]","og_url":"https:\/\/mula.es\/web\/i-fiesta-de-la-historia\/","og_site_name":"Ayuntamiento de Mula","article_published_time":"2017-02-24T08:10:39+00:00","article_modified_time":"2017-02-24T08:18:29+00:00","og_image":[{"width":723,"height":1022,"url":"https:\/\/i0.wp.com\/mula.es\/web\/wp-content\/uploads\/2017\/02\/cartel-fiesta-historia.png?fit=723%2C1022&ssl=1","type":"image\/png"}],"author":"admin","twitter_card":"summary_large_image","twitter_creator":"@AyuntamientMula","twitter_site":"@AyuntamientMula","twitter_misc":{"Escrito por":"admin","Tiempo de lectura":"1 minuto"},"schema":{"@context":"https:\/\/schema.org","@graph":[{"@type":"Article","@id":"https:\/\/mula.es\/web\/i-fiesta-de-la-historia\/#article","isPartOf":{"@id":"https:\/\/mula.es\/web\/i-fiesta-de-la-historia\/"},"author":{"name":"admin","@id":"https:\/\/mula.es\/web\/#\/schema\/person\/a0dbffe9f4a3ed4aaebedcfef02f71a1"},"headline":"Fiesta de la Historia. I Edici\u00f3n &#8211; Mula","datePublished":"2017-02-24T08:10:39+00:00","dateModified":"2017-02-24T08:18:29+00:00","mainEntityOfPage":{"@id":"https:\/\/mula.es\/web\/i-fiesta-de-la-historia\/"},"wordCount":270,"image":{"@id":"https:\/\/mula.es\/web\/i-fiesta-de-la-historia\/#primaryimage"},"thumbnailUrl":"https:\/\/mula.es\/web\/wp-content\/uploads\/2017\/02\/cartel-fiesta-historia.png","articleSection":["actividades","arqueolog\u00eda","fiesta de la historia","historia","patrimonio cultural"],"inLanguage":"es"},{"@type":"WebPage","@id":"https:\/\/mula.es\/web\/i-fiesta-de-la-historia\/","url":"https:\/\/mula.es\/web\/i-fiesta-de-la-historia\/","name":"Fiesta de la Historia. I Edici\u00f3n - Mula - Ayuntamiento de Mula","isPartOf":{"@id":"https:\/\/mula.es\/web\/#website"},"primaryImageOfPage":{"@id":"https:\/\/mula.es\/web\/i-fiesta-de-la-historia\/#primaryimage"},"image":{"@id":"https:\/\/mula.es\/web\/i-fiesta-de-la-historia\/#primaryimage"},"thumbnailUrl":"https:\/\/mula.es\/web\/wp-content\/uploads\/2017\/02\/cartel-fiesta-historia.png","datePublished":"2017-02-24T08:10:39+00:00","dateModified":"2017-02-24T08:18:29+00:00","author":{"@id":"https:\/\/mula.es\/web\/#\/schema\/person\/a0dbffe9f4a3ed4aaebedcfef02f71a1"},"breadcrumb":{"@id":"https:\/\/mula.es\/web\/i-fiesta-de-la-historia\/#breadcrumb"},"inLanguage":"es","potentialAction":[{"@type":"ReadAction","target":["https:\/\/mula.es\/web\/i-fiesta-de-la-historia\/"]}]},{"@type":"ImageObject","inLanguage":"es","@id":"https:\/\/mula.es\/web\/i-fiesta-de-la-historia\/#primaryimage","url":"https:\/\/mula.es\/web\/wp-content\/uploads\/2017\/02\/cartel-fiesta-historia.png","contentUrl":"https:\/\/mula.es\/web\/wp-content\/uploads\/2017\/02\/cartel-fiesta-historia.png","width":723,"height":1022},{"@type":"BreadcrumbList","@id":"https:\/\/mula.es\/web\/i-fiesta-de-la-historia\/#breadcrumb","itemListElement":[{"@type":"ListItem","position":1,"name":"Portada","item":"https:\/\/mula.es\/web\/"},{"@type":"ListItem","position":2,"name":"Fiesta de la Historia. I Edici\u00f3n &#8211; Mula"}]},{"@type":"WebSite","@id":"https:\/\/mula.es\/web\/#website","url":"https:\/\/mula.es\/web\/","name":"Ayuntamiento de Mula","description":"P\u00e1gina web del Ayuntamiento de Mula (Regi\u00f3n de Murcia)","potentialAction":[{"@type":"SearchAction","target":{"@type":"EntryPoint","urlTemplate":"https:\/\/mula.es\/web\/?s={search_term_string}"},"query-input":{"@type":"PropertyValueSpecification","valueRequired":true,"valueName":"search_term_string"}}],"inLanguage":"es"},{"@type":"Person","@id":"https:\/\/mula.es\/web\/#\/schema\/person\/a0dbffe9f4a3ed4aaebedcfef02f71a1","name":"admin","image":{"@type":"ImageObject","inLanguage":"es","@id":"https:\/\/secure.gravatar.com\/avatar\/5423b9cd77f4c7f89a124365a268866f9dfee038c17fe9e37afd92b5920d810e?s=96&d=mm&r=g","url":"https:\/\/secure.gravatar.com\/avatar\/5423b9cd77f4c7f89a124365a268866f9dfee038c17fe9e37afd92b5920d810e?s=96&d=mm&r=g","contentUrl":"https:\/\/secure.gravatar.com\/avatar\/5423b9cd77f4c7f89a124365a268866f9dfee038c17fe9e37afd92b5920d810e?s=96&d=mm&r=g","caption":"admin"},"description":"Lorem ipsum dolor sit amet, consectetur adipiscing elit. Nam viverra euismod odio, gravida pellentesque urna varius vitae. Sed dui lorem, adipiscing in adipiscing et, interdum nec metus. Mauris ultricies, justo eu convallis placerat, felis enim ornare nisi, vitae mattis nulla ante id dui. Ut lectus purus, commodo et tincidunt vel, interdum sed lectus. Vestibulum adipiscing tempor nisi id elementi.","url":"https:\/\/mula.es\/web\/author\/jose-maria-boti\/"}]}},"jetpack_publicize_connections":[],"jetpack_featured_media_url":"https:\/\/mula.es\/web\/wp-content\/uploads\/2017\/02\/cartel-fiesta-historia.png","jetpack_sharing_enabled":true,"jetpack_shortlink":"https:\/\/wp.me\/pa9DMY-5UT","jetpack-related-posts":[],"_links":{"self":[{"href":"https:\/\/mula.es\/web\/wp-json\/wp\/v2\/posts\/22747","targetHints":{"allow":["GET"]}}],"collection":[{"href":"https:\/\/mula.es\/web\/wp-json\/wp\/v2\/posts"}],"about":[{"href":"https:\/\/mula.es\/web\/wp-json\/wp\/v2\/types\/post"}],"author":[{"embeddable":true,"href":"https:\/\/mula.es\/web\/wp-json\/wp\/v2\/users\/1"}],"replies":[{"embeddable":true,"href":"https:\/\/mula.es\/web\/wp-json\/wp\/v2\/comments?post=22747"}],"version-history":[{"count":4,"href":"https:\/\/mula.es\/web\/wp-json\/wp\/v2\/posts\/22747\/revisions"}],"predecessor-version":[{"id":22753,"href":"https:\/\/mula.es\/web\/wp-json\/wp\/v2\/posts\/22747\/revisions\/22753"}],"wp:featuredmedia":[{"embeddable":true,"href":"https:\/\/mula.es\/web\/wp-json\/wp\/v2\/media\/22744"}],"wp:attachment":[{"href":"https:\/\/mula.es\/web\/wp-json\/wp\/v2\/media?parent=22747"}],"wp:term":[{"taxonomy":"category","embeddable":true,"href":"https:\/\/mula.es\/web\/wp-json\/wp\/v2\/categories?post=22747"},{"taxonomy":"post_tag","embeddable":true,"href":"https:\/\/mula.es\/web\/wp-json\/wp\/v2\/tags?post=22747"}],"curies":[{"name":"wp","href":"https:\/\/api.w.org\/{rel}","templated":true}]}}