{"id":23123,"date":"2017-04-04T12:45:01","date_gmt":"2017-04-04T10:45:01","guid":{"rendered":"http:\/\/mula.es\/web\/?p=23123"},"modified":"2021-05-12T20:16:03","modified_gmt":"2021-05-12T18:16:03","slug":"mercadillo-de-artesania-las-4-plazas-7-de-abril","status":"publish","type":"post","link":"https:\/\/mula.es\/web\/mercadillo-de-artesania-las-4-plazas-7-de-abril\/","title":{"rendered":"Mercadillo de Artesan\u00eda \u00abLas 4 Plazas\u00bb &#8211; 7 de abril"},"content":{"rendered":"<div class=\"fusion-fullwidth fullwidth-box fusion-builder-row-1 fusion-flex-container hundred-percent-fullwidth non-hundred-percent-height-scrolling\" style=\"--awb-border-radius-top-left:0px;--awb-border-radius-top-right:0px;--awb-border-radius-bottom-right:0px;--awb-border-radius-bottom-left:0px;--awb-overflow:visible;--awb-flex-wrap:wrap;\" ><div class=\"fusion-builder-row fusion-row fusion-flex-align-items-flex-start fusion-flex-content-wrap\" style=\"width:calc( 100% + 0px ) !important;max-width:calc( 100% + 0px ) !important;margin-left: calc(-0px \/ 2 );margin-right: calc(-0px \/ 2 );\"><div class=\"fusion-layout-column fusion_builder_column fusion-builder-column-0 fusion_builder_column_1_1 1_1 fusion-flex-column\" style=\"--awb-bg-size:cover;--awb-width-large:100%;--awb-margin-top-large:0px;--awb-spacing-right-large:0px;--awb-margin-bottom-large:20px;--awb-spacing-left-large:0px;--awb-width-medium:100%;--awb-spacing-right-medium:0px;--awb-spacing-left-medium:0px;--awb-width-small:100%;--awb-spacing-right-small:0px;--awb-spacing-left-small:0px;\"><div class=\"fusion-column-wrapper fusion-flex-justify-content-flex-start fusion-content-layout-column\"><div class=\"fusion-text fusion-text-1\"><p>El pr\u00f3ximo domingo 9 de abril, tendr\u00e1 lugar el tradicional mercadillo de artesan\u00eda Las 4 Plazas de Mula, en esta ocasi\u00f3n en la calle de San Francisco.<\/p>\n<p>Embutidos, dulces, pan y degustaci\u00f3n de monas har\u00e1n las delicias de los visitantes junto con los productos de artesan\u00edas varias.<\/p>\n<p>Venga a conocer nuestra tradici\u00f3n del Tambor con los Alumnos de la Escuela del Tambor y a ver nuestros pasos de Domingo de Ramos engalanados por los floristas del municipio. Visitas guiadas gratuitas y\u00a0 el taller did\u00e1ctico \u201cLuminaria\u201d, donde nos mostraran diversos sistemas de iluminaci\u00f3n empleados por el ser humano desde la Prehistoria hasta bien entrado el S.XX, completaran la ma\u00f1ana en el mercadillo.<\/p>\n<p>&nbsp;<\/p>\n<p>10:00 Apertura Mercadillo.<\/p>\n<p>10:30 Visita guiada gratuita a la villa romana Los Villaricos. Previa reserva.<\/p>\n<p>11:00 Taller \u201cLuminaria durante toda la ma\u00f1ana en el Museo de Arte Ib\u00e9rico El Cigarralejo.<\/p>\n<p>11:00\u00a0 Alumnos de la Escuela del Tambor Mula.<\/p>\n<p>11:30 Visita guiada gratuita al Casco Antiguo. Previa reserva.<\/p>\n<p>12:00 Degustaci\u00f3n de monas.<\/p>\n<p>14:00 Cierre del mercadillo.<\/p>\n<\/div><\/div><\/div><\/div><\/div>\n","protected":false},"excerpt":{"rendered":"","protected":false},"author":1,"featured_media":23129,"comment_status":"closed","ping_status":"closed","sticky":false,"template":"","format":"standard","meta":{"jetpack_post_was_ever_published":false,"_jetpack_newsletter_access":"","_jetpack_dont_email_post_to_subs":false,"_jetpack_newsletter_tier_id":0,"_jetpack_memberships_contains_paywalled_content":false,"_jetpack_memberships_contains_paid_content":false,"footnotes":"","jetpack_publicize_message":"","jetpack_publicize_feature_enabled":true,"jetpack_social_post_already_shared":false,"jetpack_social_options":{"image_generator_settings":{"template":"highway","default_image_id":0,"font":"","enabled":false},"version":2}},"categories":[103,102,75],"tags":[377],"class_list":["post-23123","post","type-post","status-publish","format-standard","has-post-thumbnail","hentry","category-artesania","category-mercadillo","category-turismo","tag-las-4-plazas"],"yoast_head":"<!-- This site is optimized with the Yoast SEO plugin v27.4 - https:\/\/yoast.com\/product\/yoast-seo-wordpress\/ -->\n<title>Mercadillo de Artesan\u00eda &quot;Las 4 Plazas&quot; - 7 de abril - Ayuntamiento de Mula<\/title>\n<meta name=\"robots\" content=\"index, follow, max-snippet:-1, max-image-preview:large, max-video-preview:-1\" \/>\n<link rel=\"canonical\" href=\"https:\/\/mula.es\/web\/mercadillo-de-artesania-las-4-plazas-7-de-abril\/\" \/>\n<meta property=\"og:locale\" content=\"es_ES\" \/>\n<meta property=\"og:type\" content=\"article\" \/>\n<meta property=\"og:title\" content=\"Mercadillo de Artesan\u00eda &quot;Las 4 Plazas&quot; - 7 de abril - Ayuntamiento de Mula\" \/>\n<meta property=\"og:url\" content=\"https:\/\/mula.es\/web\/mercadillo-de-artesania-las-4-plazas-7-de-abril\/\" \/>\n<meta property=\"og:site_name\" content=\"Ayuntamiento de Mula\" \/>\n<meta property=\"article:published_time\" content=\"2017-04-04T10:45:01+00:00\" \/>\n<meta property=\"article:modified_time\" content=\"2021-05-12T18:16:03+00:00\" \/>\n<meta property=\"og:image\" content=\"https:\/\/mula.es\/web\/wp-content\/uploads\/2017\/04\/cartel_mercadillo_abril_2017_v2-757x1024.jpg\" \/>\n\t<meta property=\"og:image:width\" content=\"757\" \/>\n\t<meta property=\"og:image:height\" content=\"1024\" \/>\n\t<meta property=\"og:image:type\" content=\"image\/jpeg\" \/>\n<meta name=\"author\" content=\"admin\" \/>\n<meta name=\"twitter:card\" content=\"summary_large_image\" \/>\n<meta name=\"twitter:creator\" content=\"@AyuntamientMula\" \/>\n<meta name=\"twitter:site\" content=\"@AyuntamientMula\" \/>\n<meta name=\"twitter:label1\" content=\"Escrito por\" \/>\n\t<meta name=\"twitter:data1\" content=\"admin\" \/>\n\t<meta name=\"twitter:label2\" content=\"Tiempo de lectura\" \/>\n\t<meta name=\"twitter:data2\" content=\"1 minuto\" \/>\n<script type=\"application\/ld+json\" class=\"yoast-schema-graph\">{\"@context\":\"https:\\\/\\\/schema.org\",\"@graph\":[{\"@type\":\"Article\",\"@id\":\"https:\\\/\\\/mula.es\\\/web\\\/mercadillo-de-artesania-las-4-plazas-7-de-abril\\\/#article\",\"isPartOf\":{\"@id\":\"https:\\\/\\\/mula.es\\\/web\\\/mercadillo-de-artesania-las-4-plazas-7-de-abril\\\/\"},\"author\":{\"name\":\"admin\",\"@id\":\"https:\\\/\\\/mula.es\\\/web\\\/#\\\/schema\\\/person\\\/a0dbffe9f4a3ed4aaebedcfef02f71a1\"},\"headline\":\"Mercadillo de Artesan\u00eda \u00abLas 4 Plazas\u00bb &#8211; 7 de abril\",\"datePublished\":\"2017-04-04T10:45:01+00:00\",\"dateModified\":\"2021-05-12T18:16:03+00:00\",\"mainEntityOfPage\":{\"@id\":\"https:\\\/\\\/mula.es\\\/web\\\/mercadillo-de-artesania-las-4-plazas-7-de-abril\\\/\"},\"wordCount\":260,\"image\":{\"@id\":\"https:\\\/\\\/mula.es\\\/web\\\/mercadillo-de-artesania-las-4-plazas-7-de-abril\\\/#primaryimage\"},\"thumbnailUrl\":\"https:\\\/\\\/mula.es\\\/web\\\/wp-content\\\/uploads\\\/2017\\\/04\\\/cartel_mercadillo_abril_2017_v2.jpg\",\"keywords\":[\"las 4 plazas\"],\"articleSection\":[\"artesan\u00eda\",\"mercadillo\",\"turismo\"],\"inLanguage\":\"es\"},{\"@type\":\"WebPage\",\"@id\":\"https:\\\/\\\/mula.es\\\/web\\\/mercadillo-de-artesania-las-4-plazas-7-de-abril\\\/\",\"url\":\"https:\\\/\\\/mula.es\\\/web\\\/mercadillo-de-artesania-las-4-plazas-7-de-abril\\\/\",\"name\":\"Mercadillo de Artesan\u00eda \\\"Las 4 Plazas\\\" - 7 de abril - Ayuntamiento de Mula\",\"isPartOf\":{\"@id\":\"https:\\\/\\\/mula.es\\\/web\\\/#website\"},\"primaryImageOfPage\":{\"@id\":\"https:\\\/\\\/mula.es\\\/web\\\/mercadillo-de-artesania-las-4-plazas-7-de-abril\\\/#primaryimage\"},\"image\":{\"@id\":\"https:\\\/\\\/mula.es\\\/web\\\/mercadillo-de-artesania-las-4-plazas-7-de-abril\\\/#primaryimage\"},\"thumbnailUrl\":\"https:\\\/\\\/mula.es\\\/web\\\/wp-content\\\/uploads\\\/2017\\\/04\\\/cartel_mercadillo_abril_2017_v2.jpg\",\"datePublished\":\"2017-04-04T10:45:01+00:00\",\"dateModified\":\"2021-05-12T18:16:03+00:00\",\"author\":{\"@id\":\"https:\\\/\\\/mula.es\\\/web\\\/#\\\/schema\\\/person\\\/a0dbffe9f4a3ed4aaebedcfef02f71a1\"},\"breadcrumb\":{\"@id\":\"https:\\\/\\\/mula.es\\\/web\\\/mercadillo-de-artesania-las-4-plazas-7-de-abril\\\/#breadcrumb\"},\"inLanguage\":\"es\",\"potentialAction\":[{\"@type\":\"ReadAction\",\"target\":[\"https:\\\/\\\/mula.es\\\/web\\\/mercadillo-de-artesania-las-4-plazas-7-de-abril\\\/\"]}]},{\"@type\":\"ImageObject\",\"inLanguage\":\"es\",\"@id\":\"https:\\\/\\\/mula.es\\\/web\\\/mercadillo-de-artesania-las-4-plazas-7-de-abril\\\/#primaryimage\",\"url\":\"https:\\\/\\\/mula.es\\\/web\\\/wp-content\\\/uploads\\\/2017\\\/04\\\/cartel_mercadillo_abril_2017_v2.jpg\",\"contentUrl\":\"https:\\\/\\\/mula.es\\\/web\\\/wp-content\\\/uploads\\\/2017\\\/04\\\/cartel_mercadillo_abril_2017_v2.jpg\",\"width\":1950,\"height\":2639},{\"@type\":\"BreadcrumbList\",\"@id\":\"https:\\\/\\\/mula.es\\\/web\\\/mercadillo-de-artesania-las-4-plazas-7-de-abril\\\/#breadcrumb\",\"itemListElement\":[{\"@type\":\"ListItem\",\"position\":1,\"name\":\"Portada\",\"item\":\"https:\\\/\\\/mula.es\\\/web\\\/\"},{\"@type\":\"ListItem\",\"position\":2,\"name\":\"Mercadillo de Artesan\u00eda \u00abLas 4 Plazas\u00bb &#8211; 7 de abril\"}]},{\"@type\":\"WebSite\",\"@id\":\"https:\\\/\\\/mula.es\\\/web\\\/#website\",\"url\":\"https:\\\/\\\/mula.es\\\/web\\\/\",\"name\":\"Ayuntamiento de Mula\",\"description\":\"P\u00e1gina web del Ayuntamiento de Mula (Regi\u00f3n de Murcia)\",\"potentialAction\":[{\"@type\":\"SearchAction\",\"target\":{\"@type\":\"EntryPoint\",\"urlTemplate\":\"https:\\\/\\\/mula.es\\\/web\\\/?s={search_term_string}\"},\"query-input\":{\"@type\":\"PropertyValueSpecification\",\"valueRequired\":true,\"valueName\":\"search_term_string\"}}],\"inLanguage\":\"es\"},{\"@type\":\"Person\",\"@id\":\"https:\\\/\\\/mula.es\\\/web\\\/#\\\/schema\\\/person\\\/a0dbffe9f4a3ed4aaebedcfef02f71a1\",\"name\":\"admin\",\"image\":{\"@type\":\"ImageObject\",\"inLanguage\":\"es\",\"@id\":\"https:\\\/\\\/secure.gravatar.com\\\/avatar\\\/5423b9cd77f4c7f89a124365a268866f9dfee038c17fe9e37afd92b5920d810e?s=96&d=mm&r=g\",\"url\":\"https:\\\/\\\/secure.gravatar.com\\\/avatar\\\/5423b9cd77f4c7f89a124365a268866f9dfee038c17fe9e37afd92b5920d810e?s=96&d=mm&r=g\",\"contentUrl\":\"https:\\\/\\\/secure.gravatar.com\\\/avatar\\\/5423b9cd77f4c7f89a124365a268866f9dfee038c17fe9e37afd92b5920d810e?s=96&d=mm&r=g\",\"caption\":\"admin\"},\"description\":\"Lorem ipsum dolor sit amet, consectetur adipiscing elit. Nam viverra euismod odio, gravida pellentesque urna varius vitae. Sed dui lorem, adipiscing in adipiscing et, interdum nec metus. Mauris ultricies, justo eu convallis placerat, felis enim ornare nisi, vitae mattis nulla ante id dui. Ut lectus purus, commodo et tincidunt vel, interdum sed lectus. Vestibulum adipiscing tempor nisi id elementi.\",\"url\":\"https:\\\/\\\/mula.es\\\/web\\\/author\\\/jose-maria-boti\\\/\"}]}<\/script>\n<!-- \/ Yoast SEO plugin. -->","yoast_head_json":{"title":"Mercadillo de Artesan\u00eda \"Las 4 Plazas\" - 7 de abril - Ayuntamiento de Mula","robots":{"index":"index","follow":"follow","max-snippet":"max-snippet:-1","max-image-preview":"max-image-preview:large","max-video-preview":"max-video-preview:-1"},"canonical":"https:\/\/mula.es\/web\/mercadillo-de-artesania-las-4-plazas-7-de-abril\/","og_locale":"es_ES","og_type":"article","og_title":"Mercadillo de Artesan\u00eda \"Las 4 Plazas\" - 7 de abril - Ayuntamiento de Mula","og_url":"https:\/\/mula.es\/web\/mercadillo-de-artesania-las-4-plazas-7-de-abril\/","og_site_name":"Ayuntamiento de Mula","article_published_time":"2017-04-04T10:45:01+00:00","article_modified_time":"2021-05-12T18:16:03+00:00","og_image":[{"width":757,"height":1024,"url":"https:\/\/mula.es\/web\/wp-content\/uploads\/2017\/04\/cartel_mercadillo_abril_2017_v2-757x1024.jpg","type":"image\/jpeg"}],"author":"admin","twitter_card":"summary_large_image","twitter_creator":"@AyuntamientMula","twitter_site":"@AyuntamientMula","twitter_misc":{"Escrito por":"admin","Tiempo de lectura":"1 minuto"},"schema":{"@context":"https:\/\/schema.org","@graph":[{"@type":"Article","@id":"https:\/\/mula.es\/web\/mercadillo-de-artesania-las-4-plazas-7-de-abril\/#article","isPartOf":{"@id":"https:\/\/mula.es\/web\/mercadillo-de-artesania-las-4-plazas-7-de-abril\/"},"author":{"name":"admin","@id":"https:\/\/mula.es\/web\/#\/schema\/person\/a0dbffe9f4a3ed4aaebedcfef02f71a1"},"headline":"Mercadillo de Artesan\u00eda \u00abLas 4 Plazas\u00bb &#8211; 7 de abril","datePublished":"2017-04-04T10:45:01+00:00","dateModified":"2021-05-12T18:16:03+00:00","mainEntityOfPage":{"@id":"https:\/\/mula.es\/web\/mercadillo-de-artesania-las-4-plazas-7-de-abril\/"},"wordCount":260,"image":{"@id":"https:\/\/mula.es\/web\/mercadillo-de-artesania-las-4-plazas-7-de-abril\/#primaryimage"},"thumbnailUrl":"https:\/\/mula.es\/web\/wp-content\/uploads\/2017\/04\/cartel_mercadillo_abril_2017_v2.jpg","keywords":["las 4 plazas"],"articleSection":["artesan\u00eda","mercadillo","turismo"],"inLanguage":"es"},{"@type":"WebPage","@id":"https:\/\/mula.es\/web\/mercadillo-de-artesania-las-4-plazas-7-de-abril\/","url":"https:\/\/mula.es\/web\/mercadillo-de-artesania-las-4-plazas-7-de-abril\/","name":"Mercadillo de Artesan\u00eda \"Las 4 Plazas\" - 7 de abril - Ayuntamiento de Mula","isPartOf":{"@id":"https:\/\/mula.es\/web\/#website"},"primaryImageOfPage":{"@id":"https:\/\/mula.es\/web\/mercadillo-de-artesania-las-4-plazas-7-de-abril\/#primaryimage"},"image":{"@id":"https:\/\/mula.es\/web\/mercadillo-de-artesania-las-4-plazas-7-de-abril\/#primaryimage"},"thumbnailUrl":"https:\/\/mula.es\/web\/wp-content\/uploads\/2017\/04\/cartel_mercadillo_abril_2017_v2.jpg","datePublished":"2017-04-04T10:45:01+00:00","dateModified":"2021-05-12T18:16:03+00:00","author":{"@id":"https:\/\/mula.es\/web\/#\/schema\/person\/a0dbffe9f4a3ed4aaebedcfef02f71a1"},"breadcrumb":{"@id":"https:\/\/mula.es\/web\/mercadillo-de-artesania-las-4-plazas-7-de-abril\/#breadcrumb"},"inLanguage":"es","potentialAction":[{"@type":"ReadAction","target":["https:\/\/mula.es\/web\/mercadillo-de-artesania-las-4-plazas-7-de-abril\/"]}]},{"@type":"ImageObject","inLanguage":"es","@id":"https:\/\/mula.es\/web\/mercadillo-de-artesania-las-4-plazas-7-de-abril\/#primaryimage","url":"https:\/\/mula.es\/web\/wp-content\/uploads\/2017\/04\/cartel_mercadillo_abril_2017_v2.jpg","contentUrl":"https:\/\/mula.es\/web\/wp-content\/uploads\/2017\/04\/cartel_mercadillo_abril_2017_v2.jpg","width":1950,"height":2639},{"@type":"BreadcrumbList","@id":"https:\/\/mula.es\/web\/mercadillo-de-artesania-las-4-plazas-7-de-abril\/#breadcrumb","itemListElement":[{"@type":"ListItem","position":1,"name":"Portada","item":"https:\/\/mula.es\/web\/"},{"@type":"ListItem","position":2,"name":"Mercadillo de Artesan\u00eda \u00abLas 4 Plazas\u00bb &#8211; 7 de abril"}]},{"@type":"WebSite","@id":"https:\/\/mula.es\/web\/#website","url":"https:\/\/mula.es\/web\/","name":"Ayuntamiento de Mula","description":"P\u00e1gina web del Ayuntamiento de Mula (Regi\u00f3n de Murcia)","potentialAction":[{"@type":"SearchAction","target":{"@type":"EntryPoint","urlTemplate":"https:\/\/mula.es\/web\/?s={search_term_string}"},"query-input":{"@type":"PropertyValueSpecification","valueRequired":true,"valueName":"search_term_string"}}],"inLanguage":"es"},{"@type":"Person","@id":"https:\/\/mula.es\/web\/#\/schema\/person\/a0dbffe9f4a3ed4aaebedcfef02f71a1","name":"admin","image":{"@type":"ImageObject","inLanguage":"es","@id":"https:\/\/secure.gravatar.com\/avatar\/5423b9cd77f4c7f89a124365a268866f9dfee038c17fe9e37afd92b5920d810e?s=96&d=mm&r=g","url":"https:\/\/secure.gravatar.com\/avatar\/5423b9cd77f4c7f89a124365a268866f9dfee038c17fe9e37afd92b5920d810e?s=96&d=mm&r=g","contentUrl":"https:\/\/secure.gravatar.com\/avatar\/5423b9cd77f4c7f89a124365a268866f9dfee038c17fe9e37afd92b5920d810e?s=96&d=mm&r=g","caption":"admin"},"description":"Lorem ipsum dolor sit amet, consectetur adipiscing elit. Nam viverra euismod odio, gravida pellentesque urna varius vitae. Sed dui lorem, adipiscing in adipiscing et, interdum nec metus. Mauris ultricies, justo eu convallis placerat, felis enim ornare nisi, vitae mattis nulla ante id dui. Ut lectus purus, commodo et tincidunt vel, interdum sed lectus. Vestibulum adipiscing tempor nisi id elementi.","url":"https:\/\/mula.es\/web\/author\/jose-maria-boti\/"}]}},"jetpack_publicize_connections":[],"jetpack_featured_media_url":"https:\/\/mula.es\/web\/wp-content\/uploads\/2017\/04\/cartel_mercadillo_abril_2017_v2.jpg","jetpack_sharing_enabled":true,"jetpack_shortlink":"https:\/\/wp.me\/pa9DMY-60X","jetpack-related-posts":[],"_links":{"self":[{"href":"https:\/\/mula.es\/web\/wp-json\/wp\/v2\/posts\/23123","targetHints":{"allow":["GET"]}}],"collection":[{"href":"https:\/\/mula.es\/web\/wp-json\/wp\/v2\/posts"}],"about":[{"href":"https:\/\/mula.es\/web\/wp-json\/wp\/v2\/types\/post"}],"author":[{"embeddable":true,"href":"https:\/\/mula.es\/web\/wp-json\/wp\/v2\/users\/1"}],"replies":[{"embeddable":true,"href":"https:\/\/mula.es\/web\/wp-json\/wp\/v2\/comments?post=23123"}],"version-history":[{"count":3,"href":"https:\/\/mula.es\/web\/wp-json\/wp\/v2\/posts\/23123\/revisions"}],"predecessor-version":[{"id":39791,"href":"https:\/\/mula.es\/web\/wp-json\/wp\/v2\/posts\/23123\/revisions\/39791"}],"wp:featuredmedia":[{"embeddable":true,"href":"https:\/\/mula.es\/web\/wp-json\/wp\/v2\/media\/23129"}],"wp:attachment":[{"href":"https:\/\/mula.es\/web\/wp-json\/wp\/v2\/media?parent=23123"}],"wp:term":[{"taxonomy":"category","embeddable":true,"href":"https:\/\/mula.es\/web\/wp-json\/wp\/v2\/categories?post=23123"},{"taxonomy":"post_tag","embeddable":true,"href":"https:\/\/mula.es\/web\/wp-json\/wp\/v2\/tags?post=23123"}],"curies":[{"name":"wp","href":"https:\/\/api.w.org\/{rel}","templated":true}]}}