{"id":23217,"date":"2017-04-19T11:12:49","date_gmt":"2017-04-19T09:12:49","guid":{"rendered":"http:\/\/mula.es\/web\/?p=23217"},"modified":"2021-05-12T20:15:53","modified_gmt":"2021-05-12T18:15:53","slug":"reivindican-el-restablecimiento-del-servicio-de-ginecologia-en-el-centro-comarcal-de-salud-de-mula","status":"publish","type":"post","link":"https:\/\/mula.es\/web\/reivindican-el-restablecimiento-del-servicio-de-ginecologia-en-el-centro-comarcal-de-salud-de-mula\/","title":{"rendered":"Reivindican el restablecimiento del Servicio de Ginecolog\u00eda en el Centro Comarcal de Salud de Mula"},"content":{"rendered":"<div class=\"fusion-fullwidth fullwidth-box fusion-builder-row-1 fusion-flex-container hundred-percent-fullwidth non-hundred-percent-height-scrolling\" style=\"--awb-border-radius-top-left:0px;--awb-border-radius-top-right:0px;--awb-border-radius-bottom-right:0px;--awb-border-radius-bottom-left:0px;--awb-overflow:visible;--awb-flex-wrap:wrap;\" ><div class=\"fusion-builder-row fusion-row fusion-flex-align-items-flex-start fusion-flex-content-wrap\" style=\"width:calc( 100% + 0px ) !important;max-width:calc( 100% + 0px ) !important;margin-left: calc(-0px \/ 2 );margin-right: calc(-0px \/ 2 );\"><div class=\"fusion-layout-column fusion_builder_column fusion-builder-column-0 fusion_builder_column_1_1 1_1 fusion-flex-column\" style=\"--awb-bg-size:cover;--awb-width-large:100%;--awb-margin-top-large:0px;--awb-spacing-right-large:0px;--awb-margin-bottom-large:20px;--awb-spacing-left-large:0px;--awb-width-medium:100%;--awb-spacing-right-medium:0px;--awb-spacing-left-medium:0px;--awb-width-small:100%;--awb-spacing-right-small:0px;--awb-spacing-left-small:0px;\"><div class=\"fusion-column-wrapper fusion-flex-justify-content-flex-start fusion-content-layout-column\"><div class=\"fusion-text fusion-text-1\"><p>Varias asociaciones vecinales, organizaciones sindicales y distintos colectivos vinculados a la esfera de la sanidad y de la mujer han llevado a cabo una campa\u00f1a reivindicativa y una recogida de firmas solicitando que se restablezca el Servicio Ginecol\u00f3gico de Apoyo en el Centro Comarcal de Salud de Mula.<\/p>\n<p>Una representaci\u00f3n de este movimiento ciudadano se reuni\u00f3 con el Concejal de Sanidad del Ayuntamiento, Francisco J. Llamazares, para hacer entrega de las m\u00e1s de 4.000 firmas que se llevan recogidas hasta el momento. La Corporaci\u00f3n aprobar\u00e1 una iniciativa en el pleno de abril en la que se pide el restablecimiento del Servicio de Ginecolog\u00eda. As\u00ed mismo, los representantes municipales se reunir\u00e1n con los responsables del Servicio Murciano de Salud y de la Consejer\u00eda de Sanidad de la CARM para dar traslado de las firmas y plantearles una soluci\u00f3n al problema.<\/p>\n<p>El Servicio de Ginecolog\u00eda fue suprimido en el Centro de Salud de Mula con los recortes en el sistema sanitario en el a\u00f1o 2013. Desde ese momento, las usuarias tienen que desplazarse a la Unidad Ginecol\u00f3gica de Alcantarilla, lo que provoca que muchas de ellas abandonen el seguimiento y los protocolos necesarios disminuyendo considerablemente la eficacia preventiva del Programa Integral de Atenci\u00f3n a la Mujer (PIAM) o se vean abocadas a acudir a ginec\u00f3logos privados.<\/p>\n<\/div><\/div><\/div><\/div><\/div>\n","protected":false},"excerpt":{"rendered":"","protected":false},"author":1,"featured_media":23218,"comment_status":"closed","ping_status":"closed","sticky":false,"template":"","format":"standard","meta":{"jetpack_post_was_ever_published":false,"_jetpack_newsletter_access":"","_jetpack_dont_email_post_to_subs":false,"_jetpack_newsletter_tier_id":0,"_jetpack_memberships_contains_paywalled_content":false,"_jetpack_memberships_contains_paid_content":false,"footnotes":"","jetpack_publicize_message":"","jetpack_publicize_feature_enabled":true,"jetpack_social_post_already_shared":false,"jetpack_social_options":{"image_generator_settings":{"template":"highway","default_image_id":0,"font":"","enabled":false},"version":2}},"categories":[90],"tags":[],"class_list":["post-23217","post","type-post","status-publish","format-standard","has-post-thumbnail","hentry","category-sanidad"],"yoast_head":"<!-- This site is optimized with the Yoast SEO plugin v27.4 - https:\/\/yoast.com\/product\/yoast-seo-wordpress\/ -->\n<title>Reivindican el restablecimiento del Servicio de Ginecolog\u00eda en el Centro Comarcal de Salud de Mula - Ayuntamiento de Mula<\/title>\n<meta name=\"robots\" content=\"index, follow, max-snippet:-1, max-image-preview:large, max-video-preview:-1\" \/>\n<link rel=\"canonical\" href=\"https:\/\/mula.es\/web\/reivindican-el-restablecimiento-del-servicio-de-ginecologia-en-el-centro-comarcal-de-salud-de-mula\/\" \/>\n<meta property=\"og:locale\" content=\"es_ES\" \/>\n<meta property=\"og:type\" content=\"article\" \/>\n<meta property=\"og:title\" content=\"Reivindican el restablecimiento del Servicio de Ginecolog\u00eda en el Centro Comarcal de Salud de Mula - Ayuntamiento de Mula\" \/>\n<meta property=\"og:url\" content=\"https:\/\/mula.es\/web\/reivindican-el-restablecimiento-del-servicio-de-ginecologia-en-el-centro-comarcal-de-salud-de-mula\/\" \/>\n<meta property=\"og:site_name\" content=\"Ayuntamiento de Mula\" \/>\n<meta property=\"article:published_time\" content=\"2017-04-19T09:12:49+00:00\" \/>\n<meta property=\"article:modified_time\" content=\"2021-05-12T18:15:53+00:00\" \/>\n<meta property=\"og:image\" content=\"https:\/\/mula.es\/web\/wp-content\/uploads\/2017\/04\/DSC_0414-1024x684.jpg\" \/>\n\t<meta property=\"og:image:width\" content=\"1024\" \/>\n\t<meta property=\"og:image:height\" content=\"684\" \/>\n\t<meta property=\"og:image:type\" content=\"image\/jpeg\" \/>\n<meta name=\"author\" content=\"admin\" \/>\n<meta name=\"twitter:card\" content=\"summary_large_image\" \/>\n<meta name=\"twitter:creator\" content=\"@AyuntamientMula\" \/>\n<meta name=\"twitter:site\" content=\"@AyuntamientMula\" \/>\n<meta name=\"twitter:label1\" content=\"Escrito por\" \/>\n\t<meta name=\"twitter:data1\" content=\"admin\" \/>\n\t<meta name=\"twitter:label2\" content=\"Tiempo de lectura\" \/>\n\t<meta name=\"twitter:data2\" content=\"2 minutos\" \/>\n<script type=\"application\/ld+json\" class=\"yoast-schema-graph\">{\"@context\":\"https:\\\/\\\/schema.org\",\"@graph\":[{\"@type\":\"Article\",\"@id\":\"https:\\\/\\\/mula.es\\\/web\\\/reivindican-el-restablecimiento-del-servicio-de-ginecologia-en-el-centro-comarcal-de-salud-de-mula\\\/#article\",\"isPartOf\":{\"@id\":\"https:\\\/\\\/mula.es\\\/web\\\/reivindican-el-restablecimiento-del-servicio-de-ginecologia-en-el-centro-comarcal-de-salud-de-mula\\\/\"},\"author\":{\"name\":\"admin\",\"@id\":\"https:\\\/\\\/mula.es\\\/web\\\/#\\\/schema\\\/person\\\/a0dbffe9f4a3ed4aaebedcfef02f71a1\"},\"headline\":\"Reivindican el restablecimiento del Servicio de Ginecolog\u00eda en el Centro Comarcal de Salud de Mula\",\"datePublished\":\"2017-04-19T09:12:49+00:00\",\"dateModified\":\"2021-05-12T18:15:53+00:00\",\"mainEntityOfPage\":{\"@id\":\"https:\\\/\\\/mula.es\\\/web\\\/reivindican-el-restablecimiento-del-servicio-de-ginecologia-en-el-centro-comarcal-de-salud-de-mula\\\/\"},\"wordCount\":321,\"image\":{\"@id\":\"https:\\\/\\\/mula.es\\\/web\\\/reivindican-el-restablecimiento-del-servicio-de-ginecologia-en-el-centro-comarcal-de-salud-de-mula\\\/#primaryimage\"},\"thumbnailUrl\":\"https:\\\/\\\/mula.es\\\/web\\\/wp-content\\\/uploads\\\/2017\\\/04\\\/DSC_0414.jpg\",\"articleSection\":[\"sanidad\"],\"inLanguage\":\"es\"},{\"@type\":\"WebPage\",\"@id\":\"https:\\\/\\\/mula.es\\\/web\\\/reivindican-el-restablecimiento-del-servicio-de-ginecologia-en-el-centro-comarcal-de-salud-de-mula\\\/\",\"url\":\"https:\\\/\\\/mula.es\\\/web\\\/reivindican-el-restablecimiento-del-servicio-de-ginecologia-en-el-centro-comarcal-de-salud-de-mula\\\/\",\"name\":\"Reivindican el restablecimiento del Servicio de Ginecolog\u00eda en el Centro Comarcal de Salud de Mula - Ayuntamiento de Mula\",\"isPartOf\":{\"@id\":\"https:\\\/\\\/mula.es\\\/web\\\/#website\"},\"primaryImageOfPage\":{\"@id\":\"https:\\\/\\\/mula.es\\\/web\\\/reivindican-el-restablecimiento-del-servicio-de-ginecologia-en-el-centro-comarcal-de-salud-de-mula\\\/#primaryimage\"},\"image\":{\"@id\":\"https:\\\/\\\/mula.es\\\/web\\\/reivindican-el-restablecimiento-del-servicio-de-ginecologia-en-el-centro-comarcal-de-salud-de-mula\\\/#primaryimage\"},\"thumbnailUrl\":\"https:\\\/\\\/mula.es\\\/web\\\/wp-content\\\/uploads\\\/2017\\\/04\\\/DSC_0414.jpg\",\"datePublished\":\"2017-04-19T09:12:49+00:00\",\"dateModified\":\"2021-05-12T18:15:53+00:00\",\"author\":{\"@id\":\"https:\\\/\\\/mula.es\\\/web\\\/#\\\/schema\\\/person\\\/a0dbffe9f4a3ed4aaebedcfef02f71a1\"},\"breadcrumb\":{\"@id\":\"https:\\\/\\\/mula.es\\\/web\\\/reivindican-el-restablecimiento-del-servicio-de-ginecologia-en-el-centro-comarcal-de-salud-de-mula\\\/#breadcrumb\"},\"inLanguage\":\"es\",\"potentialAction\":[{\"@type\":\"ReadAction\",\"target\":[\"https:\\\/\\\/mula.es\\\/web\\\/reivindican-el-restablecimiento-del-servicio-de-ginecologia-en-el-centro-comarcal-de-salud-de-mula\\\/\"]}]},{\"@type\":\"ImageObject\",\"inLanguage\":\"es\",\"@id\":\"https:\\\/\\\/mula.es\\\/web\\\/reivindican-el-restablecimiento-del-servicio-de-ginecologia-en-el-centro-comarcal-de-salud-de-mula\\\/#primaryimage\",\"url\":\"https:\\\/\\\/mula.es\\\/web\\\/wp-content\\\/uploads\\\/2017\\\/04\\\/DSC_0414.jpg\",\"contentUrl\":\"https:\\\/\\\/mula.es\\\/web\\\/wp-content\\\/uploads\\\/2017\\\/04\\\/DSC_0414.jpg\",\"width\":2992,\"height\":2000,\"caption\":\"ginecolog\u00eda 1\"},{\"@type\":\"BreadcrumbList\",\"@id\":\"https:\\\/\\\/mula.es\\\/web\\\/reivindican-el-restablecimiento-del-servicio-de-ginecologia-en-el-centro-comarcal-de-salud-de-mula\\\/#breadcrumb\",\"itemListElement\":[{\"@type\":\"ListItem\",\"position\":1,\"name\":\"Portada\",\"item\":\"https:\\\/\\\/mula.es\\\/web\\\/\"},{\"@type\":\"ListItem\",\"position\":2,\"name\":\"Reivindican el restablecimiento del Servicio de Ginecolog\u00eda en el Centro Comarcal de Salud de Mula\"}]},{\"@type\":\"WebSite\",\"@id\":\"https:\\\/\\\/mula.es\\\/web\\\/#website\",\"url\":\"https:\\\/\\\/mula.es\\\/web\\\/\",\"name\":\"Ayuntamiento de Mula\",\"description\":\"P\u00e1gina web del Ayuntamiento de Mula (Regi\u00f3n de Murcia)\",\"potentialAction\":[{\"@type\":\"SearchAction\",\"target\":{\"@type\":\"EntryPoint\",\"urlTemplate\":\"https:\\\/\\\/mula.es\\\/web\\\/?s={search_term_string}\"},\"query-input\":{\"@type\":\"PropertyValueSpecification\",\"valueRequired\":true,\"valueName\":\"search_term_string\"}}],\"inLanguage\":\"es\"},{\"@type\":\"Person\",\"@id\":\"https:\\\/\\\/mula.es\\\/web\\\/#\\\/schema\\\/person\\\/a0dbffe9f4a3ed4aaebedcfef02f71a1\",\"name\":\"admin\",\"image\":{\"@type\":\"ImageObject\",\"inLanguage\":\"es\",\"@id\":\"https:\\\/\\\/secure.gravatar.com\\\/avatar\\\/5423b9cd77f4c7f89a124365a268866f9dfee038c17fe9e37afd92b5920d810e?s=96&d=mm&r=g\",\"url\":\"https:\\\/\\\/secure.gravatar.com\\\/avatar\\\/5423b9cd77f4c7f89a124365a268866f9dfee038c17fe9e37afd92b5920d810e?s=96&d=mm&r=g\",\"contentUrl\":\"https:\\\/\\\/secure.gravatar.com\\\/avatar\\\/5423b9cd77f4c7f89a124365a268866f9dfee038c17fe9e37afd92b5920d810e?s=96&d=mm&r=g\",\"caption\":\"admin\"},\"description\":\"Lorem ipsum dolor sit amet, consectetur adipiscing elit. Nam viverra euismod odio, gravida pellentesque urna varius vitae. Sed dui lorem, adipiscing in adipiscing et, interdum nec metus. Mauris ultricies, justo eu convallis placerat, felis enim ornare nisi, vitae mattis nulla ante id dui. Ut lectus purus, commodo et tincidunt vel, interdum sed lectus. Vestibulum adipiscing tempor nisi id elementi.\",\"url\":\"https:\\\/\\\/mula.es\\\/web\\\/author\\\/jose-maria-boti\\\/\"}]}<\/script>\n<!-- \/ Yoast SEO plugin. -->","yoast_head_json":{"title":"Reivindican el restablecimiento del Servicio de Ginecolog\u00eda en el Centro Comarcal de Salud de Mula - Ayuntamiento de Mula","robots":{"index":"index","follow":"follow","max-snippet":"max-snippet:-1","max-image-preview":"max-image-preview:large","max-video-preview":"max-video-preview:-1"},"canonical":"https:\/\/mula.es\/web\/reivindican-el-restablecimiento-del-servicio-de-ginecologia-en-el-centro-comarcal-de-salud-de-mula\/","og_locale":"es_ES","og_type":"article","og_title":"Reivindican el restablecimiento del Servicio de Ginecolog\u00eda en el Centro Comarcal de Salud de Mula - Ayuntamiento de Mula","og_url":"https:\/\/mula.es\/web\/reivindican-el-restablecimiento-del-servicio-de-ginecologia-en-el-centro-comarcal-de-salud-de-mula\/","og_site_name":"Ayuntamiento de Mula","article_published_time":"2017-04-19T09:12:49+00:00","article_modified_time":"2021-05-12T18:15:53+00:00","og_image":[{"width":1024,"height":684,"url":"https:\/\/mula.es\/web\/wp-content\/uploads\/2017\/04\/DSC_0414-1024x684.jpg","type":"image\/jpeg"}],"author":"admin","twitter_card":"summary_large_image","twitter_creator":"@AyuntamientMula","twitter_site":"@AyuntamientMula","twitter_misc":{"Escrito por":"admin","Tiempo de lectura":"2 minutos"},"schema":{"@context":"https:\/\/schema.org","@graph":[{"@type":"Article","@id":"https:\/\/mula.es\/web\/reivindican-el-restablecimiento-del-servicio-de-ginecologia-en-el-centro-comarcal-de-salud-de-mula\/#article","isPartOf":{"@id":"https:\/\/mula.es\/web\/reivindican-el-restablecimiento-del-servicio-de-ginecologia-en-el-centro-comarcal-de-salud-de-mula\/"},"author":{"name":"admin","@id":"https:\/\/mula.es\/web\/#\/schema\/person\/a0dbffe9f4a3ed4aaebedcfef02f71a1"},"headline":"Reivindican el restablecimiento del Servicio de Ginecolog\u00eda en el Centro Comarcal de Salud de Mula","datePublished":"2017-04-19T09:12:49+00:00","dateModified":"2021-05-12T18:15:53+00:00","mainEntityOfPage":{"@id":"https:\/\/mula.es\/web\/reivindican-el-restablecimiento-del-servicio-de-ginecologia-en-el-centro-comarcal-de-salud-de-mula\/"},"wordCount":321,"image":{"@id":"https:\/\/mula.es\/web\/reivindican-el-restablecimiento-del-servicio-de-ginecologia-en-el-centro-comarcal-de-salud-de-mula\/#primaryimage"},"thumbnailUrl":"https:\/\/mula.es\/web\/wp-content\/uploads\/2017\/04\/DSC_0414.jpg","articleSection":["sanidad"],"inLanguage":"es"},{"@type":"WebPage","@id":"https:\/\/mula.es\/web\/reivindican-el-restablecimiento-del-servicio-de-ginecologia-en-el-centro-comarcal-de-salud-de-mula\/","url":"https:\/\/mula.es\/web\/reivindican-el-restablecimiento-del-servicio-de-ginecologia-en-el-centro-comarcal-de-salud-de-mula\/","name":"Reivindican el restablecimiento del Servicio de Ginecolog\u00eda en el Centro Comarcal de Salud de Mula - Ayuntamiento de Mula","isPartOf":{"@id":"https:\/\/mula.es\/web\/#website"},"primaryImageOfPage":{"@id":"https:\/\/mula.es\/web\/reivindican-el-restablecimiento-del-servicio-de-ginecologia-en-el-centro-comarcal-de-salud-de-mula\/#primaryimage"},"image":{"@id":"https:\/\/mula.es\/web\/reivindican-el-restablecimiento-del-servicio-de-ginecologia-en-el-centro-comarcal-de-salud-de-mula\/#primaryimage"},"thumbnailUrl":"https:\/\/mula.es\/web\/wp-content\/uploads\/2017\/04\/DSC_0414.jpg","datePublished":"2017-04-19T09:12:49+00:00","dateModified":"2021-05-12T18:15:53+00:00","author":{"@id":"https:\/\/mula.es\/web\/#\/schema\/person\/a0dbffe9f4a3ed4aaebedcfef02f71a1"},"breadcrumb":{"@id":"https:\/\/mula.es\/web\/reivindican-el-restablecimiento-del-servicio-de-ginecologia-en-el-centro-comarcal-de-salud-de-mula\/#breadcrumb"},"inLanguage":"es","potentialAction":[{"@type":"ReadAction","target":["https:\/\/mula.es\/web\/reivindican-el-restablecimiento-del-servicio-de-ginecologia-en-el-centro-comarcal-de-salud-de-mula\/"]}]},{"@type":"ImageObject","inLanguage":"es","@id":"https:\/\/mula.es\/web\/reivindican-el-restablecimiento-del-servicio-de-ginecologia-en-el-centro-comarcal-de-salud-de-mula\/#primaryimage","url":"https:\/\/mula.es\/web\/wp-content\/uploads\/2017\/04\/DSC_0414.jpg","contentUrl":"https:\/\/mula.es\/web\/wp-content\/uploads\/2017\/04\/DSC_0414.jpg","width":2992,"height":2000,"caption":"ginecolog\u00eda 1"},{"@type":"BreadcrumbList","@id":"https:\/\/mula.es\/web\/reivindican-el-restablecimiento-del-servicio-de-ginecologia-en-el-centro-comarcal-de-salud-de-mula\/#breadcrumb","itemListElement":[{"@type":"ListItem","position":1,"name":"Portada","item":"https:\/\/mula.es\/web\/"},{"@type":"ListItem","position":2,"name":"Reivindican el restablecimiento del Servicio de Ginecolog\u00eda en el Centro Comarcal de Salud de Mula"}]},{"@type":"WebSite","@id":"https:\/\/mula.es\/web\/#website","url":"https:\/\/mula.es\/web\/","name":"Ayuntamiento de Mula","description":"P\u00e1gina web del Ayuntamiento de Mula (Regi\u00f3n de Murcia)","potentialAction":[{"@type":"SearchAction","target":{"@type":"EntryPoint","urlTemplate":"https:\/\/mula.es\/web\/?s={search_term_string}"},"query-input":{"@type":"PropertyValueSpecification","valueRequired":true,"valueName":"search_term_string"}}],"inLanguage":"es"},{"@type":"Person","@id":"https:\/\/mula.es\/web\/#\/schema\/person\/a0dbffe9f4a3ed4aaebedcfef02f71a1","name":"admin","image":{"@type":"ImageObject","inLanguage":"es","@id":"https:\/\/secure.gravatar.com\/avatar\/5423b9cd77f4c7f89a124365a268866f9dfee038c17fe9e37afd92b5920d810e?s=96&d=mm&r=g","url":"https:\/\/secure.gravatar.com\/avatar\/5423b9cd77f4c7f89a124365a268866f9dfee038c17fe9e37afd92b5920d810e?s=96&d=mm&r=g","contentUrl":"https:\/\/secure.gravatar.com\/avatar\/5423b9cd77f4c7f89a124365a268866f9dfee038c17fe9e37afd92b5920d810e?s=96&d=mm&r=g","caption":"admin"},"description":"Lorem ipsum dolor sit amet, consectetur adipiscing elit. Nam viverra euismod odio, gravida pellentesque urna varius vitae. Sed dui lorem, adipiscing in adipiscing et, interdum nec metus. Mauris ultricies, justo eu convallis placerat, felis enim ornare nisi, vitae mattis nulla ante id dui. Ut lectus purus, commodo et tincidunt vel, interdum sed lectus. Vestibulum adipiscing tempor nisi id elementi.","url":"https:\/\/mula.es\/web\/author\/jose-maria-boti\/"}]}},"jetpack_publicize_connections":[],"jetpack_featured_media_url":"https:\/\/mula.es\/web\/wp-content\/uploads\/2017\/04\/DSC_0414.jpg","jetpack_sharing_enabled":true,"jetpack_shortlink":"https:\/\/wp.me\/pa9DMY-62t","jetpack-related-posts":[],"_links":{"self":[{"href":"https:\/\/mula.es\/web\/wp-json\/wp\/v2\/posts\/23217","targetHints":{"allow":["GET"]}}],"collection":[{"href":"https:\/\/mula.es\/web\/wp-json\/wp\/v2\/posts"}],"about":[{"href":"https:\/\/mula.es\/web\/wp-json\/wp\/v2\/types\/post"}],"author":[{"embeddable":true,"href":"https:\/\/mula.es\/web\/wp-json\/wp\/v2\/users\/1"}],"replies":[{"embeddable":true,"href":"https:\/\/mula.es\/web\/wp-json\/wp\/v2\/comments?post=23217"}],"version-history":[{"count":2,"href":"https:\/\/mula.es\/web\/wp-json\/wp\/v2\/posts\/23217\/revisions"}],"predecessor-version":[{"id":39778,"href":"https:\/\/mula.es\/web\/wp-json\/wp\/v2\/posts\/23217\/revisions\/39778"}],"wp:featuredmedia":[{"embeddable":true,"href":"https:\/\/mula.es\/web\/wp-json\/wp\/v2\/media\/23218"}],"wp:attachment":[{"href":"https:\/\/mula.es\/web\/wp-json\/wp\/v2\/media?parent=23217"}],"wp:term":[{"taxonomy":"category","embeddable":true,"href":"https:\/\/mula.es\/web\/wp-json\/wp\/v2\/categories?post=23217"},{"taxonomy":"post_tag","embeddable":true,"href":"https:\/\/mula.es\/web\/wp-json\/wp\/v2\/tags?post=23217"}],"curies":[{"name":"wp","href":"https:\/\/api.w.org\/{rel}","templated":true}]}}