{"id":23220,"date":"2017-04-19T11:17:41","date_gmt":"2017-04-19T09:17:41","guid":{"rendered":"http:\/\/mula.es\/web\/?p=23220"},"modified":"2021-05-12T20:15:53","modified_gmt":"2021-05-12T18:15:53","slug":"convenio-de-cesion-uso-local-municipal-al-consejo-local-de-la-juventud-y-a-la-asociacion-almagra-teatro","status":"publish","type":"post","link":"https:\/\/mula.es\/web\/convenio-de-cesion-uso-local-municipal-al-consejo-local-de-la-juventud-y-a-la-asociacion-almagra-teatro\/","title":{"rendered":"Convenio de cesi\u00f3n uso local municipal al Consejo Local de la Juventud  y a la Asociaci\u00f3n Almagra Teatro"},"content":{"rendered":"<div class=\"fusion-fullwidth fullwidth-box fusion-builder-row-1 fusion-flex-container hundred-percent-fullwidth non-hundred-percent-height-scrolling\" style=\"--awb-border-radius-top-left:0px;--awb-border-radius-top-right:0px;--awb-border-radius-bottom-right:0px;--awb-border-radius-bottom-left:0px;--awb-overflow:visible;--awb-flex-wrap:wrap;\" ><div class=\"fusion-builder-row fusion-row fusion-flex-align-items-flex-start fusion-flex-content-wrap\" style=\"width:calc( 100% + 0px ) !important;max-width:calc( 100% + 0px ) !important;margin-left: calc(-0px \/ 2 );margin-right: calc(-0px \/ 2 );\"><div class=\"fusion-layout-column fusion_builder_column fusion-builder-column-0 fusion_builder_column_1_1 1_1 fusion-flex-column\" style=\"--awb-bg-size:cover;--awb-width-large:100%;--awb-margin-top-large:0px;--awb-spacing-right-large:0px;--awb-margin-bottom-large:20px;--awb-spacing-left-large:0px;--awb-width-medium:100%;--awb-spacing-right-medium:0px;--awb-spacing-left-medium:0px;--awb-width-small:100%;--awb-spacing-right-small:0px;--awb-spacing-left-small:0px;\"><div class=\"fusion-column-wrapper fusion-flex-justify-content-flex-start fusion-content-layout-column\"><div class=\"fusion-text fusion-text-1\"><p>Ayer martes tuvo lugar la firma del convenio de cesi\u00f3n de un local al Consejo Local de la Juventud de Mula y a la Asociaci\u00f3n Almagra Teatro.<\/p>\n<p>El local est\u00e1 ubicado en la primera planta del antiguo Colegio Santa Clara y el convenio de cesi\u00f3n tendr\u00e1 una duraci\u00f3n de 2 a\u00f1os. Ambas entidades se comprometen a darle el uso correcto para que el que se cede, que no es otro que la utilizaci\u00f3n de la sala para los ensayos de Almagra Teatro y de las asociaciones que conforman el Consejo Local de la Juventud.<\/p>\n<p>\u00c9ste es un paso m\u00e1s del Ayuntamiento de Mula en su apuesta por <u>l@s <\/u>j\u00f3venes del municipio y por las asociaciones juveniles y de otra \u00edndole, gracias tambi\u00e9n a la colaboraci\u00f3n y disponibilidad de estas asociaciones en cualquier evento cultural, juvenil o solidario que desde el Ayuntamiento se les propone.<\/p>\n<p>En el acto de la firma estuvieron presentes el Alcalde \u2013 Presidente del Excmo. Ayuntamiento de Mula, Juan Jes\u00fas Moreno Garc\u00eda, la Concejala de Juventud y Adolescencia, Alejandra Mart\u00ednez Garc\u00eda, junto a la\u00a0 Presidenta del<\/p>\n<p>Consejo Local de la Juventud de Mula, Julia Serrano S\u00e1nchez, miembros de la Junta Directiva y la Presidenta de la Asociaci\u00f3n Almagra Teatro, Carolina Guti\u00e9rrez Mart\u00ednez.<\/p>\n<\/div><\/div><\/div><\/div><\/div>\n","protected":false},"excerpt":{"rendered":"","protected":false},"author":1,"featured_media":23221,"comment_status":"closed","ping_status":"closed","sticky":false,"template":"","format":"standard","meta":{"jetpack_post_was_ever_published":false,"_jetpack_newsletter_access":"","_jetpack_dont_email_post_to_subs":false,"_jetpack_newsletter_tier_id":0,"_jetpack_memberships_contains_paywalled_content":false,"_jetpack_memberships_contains_paid_content":false,"footnotes":"","jetpack_publicize_message":"","jetpack_publicize_feature_enabled":true,"jetpack_social_post_already_shared":false,"jetpack_social_options":{"image_generator_settings":{"template":"highway","default_image_id":0,"font":"","enabled":false},"version":2}},"categories":[87],"tags":[],"class_list":["post-23220","post","type-post","status-publish","format-standard","has-post-thumbnail","hentry","category-juventud-y-adolescencia"],"yoast_head":"<!-- This site is optimized with the Yoast SEO plugin v27.4 - https:\/\/yoast.com\/product\/yoast-seo-wordpress\/ -->\n<title>Convenio de cesi\u00f3n uso local municipal al Consejo Local de la Juventud y a la Asociaci\u00f3n Almagra Teatro - Ayuntamiento de Mula<\/title>\n<meta name=\"robots\" content=\"index, follow, max-snippet:-1, max-image-preview:large, max-video-preview:-1\" \/>\n<link rel=\"canonical\" href=\"https:\/\/mula.es\/web\/convenio-de-cesion-uso-local-municipal-al-consejo-local-de-la-juventud-y-a-la-asociacion-almagra-teatro\/\" \/>\n<meta property=\"og:locale\" content=\"es_ES\" \/>\n<meta property=\"og:type\" content=\"article\" \/>\n<meta property=\"og:title\" content=\"Convenio de cesi\u00f3n uso local municipal al Consejo Local de la Juventud y a la Asociaci\u00f3n Almagra Teatro - Ayuntamiento de Mula\" \/>\n<meta property=\"og:url\" content=\"https:\/\/mula.es\/web\/convenio-de-cesion-uso-local-municipal-al-consejo-local-de-la-juventud-y-a-la-asociacion-almagra-teatro\/\" \/>\n<meta property=\"og:site_name\" content=\"Ayuntamiento de Mula\" \/>\n<meta property=\"article:published_time\" content=\"2017-04-19T09:17:41+00:00\" \/>\n<meta property=\"article:modified_time\" content=\"2021-05-12T18:15:53+00:00\" \/>\n<meta property=\"og:image\" content=\"https:\/\/mula.es\/web\/wp-content\/uploads\/2017\/04\/DSC_0416-1024x684.jpg\" \/>\n\t<meta property=\"og:image:width\" content=\"1024\" \/>\n\t<meta property=\"og:image:height\" content=\"684\" \/>\n\t<meta property=\"og:image:type\" content=\"image\/jpeg\" \/>\n<meta name=\"author\" content=\"admin\" \/>\n<meta name=\"twitter:card\" content=\"summary_large_image\" \/>\n<meta name=\"twitter:creator\" content=\"@AyuntamientMula\" \/>\n<meta name=\"twitter:site\" content=\"@AyuntamientMula\" \/>\n<meta name=\"twitter:label1\" content=\"Escrito por\" \/>\n\t<meta name=\"twitter:data1\" content=\"admin\" \/>\n\t<meta name=\"twitter:label2\" content=\"Tiempo de lectura\" \/>\n\t<meta name=\"twitter:data2\" content=\"2 minutos\" \/>\n<script type=\"application\/ld+json\" class=\"yoast-schema-graph\">{\"@context\":\"https:\\\/\\\/schema.org\",\"@graph\":[{\"@type\":\"Article\",\"@id\":\"https:\\\/\\\/mula.es\\\/web\\\/convenio-de-cesion-uso-local-municipal-al-consejo-local-de-la-juventud-y-a-la-asociacion-almagra-teatro\\\/#article\",\"isPartOf\":{\"@id\":\"https:\\\/\\\/mula.es\\\/web\\\/convenio-de-cesion-uso-local-municipal-al-consejo-local-de-la-juventud-y-a-la-asociacion-almagra-teatro\\\/\"},\"author\":{\"name\":\"admin\",\"@id\":\"https:\\\/\\\/mula.es\\\/web\\\/#\\\/schema\\\/person\\\/a0dbffe9f4a3ed4aaebedcfef02f71a1\"},\"headline\":\"Convenio de cesi\u00f3n uso local municipal al Consejo Local de la Juventud y a la Asociaci\u00f3n Almagra Teatro\",\"datePublished\":\"2017-04-19T09:17:41+00:00\",\"dateModified\":\"2021-05-12T18:15:53+00:00\",\"mainEntityOfPage\":{\"@id\":\"https:\\\/\\\/mula.es\\\/web\\\/convenio-de-cesion-uso-local-municipal-al-consejo-local-de-la-juventud-y-a-la-asociacion-almagra-teatro\\\/\"},\"wordCount\":321,\"image\":{\"@id\":\"https:\\\/\\\/mula.es\\\/web\\\/convenio-de-cesion-uso-local-municipal-al-consejo-local-de-la-juventud-y-a-la-asociacion-almagra-teatro\\\/#primaryimage\"},\"thumbnailUrl\":\"https:\\\/\\\/mula.es\\\/web\\\/wp-content\\\/uploads\\\/2017\\\/04\\\/DSC_0416.jpg\",\"articleSection\":[\"juventud y adolescencia\"],\"inLanguage\":\"es\"},{\"@type\":\"WebPage\",\"@id\":\"https:\\\/\\\/mula.es\\\/web\\\/convenio-de-cesion-uso-local-municipal-al-consejo-local-de-la-juventud-y-a-la-asociacion-almagra-teatro\\\/\",\"url\":\"https:\\\/\\\/mula.es\\\/web\\\/convenio-de-cesion-uso-local-municipal-al-consejo-local-de-la-juventud-y-a-la-asociacion-almagra-teatro\\\/\",\"name\":\"Convenio de cesi\u00f3n uso local municipal al Consejo Local de la Juventud y a la Asociaci\u00f3n Almagra Teatro - Ayuntamiento de Mula\",\"isPartOf\":{\"@id\":\"https:\\\/\\\/mula.es\\\/web\\\/#website\"},\"primaryImageOfPage\":{\"@id\":\"https:\\\/\\\/mula.es\\\/web\\\/convenio-de-cesion-uso-local-municipal-al-consejo-local-de-la-juventud-y-a-la-asociacion-almagra-teatro\\\/#primaryimage\"},\"image\":{\"@id\":\"https:\\\/\\\/mula.es\\\/web\\\/convenio-de-cesion-uso-local-municipal-al-consejo-local-de-la-juventud-y-a-la-asociacion-almagra-teatro\\\/#primaryimage\"},\"thumbnailUrl\":\"https:\\\/\\\/mula.es\\\/web\\\/wp-content\\\/uploads\\\/2017\\\/04\\\/DSC_0416.jpg\",\"datePublished\":\"2017-04-19T09:17:41+00:00\",\"dateModified\":\"2021-05-12T18:15:53+00:00\",\"author\":{\"@id\":\"https:\\\/\\\/mula.es\\\/web\\\/#\\\/schema\\\/person\\\/a0dbffe9f4a3ed4aaebedcfef02f71a1\"},\"breadcrumb\":{\"@id\":\"https:\\\/\\\/mula.es\\\/web\\\/convenio-de-cesion-uso-local-municipal-al-consejo-local-de-la-juventud-y-a-la-asociacion-almagra-teatro\\\/#breadcrumb\"},\"inLanguage\":\"es\",\"potentialAction\":[{\"@type\":\"ReadAction\",\"target\":[\"https:\\\/\\\/mula.es\\\/web\\\/convenio-de-cesion-uso-local-municipal-al-consejo-local-de-la-juventud-y-a-la-asociacion-almagra-teatro\\\/\"]}]},{\"@type\":\"ImageObject\",\"inLanguage\":\"es\",\"@id\":\"https:\\\/\\\/mula.es\\\/web\\\/convenio-de-cesion-uso-local-municipal-al-consejo-local-de-la-juventud-y-a-la-asociacion-almagra-teatro\\\/#primaryimage\",\"url\":\"https:\\\/\\\/mula.es\\\/web\\\/wp-content\\\/uploads\\\/2017\\\/04\\\/DSC_0416.jpg\",\"contentUrl\":\"https:\\\/\\\/mula.es\\\/web\\\/wp-content\\\/uploads\\\/2017\\\/04\\\/DSC_0416.jpg\",\"width\":2992,\"height\":2000,\"caption\":\"cesi\u00f3n local juventud\"},{\"@type\":\"BreadcrumbList\",\"@id\":\"https:\\\/\\\/mula.es\\\/web\\\/convenio-de-cesion-uso-local-municipal-al-consejo-local-de-la-juventud-y-a-la-asociacion-almagra-teatro\\\/#breadcrumb\",\"itemListElement\":[{\"@type\":\"ListItem\",\"position\":1,\"name\":\"Portada\",\"item\":\"https:\\\/\\\/mula.es\\\/web\\\/\"},{\"@type\":\"ListItem\",\"position\":2,\"name\":\"Convenio de cesi\u00f3n uso local municipal al Consejo Local de la Juventud y a la Asociaci\u00f3n Almagra Teatro\"}]},{\"@type\":\"WebSite\",\"@id\":\"https:\\\/\\\/mula.es\\\/web\\\/#website\",\"url\":\"https:\\\/\\\/mula.es\\\/web\\\/\",\"name\":\"Ayuntamiento de Mula\",\"description\":\"P\u00e1gina web del Ayuntamiento de Mula (Regi\u00f3n de Murcia)\",\"potentialAction\":[{\"@type\":\"SearchAction\",\"target\":{\"@type\":\"EntryPoint\",\"urlTemplate\":\"https:\\\/\\\/mula.es\\\/web\\\/?s={search_term_string}\"},\"query-input\":{\"@type\":\"PropertyValueSpecification\",\"valueRequired\":true,\"valueName\":\"search_term_string\"}}],\"inLanguage\":\"es\"},{\"@type\":\"Person\",\"@id\":\"https:\\\/\\\/mula.es\\\/web\\\/#\\\/schema\\\/person\\\/a0dbffe9f4a3ed4aaebedcfef02f71a1\",\"name\":\"admin\",\"image\":{\"@type\":\"ImageObject\",\"inLanguage\":\"es\",\"@id\":\"https:\\\/\\\/secure.gravatar.com\\\/avatar\\\/5423b9cd77f4c7f89a124365a268866f9dfee038c17fe9e37afd92b5920d810e?s=96&d=mm&r=g\",\"url\":\"https:\\\/\\\/secure.gravatar.com\\\/avatar\\\/5423b9cd77f4c7f89a124365a268866f9dfee038c17fe9e37afd92b5920d810e?s=96&d=mm&r=g\",\"contentUrl\":\"https:\\\/\\\/secure.gravatar.com\\\/avatar\\\/5423b9cd77f4c7f89a124365a268866f9dfee038c17fe9e37afd92b5920d810e?s=96&d=mm&r=g\",\"caption\":\"admin\"},\"description\":\"Lorem ipsum dolor sit amet, consectetur adipiscing elit. Nam viverra euismod odio, gravida pellentesque urna varius vitae. Sed dui lorem, adipiscing in adipiscing et, interdum nec metus. Mauris ultricies, justo eu convallis placerat, felis enim ornare nisi, vitae mattis nulla ante id dui. Ut lectus purus, commodo et tincidunt vel, interdum sed lectus. Vestibulum adipiscing tempor nisi id elementi.\",\"url\":\"https:\\\/\\\/mula.es\\\/web\\\/author\\\/jose-maria-boti\\\/\"}]}<\/script>\n<!-- \/ Yoast SEO plugin. -->","yoast_head_json":{"title":"Convenio de cesi\u00f3n uso local municipal al Consejo Local de la Juventud y a la Asociaci\u00f3n Almagra Teatro - Ayuntamiento de Mula","robots":{"index":"index","follow":"follow","max-snippet":"max-snippet:-1","max-image-preview":"max-image-preview:large","max-video-preview":"max-video-preview:-1"},"canonical":"https:\/\/mula.es\/web\/convenio-de-cesion-uso-local-municipal-al-consejo-local-de-la-juventud-y-a-la-asociacion-almagra-teatro\/","og_locale":"es_ES","og_type":"article","og_title":"Convenio de cesi\u00f3n uso local municipal al Consejo Local de la Juventud y a la Asociaci\u00f3n Almagra Teatro - Ayuntamiento de Mula","og_url":"https:\/\/mula.es\/web\/convenio-de-cesion-uso-local-municipal-al-consejo-local-de-la-juventud-y-a-la-asociacion-almagra-teatro\/","og_site_name":"Ayuntamiento de Mula","article_published_time":"2017-04-19T09:17:41+00:00","article_modified_time":"2021-05-12T18:15:53+00:00","og_image":[{"width":1024,"height":684,"url":"https:\/\/mula.es\/web\/wp-content\/uploads\/2017\/04\/DSC_0416-1024x684.jpg","type":"image\/jpeg"}],"author":"admin","twitter_card":"summary_large_image","twitter_creator":"@AyuntamientMula","twitter_site":"@AyuntamientMula","twitter_misc":{"Escrito por":"admin","Tiempo de lectura":"2 minutos"},"schema":{"@context":"https:\/\/schema.org","@graph":[{"@type":"Article","@id":"https:\/\/mula.es\/web\/convenio-de-cesion-uso-local-municipal-al-consejo-local-de-la-juventud-y-a-la-asociacion-almagra-teatro\/#article","isPartOf":{"@id":"https:\/\/mula.es\/web\/convenio-de-cesion-uso-local-municipal-al-consejo-local-de-la-juventud-y-a-la-asociacion-almagra-teatro\/"},"author":{"name":"admin","@id":"https:\/\/mula.es\/web\/#\/schema\/person\/a0dbffe9f4a3ed4aaebedcfef02f71a1"},"headline":"Convenio de cesi\u00f3n uso local municipal al Consejo Local de la Juventud y a la Asociaci\u00f3n Almagra Teatro","datePublished":"2017-04-19T09:17:41+00:00","dateModified":"2021-05-12T18:15:53+00:00","mainEntityOfPage":{"@id":"https:\/\/mula.es\/web\/convenio-de-cesion-uso-local-municipal-al-consejo-local-de-la-juventud-y-a-la-asociacion-almagra-teatro\/"},"wordCount":321,"image":{"@id":"https:\/\/mula.es\/web\/convenio-de-cesion-uso-local-municipal-al-consejo-local-de-la-juventud-y-a-la-asociacion-almagra-teatro\/#primaryimage"},"thumbnailUrl":"https:\/\/mula.es\/web\/wp-content\/uploads\/2017\/04\/DSC_0416.jpg","articleSection":["juventud y adolescencia"],"inLanguage":"es"},{"@type":"WebPage","@id":"https:\/\/mula.es\/web\/convenio-de-cesion-uso-local-municipal-al-consejo-local-de-la-juventud-y-a-la-asociacion-almagra-teatro\/","url":"https:\/\/mula.es\/web\/convenio-de-cesion-uso-local-municipal-al-consejo-local-de-la-juventud-y-a-la-asociacion-almagra-teatro\/","name":"Convenio de cesi\u00f3n uso local municipal al Consejo Local de la Juventud y a la Asociaci\u00f3n Almagra Teatro - Ayuntamiento de Mula","isPartOf":{"@id":"https:\/\/mula.es\/web\/#website"},"primaryImageOfPage":{"@id":"https:\/\/mula.es\/web\/convenio-de-cesion-uso-local-municipal-al-consejo-local-de-la-juventud-y-a-la-asociacion-almagra-teatro\/#primaryimage"},"image":{"@id":"https:\/\/mula.es\/web\/convenio-de-cesion-uso-local-municipal-al-consejo-local-de-la-juventud-y-a-la-asociacion-almagra-teatro\/#primaryimage"},"thumbnailUrl":"https:\/\/mula.es\/web\/wp-content\/uploads\/2017\/04\/DSC_0416.jpg","datePublished":"2017-04-19T09:17:41+00:00","dateModified":"2021-05-12T18:15:53+00:00","author":{"@id":"https:\/\/mula.es\/web\/#\/schema\/person\/a0dbffe9f4a3ed4aaebedcfef02f71a1"},"breadcrumb":{"@id":"https:\/\/mula.es\/web\/convenio-de-cesion-uso-local-municipal-al-consejo-local-de-la-juventud-y-a-la-asociacion-almagra-teatro\/#breadcrumb"},"inLanguage":"es","potentialAction":[{"@type":"ReadAction","target":["https:\/\/mula.es\/web\/convenio-de-cesion-uso-local-municipal-al-consejo-local-de-la-juventud-y-a-la-asociacion-almagra-teatro\/"]}]},{"@type":"ImageObject","inLanguage":"es","@id":"https:\/\/mula.es\/web\/convenio-de-cesion-uso-local-municipal-al-consejo-local-de-la-juventud-y-a-la-asociacion-almagra-teatro\/#primaryimage","url":"https:\/\/mula.es\/web\/wp-content\/uploads\/2017\/04\/DSC_0416.jpg","contentUrl":"https:\/\/mula.es\/web\/wp-content\/uploads\/2017\/04\/DSC_0416.jpg","width":2992,"height":2000,"caption":"cesi\u00f3n local juventud"},{"@type":"BreadcrumbList","@id":"https:\/\/mula.es\/web\/convenio-de-cesion-uso-local-municipal-al-consejo-local-de-la-juventud-y-a-la-asociacion-almagra-teatro\/#breadcrumb","itemListElement":[{"@type":"ListItem","position":1,"name":"Portada","item":"https:\/\/mula.es\/web\/"},{"@type":"ListItem","position":2,"name":"Convenio de cesi\u00f3n uso local municipal al Consejo Local de la Juventud y a la Asociaci\u00f3n Almagra Teatro"}]},{"@type":"WebSite","@id":"https:\/\/mula.es\/web\/#website","url":"https:\/\/mula.es\/web\/","name":"Ayuntamiento de Mula","description":"P\u00e1gina web del Ayuntamiento de Mula (Regi\u00f3n de Murcia)","potentialAction":[{"@type":"SearchAction","target":{"@type":"EntryPoint","urlTemplate":"https:\/\/mula.es\/web\/?s={search_term_string}"},"query-input":{"@type":"PropertyValueSpecification","valueRequired":true,"valueName":"search_term_string"}}],"inLanguage":"es"},{"@type":"Person","@id":"https:\/\/mula.es\/web\/#\/schema\/person\/a0dbffe9f4a3ed4aaebedcfef02f71a1","name":"admin","image":{"@type":"ImageObject","inLanguage":"es","@id":"https:\/\/secure.gravatar.com\/avatar\/5423b9cd77f4c7f89a124365a268866f9dfee038c17fe9e37afd92b5920d810e?s=96&d=mm&r=g","url":"https:\/\/secure.gravatar.com\/avatar\/5423b9cd77f4c7f89a124365a268866f9dfee038c17fe9e37afd92b5920d810e?s=96&d=mm&r=g","contentUrl":"https:\/\/secure.gravatar.com\/avatar\/5423b9cd77f4c7f89a124365a268866f9dfee038c17fe9e37afd92b5920d810e?s=96&d=mm&r=g","caption":"admin"},"description":"Lorem ipsum dolor sit amet, consectetur adipiscing elit. Nam viverra euismod odio, gravida pellentesque urna varius vitae. Sed dui lorem, adipiscing in adipiscing et, interdum nec metus. Mauris ultricies, justo eu convallis placerat, felis enim ornare nisi, vitae mattis nulla ante id dui. Ut lectus purus, commodo et tincidunt vel, interdum sed lectus. Vestibulum adipiscing tempor nisi id elementi.","url":"https:\/\/mula.es\/web\/author\/jose-maria-boti\/"}]}},"jetpack_publicize_connections":[],"jetpack_featured_media_url":"https:\/\/mula.es\/web\/wp-content\/uploads\/2017\/04\/DSC_0416.jpg","jetpack_sharing_enabled":true,"jetpack_shortlink":"https:\/\/wp.me\/pa9DMY-62w","jetpack-related-posts":[],"_links":{"self":[{"href":"https:\/\/mula.es\/web\/wp-json\/wp\/v2\/posts\/23220","targetHints":{"allow":["GET"]}}],"collection":[{"href":"https:\/\/mula.es\/web\/wp-json\/wp\/v2\/posts"}],"about":[{"href":"https:\/\/mula.es\/web\/wp-json\/wp\/v2\/types\/post"}],"author":[{"embeddable":true,"href":"https:\/\/mula.es\/web\/wp-json\/wp\/v2\/users\/1"}],"replies":[{"embeddable":true,"href":"https:\/\/mula.es\/web\/wp-json\/wp\/v2\/comments?post=23220"}],"version-history":[{"count":2,"href":"https:\/\/mula.es\/web\/wp-json\/wp\/v2\/posts\/23220\/revisions"}],"predecessor-version":[{"id":39777,"href":"https:\/\/mula.es\/web\/wp-json\/wp\/v2\/posts\/23220\/revisions\/39777"}],"wp:featuredmedia":[{"embeddable":true,"href":"https:\/\/mula.es\/web\/wp-json\/wp\/v2\/media\/23221"}],"wp:attachment":[{"href":"https:\/\/mula.es\/web\/wp-json\/wp\/v2\/media?parent=23220"}],"wp:term":[{"taxonomy":"category","embeddable":true,"href":"https:\/\/mula.es\/web\/wp-json\/wp\/v2\/categories?post=23220"},{"taxonomy":"post_tag","embeddable":true,"href":"https:\/\/mula.es\/web\/wp-json\/wp\/v2\/tags?post=23220"}],"curies":[{"name":"wp","href":"https:\/\/api.w.org\/{rel}","templated":true}]}}