{"id":24047,"date":"2017-06-27T13:39:31","date_gmt":"2017-06-27T11:39:31","guid":{"rendered":"http:\/\/mula.es\/web\/?p=24047"},"modified":"2021-05-12T20:15:10","modified_gmt":"2021-05-12T18:15:10","slug":"invitacion-xxxiii-jornadas-nacionales-de-exaltacion-del-tambor-y-el-bombo-28-de-junio","status":"publish","type":"post","link":"https:\/\/mula.es\/web\/invitacion-xxxiii-jornadas-nacionales-de-exaltacion-del-tambor-y-el-bombo-28-de-junio\/","title":{"rendered":"Invitaci\u00f3n XXXIII Jornadas Nacionales de Exaltaci\u00f3n del Tambor y el Bombo &#8211; 28 de junio"},"content":{"rendered":"<div class=\"fusion-fullwidth fullwidth-box fusion-builder-row-1 fusion-flex-container hundred-percent-fullwidth non-hundred-percent-height-scrolling\" style=\"--awb-border-radius-top-left:0px;--awb-border-radius-top-right:0px;--awb-border-radius-bottom-right:0px;--awb-border-radius-bottom-left:0px;--awb-overflow:visible;--awb-flex-wrap:wrap;\" ><div class=\"fusion-builder-row fusion-row fusion-flex-align-items-flex-start fusion-flex-content-wrap\" style=\"width:calc( 100% + 0px ) !important;max-width:calc( 100% + 0px ) !important;margin-left: calc(-0px \/ 2 );margin-right: calc(-0px \/ 2 );\"><div class=\"fusion-layout-column fusion_builder_column fusion-builder-column-0 fusion_builder_column_1_1 1_1 fusion-flex-column\" style=\"--awb-bg-size:cover;--awb-width-large:100%;--awb-margin-top-large:0px;--awb-spacing-right-large:0px;--awb-margin-bottom-large:20px;--awb-spacing-left-large:0px;--awb-width-medium:100%;--awb-spacing-right-medium:0px;--awb-spacing-left-medium:0px;--awb-width-small:100%;--awb-spacing-right-small:0px;--awb-spacing-left-small:0px;\"><div class=\"fusion-column-wrapper fusion-flex-justify-content-flex-start fusion-content-layout-column\"><div class=\"fusion-text fusion-text-1\"><p>Estimado\/a se\u00f1or\/a:<\/p>\n<p>Durante los d\u00edas 9, 10 y 11 de marzo de 2018 se celebrar\u00e1n en nuestra ciudad las XXXIII Jornadas Nacionales de Exaltaci\u00f3n del Tambor y el Bombo. Este acontecimiento, que ya tiene un fuerte arraigo en el tiempo, cuyo nacimiento tuvo lugar en esta ciudad en el a\u00f1o 1983 y que hemos tenido la ocasi\u00f3n de organizar en 1994 y 2002, re\u00fane a veintid\u00f3s pueblos procedentes de Andaluc\u00eda, Castilla-La Mancha, Comunidad Valenciana, Arag\u00f3n y Murcia, en los que la tradici\u00f3n del toque del tambor en unos y el toque del tambor y el bombo en otros es parte de nuestra identidad y un sentimiento.<\/p>\n<p>No cabe duda que organizar las Jornadas supone una gran responsabilidad que lleva aparejados el honor y el placer de recibir y acoger a tamboristas y tamborileros llegados desde lugares tan distantes, acomodarlos y procurarles una estancia agradable y generosa, como es nuestra costumbre, as\u00ed como a las personas que a las delegaciones acompa\u00f1en y a quienes acudan a contemplar, a escuchar la Exaltaci\u00f3n del Tambor y el Bombo y a disfrutar de los diferentes toques, matices, vestimentas y peculiaridades que enriquecen este patrimonio inmaterial que tenemos la fortuna de poseer.<\/p>\n<p>Estar\u00eda de m\u00e1s a\u00f1adir, porque es evidente, lo que esta celebraci\u00f3n tamborista\/tamborilera significa para nuestro municipio en todos los sentidos, adem\u00e1s de arraigar la costumbre en nuestros ni\u00f1os y ni\u00f1as y de acrecentar a\u00fan m\u00e1s, si eso es posible, la fama de nuestra tradici\u00f3n, que nos precede all\u00e1 por donde vamos. No estar\u00eda de m\u00e1s a\u00f1adir que esta tarea es cosa de todos y que es necesaria su participaci\u00f3n y colaboraci\u00f3n.<\/p>\n<p>Estos son los motivos que me animan a dirigirme a usted e invitarle a la <strong>reuni\u00f3n que el pr\u00f3ximo d\u00eda 28 de junio tendr\u00e1 lugar en el Sal\u00f3n de Actos del Archivo Municipal ( Plaza Hospital ), a las 20:30h,<\/strong> as\u00ed como a sugerirle que visite y conozca nuestra p\u00e1gina web <a href=\"http:\/\/www.mulasuena2018.es\">www.mulasuena2018.es <\/a><\/p>\n<p>Esperando su asistencia, reciba mi m\u00e1s cordial saludo<\/p>\n<p style=\"text-align: center;\">El Alcalde &#8211; Presidente<\/p>\n<\/div><\/div><\/div><\/div><\/div>\n","protected":false},"excerpt":{"rendered":"","protected":false},"author":1,"featured_media":22294,"comment_status":"closed","ping_status":"closed","sticky":false,"template":"","format":"standard","meta":{"jetpack_post_was_ever_published":false,"_jetpack_newsletter_access":"","_jetpack_dont_email_post_to_subs":false,"_jetpack_newsletter_tier_id":0,"_jetpack_memberships_contains_paywalled_content":false,"_jetpack_memberships_contains_paid_content":false,"footnotes":"","jetpack_publicize_message":"","jetpack_publicize_feature_enabled":true,"jetpack_social_post_already_shared":false,"jetpack_social_options":{"image_generator_settings":{"template":"highway","default_image_id":0,"font":"","enabled":false},"version":2}},"categories":[127,392,123],"tags":[429,431,430],"class_list":["post-24047","post","type-post","status-publish","format-standard","has-post-thumbnail","hentry","category-alcalde","category-alcaldia","category-tambores","tag-mula-suena-2018","tag-tamborada","tag-tradicion"],"yoast_head":"<!-- This site is optimized with the Yoast SEO plugin v27.5 - https:\/\/yoast.com\/product\/yoast-seo-wordpress\/ -->\n<title>Invitaci\u00f3n XXXIII Jornadas Nacionales de Exaltaci\u00f3n del Tambor y el Bombo - 28 de junio - Ayuntamiento de Mula<\/title>\n<meta name=\"robots\" content=\"index, follow, max-snippet:-1, max-image-preview:large, max-video-preview:-1\" \/>\n<link rel=\"canonical\" href=\"https:\/\/mula.es\/web\/invitacion-xxxiii-jornadas-nacionales-de-exaltacion-del-tambor-y-el-bombo-28-de-junio\/\" \/>\n<meta property=\"og:locale\" content=\"es_ES\" \/>\n<meta property=\"og:type\" content=\"article\" \/>\n<meta property=\"og:title\" content=\"Invitaci\u00f3n XXXIII Jornadas Nacionales de Exaltaci\u00f3n del Tambor y el Bombo - 28 de junio - Ayuntamiento de Mula\" \/>\n<meta property=\"og:url\" content=\"https:\/\/mula.es\/web\/invitacion-xxxiii-jornadas-nacionales-de-exaltacion-del-tambor-y-el-bombo-28-de-junio\/\" \/>\n<meta property=\"og:site_name\" content=\"Ayuntamiento de Mula\" \/>\n<meta property=\"article:published_time\" content=\"2017-06-27T11:39:31+00:00\" \/>\n<meta property=\"article:modified_time\" content=\"2021-05-12T18:15:10+00:00\" \/>\n<meta property=\"og:image\" content=\"https:\/\/i0.wp.com\/mula.es\/web\/wp-content\/uploads\/2016\/12\/tambores_cartel.jpg?fit=1200%2C800&ssl=1\" \/>\n\t<meta property=\"og:image:width\" content=\"1200\" \/>\n\t<meta property=\"og:image:height\" content=\"800\" \/>\n\t<meta property=\"og:image:type\" content=\"image\/jpeg\" \/>\n<meta name=\"author\" content=\"admin\" \/>\n<meta name=\"twitter:card\" content=\"summary_large_image\" \/>\n<meta name=\"twitter:creator\" content=\"@AyuntamientMula\" \/>\n<meta name=\"twitter:site\" content=\"@AyuntamientMula\" \/>\n<meta name=\"twitter:label1\" content=\"Escrito por\" \/>\n\t<meta name=\"twitter:data1\" content=\"admin\" \/>\n\t<meta name=\"twitter:label2\" content=\"Tiempo de lectura\" \/>\n\t<meta name=\"twitter:data2\" content=\"2 minutos\" \/>\n<script type=\"application\/ld+json\" class=\"yoast-schema-graph\">{\"@context\":\"https:\\\/\\\/schema.org\",\"@graph\":[{\"@type\":\"Article\",\"@id\":\"https:\\\/\\\/mula.es\\\/web\\\/invitacion-xxxiii-jornadas-nacionales-de-exaltacion-del-tambor-y-el-bombo-28-de-junio\\\/#article\",\"isPartOf\":{\"@id\":\"https:\\\/\\\/mula.es\\\/web\\\/invitacion-xxxiii-jornadas-nacionales-de-exaltacion-del-tambor-y-el-bombo-28-de-junio\\\/\"},\"author\":{\"name\":\"admin\",\"@id\":\"https:\\\/\\\/mula.es\\\/web\\\/#\\\/schema\\\/person\\\/a0dbffe9f4a3ed4aaebedcfef02f71a1\"},\"headline\":\"Invitaci\u00f3n XXXIII Jornadas Nacionales de Exaltaci\u00f3n del Tambor y el Bombo &#8211; 28 de junio\",\"datePublished\":\"2017-06-27T11:39:31+00:00\",\"dateModified\":\"2021-05-12T18:15:10+00:00\",\"mainEntityOfPage\":{\"@id\":\"https:\\\/\\\/mula.es\\\/web\\\/invitacion-xxxiii-jornadas-nacionales-de-exaltacion-del-tambor-y-el-bombo-28-de-junio\\\/\"},\"wordCount\":456,\"image\":{\"@id\":\"https:\\\/\\\/mula.es\\\/web\\\/invitacion-xxxiii-jornadas-nacionales-de-exaltacion-del-tambor-y-el-bombo-28-de-junio\\\/#primaryimage\"},\"thumbnailUrl\":\"https:\\\/\\\/mula.es\\\/web\\\/wp-content\\\/uploads\\\/2016\\\/12\\\/tambores_cartel.jpg\",\"keywords\":[\"mula suena 2018\",\"tamborada\",\"tradici\u00f3n\"],\"articleSection\":[\"alcalde\",\"alcald\u00eda\",\"tambores\"],\"inLanguage\":\"es\"},{\"@type\":\"WebPage\",\"@id\":\"https:\\\/\\\/mula.es\\\/web\\\/invitacion-xxxiii-jornadas-nacionales-de-exaltacion-del-tambor-y-el-bombo-28-de-junio\\\/\",\"url\":\"https:\\\/\\\/mula.es\\\/web\\\/invitacion-xxxiii-jornadas-nacionales-de-exaltacion-del-tambor-y-el-bombo-28-de-junio\\\/\",\"name\":\"Invitaci\u00f3n XXXIII Jornadas Nacionales de Exaltaci\u00f3n del Tambor y el Bombo - 28 de junio - Ayuntamiento de Mula\",\"isPartOf\":{\"@id\":\"https:\\\/\\\/mula.es\\\/web\\\/#website\"},\"primaryImageOfPage\":{\"@id\":\"https:\\\/\\\/mula.es\\\/web\\\/invitacion-xxxiii-jornadas-nacionales-de-exaltacion-del-tambor-y-el-bombo-28-de-junio\\\/#primaryimage\"},\"image\":{\"@id\":\"https:\\\/\\\/mula.es\\\/web\\\/invitacion-xxxiii-jornadas-nacionales-de-exaltacion-del-tambor-y-el-bombo-28-de-junio\\\/#primaryimage\"},\"thumbnailUrl\":\"https:\\\/\\\/mula.es\\\/web\\\/wp-content\\\/uploads\\\/2016\\\/12\\\/tambores_cartel.jpg\",\"datePublished\":\"2017-06-27T11:39:31+00:00\",\"dateModified\":\"2021-05-12T18:15:10+00:00\",\"author\":{\"@id\":\"https:\\\/\\\/mula.es\\\/web\\\/#\\\/schema\\\/person\\\/a0dbffe9f4a3ed4aaebedcfef02f71a1\"},\"breadcrumb\":{\"@id\":\"https:\\\/\\\/mula.es\\\/web\\\/invitacion-xxxiii-jornadas-nacionales-de-exaltacion-del-tambor-y-el-bombo-28-de-junio\\\/#breadcrumb\"},\"inLanguage\":\"es\",\"potentialAction\":[{\"@type\":\"ReadAction\",\"target\":[\"https:\\\/\\\/mula.es\\\/web\\\/invitacion-xxxiii-jornadas-nacionales-de-exaltacion-del-tambor-y-el-bombo-28-de-junio\\\/\"]}]},{\"@type\":\"ImageObject\",\"inLanguage\":\"es\",\"@id\":\"https:\\\/\\\/mula.es\\\/web\\\/invitacion-xxxiii-jornadas-nacionales-de-exaltacion-del-tambor-y-el-bombo-28-de-junio\\\/#primaryimage\",\"url\":\"https:\\\/\\\/mula.es\\\/web\\\/wp-content\\\/uploads\\\/2016\\\/12\\\/tambores_cartel.jpg\",\"contentUrl\":\"https:\\\/\\\/mula.es\\\/web\\\/wp-content\\\/uploads\\\/2016\\\/12\\\/tambores_cartel.jpg\",\"width\":1200,\"height\":800},{\"@type\":\"BreadcrumbList\",\"@id\":\"https:\\\/\\\/mula.es\\\/web\\\/invitacion-xxxiii-jornadas-nacionales-de-exaltacion-del-tambor-y-el-bombo-28-de-junio\\\/#breadcrumb\",\"itemListElement\":[{\"@type\":\"ListItem\",\"position\":1,\"name\":\"Portada\",\"item\":\"https:\\\/\\\/mula.es\\\/web\\\/\"},{\"@type\":\"ListItem\",\"position\":2,\"name\":\"Invitaci\u00f3n XXXIII Jornadas Nacionales de Exaltaci\u00f3n del Tambor y el Bombo &#8211; 28 de junio\"}]},{\"@type\":\"WebSite\",\"@id\":\"https:\\\/\\\/mula.es\\\/web\\\/#website\",\"url\":\"https:\\\/\\\/mula.es\\\/web\\\/\",\"name\":\"Ayuntamiento de Mula\",\"description\":\"P\u00e1gina web del Ayuntamiento de Mula (Regi\u00f3n de Murcia)\",\"potentialAction\":[{\"@type\":\"SearchAction\",\"target\":{\"@type\":\"EntryPoint\",\"urlTemplate\":\"https:\\\/\\\/mula.es\\\/web\\\/?s={search_term_string}\"},\"query-input\":{\"@type\":\"PropertyValueSpecification\",\"valueRequired\":true,\"valueName\":\"search_term_string\"}}],\"inLanguage\":\"es\"},{\"@type\":\"Person\",\"@id\":\"https:\\\/\\\/mula.es\\\/web\\\/#\\\/schema\\\/person\\\/a0dbffe9f4a3ed4aaebedcfef02f71a1\",\"name\":\"admin\",\"image\":{\"@type\":\"ImageObject\",\"inLanguage\":\"es\",\"@id\":\"https:\\\/\\\/secure.gravatar.com\\\/avatar\\\/5423b9cd77f4c7f89a124365a268866f9dfee038c17fe9e37afd92b5920d810e?s=96&d=mm&r=g\",\"url\":\"https:\\\/\\\/secure.gravatar.com\\\/avatar\\\/5423b9cd77f4c7f89a124365a268866f9dfee038c17fe9e37afd92b5920d810e?s=96&d=mm&r=g\",\"contentUrl\":\"https:\\\/\\\/secure.gravatar.com\\\/avatar\\\/5423b9cd77f4c7f89a124365a268866f9dfee038c17fe9e37afd92b5920d810e?s=96&d=mm&r=g\",\"caption\":\"admin\"},\"description\":\"Lorem ipsum dolor sit amet, consectetur adipiscing elit. Nam viverra euismod odio, gravida pellentesque urna varius vitae. Sed dui lorem, adipiscing in adipiscing et, interdum nec metus. Mauris ultricies, justo eu convallis placerat, felis enim ornare nisi, vitae mattis nulla ante id dui. Ut lectus purus, commodo et tincidunt vel, interdum sed lectus. Vestibulum adipiscing tempor nisi id elementi.\",\"url\":\"https:\\\/\\\/mula.es\\\/web\\\/author\\\/jose-maria-boti\\\/\"}]}<\/script>\n<!-- \/ Yoast SEO plugin. -->","yoast_head_json":{"title":"Invitaci\u00f3n XXXIII Jornadas Nacionales de Exaltaci\u00f3n del Tambor y el Bombo - 28 de junio - Ayuntamiento de Mula","robots":{"index":"index","follow":"follow","max-snippet":"max-snippet:-1","max-image-preview":"max-image-preview:large","max-video-preview":"max-video-preview:-1"},"canonical":"https:\/\/mula.es\/web\/invitacion-xxxiii-jornadas-nacionales-de-exaltacion-del-tambor-y-el-bombo-28-de-junio\/","og_locale":"es_ES","og_type":"article","og_title":"Invitaci\u00f3n XXXIII Jornadas Nacionales de Exaltaci\u00f3n del Tambor y el Bombo - 28 de junio - Ayuntamiento de Mula","og_url":"https:\/\/mula.es\/web\/invitacion-xxxiii-jornadas-nacionales-de-exaltacion-del-tambor-y-el-bombo-28-de-junio\/","og_site_name":"Ayuntamiento de Mula","article_published_time":"2017-06-27T11:39:31+00:00","article_modified_time":"2021-05-12T18:15:10+00:00","og_image":[{"width":1200,"height":800,"url":"https:\/\/i0.wp.com\/mula.es\/web\/wp-content\/uploads\/2016\/12\/tambores_cartel.jpg?fit=1200%2C800&ssl=1","type":"image\/jpeg"}],"author":"admin","twitter_card":"summary_large_image","twitter_creator":"@AyuntamientMula","twitter_site":"@AyuntamientMula","twitter_misc":{"Escrito por":"admin","Tiempo de lectura":"2 minutos"},"schema":{"@context":"https:\/\/schema.org","@graph":[{"@type":"Article","@id":"https:\/\/mula.es\/web\/invitacion-xxxiii-jornadas-nacionales-de-exaltacion-del-tambor-y-el-bombo-28-de-junio\/#article","isPartOf":{"@id":"https:\/\/mula.es\/web\/invitacion-xxxiii-jornadas-nacionales-de-exaltacion-del-tambor-y-el-bombo-28-de-junio\/"},"author":{"name":"admin","@id":"https:\/\/mula.es\/web\/#\/schema\/person\/a0dbffe9f4a3ed4aaebedcfef02f71a1"},"headline":"Invitaci\u00f3n XXXIII Jornadas Nacionales de Exaltaci\u00f3n del Tambor y el Bombo &#8211; 28 de junio","datePublished":"2017-06-27T11:39:31+00:00","dateModified":"2021-05-12T18:15:10+00:00","mainEntityOfPage":{"@id":"https:\/\/mula.es\/web\/invitacion-xxxiii-jornadas-nacionales-de-exaltacion-del-tambor-y-el-bombo-28-de-junio\/"},"wordCount":456,"image":{"@id":"https:\/\/mula.es\/web\/invitacion-xxxiii-jornadas-nacionales-de-exaltacion-del-tambor-y-el-bombo-28-de-junio\/#primaryimage"},"thumbnailUrl":"https:\/\/mula.es\/web\/wp-content\/uploads\/2016\/12\/tambores_cartel.jpg","keywords":["mula suena 2018","tamborada","tradici\u00f3n"],"articleSection":["alcalde","alcald\u00eda","tambores"],"inLanguage":"es"},{"@type":"WebPage","@id":"https:\/\/mula.es\/web\/invitacion-xxxiii-jornadas-nacionales-de-exaltacion-del-tambor-y-el-bombo-28-de-junio\/","url":"https:\/\/mula.es\/web\/invitacion-xxxiii-jornadas-nacionales-de-exaltacion-del-tambor-y-el-bombo-28-de-junio\/","name":"Invitaci\u00f3n XXXIII Jornadas Nacionales de Exaltaci\u00f3n del Tambor y el Bombo - 28 de junio - Ayuntamiento de Mula","isPartOf":{"@id":"https:\/\/mula.es\/web\/#website"},"primaryImageOfPage":{"@id":"https:\/\/mula.es\/web\/invitacion-xxxiii-jornadas-nacionales-de-exaltacion-del-tambor-y-el-bombo-28-de-junio\/#primaryimage"},"image":{"@id":"https:\/\/mula.es\/web\/invitacion-xxxiii-jornadas-nacionales-de-exaltacion-del-tambor-y-el-bombo-28-de-junio\/#primaryimage"},"thumbnailUrl":"https:\/\/mula.es\/web\/wp-content\/uploads\/2016\/12\/tambores_cartel.jpg","datePublished":"2017-06-27T11:39:31+00:00","dateModified":"2021-05-12T18:15:10+00:00","author":{"@id":"https:\/\/mula.es\/web\/#\/schema\/person\/a0dbffe9f4a3ed4aaebedcfef02f71a1"},"breadcrumb":{"@id":"https:\/\/mula.es\/web\/invitacion-xxxiii-jornadas-nacionales-de-exaltacion-del-tambor-y-el-bombo-28-de-junio\/#breadcrumb"},"inLanguage":"es","potentialAction":[{"@type":"ReadAction","target":["https:\/\/mula.es\/web\/invitacion-xxxiii-jornadas-nacionales-de-exaltacion-del-tambor-y-el-bombo-28-de-junio\/"]}]},{"@type":"ImageObject","inLanguage":"es","@id":"https:\/\/mula.es\/web\/invitacion-xxxiii-jornadas-nacionales-de-exaltacion-del-tambor-y-el-bombo-28-de-junio\/#primaryimage","url":"https:\/\/mula.es\/web\/wp-content\/uploads\/2016\/12\/tambores_cartel.jpg","contentUrl":"https:\/\/mula.es\/web\/wp-content\/uploads\/2016\/12\/tambores_cartel.jpg","width":1200,"height":800},{"@type":"BreadcrumbList","@id":"https:\/\/mula.es\/web\/invitacion-xxxiii-jornadas-nacionales-de-exaltacion-del-tambor-y-el-bombo-28-de-junio\/#breadcrumb","itemListElement":[{"@type":"ListItem","position":1,"name":"Portada","item":"https:\/\/mula.es\/web\/"},{"@type":"ListItem","position":2,"name":"Invitaci\u00f3n XXXIII Jornadas Nacionales de Exaltaci\u00f3n del Tambor y el Bombo &#8211; 28 de junio"}]},{"@type":"WebSite","@id":"https:\/\/mula.es\/web\/#website","url":"https:\/\/mula.es\/web\/","name":"Ayuntamiento de Mula","description":"P\u00e1gina web del Ayuntamiento de Mula (Regi\u00f3n de Murcia)","potentialAction":[{"@type":"SearchAction","target":{"@type":"EntryPoint","urlTemplate":"https:\/\/mula.es\/web\/?s={search_term_string}"},"query-input":{"@type":"PropertyValueSpecification","valueRequired":true,"valueName":"search_term_string"}}],"inLanguage":"es"},{"@type":"Person","@id":"https:\/\/mula.es\/web\/#\/schema\/person\/a0dbffe9f4a3ed4aaebedcfef02f71a1","name":"admin","image":{"@type":"ImageObject","inLanguage":"es","@id":"https:\/\/secure.gravatar.com\/avatar\/5423b9cd77f4c7f89a124365a268866f9dfee038c17fe9e37afd92b5920d810e?s=96&d=mm&r=g","url":"https:\/\/secure.gravatar.com\/avatar\/5423b9cd77f4c7f89a124365a268866f9dfee038c17fe9e37afd92b5920d810e?s=96&d=mm&r=g","contentUrl":"https:\/\/secure.gravatar.com\/avatar\/5423b9cd77f4c7f89a124365a268866f9dfee038c17fe9e37afd92b5920d810e?s=96&d=mm&r=g","caption":"admin"},"description":"Lorem ipsum dolor sit amet, consectetur adipiscing elit. Nam viverra euismod odio, gravida pellentesque urna varius vitae. Sed dui lorem, adipiscing in adipiscing et, interdum nec metus. Mauris ultricies, justo eu convallis placerat, felis enim ornare nisi, vitae mattis nulla ante id dui. Ut lectus purus, commodo et tincidunt vel, interdum sed lectus. Vestibulum adipiscing tempor nisi id elementi.","url":"https:\/\/mula.es\/web\/author\/jose-maria-boti\/"}]}},"jetpack_publicize_connections":[],"jetpack_featured_media_url":"https:\/\/mula.es\/web\/wp-content\/uploads\/2016\/12\/tambores_cartel.jpg","jetpack_sharing_enabled":true,"jetpack_shortlink":"https:\/\/wp.me\/pa9DMY-6fR","jetpack-related-posts":[],"_links":{"self":[{"href":"https:\/\/mula.es\/web\/wp-json\/wp\/v2\/posts\/24047","targetHints":{"allow":["GET"]}}],"collection":[{"href":"https:\/\/mula.es\/web\/wp-json\/wp\/v2\/posts"}],"about":[{"href":"https:\/\/mula.es\/web\/wp-json\/wp\/v2\/types\/post"}],"author":[{"embeddable":true,"href":"https:\/\/mula.es\/web\/wp-json\/wp\/v2\/users\/1"}],"replies":[{"embeddable":true,"href":"https:\/\/mula.es\/web\/wp-json\/wp\/v2\/comments?post=24047"}],"version-history":[{"count":2,"href":"https:\/\/mula.es\/web\/wp-json\/wp\/v2\/posts\/24047\/revisions"}],"predecessor-version":[{"id":39674,"href":"https:\/\/mula.es\/web\/wp-json\/wp\/v2\/posts\/24047\/revisions\/39674"}],"wp:featuredmedia":[{"embeddable":true,"href":"https:\/\/mula.es\/web\/wp-json\/wp\/v2\/media\/22294"}],"wp:attachment":[{"href":"https:\/\/mula.es\/web\/wp-json\/wp\/v2\/media?parent=24047"}],"wp:term":[{"taxonomy":"category","embeddable":true,"href":"https:\/\/mula.es\/web\/wp-json\/wp\/v2\/categories?post=24047"},{"taxonomy":"post_tag","embeddable":true,"href":"https:\/\/mula.es\/web\/wp-json\/wp\/v2\/tags?post=24047"}],"curies":[{"name":"wp","href":"https:\/\/api.w.org\/{rel}","templated":true}]}}