{"id":24049,"date":"2017-06-27T12:50:48","date_gmt":"2017-06-27T10:50:48","guid":{"rendered":"http:\/\/mula.es\/web\/?p=24049"},"modified":"2021-05-12T20:15:10","modified_gmt":"2021-05-12T18:15:10","slug":"primer-encuentro-de-comparsas-julio-2017","status":"publish","type":"post","link":"https:\/\/mula.es\/web\/primer-encuentro-de-comparsas-julio-2017\/","title":{"rendered":"Primer encuentro de Comparsas &#8211; Julio 2017"},"content":{"rendered":"<div class=\"fusion-fullwidth fullwidth-box fusion-builder-row-1 fusion-flex-container hundred-percent-fullwidth non-hundred-percent-height-scrolling\" style=\"--awb-border-radius-top-left:0px;--awb-border-radius-top-right:0px;--awb-border-radius-bottom-right:0px;--awb-border-radius-bottom-left:0px;--awb-overflow:visible;--awb-flex-wrap:wrap;\" ><div class=\"fusion-builder-row fusion-row fusion-flex-align-items-flex-start fusion-flex-content-wrap\" style=\"width:calc( 100% + 0px ) !important;max-width:calc( 100% + 0px ) !important;margin-left: calc(-0px \/ 2 );margin-right: calc(-0px \/ 2 );\"><div class=\"fusion-layout-column fusion_builder_column fusion-builder-column-0 fusion_builder_column_1_1 1_1 fusion-flex-column\" style=\"--awb-bg-size:cover;--awb-width-large:100%;--awb-margin-top-large:0px;--awb-spacing-right-large:0px;--awb-margin-bottom-large:20px;--awb-spacing-left-large:0px;--awb-width-medium:100%;--awb-spacing-right-medium:0px;--awb-spacing-left-medium:0px;--awb-width-small:100%;--awb-spacing-right-small:0px;--awb-spacing-left-small:0px;\"><div class=\"fusion-column-wrapper fusion-flex-justify-content-flex-start fusion-content-layout-column\"><div class=\"fusion-text fusion-text-1\"><p style=\"text-align: center;\"><strong>B A S E S <\/strong><\/p>\n<p>OBJETO: Es objeto de las presentes bases regular la participaci\u00f3n en el 1er encuentro de Comparsas de Mula, a celebrar el pr\u00f3ximo sabado 8 de Julio de 2017.<\/p>\n<p>PRIMERA: A efectos de este concurso, se entender\u00e1 por COMPARSA a una agrupaci\u00f3n de personas compuesta por un n\u00famero no inferior a DOCE miembros. El\/La Presidente\/a de la Comparsa har\u00e1 constar por escrito su responsabilidad sobre los\/las menores de edad durante todo el desarrollo de este evento.<\/p>\n<p>SEGUNDA: Las comparsas que deseen participar deber\u00e1n contactar con la concejal\u00eda de Cultura y Festejos del Excmo. Ayuntamiento de Mula y manifestar su inter\u00e9s antes de las 14.00h del 3 de Julio de 2017, mediante el env\u00edo de un correo electr\u00f3nico concejaliadeculturayfestejos@aytomula.es, en el que deber\u00e1n incluir nombre de la comparsa, lugar de procedencia, n\u00famero de integrantes, datos y copia del D.N.I. de la persona responsable de la comparsa, relaci\u00f3n de concursos en los que ha participado con anterioridad, as\u00ed como, si dispone de ello, fotos o enlace a v\u00eddeo en plataforma digital. con asunto \u201cparticipaci\u00f3n 1er encuentro de comparsas\u201d a la siguiente direcci\u00f3n:<\/p>\n<p>TERCERA: Finalizado el plazo de inscripci\u00f3n desde la organizaci\u00f3n se pondr\u00e1n en contacto con la comparsa y confirmar\u00e1n la participaci\u00f3n de la misma en el encuentro. En caso de no recibir dicha confirmaci\u00f3n, se entender\u00e1 como no admitida a participar en el encuentro.<\/p>\n<p>CUARTA: Las comparsas no podr\u00e1n incluir en el encuentro ning\u00fan tipo de veh\u00edculo o carroza. Deber\u00e1n hacer llegar a la organizaci\u00f3n del evento la canci\u00f3n con la que desee participar en el encuentro. No pudiendo en ning\u00fan caso superar los 4 minutos de duraci\u00f3n.<\/p>\n<p>QUINTA: Las comparsas admitidas deber\u00e1n estar en el punto de encuentro que se les comunique media hora antes del inicio del evento, estimado a las 19.30h. Y deber\u00e1n seguir en todo momento las indicaciones de la organizaci\u00f3n durante todo el desarrollo del encuentro.<\/p>\n<p>SEXTA: El orden de participaci\u00f3n ser\u00e1 establecido por la organizaci\u00f3n del encuentro.<\/p>\n<p>S\u00c9PTIMA: Solo entrar\u00e1n a concurso las comparsas invitadas. Las comparsas locales participar\u00e1n en el encuentro fuera de concurso.<\/p>\n<p>OCTAVA: El jurado estar\u00e1 compuesto por personas ligadas al carnaval mule\u00f1o, designadas por la Concejal\u00eda de Cultura y festejos del Excmo. Ayuntamiento de Mula.<\/p>\n<p>NOVENA: El jurado valorar\u00e1 las siguientes cuestiones: Coreograf\u00eda, Vestuario, Coordinaci\u00f3n, Actitud y Originalidad.<\/p>\n<p>D\u00c9CIMA: El fallo del jurado ser\u00e1 inapelable, y otorgar\u00e1 los siguientes premios:<\/p>\n<p>1er Premio otorgado por la Concejal\u00eda de Cultura y Festejos: 600\u20ac<\/p>\n<p>2\u00ba Premio otorgado por DIPERSA, Obras y Servicios: 400\u20ac<\/p>\n<p>3er Premio otorgado por ACOHOMUL: 200\u20ac<\/p>\n<p>4\u00ba Premio otorgado por Bar la Roja, Marisquer\u00eda Gran V\u00eda, El Quiosco y La Estaci\u00f3n de Ana: 200\u20ac<\/p>\n<p>A los premios otorgados se les aplicar\u00e1n las retenciones legalmente establecidas.<\/p>\n<p>En caso de empate en las puntuaciones se atender\u00e1 al voto de calidad del Presidente del Jurado.<\/p>\n<p>UND\u00c9CIMA: El fallo del jurado ser\u00e1 comunicado al t\u00e9rmino del encuentro en el Parque Cristobal Gabarr\u00f3n. Las comparsas ganadoras deber\u00e1n realizar un baile en la zona designada en el parque mencionado. La ausencia de las comparsas al t\u00e9rmino del encuentro implica la renuncia al premio. Las actas del jurado, con las puntuaciones obtenidas ser\u00e1n p\u00fablicas mediante exposici\u00f3n en el Tabl\u00f3n de Anuncios el d\u00eda h\u00e1bil siguiente a la realizaci\u00f3n del encuentro.<\/p>\n<p>DUOD\u00c9CIMA: La participaci\u00f3n en esta actividad supone la total aceptaci\u00f3n de estas bases. El incumplimiento de las presentes bases e indicaciones de la organizaci\u00f3n durante el desarrollo de la misma, as\u00ed como aquellas conductas, comportamientos o actitudes, que a juicio de la organizaci\u00f3n puedan ser perjudiciales para el correcto desarrollo del encuentro, ser\u00e1n objeto de penalizaci\u00f3n.<\/p>\n<p>La organizaci\u00f3n podr\u00e1 modificar cualquiera de los aspectos recogidos en estas bases para un mejor desarrollo del evento, si lo considera conveniente.<\/p>\n<p style=\"text-align: center;\">Mula, 26 de Junio de 2017<\/p>\n<\/div><\/div><\/div><\/div><\/div>\n","protected":false},"excerpt":{"rendered":"","protected":false},"author":1,"featured_media":24065,"comment_status":"closed","ping_status":"closed","sticky":false,"template":"","format":"standard","meta":{"jetpack_post_was_ever_published":false,"_jetpack_newsletter_access":"","_jetpack_dont_email_post_to_subs":false,"_jetpack_newsletter_tier_id":0,"_jetpack_memberships_contains_paywalled_content":false,"_jetpack_memberships_contains_paid_content":false,"footnotes":"","jetpack_publicize_message":"","jetpack_publicize_feature_enabled":true,"jetpack_social_post_already_shared":false,"jetpack_social_options":{"image_generator_settings":{"template":"highway","default_image_id":0,"font":"","enabled":false},"version":2}},"categories":[171],"tags":[432],"class_list":["post-24049","post","type-post","status-publish","format-standard","has-post-thumbnail","hentry","category-festejos","tag-comparsas"],"yoast_head":"<!-- This site is optimized with the Yoast SEO plugin v27.4 - https:\/\/yoast.com\/product\/yoast-seo-wordpress\/ -->\n<title>Primer encuentro de Comparsas - Julio 2017 - Ayuntamiento de Mula<\/title>\n<meta name=\"robots\" content=\"index, follow, max-snippet:-1, max-image-preview:large, max-video-preview:-1\" \/>\n<link rel=\"canonical\" href=\"https:\/\/mula.es\/web\/primer-encuentro-de-comparsas-julio-2017\/\" \/>\n<meta property=\"og:locale\" content=\"es_ES\" \/>\n<meta property=\"og:type\" content=\"article\" \/>\n<meta property=\"og:title\" content=\"Primer encuentro de Comparsas - Julio 2017 - Ayuntamiento de Mula\" \/>\n<meta property=\"og:url\" content=\"https:\/\/mula.es\/web\/primer-encuentro-de-comparsas-julio-2017\/\" \/>\n<meta property=\"og:site_name\" content=\"Ayuntamiento de Mula\" \/>\n<meta property=\"article:published_time\" content=\"2017-06-27T10:50:48+00:00\" \/>\n<meta property=\"article:modified_time\" content=\"2021-05-12T18:15:10+00:00\" \/>\n<meta property=\"og:image\" content=\"https:\/\/i0.wp.com\/mula.es\/web\/wp-content\/uploads\/2017\/06\/cartel-encuentro-comparsas-2017.jpg?fit=1277%2C908&ssl=1\" \/>\n\t<meta property=\"og:image:width\" content=\"1277\" \/>\n\t<meta property=\"og:image:height\" content=\"908\" \/>\n\t<meta property=\"og:image:type\" content=\"image\/jpeg\" \/>\n<meta name=\"author\" content=\"admin\" \/>\n<meta name=\"twitter:card\" content=\"summary_large_image\" \/>\n<meta name=\"twitter:creator\" content=\"@AyuntamientMula\" \/>\n<meta name=\"twitter:site\" content=\"@AyuntamientMula\" \/>\n<meta name=\"twitter:label1\" content=\"Escrito por\" \/>\n\t<meta name=\"twitter:data1\" content=\"admin\" \/>\n\t<meta name=\"twitter:label2\" content=\"Tiempo de lectura\" \/>\n\t<meta name=\"twitter:data2\" content=\"4 minutos\" \/>\n<script type=\"application\/ld+json\" class=\"yoast-schema-graph\">{\"@context\":\"https:\\\/\\\/schema.org\",\"@graph\":[{\"@type\":\"Article\",\"@id\":\"https:\\\/\\\/mula.es\\\/web\\\/primer-encuentro-de-comparsas-julio-2017\\\/#article\",\"isPartOf\":{\"@id\":\"https:\\\/\\\/mula.es\\\/web\\\/primer-encuentro-de-comparsas-julio-2017\\\/\"},\"author\":{\"name\":\"admin\",\"@id\":\"https:\\\/\\\/mula.es\\\/web\\\/#\\\/schema\\\/person\\\/a0dbffe9f4a3ed4aaebedcfef02f71a1\"},\"headline\":\"Primer encuentro de Comparsas &#8211; Julio 2017\",\"datePublished\":\"2017-06-27T10:50:48+00:00\",\"dateModified\":\"2021-05-12T18:15:10+00:00\",\"mainEntityOfPage\":{\"@id\":\"https:\\\/\\\/mula.es\\\/web\\\/primer-encuentro-de-comparsas-julio-2017\\\/\"},\"wordCount\":766,\"image\":{\"@id\":\"https:\\\/\\\/mula.es\\\/web\\\/primer-encuentro-de-comparsas-julio-2017\\\/#primaryimage\"},\"thumbnailUrl\":\"https:\\\/\\\/mula.es\\\/web\\\/wp-content\\\/uploads\\\/2017\\\/06\\\/cartel-encuentro-comparsas-2017.jpg\",\"keywords\":[\"comparsas\"],\"articleSection\":[\"festejos\"],\"inLanguage\":\"es\"},{\"@type\":\"WebPage\",\"@id\":\"https:\\\/\\\/mula.es\\\/web\\\/primer-encuentro-de-comparsas-julio-2017\\\/\",\"url\":\"https:\\\/\\\/mula.es\\\/web\\\/primer-encuentro-de-comparsas-julio-2017\\\/\",\"name\":\"Primer encuentro de Comparsas - Julio 2017 - Ayuntamiento de Mula\",\"isPartOf\":{\"@id\":\"https:\\\/\\\/mula.es\\\/web\\\/#website\"},\"primaryImageOfPage\":{\"@id\":\"https:\\\/\\\/mula.es\\\/web\\\/primer-encuentro-de-comparsas-julio-2017\\\/#primaryimage\"},\"image\":{\"@id\":\"https:\\\/\\\/mula.es\\\/web\\\/primer-encuentro-de-comparsas-julio-2017\\\/#primaryimage\"},\"thumbnailUrl\":\"https:\\\/\\\/mula.es\\\/web\\\/wp-content\\\/uploads\\\/2017\\\/06\\\/cartel-encuentro-comparsas-2017.jpg\",\"datePublished\":\"2017-06-27T10:50:48+00:00\",\"dateModified\":\"2021-05-12T18:15:10+00:00\",\"author\":{\"@id\":\"https:\\\/\\\/mula.es\\\/web\\\/#\\\/schema\\\/person\\\/a0dbffe9f4a3ed4aaebedcfef02f71a1\"},\"breadcrumb\":{\"@id\":\"https:\\\/\\\/mula.es\\\/web\\\/primer-encuentro-de-comparsas-julio-2017\\\/#breadcrumb\"},\"inLanguage\":\"es\",\"potentialAction\":[{\"@type\":\"ReadAction\",\"target\":[\"https:\\\/\\\/mula.es\\\/web\\\/primer-encuentro-de-comparsas-julio-2017\\\/\"]}]},{\"@type\":\"ImageObject\",\"inLanguage\":\"es\",\"@id\":\"https:\\\/\\\/mula.es\\\/web\\\/primer-encuentro-de-comparsas-julio-2017\\\/#primaryimage\",\"url\":\"https:\\\/\\\/mula.es\\\/web\\\/wp-content\\\/uploads\\\/2017\\\/06\\\/cartel-encuentro-comparsas-2017.jpg\",\"contentUrl\":\"https:\\\/\\\/mula.es\\\/web\\\/wp-content\\\/uploads\\\/2017\\\/06\\\/cartel-encuentro-comparsas-2017.jpg\",\"width\":1277,\"height\":908},{\"@type\":\"BreadcrumbList\",\"@id\":\"https:\\\/\\\/mula.es\\\/web\\\/primer-encuentro-de-comparsas-julio-2017\\\/#breadcrumb\",\"itemListElement\":[{\"@type\":\"ListItem\",\"position\":1,\"name\":\"Portada\",\"item\":\"https:\\\/\\\/mula.es\\\/web\\\/\"},{\"@type\":\"ListItem\",\"position\":2,\"name\":\"Primer encuentro de Comparsas &#8211; Julio 2017\"}]},{\"@type\":\"WebSite\",\"@id\":\"https:\\\/\\\/mula.es\\\/web\\\/#website\",\"url\":\"https:\\\/\\\/mula.es\\\/web\\\/\",\"name\":\"Ayuntamiento de Mula\",\"description\":\"P\u00e1gina web del Ayuntamiento de Mula (Regi\u00f3n de Murcia)\",\"potentialAction\":[{\"@type\":\"SearchAction\",\"target\":{\"@type\":\"EntryPoint\",\"urlTemplate\":\"https:\\\/\\\/mula.es\\\/web\\\/?s={search_term_string}\"},\"query-input\":{\"@type\":\"PropertyValueSpecification\",\"valueRequired\":true,\"valueName\":\"search_term_string\"}}],\"inLanguage\":\"es\"},{\"@type\":\"Person\",\"@id\":\"https:\\\/\\\/mula.es\\\/web\\\/#\\\/schema\\\/person\\\/a0dbffe9f4a3ed4aaebedcfef02f71a1\",\"name\":\"admin\",\"image\":{\"@type\":\"ImageObject\",\"inLanguage\":\"es\",\"@id\":\"https:\\\/\\\/secure.gravatar.com\\\/avatar\\\/5423b9cd77f4c7f89a124365a268866f9dfee038c17fe9e37afd92b5920d810e?s=96&d=mm&r=g\",\"url\":\"https:\\\/\\\/secure.gravatar.com\\\/avatar\\\/5423b9cd77f4c7f89a124365a268866f9dfee038c17fe9e37afd92b5920d810e?s=96&d=mm&r=g\",\"contentUrl\":\"https:\\\/\\\/secure.gravatar.com\\\/avatar\\\/5423b9cd77f4c7f89a124365a268866f9dfee038c17fe9e37afd92b5920d810e?s=96&d=mm&r=g\",\"caption\":\"admin\"},\"description\":\"Lorem ipsum dolor sit amet, consectetur adipiscing elit. Nam viverra euismod odio, gravida pellentesque urna varius vitae. Sed dui lorem, adipiscing in adipiscing et, interdum nec metus. Mauris ultricies, justo eu convallis placerat, felis enim ornare nisi, vitae mattis nulla ante id dui. Ut lectus purus, commodo et tincidunt vel, interdum sed lectus. Vestibulum adipiscing tempor nisi id elementi.\",\"url\":\"https:\\\/\\\/mula.es\\\/web\\\/author\\\/jose-maria-boti\\\/\"}]}<\/script>\n<!-- \/ Yoast SEO plugin. -->","yoast_head_json":{"title":"Primer encuentro de Comparsas - Julio 2017 - Ayuntamiento de Mula","robots":{"index":"index","follow":"follow","max-snippet":"max-snippet:-1","max-image-preview":"max-image-preview:large","max-video-preview":"max-video-preview:-1"},"canonical":"https:\/\/mula.es\/web\/primer-encuentro-de-comparsas-julio-2017\/","og_locale":"es_ES","og_type":"article","og_title":"Primer encuentro de Comparsas - Julio 2017 - Ayuntamiento de Mula","og_url":"https:\/\/mula.es\/web\/primer-encuentro-de-comparsas-julio-2017\/","og_site_name":"Ayuntamiento de Mula","article_published_time":"2017-06-27T10:50:48+00:00","article_modified_time":"2021-05-12T18:15:10+00:00","og_image":[{"width":1277,"height":908,"url":"https:\/\/i0.wp.com\/mula.es\/web\/wp-content\/uploads\/2017\/06\/cartel-encuentro-comparsas-2017.jpg?fit=1277%2C908&ssl=1","type":"image\/jpeg"}],"author":"admin","twitter_card":"summary_large_image","twitter_creator":"@AyuntamientMula","twitter_site":"@AyuntamientMula","twitter_misc":{"Escrito por":"admin","Tiempo de lectura":"4 minutos"},"schema":{"@context":"https:\/\/schema.org","@graph":[{"@type":"Article","@id":"https:\/\/mula.es\/web\/primer-encuentro-de-comparsas-julio-2017\/#article","isPartOf":{"@id":"https:\/\/mula.es\/web\/primer-encuentro-de-comparsas-julio-2017\/"},"author":{"name":"admin","@id":"https:\/\/mula.es\/web\/#\/schema\/person\/a0dbffe9f4a3ed4aaebedcfef02f71a1"},"headline":"Primer encuentro de Comparsas &#8211; Julio 2017","datePublished":"2017-06-27T10:50:48+00:00","dateModified":"2021-05-12T18:15:10+00:00","mainEntityOfPage":{"@id":"https:\/\/mula.es\/web\/primer-encuentro-de-comparsas-julio-2017\/"},"wordCount":766,"image":{"@id":"https:\/\/mula.es\/web\/primer-encuentro-de-comparsas-julio-2017\/#primaryimage"},"thumbnailUrl":"https:\/\/mula.es\/web\/wp-content\/uploads\/2017\/06\/cartel-encuentro-comparsas-2017.jpg","keywords":["comparsas"],"articleSection":["festejos"],"inLanguage":"es"},{"@type":"WebPage","@id":"https:\/\/mula.es\/web\/primer-encuentro-de-comparsas-julio-2017\/","url":"https:\/\/mula.es\/web\/primer-encuentro-de-comparsas-julio-2017\/","name":"Primer encuentro de Comparsas - Julio 2017 - Ayuntamiento de Mula","isPartOf":{"@id":"https:\/\/mula.es\/web\/#website"},"primaryImageOfPage":{"@id":"https:\/\/mula.es\/web\/primer-encuentro-de-comparsas-julio-2017\/#primaryimage"},"image":{"@id":"https:\/\/mula.es\/web\/primer-encuentro-de-comparsas-julio-2017\/#primaryimage"},"thumbnailUrl":"https:\/\/mula.es\/web\/wp-content\/uploads\/2017\/06\/cartel-encuentro-comparsas-2017.jpg","datePublished":"2017-06-27T10:50:48+00:00","dateModified":"2021-05-12T18:15:10+00:00","author":{"@id":"https:\/\/mula.es\/web\/#\/schema\/person\/a0dbffe9f4a3ed4aaebedcfef02f71a1"},"breadcrumb":{"@id":"https:\/\/mula.es\/web\/primer-encuentro-de-comparsas-julio-2017\/#breadcrumb"},"inLanguage":"es","potentialAction":[{"@type":"ReadAction","target":["https:\/\/mula.es\/web\/primer-encuentro-de-comparsas-julio-2017\/"]}]},{"@type":"ImageObject","inLanguage":"es","@id":"https:\/\/mula.es\/web\/primer-encuentro-de-comparsas-julio-2017\/#primaryimage","url":"https:\/\/mula.es\/web\/wp-content\/uploads\/2017\/06\/cartel-encuentro-comparsas-2017.jpg","contentUrl":"https:\/\/mula.es\/web\/wp-content\/uploads\/2017\/06\/cartel-encuentro-comparsas-2017.jpg","width":1277,"height":908},{"@type":"BreadcrumbList","@id":"https:\/\/mula.es\/web\/primer-encuentro-de-comparsas-julio-2017\/#breadcrumb","itemListElement":[{"@type":"ListItem","position":1,"name":"Portada","item":"https:\/\/mula.es\/web\/"},{"@type":"ListItem","position":2,"name":"Primer encuentro de Comparsas &#8211; Julio 2017"}]},{"@type":"WebSite","@id":"https:\/\/mula.es\/web\/#website","url":"https:\/\/mula.es\/web\/","name":"Ayuntamiento de Mula","description":"P\u00e1gina web del Ayuntamiento de Mula (Regi\u00f3n de Murcia)","potentialAction":[{"@type":"SearchAction","target":{"@type":"EntryPoint","urlTemplate":"https:\/\/mula.es\/web\/?s={search_term_string}"},"query-input":{"@type":"PropertyValueSpecification","valueRequired":true,"valueName":"search_term_string"}}],"inLanguage":"es"},{"@type":"Person","@id":"https:\/\/mula.es\/web\/#\/schema\/person\/a0dbffe9f4a3ed4aaebedcfef02f71a1","name":"admin","image":{"@type":"ImageObject","inLanguage":"es","@id":"https:\/\/secure.gravatar.com\/avatar\/5423b9cd77f4c7f89a124365a268866f9dfee038c17fe9e37afd92b5920d810e?s=96&d=mm&r=g","url":"https:\/\/secure.gravatar.com\/avatar\/5423b9cd77f4c7f89a124365a268866f9dfee038c17fe9e37afd92b5920d810e?s=96&d=mm&r=g","contentUrl":"https:\/\/secure.gravatar.com\/avatar\/5423b9cd77f4c7f89a124365a268866f9dfee038c17fe9e37afd92b5920d810e?s=96&d=mm&r=g","caption":"admin"},"description":"Lorem ipsum dolor sit amet, consectetur adipiscing elit. Nam viverra euismod odio, gravida pellentesque urna varius vitae. Sed dui lorem, adipiscing in adipiscing et, interdum nec metus. Mauris ultricies, justo eu convallis placerat, felis enim ornare nisi, vitae mattis nulla ante id dui. Ut lectus purus, commodo et tincidunt vel, interdum sed lectus. Vestibulum adipiscing tempor nisi id elementi.","url":"https:\/\/mula.es\/web\/author\/jose-maria-boti\/"}]}},"jetpack_publicize_connections":[],"jetpack_featured_media_url":"https:\/\/mula.es\/web\/wp-content\/uploads\/2017\/06\/cartel-encuentro-comparsas-2017.jpg","jetpack_sharing_enabled":true,"jetpack_shortlink":"https:\/\/wp.me\/pa9DMY-6fT","jetpack-related-posts":[],"_links":{"self":[{"href":"https:\/\/mula.es\/web\/wp-json\/wp\/v2\/posts\/24049","targetHints":{"allow":["GET"]}}],"collection":[{"href":"https:\/\/mula.es\/web\/wp-json\/wp\/v2\/posts"}],"about":[{"href":"https:\/\/mula.es\/web\/wp-json\/wp\/v2\/types\/post"}],"author":[{"embeddable":true,"href":"https:\/\/mula.es\/web\/wp-json\/wp\/v2\/users\/1"}],"replies":[{"embeddable":true,"href":"https:\/\/mula.es\/web\/wp-json\/wp\/v2\/comments?post=24049"}],"version-history":[{"count":2,"href":"https:\/\/mula.es\/web\/wp-json\/wp\/v2\/posts\/24049\/revisions"}],"predecessor-version":[{"id":39678,"href":"https:\/\/mula.es\/web\/wp-json\/wp\/v2\/posts\/24049\/revisions\/39678"}],"wp:featuredmedia":[{"embeddable":true,"href":"https:\/\/mula.es\/web\/wp-json\/wp\/v2\/media\/24065"}],"wp:attachment":[{"href":"https:\/\/mula.es\/web\/wp-json\/wp\/v2\/media?parent=24049"}],"wp:term":[{"taxonomy":"category","embeddable":true,"href":"https:\/\/mula.es\/web\/wp-json\/wp\/v2\/categories?post=24049"},{"taxonomy":"post_tag","embeddable":true,"href":"https:\/\/mula.es\/web\/wp-json\/wp\/v2\/tags?post=24049"}],"curies":[{"name":"wp","href":"https:\/\/api.w.org\/{rel}","templated":true}]}}